{"id":90231,"date":"2022-03-15T17:40:25","date_gmt":"2022-03-15T20:40:25","guid":{"rendered":"http:\/\/infoecos.com.ar\/?p=90231"},"modified":"2022-03-15T17:40:40","modified_gmt":"2022-03-15T20:40:40","slug":"el-senador-del-fdt-juanci-martinez-en-la-busqueda-de-viviendas-para-el-distrito-de-rivadavia","status":"publish","type":"post","link":"https:\/\/infoecos.com.ar\/index.php\/el-senador-del-fdt-juanci-martinez-en-la-busqueda-de-viviendas-para-el-distrito-de-rivadavia\/","title":{"rendered":"El senador del FdT, \u00abJuanci\u00bb Mart\u00ednez en la b\u00fasqueda de viviendas para el distrito de Rivadavia"},"content":{"rendered":"\n<p class=\"wp-block-paragraph\">El senador provincial del Fdt de la 4ta secci\u00f3n electoral, \u00abJuanci\u00bb Mart\u00ednez se reuni\u00f3 con el ministro de H\u00e1bitat y Desarrollo Urbano bonaerense, Agust\u00edn Simone.<\/p>\n\n\n\n<p class=\"wp-block-paragraph\">El legislador de la secci\u00f3n con domicilio en Rivadavia le plante\u00f3 al funcionario provincial el d\u00e9ficit habitacional que se registra en el distrito. <\/p>\n\n\n\n<div class=\"wp-block-image is-style-default\"><figure class=\"aligncenter size-large is-resized\"><img loading=\"lazy\" decoding=\"async\" src=\"http:\/\/infoecos.com.ar\/wp-content\/uploads\/2022\/03\/martinezjuanciviv-920x614.jpg\" alt=\"\" class=\"wp-image-90232\" width=\"520\" height=\"346\" srcset=\"https:\/\/infoecos.com.ar\/wp-content\/uploads\/2022\/03\/martinezjuanciviv-920x614.jpg 920w, https:\/\/infoecos.com.ar\/wp-content\/uploads\/2022\/03\/martinezjuanciviv-460x307.jpg 460w, https:\/\/infoecos.com.ar\/wp-content\/uploads\/2022\/03\/martinezjuanciviv-768x513.jpg 768w, https:\/\/infoecos.com.ar\/wp-content\/uploads\/2022\/03\/martinezjuanciviv-1024x684.jpg 1024w, https:\/\/infoecos.com.ar\/wp-content\/uploads\/2022\/03\/martinezjuanciviv-675x450.jpg 675w, https:\/\/infoecos.com.ar\/wp-content\/uploads\/2022\/03\/martinezjuanciviv.jpg 1504w\" sizes=\"auto, (max-width: 520px) 100vw, 520px\" \/><\/figure><\/div>\n\n\n\n<p class=\"wp-block-paragraph\">En un breve comunicado distribuido a trav\u00e9s de las redes sociales, el legislador se\u00f1ala que \u00abla construcci\u00f3n de viviendas cumple sue\u00f1os, crea empleo y motoriza la econom\u00eda y estamos ante una gran oportunidad que no debemos desaprovechar\u00bb. <\/p>\n\n\n\n<div class=\"wp-block-image is-style-default\"><figure class=\"aligncenter size-large is-resized\"><img loading=\"lazy\" decoding=\"async\" src=\"http:\/\/infoecos.com.ar\/wp-content\/uploads\/2022\/03\/juancimartinezvivi1-920x614.jpg\" alt=\"\" class=\"wp-image-90233\" width=\"515\" height=\"343\" srcset=\"https:\/\/infoecos.com.ar\/wp-content\/uploads\/2022\/03\/juancimartinezvivi1-920x614.jpg 920w, https:\/\/infoecos.com.ar\/wp-content\/uploads\/2022\/03\/juancimartinezvivi1-460x307.jpg 460w, https:\/\/infoecos.com.ar\/wp-content\/uploads\/2022\/03\/juancimartinezvivi1-768x513.jpg 768w, https:\/\/infoecos.com.ar\/wp-content\/uploads\/2022\/03\/juancimartinezvivi1-1024x684.jpg 1024w, https:\/\/infoecos.com.ar\/wp-content\/uploads\/2022\/03\/juancimartinezvivi1-675x450.jpg 675w, https:\/\/infoecos.com.ar\/wp-content\/uploads\/2022\/03\/juancimartinezvivi1.jpg 1504w\" sizes=\"auto, (max-width: 515px) 100vw, 515px\" \/><\/figure><\/div>\n\n\n\n<p class=\"wp-block-paragraph\">Mart\u00ednez concluye exponiendo que \u00aben los pr\u00f3ximos d\u00edas me reunir\u00e9 con el Intendente Javier Reynoso en busca de coordinar acciones. Cumplir el sue\u00f1o de la casa propia es un anhelo de muchos, y garantizar ese derecho es una responsabilidad de todos\u00bb.<\/p>\n","protected":false},"excerpt":{"rendered":"<p>\u00abEn los pr\u00f3ximos d\u00edas me reunir\u00e9 con el Intendente Javier Reynoso en busca de coordinar acciones\u00bb, comunic\u00f3 a trav\u00e9s de las redes sociales<\/p>\n","protected":false},"author":2,"featured_media":90232,"comment_status":"closed","ping_status":"open","sticky":false,"template":"","format":"standard","meta":{"footnotes":""},"categories":[46],"tags":[5710],"class_list":["post-90231","post","type-post","status-publish","format-standard","has-post-thumbnail","hentry","category-c2nota2","tag-se-reunio-con-agustin-simone"],"featured_image_urls":{"full":["https:\/\/infoecos.com.ar\/wp-content\/uploads\/2022\/03\/martinezjuanciviv.jpg",1504,1004,false],"thumbnail":["https:\/\/infoecos.com.ar\/wp-content\/uploads\/2022\/03\/martinezjuanciviv-150x150.jpg",150,150,true],"medium":["https:\/\/infoecos.com.ar\/wp-content\/uploads\/2022\/03\/martinezjuanciviv-460x307.jpg",460,307,true],"medium_large":["https:\/\/infoecos.com.ar\/wp-content\/uploads\/2022\/03\/martinezjuanciviv-768x513.jpg",640,428,true],"large":["https:\/\/infoecos.com.ar\/wp-content\/uploads\/2022\/03\/martinezjuanciviv-920x614.jpg",640,427,true],"1536x1536":["https:\/\/infoecos.com.ar\/wp-content\/uploads\/2022\/03\/martinezjuanciviv.jpg",1504,1004,false],"2048x2048":["https:\/\/infoecos.com.ar\/wp-content\/uploads\/2022\/03\/martinezjuanciviv.jpg",1504,1004,false],"covernews-slider-full":["https:\/\/infoecos.com.ar\/wp-content\/uploads\/2022\/03\/martinezjuanciviv.jpg",1071,715,false],"covernews-slider-center":["https:\/\/infoecos.com.ar\/wp-content\/uploads\/2022\/03\/martinezjuanciviv-936x897.jpg",522,500,true],"covernews-featured":["https:\/\/infoecos.com.ar\/wp-content\/uploads\/2022\/03\/martinezjuanciviv-1024x684.jpg",1024,684,true],"covernews-medium":["https:\/\/infoecos.com.ar\/wp-content\/uploads\/2022\/03\/martinezjuanciviv-720x380.jpg",540,285,true],"covernews-medium-square":["https:\/\/infoecos.com.ar\/wp-content\/uploads\/2022\/03\/martinezjuanciviv-675x450.jpg",375,250,true]},"author_info":{"info":["Jorge Matheus"]},"category_info":"<a href=\"https:\/\/infoecos.com.ar\/index.php\/category\/c2nota2\/\" rel=\"category tag\">C2 N2<\/a>","tag_info":"C2 N2","comment_count":"0","_links":{"self":[{"href":"https:\/\/infoecos.com.ar\/index.php\/wp-json\/wp\/v2\/posts\/90231","targetHints":{"allow":["GET"]}}],"collection":[{"href":"https:\/\/infoecos.com.ar\/index.php\/wp-json\/wp\/v2\/posts"}],"about":[{"href":"https:\/\/infoecos.com.ar\/index.php\/wp-json\/wp\/v2\/types\/post"}],"author":[{"embeddable":true,"href":"https:\/\/infoecos.com.ar\/index.php\/wp-json\/wp\/v2\/users\/2"}],"replies":[{"embeddable":true,"href":"https:\/\/infoecos.com.ar\/index.php\/wp-json\/wp\/v2\/comments?post=90231"}],"version-history":[{"count":1,"href":"https:\/\/infoecos.com.ar\/index.php\/wp-json\/wp\/v2\/posts\/90231\/revisions"}],"predecessor-version":[{"id":90234,"href":"https:\/\/infoecos.com.ar\/index.php\/wp-json\/wp\/v2\/posts\/90231\/revisions\/90234"}],"wp:featuredmedia":[{"embeddable":true,"href":"https:\/\/infoecos.com.ar\/index.php\/wp-json\/wp\/v2\/media\/90232"}],"wp:attachment":[{"href":"https:\/\/infoecos.com.ar\/index.php\/wp-json\/wp\/v2\/media?parent=90231"}],"wp:term":[{"taxonomy":"category","embeddable":true,"href":"https:\/\/infoecos.com.ar\/index.php\/wp-json\/wp\/v2\/categories?post=90231"},{"taxonomy":"post_tag","embeddable":true,"href":"https:\/\/infoecos.com.ar\/index.php\/wp-json\/wp\/v2\/tags?post=90231"}],"curies":[{"name":"wp","href":"https:\/\/api.w.org\/{rel}","templated":true}]}}