{"id":90235,"date":"2022-03-15T17:46:06","date_gmt":"2022-03-15T20:46:06","guid":{"rendered":"http:\/\/infoecos.com.ar\/?p=90235"},"modified":"2022-03-30T03:28:12","modified_gmt":"2022-03-30T06:28:12","slug":"accidente-viales-el-gobernador-kicillof-impulsara-una-ley-de-alcohol-cero","status":"publish","type":"post","link":"https:\/\/infoecos.com.ar\/index.php\/accidente-viales-el-gobernador-kicillof-impulsara-una-ley-de-alcohol-cero\/","title":{"rendered":"Accidentes viales: el gobernador Kicillof impulsar\u00e1 una Ley de Alcohol Cero"},"content":{"rendered":"\n<p class=\"wp-block-paragraph\">El ministro de Transporte de la Provincia, Jorge D\u2019Onofrio, anticip\u00f3 que la Provincia enviar\u00e1 a la Legislatura un proyecto de ley de Alcohol Cero. As\u00ed lo expres\u00f3 en la previa del primer Congreso de Educaci\u00f3n y Seguridad Vial. \u201cLo m\u00e1s seguro es no consumir alcohol, drogas, ni ninguna sustancia que pueda quitar reflejos\u201d, argument\u00f3.<\/p>\n\n\n\n<p class=\"wp-block-paragraph\">El ministro de Transporte de la Provincia, Jorge D\u2019Onofrio, se refiri\u00f3 al Primer Congreso de Educaci\u00f3n y Seguridad Vial que tendr\u00e1 lugar el pr\u00f3ximo viernes en el Edificio Anexo Alberto Balestrini del Senado bonaerense, con el objetivo de concluir dos proyectos de ley destinados a bajar los \u00edndices de siniestros y conseguir alcohol cero.<\/p>\n\n\n\n<div class=\"wp-block-image is-style-default\"><figure class=\"aligncenter size-large is-resized\"><img loading=\"lazy\" decoding=\"async\" src=\"http:\/\/infoecos.com.ar\/wp-content\/uploads\/2021\/12\/kicillofjpg-920x518.jpg\" alt=\"\" class=\"wp-image-89689\" width=\"570\" height=\"320\" srcset=\"https:\/\/infoecos.com.ar\/wp-content\/uploads\/2021\/12\/kicillofjpg-920x518.jpg 920w, https:\/\/infoecos.com.ar\/wp-content\/uploads\/2021\/12\/kicillofjpg-460x259.jpg 460w, https:\/\/infoecos.com.ar\/wp-content\/uploads\/2021\/12\/kicillofjpg-768x432.jpg 768w, https:\/\/infoecos.com.ar\/wp-content\/uploads\/2021\/12\/kicillofjpg-1024x576.jpg 1024w, https:\/\/infoecos.com.ar\/wp-content\/uploads\/2021\/12\/kicillofjpg.jpg 1200w\" sizes=\"auto, (max-width: 570px) 100vw, 570px\" \/><\/figure><\/div>\n\n\n\n<p class=\"wp-block-paragraph\">Seg\u00fan explic\u00f3 D\u2019Onofrio, el objetivo es \u201ciniciar un camino para generar un cambio cultural, a fin de modificar h\u00e1bitos y conductas en la calle\u201d.<\/p>\n\n\n\n<p class=\"wp-block-paragraph\">\u201cEn la Provincia tenemos m\u00e1s de cuatro muertos por d\u00eda\u201d, lo que calific\u00f3 de \u201cinaceptable\u201d y destac\u00f3 que \u201ceste es el comienzo para trabajar en el cambio\u201d.<\/p>\n\n\n\n<p class=\"wp-block-paragraph\">En declaraciones a Radio Provincia, sostuvo que \u201cla gran mayor\u00eda de los muertos, heridos y mutilados se podr\u00eda haber evitado\u201d, porque son consecuencia de siniestros vinculados al consumo de alcohol, el uso de celular, la ausencia del casco, la imprudencia y conductas desaprensivas, plante\u00f3.<\/p>\n\n\n\n<div class=\"wp-block-image is-style-default\"><figure class=\"aligncenter size-large is-resized\"><img loading=\"lazy\" decoding=\"async\" src=\"http:\/\/infoecos.com.ar\/wp-content\/uploads\/2022\/03\/infonoroesteimag.jpg\" alt=\"\" class=\"wp-image-90237\" width=\"569\" height=\"379\" srcset=\"https:\/\/infoecos.com.ar\/wp-content\/uploads\/2022\/03\/infonoroesteimag.jpg 880w, https:\/\/infoecos.com.ar\/wp-content\/uploads\/2022\/03\/infonoroesteimag-460x306.jpg 460w, https:\/\/infoecos.com.ar\/wp-content\/uploads\/2022\/03\/infonoroesteimag-768x511.jpg 768w, https:\/\/infoecos.com.ar\/wp-content\/uploads\/2022\/03\/infonoroesteimag-675x450.jpg 675w\" sizes=\"auto, (max-width: 569px) 100vw, 569px\" \/><\/figure><\/div>\n\n\n\n<p class=\"wp-block-paragraph\">\u201cEste Congreso busca generar ideas y propuestas\u201d para aplicar tanto en el territorio nacional como en el resto del pa\u00eds y, por eso, el evento contar\u00e1 con la asistencia de referentes de varias organizacion<\/p>\n","protected":false},"excerpt":{"rendered":"<p>El ministro de Transporte de la Provincia, Jorge D\u2019Onofrio, se refiri\u00f3 al Primer Congreso de Educaci\u00f3n y Seguridad Vial que tendr\u00e1 lugar el pr\u00f3ximo viernes en el Edificio Anexo Alberto Balestrini del Senado bonaerense<\/p>\n","protected":false},"author":2,"featured_media":17329,"comment_status":"closed","ping_status":"open","sticky":false,"template":"","format":"standard","meta":{"footnotes":""},"categories":[1334],"tags":[5711],"class_list":["post-90235","post","type-post","status-publish","format-standard","has-post-thumbnail","hentry","category-inferior14","tag-lo-anticipo-el-ministro-de-transporte"],"featured_image_urls":{"full":"","thumbnail":"","medium":"","medium_large":"","large":"","1536x1536":"","2048x2048":"","covernews-slider-full":"","covernews-slider-center":"","covernews-featured":"","covernews-medium":"","covernews-medium-square":""},"author_info":{"info":["Jorge Matheus"]},"category_info":"<a href=\"https:\/\/infoecos.com.ar\/index.php\/category\/inferior14\/\" rel=\"category tag\">Bloque inferior - 14<\/a>","tag_info":"Bloque inferior - 14","comment_count":"0","_links":{"self":[{"href":"https:\/\/infoecos.com.ar\/index.php\/wp-json\/wp\/v2\/posts\/90235","targetHints":{"allow":["GET"]}}],"collection":[{"href":"https:\/\/infoecos.com.ar\/index.php\/wp-json\/wp\/v2\/posts"}],"about":[{"href":"https:\/\/infoecos.com.ar\/index.php\/wp-json\/wp\/v2\/types\/post"}],"author":[{"embeddable":true,"href":"https:\/\/infoecos.com.ar\/index.php\/wp-json\/wp\/v2\/users\/2"}],"replies":[{"embeddable":true,"href":"https:\/\/infoecos.com.ar\/index.php\/wp-json\/wp\/v2\/comments?post=90235"}],"version-history":[{"count":3,"href":"https:\/\/infoecos.com.ar\/index.php\/wp-json\/wp\/v2\/posts\/90235\/revisions"}],"predecessor-version":[{"id":90246,"href":"https:\/\/infoecos.com.ar\/index.php\/wp-json\/wp\/v2\/posts\/90235\/revisions\/90246"}],"wp:attachment":[{"href":"https:\/\/infoecos.com.ar\/index.php\/wp-json\/wp\/v2\/media?parent=90235"}],"wp:term":[{"taxonomy":"category","embeddable":true,"href":"https:\/\/infoecos.com.ar\/index.php\/wp-json\/wp\/v2\/categories?post=90235"},{"taxonomy":"post_tag","embeddable":true,"href":"https:\/\/infoecos.com.ar\/index.php\/wp-json\/wp\/v2\/tags?post=90235"}],"curies":[{"name":"wp","href":"https:\/\/api.w.org\/{rel}","templated":true}]}}