{"id":90255,"date":"2022-03-28T21:44:33","date_gmt":"2022-03-29T00:44:33","guid":{"rendered":"http:\/\/infoecos.com.ar\/?p=90255"},"modified":"2022-03-30T03:21:02","modified_gmt":"2022-03-30T06:21:02","slug":"murio-roberto-loncan-conocido-dirigente-de-rivadavia","status":"publish","type":"post","link":"https:\/\/infoecos.com.ar\/index.php\/murio-roberto-loncan-conocido-dirigente-de-rivadavia\/","title":{"rendered":"Muri\u00f3 Roberto Lonc\u00e1n, conocido dirigente de Rivadavia"},"content":{"rendered":"\n<p>Falleci\u00f3 Roberto Lonc\u00e1n, conocido dirigente del distrito de Rivadavia, que resid\u00eda en la Ciudad Aut\u00f3noma de Buenos Aires. Tenia 73 a\u00f1os.<\/p>\n\n\n\n<div class=\"wp-block-image\"><figure class=\"aligncenter size-large\"><img loading=\"lazy\" decoding=\"async\" width=\"702\" height=\"608\" src=\"http:\/\/infoecos.com.ar\/wp-content\/uploads\/2022\/03\/roberto-loncan.jpg\" alt=\"\" class=\"wp-image-90256\" srcset=\"https:\/\/infoecos.com.ar\/wp-content\/uploads\/2022\/03\/roberto-loncan.jpg 702w, https:\/\/infoecos.com.ar\/wp-content\/uploads\/2022\/03\/roberto-loncan-460x398.jpg 460w\" sizes=\"(max-width: 702px) 100vw, 702px\" \/><\/figure><\/div>\n\n\n\n<p>Lonc\u00e1n fue Concejal y Secretario de Gobierno de la Municipalidad de Rivadavia. En los \u00faltimos a\u00f1os antes de jubilarse trabaj\u00f3 como funcionario en el PAMI, en CABA.<\/p>\n","protected":false},"excerpt":{"rendered":"<p>Lonc\u00e1n fue Concejal y Secretario de Gobierno de la Municipalidad de Rivadavia. En los \u00faltimos a\u00f1os antes de jubilarse trabaj\u00f3 como funcionario en el PAMI, en CABA<\/p>\n","protected":false},"author":2,"featured_media":90256,"comment_status":"closed","ping_status":"open","sticky":false,"template":"","format":"standard","meta":{"footnotes":""},"categories":[1614],"tags":[],"class_list":["post-90255","post","type-post","status-publish","format-standard","has-post-thumbnail","hentry","category-c2nota7"],"yoast_head":"<!-- This site is optimized with the Yoast SEO plugin v23.4 - https:\/\/yoast.com\/wordpress\/plugins\/seo\/ -->\n<title>Muri\u00f3 Roberto Lonc\u00e1n, conocido dirigente de Rivadavia - Infoecos<\/title>\n<meta name=\"robots\" content=\"index, follow, max-snippet:-1, max-image-preview:large, max-video-preview:-1\" \/>\n<link rel=\"canonical\" href=\"https:\/\/infoecos.com.ar\/index.php\/murio-roberto-loncan-conocido-dirigente-de-rivadavia\/\" \/>\n<meta property=\"og:locale\" content=\"es_ES\" \/>\n<meta property=\"og:type\" content=\"article\" \/>\n<meta property=\"og:title\" content=\"Muri\u00f3 Roberto Lonc\u00e1n, conocido dirigente de Rivadavia - Infoecos\" \/>\n<meta property=\"og:description\" content=\"Lonc\u00e1n fue Concejal y Secretario de Gobierno de la Municipalidad de Rivadavia. En los \u00faltimos a\u00f1os antes de jubilarse trabaj\u00f3 como funcionario en el PAMI, en CABA\" \/>\n<meta property=\"og:url\" content=\"https:\/\/infoecos.com.ar\/index.php\/murio-roberto-loncan-conocido-dirigente-de-rivadavia\/\" \/>\n<meta property=\"og:site_name\" content=\"Infoecos\" \/>\n<meta property=\"article:publisher\" content=\"https:\/\/www.facebook.com\/profile.php?id=100063200290284\" \/>\n<meta property=\"article:published_time\" content=\"2022-03-29T00:44:33+00:00\" \/>\n<meta property=\"article:modified_time\" content=\"2022-03-30T06:21:02+00:00\" \/>\n<meta property=\"og:image\" content=\"https:\/\/infoecos.com.ar\/wp-content\/uploads\/2022\/03\/roberto-loncan.jpg\" \/>\n\t<meta property=\"og:image:width\" content=\"702\" \/>\n\t<meta property=\"og:image:height\" content=\"608\" \/>\n\t<meta property=\"og:image:type\" content=\"image\/jpeg\" \/>\n<meta name=\"author\" content=\"Jorge Matheus\" \/>\n<meta name=\"twitter:card\" content=\"summary_large_image\" \/>\n<meta name=\"twitter:creator\" content=\"@infoecos\" \/>\n<meta name=\"twitter:site\" content=\"@infoecos\" \/>\n<meta name=\"twitter:label1\" content=\"Escrito por\" \/>\n\t<meta name=\"twitter:data1\" content=\"Jorge Matheus\" \/>\n<script type=\"application\/ld+json\" class=\"yoast-schema-graph\">{\"@context\":\"https:\/\/schema.org\",\"@graph\":[{\"@type\":\"Article\",\"@id\":\"https:\/\/infoecos.com.ar\/index.php\/murio-roberto-loncan-conocido-dirigente-de-rivadavia\/#article\",\"isPartOf\":{\"@id\":\"https:\/\/infoecos.com.ar\/index.php\/murio-roberto-loncan-conocido-dirigente-de-rivadavia\/\"},\"author\":{\"name\":\"Jorge Matheus\",\"@id\":\"https:\/\/infoecos.com.ar\/#\/schema\/person\/8f5ace5ce73b4b4aac4b7245aee6f191\"},\"headline\":\"Muri\u00f3 Roberto Lonc\u00e1n, conocido dirigente de Rivadavia\",\"datePublished\":\"2022-03-29T00:44:33+00:00\",\"dateModified\":\"2022-03-30T06:21:02+00:00\",\"mainEntityOfPage\":{\"@id\":\"https:\/\/infoecos.com.ar\/index.php\/murio-roberto-loncan-conocido-dirigente-de-rivadavia\/\"},\"wordCount\":61,\"publisher\":{\"@id\":\"https:\/\/infoecos.com.ar\/#organization\"},\"image\":{\"@id\":\"https:\/\/infoecos.com.ar\/index.php\/murio-roberto-loncan-conocido-dirigente-de-rivadavia\/#primaryimage\"},\"thumbnailUrl\":\"https:\/\/infoecos.com.ar\/wp-content\/uploads\/2022\/03\/roberto-loncan.jpg\",\"articleSection\":[\"C2 N7\"],\"inLanguage\":\"es\"},{\"@type\":\"WebPage\",\"@id\":\"https:\/\/infoecos.com.ar\/index.php\/murio-roberto-loncan-conocido-dirigente-de-rivadavia\/\",\"url\":\"https:\/\/infoecos.com.ar\/index.php\/murio-roberto-loncan-conocido-dirigente-de-rivadavia\/\",\"name\":\"Muri\u00f3 Roberto Lonc\u00e1n, conocido dirigente de Rivadavia - Infoecos\",\"isPartOf\":{\"@id\":\"https:\/\/infoecos.com.ar\/#website\"},\"primaryImageOfPage\":{\"@id\":\"https:\/\/infoecos.com.ar\/index.php\/murio-roberto-loncan-conocido-dirigente-de-rivadavia\/#primaryimage\"},\"image\":{\"@id\":\"https:\/\/infoecos.com.ar\/index.php\/murio-roberto-loncan-conocido-dirigente-de-rivadavia\/#primaryimage\"},\"thumbnailUrl\":\"https:\/\/infoecos.com.ar\/wp-content\/uploads\/2022\/03\/roberto-loncan.jpg\",\"datePublished\":\"2022-03-29T00:44:33+00:00\",\"dateModified\":\"2022-03-30T06:21:02+00:00\",\"breadcrumb\":{\"@id\":\"https:\/\/infoecos.com.ar\/index.php\/murio-roberto-loncan-conocido-dirigente-de-rivadavia\/#breadcrumb\"},\"inLanguage\":\"es\",\"potentialAction\":[{\"@type\":\"ReadAction\",\"target\":[\"https:\/\/infoecos.com.ar\/index.php\/murio-roberto-loncan-conocido-dirigente-de-rivadavia\/\"]}]},{\"@type\":\"ImageObject\",\"inLanguage\":\"es\",\"@id\":\"https:\/\/infoecos.com.ar\/index.php\/murio-roberto-loncan-conocido-dirigente-de-rivadavia\/#primaryimage\",\"url\":\"https:\/\/infoecos.com.ar\/wp-content\/uploads\/2022\/03\/roberto-loncan.jpg\",\"contentUrl\":\"https:\/\/infoecos.com.ar\/wp-content\/uploads\/2022\/03\/roberto-loncan.jpg\",\"width\":702,\"height\":608},{\"@type\":\"BreadcrumbList\",\"@id\":\"https:\/\/infoecos.com.ar\/index.php\/murio-roberto-loncan-conocido-dirigente-de-rivadavia\/#breadcrumb\",\"itemListElement\":[{\"@type\":\"ListItem\",\"position\":1,\"name\":\"Portada\",\"item\":\"https:\/\/infoecos.com.ar\/\"},{\"@type\":\"ListItem\",\"position\":2,\"name\":\"Muri\u00f3 Roberto Lonc\u00e1n, conocido dirigente de Rivadavia\"}]},{\"@type\":\"WebSite\",\"@id\":\"https:\/\/infoecos.com.ar\/#website\",\"url\":\"https:\/\/infoecos.com.ar\/\",\"name\":\"Infoecos\",\"description\":\"Noticias de trenque lauquen y la zona\",\"publisher\":{\"@id\":\"https:\/\/infoecos.com.ar\/#organization\"},\"alternateName\":\"Noticias\",\"potentialAction\":[{\"@type\":\"SearchAction\",\"target\":{\"@type\":\"EntryPoint\",\"urlTemplate\":\"https:\/\/infoecos.com.ar\/?s={search_term_string}\"},\"query-input\":{\"@type\":\"PropertyValueSpecification\",\"valueRequired\":true,\"valueName\":\"search_term_string\"}}],\"inLanguage\":\"es\"},{\"@type\":\"Organization\",\"@id\":\"https:\/\/infoecos.com.ar\/#organization\",\"name\":\"Infoecos\",\"alternateName\":\"Noticias\",\"url\":\"https:\/\/infoecos.com.ar\/\",\"logo\":{\"@type\":\"ImageObject\",\"inLanguage\":\"es\",\"@id\":\"https:\/\/infoecos.com.ar\/#\/schema\/logo\/image\/\",\"url\":\"https:\/\/infoecos.com.ar\/wp-content\/uploads\/2024\/03\/cropped-logo.png\",\"contentUrl\":\"https:\/\/infoecos.com.ar\/wp-content\/uploads\/2024\/03\/cropped-logo.png\",\"width\":374,\"height\":90,\"caption\":\"Infoecos\"},\"image\":{\"@id\":\"https:\/\/infoecos.com.ar\/#\/schema\/logo\/image\/\"},\"sameAs\":[\"https:\/\/www.facebook.com\/profile.php?id=100063200290284\",\"https:\/\/x.com\/infoecos\"]},{\"@type\":\"Person\",\"@id\":\"https:\/\/infoecos.com.ar\/#\/schema\/person\/8f5ace5ce73b4b4aac4b7245aee6f191\",\"name\":\"Jorge Matheus\",\"url\":\"https:\/\/infoecos.com.ar\/index.php\/author\/jomatheus\/\"}]}<\/script>\n<!-- \/ Yoast SEO plugin. -->","yoast_head_json":{"title":"Muri\u00f3 Roberto Lonc\u00e1n, conocido dirigente de Rivadavia - Infoecos","robots":{"index":"index","follow":"follow","max-snippet":"max-snippet:-1","max-image-preview":"max-image-preview:large","max-video-preview":"max-video-preview:-1"},"canonical":"https:\/\/infoecos.com.ar\/index.php\/murio-roberto-loncan-conocido-dirigente-de-rivadavia\/","og_locale":"es_ES","og_type":"article","og_title":"Muri\u00f3 Roberto Lonc\u00e1n, conocido dirigente de Rivadavia - Infoecos","og_description":"Lonc\u00e1n fue Concejal y Secretario de Gobierno de la Municipalidad de Rivadavia. En los \u00faltimos a\u00f1os antes de jubilarse trabaj\u00f3 como funcionario en el PAMI, en CABA","og_url":"https:\/\/infoecos.com.ar\/index.php\/murio-roberto-loncan-conocido-dirigente-de-rivadavia\/","og_site_name":"Infoecos","article_publisher":"https:\/\/www.facebook.com\/profile.php?id=100063200290284","article_published_time":"2022-03-29T00:44:33+00:00","article_modified_time":"2022-03-30T06:21:02+00:00","og_image":[{"width":702,"height":608,"url":"https:\/\/infoecos.com.ar\/wp-content\/uploads\/2022\/03\/roberto-loncan.jpg","type":"image\/jpeg"}],"author":"Jorge Matheus","twitter_card":"summary_large_image","twitter_creator":"@infoecos","twitter_site":"@infoecos","twitter_misc":{"Escrito por":"Jorge Matheus"},"schema":{"@context":"https:\/\/schema.org","@graph":[{"@type":"Article","@id":"https:\/\/infoecos.com.ar\/index.php\/murio-roberto-loncan-conocido-dirigente-de-rivadavia\/#article","isPartOf":{"@id":"https:\/\/infoecos.com.ar\/index.php\/murio-roberto-loncan-conocido-dirigente-de-rivadavia\/"},"author":{"name":"Jorge Matheus","@id":"https:\/\/infoecos.com.ar\/#\/schema\/person\/8f5ace5ce73b4b4aac4b7245aee6f191"},"headline":"Muri\u00f3 Roberto Lonc\u00e1n, conocido dirigente de Rivadavia","datePublished":"2022-03-29T00:44:33+00:00","dateModified":"2022-03-30T06:21:02+00:00","mainEntityOfPage":{"@id":"https:\/\/infoecos.com.ar\/index.php\/murio-roberto-loncan-conocido-dirigente-de-rivadavia\/"},"wordCount":61,"publisher":{"@id":"https:\/\/infoecos.com.ar\/#organization"},"image":{"@id":"https:\/\/infoecos.com.ar\/index.php\/murio-roberto-loncan-conocido-dirigente-de-rivadavia\/#primaryimage"},"thumbnailUrl":"https:\/\/infoecos.com.ar\/wp-content\/uploads\/2022\/03\/roberto-loncan.jpg","articleSection":["C2 N7"],"inLanguage":"es"},{"@type":"WebPage","@id":"https:\/\/infoecos.com.ar\/index.php\/murio-roberto-loncan-conocido-dirigente-de-rivadavia\/","url":"https:\/\/infoecos.com.ar\/index.php\/murio-roberto-loncan-conocido-dirigente-de-rivadavia\/","name":"Muri\u00f3 Roberto Lonc\u00e1n, conocido dirigente de Rivadavia - Infoecos","isPartOf":{"@id":"https:\/\/infoecos.com.ar\/#website"},"primaryImageOfPage":{"@id":"https:\/\/infoecos.com.ar\/index.php\/murio-roberto-loncan-conocido-dirigente-de-rivadavia\/#primaryimage"},"image":{"@id":"https:\/\/infoecos.com.ar\/index.php\/murio-roberto-loncan-conocido-dirigente-de-rivadavia\/#primaryimage"},"thumbnailUrl":"https:\/\/infoecos.com.ar\/wp-content\/uploads\/2022\/03\/roberto-loncan.jpg","datePublished":"2022-03-29T00:44:33+00:00","dateModified":"2022-03-30T06:21:02+00:00","breadcrumb":{"@id":"https:\/\/infoecos.com.ar\/index.php\/murio-roberto-loncan-conocido-dirigente-de-rivadavia\/#breadcrumb"},"inLanguage":"es","potentialAction":[{"@type":"ReadAction","target":["https:\/\/infoecos.com.ar\/index.php\/murio-roberto-loncan-conocido-dirigente-de-rivadavia\/"]}]},{"@type":"ImageObject","inLanguage":"es","@id":"https:\/\/infoecos.com.ar\/index.php\/murio-roberto-loncan-conocido-dirigente-de-rivadavia\/#primaryimage","url":"https:\/\/infoecos.com.ar\/wp-content\/uploads\/2022\/03\/roberto-loncan.jpg","contentUrl":"https:\/\/infoecos.com.ar\/wp-content\/uploads\/2022\/03\/roberto-loncan.jpg","width":702,"height":608},{"@type":"BreadcrumbList","@id":"https:\/\/infoecos.com.ar\/index.php\/murio-roberto-loncan-conocido-dirigente-de-rivadavia\/#breadcrumb","itemListElement":[{"@type":"ListItem","position":1,"name":"Portada","item":"https:\/\/infoecos.com.ar\/"},{"@type":"ListItem","position":2,"name":"Muri\u00f3 Roberto Lonc\u00e1n, conocido dirigente de Rivadavia"}]},{"@type":"WebSite","@id":"https:\/\/infoecos.com.ar\/#website","url":"https:\/\/infoecos.com.ar\/","name":"Infoecos","description":"Noticias de trenque lauquen y la zona","publisher":{"@id":"https:\/\/infoecos.com.ar\/#organization"},"alternateName":"Noticias","potentialAction":[{"@type":"SearchAction","target":{"@type":"EntryPoint","urlTemplate":"https:\/\/infoecos.com.ar\/?s={search_term_string}"},"query-input":{"@type":"PropertyValueSpecification","valueRequired":true,"valueName":"search_term_string"}}],"inLanguage":"es"},{"@type":"Organization","@id":"https:\/\/infoecos.com.ar\/#organization","name":"Infoecos","alternateName":"Noticias","url":"https:\/\/infoecos.com.ar\/","logo":{"@type":"ImageObject","inLanguage":"es","@id":"https:\/\/infoecos.com.ar\/#\/schema\/logo\/image\/","url":"https:\/\/infoecos.com.ar\/wp-content\/uploads\/2024\/03\/cropped-logo.png","contentUrl":"https:\/\/infoecos.com.ar\/wp-content\/uploads\/2024\/03\/cropped-logo.png","width":374,"height":90,"caption":"Infoecos"},"image":{"@id":"https:\/\/infoecos.com.ar\/#\/schema\/logo\/image\/"},"sameAs":["https:\/\/www.facebook.com\/profile.php?id=100063200290284","https:\/\/x.com\/infoecos"]},{"@type":"Person","@id":"https:\/\/infoecos.com.ar\/#\/schema\/person\/8f5ace5ce73b4b4aac4b7245aee6f191","name":"Jorge Matheus","url":"https:\/\/infoecos.com.ar\/index.php\/author\/jomatheus\/"}]}},"featured_image_urls":{"full":["https:\/\/infoecos.com.ar\/wp-content\/uploads\/2022\/03\/roberto-loncan.jpg",702,608,false],"thumbnail":["https:\/\/infoecos.com.ar\/wp-content\/uploads\/2022\/03\/roberto-loncan-150x150.jpg",150,150,true],"medium":["https:\/\/infoecos.com.ar\/wp-content\/uploads\/2022\/03\/roberto-loncan-460x398.jpg",460,398,true],"medium_large":["https:\/\/infoecos.com.ar\/wp-content\/uploads\/2022\/03\/roberto-loncan.jpg",640,554,false],"large":["https:\/\/infoecos.com.ar\/wp-content\/uploads\/2022\/03\/roberto-loncan.jpg",640,554,false],"1536x1536":["https:\/\/infoecos.com.ar\/wp-content\/uploads\/2022\/03\/roberto-loncan.jpg",702,608,false],"2048x2048":["https:\/\/infoecos.com.ar\/wp-content\/uploads\/2022\/03\/roberto-loncan.jpg",702,608,false],"covernews-slider-full":["https:\/\/infoecos.com.ar\/wp-content\/uploads\/2022\/03\/roberto-loncan.jpg",702,608,false],"covernews-slider-center":["https:\/\/infoecos.com.ar\/wp-content\/uploads\/2022\/03\/roberto-loncan.jpg",577,500,false],"covernews-featured":["https:\/\/infoecos.com.ar\/wp-content\/uploads\/2022\/03\/roberto-loncan.jpg",702,608,false],"covernews-medium":["https:\/\/infoecos.com.ar\/wp-content\/uploads\/2022\/03\/roberto-loncan-702x380.jpg",540,292,true],"covernews-medium-square":["https:\/\/infoecos.com.ar\/wp-content\/uploads\/2022\/03\/roberto-loncan-675x450.jpg",375,250,true]},"author_info":{"info":["Jorge Matheus"]},"category_info":"<a href=\"https:\/\/infoecos.com.ar\/index.php\/category\/c2nota7\/\" rel=\"category tag\">C2 N7<\/a>","tag_info":"C2 N7","comment_count":"0","_links":{"self":[{"href":"https:\/\/infoecos.com.ar\/index.php\/wp-json\/wp\/v2\/posts\/90255"}],"collection":[{"href":"https:\/\/infoecos.com.ar\/index.php\/wp-json\/wp\/v2\/posts"}],"about":[{"href":"https:\/\/infoecos.com.ar\/index.php\/wp-json\/wp\/v2\/types\/post"}],"author":[{"embeddable":true,"href":"https:\/\/infoecos.com.ar\/index.php\/wp-json\/wp\/v2\/users\/2"}],"replies":[{"embeddable":true,"href":"https:\/\/infoecos.com.ar\/index.php\/wp-json\/wp\/v2\/comments?post=90255"}],"version-history":[{"count":1,"href":"https:\/\/infoecos.com.ar\/index.php\/wp-json\/wp\/v2\/posts\/90255\/revisions"}],"predecessor-version":[{"id":90257,"href":"https:\/\/infoecos.com.ar\/index.php\/wp-json\/wp\/v2\/posts\/90255\/revisions\/90257"}],"wp:featuredmedia":[{"embeddable":true,"href":"https:\/\/infoecos.com.ar\/index.php\/wp-json\/wp\/v2\/media\/90256"}],"wp:attachment":[{"href":"https:\/\/infoecos.com.ar\/index.php\/wp-json\/wp\/v2\/media?parent=90255"}],"wp:term":[{"taxonomy":"category","embeddable":true,"href":"https:\/\/infoecos.com.ar\/index.php\/wp-json\/wp\/v2\/categories?post=90255"},{"taxonomy":"post_tag","embeddable":true,"href":"https:\/\/infoecos.com.ar\/index.php\/wp-json\/wp\/v2\/tags?post=90255"}],"curies":[{"name":"wp","href":"https:\/\/api.w.org\/{rel}","templated":true}]}}