{"id":90258,"date":"2022-03-28T21:49:52","date_gmt":"2022-03-29T00:49:52","guid":{"rendered":"http:\/\/infoecos.com.ar\/?p=90258"},"modified":"2022-03-30T03:24:41","modified_gmt":"2022-03-30T06:24:41","slug":"se-inauguro-la-planta-de-oxigeno-del-hospital-municipal-de-general-villegas","status":"publish","type":"post","link":"https:\/\/infoecos.com.ar\/index.php\/se-inauguro-la-planta-de-oxigeno-del-hospital-municipal-de-general-villegas\/","title":{"rendered":"Se inaugur\u00f3 la planta de ox\u00edgeno del Hospital Municipal de General Villegas"},"content":{"rendered":"\n<p class=\"wp-block-paragraph\">\u00abUna planta de este tipo nos hace crecer\u00bb, sostuvo el intendente municipal del distrito, Eduardo Campana, en el acto de inauguraci\u00f3n. El mandatario comunal destac\u00f3 el trabajo conjunto que se hizo para este logro con el Secretario de Asuntos Municipales, Avelino Zurro.<\/p>\n\n\n\n<div class=\"wp-block-image\"><figure class=\"aligncenter size-large\"><img loading=\"lazy\" decoding=\"async\" width=\"920\" height=\"384\" src=\"http:\/\/infoecos.com.ar\/wp-content\/uploads\/2022\/03\/plantaoxigeno-920x384.jpg\" alt=\"\" class=\"wp-image-90259\" srcset=\"https:\/\/infoecos.com.ar\/wp-content\/uploads\/2022\/03\/plantaoxigeno-920x384.jpg 920w, https:\/\/infoecos.com.ar\/wp-content\/uploads\/2022\/03\/plantaoxigeno-460x192.jpg 460w, https:\/\/infoecos.com.ar\/wp-content\/uploads\/2022\/03\/plantaoxigeno-768x321.jpg 768w, https:\/\/infoecos.com.ar\/wp-content\/uploads\/2022\/03\/plantaoxigeno-1024x428.jpg 1024w, https:\/\/infoecos.com.ar\/wp-content\/uploads\/2022\/03\/plantaoxigeno.jpg 1068w\" sizes=\"auto, (max-width: 920px) 100vw, 920px\" \/><\/figure><\/div>\n\n\n\n<p class=\"wp-block-paragraph\">El intendente hizo hincapi\u00e9 adem\u00e1s en \u00abel trabajo conjunto entre Naci\u00f3n, Provincia y municipio\u00bb para que General Villegas cuente con esta planta; y mencion\u00f3 al \u00e1rea de Obras P\u00fablicas, \u00abque trabaj\u00f3 para la edificaci\u00f3n que la contiene\u00bb<\/p>\n","protected":false},"excerpt":{"rendered":"<p>El  intendente municipal manifeest\u00f3 que se lleg\u00f3 a este logro con el gran aporte del Secretario de Asuntos Municipales, Avelino Zurro<\/p>\n","protected":false},"author":2,"featured_media":90259,"comment_status":"closed","ping_status":"open","sticky":false,"template":"","format":"standard","meta":{"footnotes":""},"categories":[201],"tags":[],"class_list":["post-90258","post","type-post","status-publish","format-standard","has-post-thumbnail","hentry","category-inferior9"],"featured_image_urls":{"full":["https:\/\/infoecos.com.ar\/wp-content\/uploads\/2022\/03\/plantaoxigeno.jpg",1068,446,false],"thumbnail":["https:\/\/infoecos.com.ar\/wp-content\/uploads\/2022\/03\/plantaoxigeno-150x150.jpg",150,150,true],"medium":["https:\/\/infoecos.com.ar\/wp-content\/uploads\/2022\/03\/plantaoxigeno-460x192.jpg",460,192,true],"medium_large":["https:\/\/infoecos.com.ar\/wp-content\/uploads\/2022\/03\/plantaoxigeno-768x321.jpg",640,268,true],"large":["https:\/\/infoecos.com.ar\/wp-content\/uploads\/2022\/03\/plantaoxigeno-920x384.jpg",640,267,true],"1536x1536":["https:\/\/infoecos.com.ar\/wp-content\/uploads\/2022\/03\/plantaoxigeno.jpg",1068,446,false],"2048x2048":["https:\/\/infoecos.com.ar\/wp-content\/uploads\/2022\/03\/plantaoxigeno.jpg",1068,446,false],"covernews-slider-full":["https:\/\/infoecos.com.ar\/wp-content\/uploads\/2022\/03\/plantaoxigeno.jpg",1068,446,false],"covernews-slider-center":["https:\/\/infoecos.com.ar\/wp-content\/uploads\/2022\/03\/plantaoxigeno-936x446.jpg",800,381,true],"covernews-featured":["https:\/\/infoecos.com.ar\/wp-content\/uploads\/2022\/03\/plantaoxigeno-1024x428.jpg",1024,428,true],"covernews-medium":["https:\/\/infoecos.com.ar\/wp-content\/uploads\/2022\/03\/plantaoxigeno-720x380.jpg",540,285,true],"covernews-medium-square":["https:\/\/infoecos.com.ar\/wp-content\/uploads\/2022\/03\/plantaoxigeno-675x446.jpg",378,250,true]},"author_info":{"info":["Jorge Matheus"]},"category_info":"<a href=\"https:\/\/infoecos.com.ar\/index.php\/category\/inferior9\/\" rel=\"category tag\">Bloque inferior - 9<\/a>","tag_info":"Bloque inferior - 9","comment_count":"0","_links":{"self":[{"href":"https:\/\/infoecos.com.ar\/index.php\/wp-json\/wp\/v2\/posts\/90258","targetHints":{"allow":["GET"]}}],"collection":[{"href":"https:\/\/infoecos.com.ar\/index.php\/wp-json\/wp\/v2\/posts"}],"about":[{"href":"https:\/\/infoecos.com.ar\/index.php\/wp-json\/wp\/v2\/types\/post"}],"author":[{"embeddable":true,"href":"https:\/\/infoecos.com.ar\/index.php\/wp-json\/wp\/v2\/users\/2"}],"replies":[{"embeddable":true,"href":"https:\/\/infoecos.com.ar\/index.php\/wp-json\/wp\/v2\/comments?post=90258"}],"version-history":[{"count":1,"href":"https:\/\/infoecos.com.ar\/index.php\/wp-json\/wp\/v2\/posts\/90258\/revisions"}],"predecessor-version":[{"id":90260,"href":"https:\/\/infoecos.com.ar\/index.php\/wp-json\/wp\/v2\/posts\/90258\/revisions\/90260"}],"wp:featuredmedia":[{"embeddable":true,"href":"https:\/\/infoecos.com.ar\/index.php\/wp-json\/wp\/v2\/media\/90259"}],"wp:attachment":[{"href":"https:\/\/infoecos.com.ar\/index.php\/wp-json\/wp\/v2\/media?parent=90258"}],"wp:term":[{"taxonomy":"category","embeddable":true,"href":"https:\/\/infoecos.com.ar\/index.php\/wp-json\/wp\/v2\/categories?post=90258"},{"taxonomy":"post_tag","embeddable":true,"href":"https:\/\/infoecos.com.ar\/index.php\/wp-json\/wp\/v2\/tags?post=90258"}],"curies":[{"name":"wp","href":"https:\/\/api.w.org\/{rel}","templated":true}]}}