{"id":90261,"date":"2022-03-28T21:53:51","date_gmt":"2022-03-29T00:53:51","guid":{"rendered":"http:\/\/infoecos.com.ar\/?p=90261"},"modified":"2022-03-30T03:23:08","modified_gmt":"2022-03-30T06:23:08","slug":"se-depositan-este-martes-de-manera-anticipada-los-salarios-del-personal-municipal","status":"publish","type":"post","link":"https:\/\/infoecos.com.ar\/index.php\/se-depositan-este-martes-de-manera-anticipada-los-salarios-del-personal-municipal\/","title":{"rendered":"Se depositan este martes, de manera anticipada, los salarios del personal municipal"},"content":{"rendered":"\n<p class=\"wp-block-paragraph\">El Departamento Ejecutivo municipal depositar\u00e1 este martes 29 de manera anticipada el sueldo correspondiente al mes de marzo, fondos que quedar\u00e1n acreditados en las cuentas del personal para su retiro ma\u00f1ana mi\u00e9rcoles<\/p>\n\n\n\n<div class=\"wp-block-image\"><figure class=\"aligncenter size-large is-resized\"><img loading=\"lazy\" decoding=\"async\" src=\"http:\/\/infoecos.com.ar\/wp-content\/uploads\/2022\/03\/Palacio-Municipal.jpeg\" alt=\"\" class=\"wp-image-90262\" width=\"608\" height=\"456\" srcset=\"https:\/\/infoecos.com.ar\/wp-content\/uploads\/2022\/03\/Palacio-Municipal.jpeg 800w, https:\/\/infoecos.com.ar\/wp-content\/uploads\/2022\/03\/Palacio-Municipal-460x345.jpeg 460w, https:\/\/infoecos.com.ar\/wp-content\/uploads\/2022\/03\/Palacio-Municipal-768x576.jpeg 768w\" sizes=\"auto, (max-width: 608px) 100vw, 608px\" \/><\/figure><\/div>\n\n\n\n<p class=\"wp-block-paragraph\">La masa salarial, que este mes incluye asignaci\u00f3n familiar por ayuda escolar, asciende a 250.856.072,40 pesos.<\/p>\n","protected":false},"excerpt":{"rendered":"<p>La masa salarial, que este mes incluye asignaci\u00f3n familiar por ayuda escolar, asciende a 250.856.072,40 pesos<\/p>\n","protected":false},"author":2,"featured_media":90262,"comment_status":"closed","ping_status":"open","sticky":false,"template":"","format":"standard","meta":{"footnotes":""},"categories":[200],"tags":[5],"class_list":["post-90261","post","type-post","status-publish","format-standard","has-post-thumbnail","hentry","category-inferior8","tag-trenque-lauquen"],"featured_image_urls":{"full":["https:\/\/infoecos.com.ar\/wp-content\/uploads\/2022\/03\/Palacio-Municipal.jpeg",800,600,false],"thumbnail":["https:\/\/infoecos.com.ar\/wp-content\/uploads\/2022\/03\/Palacio-Municipal-150x150.jpeg",150,150,true],"medium":["https:\/\/infoecos.com.ar\/wp-content\/uploads\/2022\/03\/Palacio-Municipal-460x345.jpeg",460,345,true],"medium_large":["https:\/\/infoecos.com.ar\/wp-content\/uploads\/2022\/03\/Palacio-Municipal-768x576.jpeg",640,480,true],"large":["https:\/\/infoecos.com.ar\/wp-content\/uploads\/2022\/03\/Palacio-Municipal.jpeg",640,480,false],"1536x1536":["https:\/\/infoecos.com.ar\/wp-content\/uploads\/2022\/03\/Palacio-Municipal.jpeg",800,600,false],"2048x2048":["https:\/\/infoecos.com.ar\/wp-content\/uploads\/2022\/03\/Palacio-Municipal.jpeg",800,600,false],"covernews-slider-full":["https:\/\/infoecos.com.ar\/wp-content\/uploads\/2022\/03\/Palacio-Municipal.jpeg",800,600,false],"covernews-slider-center":["https:\/\/infoecos.com.ar\/wp-content\/uploads\/2022\/03\/Palacio-Municipal.jpeg",667,500,false],"covernews-featured":["https:\/\/infoecos.com.ar\/wp-content\/uploads\/2022\/03\/Palacio-Municipal.jpeg",800,600,false],"covernews-medium":["https:\/\/infoecos.com.ar\/wp-content\/uploads\/2022\/03\/Palacio-Municipal-720x380.jpeg",540,285,true],"covernews-medium-square":["https:\/\/infoecos.com.ar\/wp-content\/uploads\/2022\/03\/Palacio-Municipal-675x450.jpeg",375,250,true]},"author_info":{"info":["Jorge Matheus"]},"category_info":"<a href=\"https:\/\/infoecos.com.ar\/index.php\/category\/inferior8\/\" rel=\"category tag\">Bloque inferior - 8<\/a>","tag_info":"Bloque inferior - 8","comment_count":"0","_links":{"self":[{"href":"https:\/\/infoecos.com.ar\/index.php\/wp-json\/wp\/v2\/posts\/90261","targetHints":{"allow":["GET"]}}],"collection":[{"href":"https:\/\/infoecos.com.ar\/index.php\/wp-json\/wp\/v2\/posts"}],"about":[{"href":"https:\/\/infoecos.com.ar\/index.php\/wp-json\/wp\/v2\/types\/post"}],"author":[{"embeddable":true,"href":"https:\/\/infoecos.com.ar\/index.php\/wp-json\/wp\/v2\/users\/2"}],"replies":[{"embeddable":true,"href":"https:\/\/infoecos.com.ar\/index.php\/wp-json\/wp\/v2\/comments?post=90261"}],"version-history":[{"count":1,"href":"https:\/\/infoecos.com.ar\/index.php\/wp-json\/wp\/v2\/posts\/90261\/revisions"}],"predecessor-version":[{"id":90263,"href":"https:\/\/infoecos.com.ar\/index.php\/wp-json\/wp\/v2\/posts\/90261\/revisions\/90263"}],"wp:featuredmedia":[{"embeddable":true,"href":"https:\/\/infoecos.com.ar\/index.php\/wp-json\/wp\/v2\/media\/90262"}],"wp:attachment":[{"href":"https:\/\/infoecos.com.ar\/index.php\/wp-json\/wp\/v2\/media?parent=90261"}],"wp:term":[{"taxonomy":"category","embeddable":true,"href":"https:\/\/infoecos.com.ar\/index.php\/wp-json\/wp\/v2\/categories?post=90261"},{"taxonomy":"post_tag","embeddable":true,"href":"https:\/\/infoecos.com.ar\/index.php\/wp-json\/wp\/v2\/tags?post=90261"}],"curies":[{"name":"wp","href":"https:\/\/api.w.org\/{rel}","templated":true}]}}