{"id":90264,"date":"2022-03-28T22:05:47","date_gmt":"2022-03-29T01:05:47","guid":{"rendered":"http:\/\/infoecos.com.ar\/?p=90264"},"modified":"2022-03-31T04:50:14","modified_gmt":"2022-03-31T07:50:14","slug":"santa-rosa-otra-vez-conmocionada-por-el-femicidio-protagonizado-por-un-militar","status":"publish","type":"post","link":"https:\/\/infoecos.com.ar\/index.php\/santa-rosa-otra-vez-conmocionada-por-el-femicidio-protagonizado-por-un-militar\/","title":{"rendered":"Santa Rosa otra vez conmocionada por el femicidio protagonizado por un militar"},"content":{"rendered":"\n<p class=\"wp-block-paragraph\"> Un femicidio se produjo&nbsp;en un complejo de departamentos ubicados entre las calles Dante Alighieri y Pestalozzi<strong>,<\/strong>&nbsp;en Villa Santill\u00e1n, Santa Rosa.<strong>&nbsp;<\/strong>El asesino utiliz\u00f3 un FAL.<\/p>\n\n\n\n<p class=\"wp-block-paragraph\">En los primeros momentos, se realiz\u00f3 la b\u00fasqueda de la&nbsp; hija de la mujer (de unos 12 a\u00f1os), que viv\u00eda en esa vivienda. Ahora trascendi\u00f3 que la nena fue llevada por una taxista a otra vivienda, antes de que se produjera la tragedia.&nbsp;&nbsp;<\/p>\n\n\n\n<p class=\"wp-block-paragraph\">Los vecinos del complejo escucharon los disparos a las 6 de la ma\u00f1ana. \u00abFueron tres tiros. De FAL\u00bb, dijo un vecino que estaba en la vereda del lugar mientras la polic\u00eda realizaba las pericias y levantaba muestras.<\/p>\n\n\n\n<p class=\"wp-block-paragraph\">El asesinato ocurri\u00f3 en la planta baja donde conviv\u00eda la pareja. Estaban juntos desde hace 5 a\u00f1os.&nbsp;<\/p>\n\n\n\n<p class=\"wp-block-paragraph\">El militar que concret\u00f3 el femicidio es sargento y revista en el regimiento de Toay, All\u00ed tiene a cargo el arsenal.&nbsp;<strong>Se trata de El\u00edas Funes, de unos 40 a\u00f1os de edad<\/strong>.&nbsp;<\/p>\n\n\n\n<p class=\"wp-block-paragraph\"><strong>Ella ten\u00eda unos 30 a\u00f1os y fue identificada como Marianela Vegas Merino<\/strong>. Hab\u00eda salido la noche del domingo y regres\u00f3 a las 2 horas, seg\u00fan reconstruy\u00f3 la fiscal\u00eda. Pero la b\u00fasqueda se inici\u00f3 cuando no fue a trabajar y le avisaron a su hermano.<\/p>\n\n\n\n<p class=\"wp-block-paragraph\">El fiscal Marcos Sacco explic\u00f3 que&nbsp;<strong>\u00abla pareja a\u00fan conviv\u00eda, pero estaba en proceso de separaci\u00f3n\u00bb<\/strong>. Confirm\u00f3 que&nbsp;<strong>\u00abhab\u00eda una situaci\u00f3n de celos y episodios de violencia, pero que ella no denunci\u00f3, seg\u00fan averiguamos con testigos y allegados\u00bb<\/strong>.&nbsp;<\/p>\n\n\n\n<p class=\"wp-block-paragraph\">La mujer recibi\u00f3 dos disparos. El asesino se suicid\u00f3 apoyando el ca\u00f1o del FAL en su boca, seg\u00fan las primeras pericias.<\/p>\n\n\n\n<p class=\"wp-block-paragraph\">Una vez que trascendi\u00f3 la informaci\u00f3n, los familiares llegaron al lugar.&nbsp;<strong>\u00abMe la mat\u00f3 y despu\u00e9s se peg\u00f3 un tiro\u00bb<\/strong>, dijo una mujer, que dijo ser madre de la v\u00edctima.<\/p>\n\n\n\n<p class=\"wp-block-paragraph\"><strong>En la escena del brutal crimen se vieron escenas dram\u00e1ticas, con llantos desgarradores de quienes iban llegando al complejo donde ocurri\u00f3 el femicidio<\/strong>. Por ese motivo, tuvo que llegar una ambulancia de Emergencias.<\/p>\n\n\n\n<p class=\"wp-block-paragraph\">Este femicidio ocurre a solo tres d\u00edas de otro, cuando el polic\u00eda federal Gustavo Antonio \u00abToni\u00bb Boland (44) mat\u00f3 a supareja, Elsa Susana Mu\u00f1oz (51) de tres disparos, con su arma reglamentaria. El atacante la mat\u00f3, inici\u00f3 un fuego (que incendi\u00f3 parte de la vivienda) y se suicid\u00f3. Ese crimen ocurri\u00f3 en Villa Elisa, en la zona norte de la ciudad.&nbsp;<\/p>\n\n\n\n<p class=\"wp-block-paragraph\">El brutal hecho de este lunes es similar. Luego de ultimar a la v\u00edctima con su arma reglamentaria, un FAL, el femicida se suicid\u00f3.<\/p>\n\n\n\n<p class=\"wp-block-paragraph\">Fuente: eldiariodelapampa.com.ar<\/p>\n\n\n\n<figure class=\"wp-block-gallery columns-3 is-cropped wp-block-gallery-1 is-layout-flex wp-block-gallery-is-layout-flex\"><ul class=\"blocks-gallery-grid\"><li class=\"blocks-gallery-item\"><figure><img loading=\"lazy\" decoding=\"async\" width=\"920\" height=\"613\" src=\"http:\/\/infoecos.com.ar\/wp-content\/uploads\/2022\/03\/femicidio-920x613.jpg\" alt=\"\" data-id=\"90265\" data-full-url=\"http:\/\/infoecos.com.ar\/wp-content\/uploads\/2022\/03\/femicidio.jpg\" data-link=\"http:\/\/infoecos.com.ar\/?attachment_id=90265\" class=\"wp-image-90265\" srcset=\"https:\/\/infoecos.com.ar\/wp-content\/uploads\/2022\/03\/femicidio-920x613.jpg 920w, https:\/\/infoecos.com.ar\/wp-content\/uploads\/2022\/03\/femicidio-460x307.jpg 460w, https:\/\/infoecos.com.ar\/wp-content\/uploads\/2022\/03\/femicidio-768x512.jpg 768w, https:\/\/infoecos.com.ar\/wp-content\/uploads\/2022\/03\/femicidio-1024x682.jpg 1024w, https:\/\/infoecos.com.ar\/wp-content\/uploads\/2022\/03\/femicidio-675x450.jpg 675w, https:\/\/infoecos.com.ar\/wp-content\/uploads\/2022\/03\/femicidio.jpg 1280w\" sizes=\"auto, (max-width: 920px) 100vw, 920px\" \/><\/figure><\/li><li class=\"blocks-gallery-item\"><figure><img loading=\"lazy\" decoding=\"async\" width=\"800\" height=\"534\" src=\"http:\/\/infoecos.com.ar\/wp-content\/uploads\/2022\/03\/femicidio-calle-dante-alighieri-15.jpg\" alt=\"\" data-id=\"90266\" data-full-url=\"http:\/\/infoecos.com.ar\/wp-content\/uploads\/2022\/03\/femicidio-calle-dante-alighieri-15.jpg\" data-link=\"http:\/\/infoecos.com.ar\/?attachment_id=90266\" class=\"wp-image-90266\" srcset=\"https:\/\/infoecos.com.ar\/wp-content\/uploads\/2022\/03\/femicidio-calle-dante-alighieri-15.jpg 800w, https:\/\/infoecos.com.ar\/wp-content\/uploads\/2022\/03\/femicidio-calle-dante-alighieri-15-460x307.jpg 460w, https:\/\/infoecos.com.ar\/wp-content\/uploads\/2022\/03\/femicidio-calle-dante-alighieri-15-768x513.jpg 768w, https:\/\/infoecos.com.ar\/wp-content\/uploads\/2022\/03\/femicidio-calle-dante-alighieri-15-675x450.jpg 675w\" sizes=\"auto, (max-width: 800px) 100vw, 800px\" \/><\/figure><\/li><li class=\"blocks-gallery-item\"><figure><img loading=\"lazy\" decoding=\"async\" width=\"800\" height=\"534\" src=\"http:\/\/infoecos.com.ar\/wp-content\/uploads\/2022\/03\/femicidio-calle-dante-alighieri-25.jpg\" alt=\"\" data-id=\"90267\" data-full-url=\"http:\/\/infoecos.com.ar\/wp-content\/uploads\/2022\/03\/femicidio-calle-dante-alighieri-25.jpg\" data-link=\"http:\/\/infoecos.com.ar\/?attachment_id=90267\" class=\"wp-image-90267\" srcset=\"https:\/\/infoecos.com.ar\/wp-content\/uploads\/2022\/03\/femicidio-calle-dante-alighieri-25.jpg 800w, https:\/\/infoecos.com.ar\/wp-content\/uploads\/2022\/03\/femicidio-calle-dante-alighieri-25-460x307.jpg 460w, https:\/\/infoecos.com.ar\/wp-content\/uploads\/2022\/03\/femicidio-calle-dante-alighieri-25-768x513.jpg 768w, https:\/\/infoecos.com.ar\/wp-content\/uploads\/2022\/03\/femicidio-calle-dante-alighieri-25-675x450.jpg 675w\" sizes=\"auto, (max-width: 800px) 100vw, 800px\" \/><\/figure><\/li><li class=\"blocks-gallery-item\"><figure><img loading=\"lazy\" decoding=\"async\" width=\"800\" height=\"534\" src=\"http:\/\/infoecos.com.ar\/wp-content\/uploads\/2022\/03\/femicidio-calle-dante-alighieri-42.jpg\" alt=\"\" data-id=\"90268\" data-full-url=\"http:\/\/infoecos.com.ar\/wp-content\/uploads\/2022\/03\/femicidio-calle-dante-alighieri-42.jpg\" data-link=\"http:\/\/infoecos.com.ar\/?attachment_id=90268\" class=\"wp-image-90268\" srcset=\"https:\/\/infoecos.com.ar\/wp-content\/uploads\/2022\/03\/femicidio-calle-dante-alighieri-42.jpg 800w, https:\/\/infoecos.com.ar\/wp-content\/uploads\/2022\/03\/femicidio-calle-dante-alighieri-42-460x307.jpg 460w, https:\/\/infoecos.com.ar\/wp-content\/uploads\/2022\/03\/femicidio-calle-dante-alighieri-42-768x513.jpg 768w, https:\/\/infoecos.com.ar\/wp-content\/uploads\/2022\/03\/femicidio-calle-dante-alighieri-42-675x450.jpg 675w\" sizes=\"auto, (max-width: 800px) 100vw, 800px\" \/><\/figure><\/li><li class=\"blocks-gallery-item\"><figure><img loading=\"lazy\" decoding=\"async\" width=\"800\" height=\"522\" src=\"http:\/\/infoecos.com.ar\/wp-content\/uploads\/2022\/03\/femicidio-calle-dante-alighieri-49.jpg\" alt=\"\" data-id=\"90269\" data-full-url=\"http:\/\/infoecos.com.ar\/wp-content\/uploads\/2022\/03\/femicidio-calle-dante-alighieri-49.jpg\" data-link=\"http:\/\/infoecos.com.ar\/?attachment_id=90269\" class=\"wp-image-90269\" srcset=\"https:\/\/infoecos.com.ar\/wp-content\/uploads\/2022\/03\/femicidio-calle-dante-alighieri-49.jpg 800w, https:\/\/infoecos.com.ar\/wp-content\/uploads\/2022\/03\/femicidio-calle-dante-alighieri-49-460x300.jpg 460w, https:\/\/infoecos.com.ar\/wp-content\/uploads\/2022\/03\/femicidio-calle-dante-alighieri-49-768x501.jpg 768w\" sizes=\"auto, (max-width: 800px) 100vw, 800px\" \/><\/figure><\/li><li class=\"blocks-gallery-item\"><figure><img loading=\"lazy\" decoding=\"async\" width=\"800\" height=\"538\" src=\"http:\/\/infoecos.com.ar\/wp-content\/uploads\/2022\/03\/FEMICIDIOSANTAROSA.jpg\" alt=\"\" data-id=\"90270\" data-full-url=\"http:\/\/infoecos.com.ar\/wp-content\/uploads\/2022\/03\/FEMICIDIOSANTAROSA.jpg\" data-link=\"http:\/\/infoecos.com.ar\/?attachment_id=90270\" class=\"wp-image-90270\" srcset=\"https:\/\/infoecos.com.ar\/wp-content\/uploads\/2022\/03\/FEMICIDIOSANTAROSA.jpg 800w, https:\/\/infoecos.com.ar\/wp-content\/uploads\/2022\/03\/FEMICIDIOSANTAROSA-460x309.jpg 460w, https:\/\/infoecos.com.ar\/wp-content\/uploads\/2022\/03\/FEMICIDIOSANTAROSA-768x516.jpg 768w\" sizes=\"auto, (max-width: 800px) 100vw, 800px\" \/><\/figure><\/li><li class=\"blocks-gallery-item\"><figure><img loading=\"lazy\" decoding=\"async\" width=\"920\" height=\"491\" src=\"http:\/\/infoecos.com.ar\/wp-content\/uploads\/2022\/03\/femisalud-920x491.jpg\" alt=\"\" data-id=\"90271\" data-full-url=\"http:\/\/infoecos.com.ar\/wp-content\/uploads\/2022\/03\/femisalud.jpg\" data-link=\"http:\/\/infoecos.com.ar\/?attachment_id=90271\" class=\"wp-image-90271\" srcset=\"https:\/\/infoecos.com.ar\/wp-content\/uploads\/2022\/03\/femisalud-920x491.jpg 920w, https:\/\/infoecos.com.ar\/wp-content\/uploads\/2022\/03\/femisalud-460x245.jpg 460w, https:\/\/infoecos.com.ar\/wp-content\/uploads\/2022\/03\/femisalud-768x410.jpg 768w, https:\/\/infoecos.com.ar\/wp-content\/uploads\/2022\/03\/femisalud-1024x546.jpg 1024w, https:\/\/infoecos.com.ar\/wp-content\/uploads\/2022\/03\/femisalud.jpg 1170w\" sizes=\"auto, (max-width: 920px) 100vw, 920px\" \/><\/figure><\/li><li class=\"blocks-gallery-item\"><figure><img loading=\"lazy\" decoding=\"async\" width=\"920\" height=\"511\" src=\"http:\/\/infoecos.com.ar\/wp-content\/uploads\/2022\/03\/forense-1-920x511.jpg\" alt=\"\" data-id=\"90272\" data-full-url=\"http:\/\/infoecos.com.ar\/wp-content\/uploads\/2022\/03\/forense-1.jpg\" data-link=\"http:\/\/infoecos.com.ar\/?attachment_id=90272\" class=\"wp-image-90272\" srcset=\"https:\/\/infoecos.com.ar\/wp-content\/uploads\/2022\/03\/forense-1-920x511.jpg 920w, https:\/\/infoecos.com.ar\/wp-content\/uploads\/2022\/03\/forense-1-460x255.jpg 460w, https:\/\/infoecos.com.ar\/wp-content\/uploads\/2022\/03\/forense-1-768x427.jpg 768w, https:\/\/infoecos.com.ar\/wp-content\/uploads\/2022\/03\/forense-1-1024x569.jpg 1024w, https:\/\/infoecos.com.ar\/wp-content\/uploads\/2022\/03\/forense-1.jpg 1174w\" sizes=\"auto, (max-width: 920px) 100vw, 920px\" \/><\/figure><\/li><li class=\"blocks-gallery-item\"><figure><img loading=\"lazy\" decoding=\"async\" width=\"920\" height=\"511\" src=\"http:\/\/infoecos.com.ar\/wp-content\/uploads\/2022\/03\/forense-920x511.jpg\" alt=\"\" data-id=\"90273\" data-full-url=\"http:\/\/infoecos.com.ar\/wp-content\/uploads\/2022\/03\/forense.jpg\" data-link=\"http:\/\/infoecos.com.ar\/?attachment_id=90273\" class=\"wp-image-90273\" srcset=\"https:\/\/infoecos.com.ar\/wp-content\/uploads\/2022\/03\/forense-920x511.jpg 920w, https:\/\/infoecos.com.ar\/wp-content\/uploads\/2022\/03\/forense-460x255.jpg 460w, https:\/\/infoecos.com.ar\/wp-content\/uploads\/2022\/03\/forense-768x427.jpg 768w, https:\/\/infoecos.com.ar\/wp-content\/uploads\/2022\/03\/forense-1024x569.jpg 1024w, https:\/\/infoecos.com.ar\/wp-content\/uploads\/2022\/03\/forense.jpg 1174w\" sizes=\"auto, (max-width: 920px) 100vw, 920px\" \/><\/figure><\/li><\/ul><\/figure>\n\n\n\n<p class=\"wp-block-paragraph\"><\/p>\n","protected":false},"excerpt":{"rendered":"<p>El militar que concret\u00f3 el femicidio es sargento y revista en el regimiento de Toay, All\u00ed tiene a cargo el arsenal. Se trata de El\u00edas Funes, de unos 40 a\u00f1os de edad<\/p>\n","protected":false},"author":2,"featured_media":90269,"comment_status":"closed","ping_status":"open","sticky":false,"template":"","format":"standard","meta":{"footnotes":""},"categories":[1331],"tags":[5714],"class_list":["post-90264","post","type-post","status-publish","format-standard","has-post-thumbnail","hentry","category-inferior11","tag-femicidio-en-la-capital-pampeana"],"featured_image_urls":{"full":["https:\/\/infoecos.com.ar\/wp-content\/uploads\/2022\/03\/femicidio-calle-dante-alighieri-49.jpg",800,522,false],"thumbnail":["https:\/\/infoecos.com.ar\/wp-content\/uploads\/2022\/03\/femicidio-calle-dante-alighieri-49-150x150.jpg",150,150,true],"medium":["https:\/\/infoecos.com.ar\/wp-content\/uploads\/2022\/03\/femicidio-calle-dante-alighieri-49-460x300.jpg",460,300,true],"medium_large":["https:\/\/infoecos.com.ar\/wp-content\/uploads\/2022\/03\/femicidio-calle-dante-alighieri-49-768x501.jpg",640,418,true],"large":["https:\/\/infoecos.com.ar\/wp-content\/uploads\/2022\/03\/femicidio-calle-dante-alighieri-49.jpg",640,418,false],"1536x1536":["https:\/\/infoecos.com.ar\/wp-content\/uploads\/2022\/03\/femicidio-calle-dante-alighieri-49.jpg",800,522,false],"2048x2048":["https:\/\/infoecos.com.ar\/wp-content\/uploads\/2022\/03\/femicidio-calle-dante-alighieri-49.jpg",800,522,false],"covernews-slider-full":["https:\/\/infoecos.com.ar\/wp-content\/uploads\/2022\/03\/femicidio-calle-dante-alighieri-49.jpg",800,522,false],"covernews-slider-center":["https:\/\/infoecos.com.ar\/wp-content\/uploads\/2022\/03\/femicidio-calle-dante-alighieri-49.jpg",766,500,false],"covernews-featured":["https:\/\/infoecos.com.ar\/wp-content\/uploads\/2022\/03\/femicidio-calle-dante-alighieri-49.jpg",800,522,false],"covernews-medium":["https:\/\/infoecos.com.ar\/wp-content\/uploads\/2022\/03\/femicidio-calle-dante-alighieri-49-720x380.jpg",540,285,true],"covernews-medium-square":["https:\/\/infoecos.com.ar\/wp-content\/uploads\/2022\/03\/femicidio-calle-dante-alighieri-49-675x450.jpg",375,250,true]},"author_info":{"info":["Jorge Matheus"]},"category_info":"<a href=\"https:\/\/infoecos.com.ar\/index.php\/category\/inferior11\/\" rel=\"category tag\">Bloque inferior - 11<\/a>","tag_info":"Bloque inferior - 11","comment_count":"0","_links":{"self":[{"href":"https:\/\/infoecos.com.ar\/index.php\/wp-json\/wp\/v2\/posts\/90264","targetHints":{"allow":["GET"]}}],"collection":[{"href":"https:\/\/infoecos.com.ar\/index.php\/wp-json\/wp\/v2\/posts"}],"about":[{"href":"https:\/\/infoecos.com.ar\/index.php\/wp-json\/wp\/v2\/types\/post"}],"author":[{"embeddable":true,"href":"https:\/\/infoecos.com.ar\/index.php\/wp-json\/wp\/v2\/users\/2"}],"replies":[{"embeddable":true,"href":"https:\/\/infoecos.com.ar\/index.php\/wp-json\/wp\/v2\/comments?post=90264"}],"version-history":[{"count":2,"href":"https:\/\/infoecos.com.ar\/index.php\/wp-json\/wp\/v2\/posts\/90264\/revisions"}],"predecessor-version":[{"id":90275,"href":"https:\/\/infoecos.com.ar\/index.php\/wp-json\/wp\/v2\/posts\/90264\/revisions\/90275"}],"wp:featuredmedia":[{"embeddable":true,"href":"https:\/\/infoecos.com.ar\/index.php\/wp-json\/wp\/v2\/media\/90269"}],"wp:attachment":[{"href":"https:\/\/infoecos.com.ar\/index.php\/wp-json\/wp\/v2\/media?parent=90264"}],"wp:term":[{"taxonomy":"category","embeddable":true,"href":"https:\/\/infoecos.com.ar\/index.php\/wp-json\/wp\/v2\/categories?post=90264"},{"taxonomy":"post_tag","embeddable":true,"href":"https:\/\/infoecos.com.ar\/index.php\/wp-json\/wp\/v2\/tags?post=90264"}],"curies":[{"name":"wp","href":"https:\/\/api.w.org\/{rel}","templated":true}]}}