{"id":90276,"date":"2022-03-28T22:12:44","date_gmt":"2022-03-29T01:12:44","guid":{"rendered":"http:\/\/infoecos.com.ar\/?p=90276"},"modified":"2022-03-30T03:20:18","modified_gmt":"2022-03-30T06:20:18","slug":"mas-de-mil-mujeres-se-manifestaron-este-lunes-en-la-plaza-san-martin-de-santa-rosa","status":"publish","type":"post","link":"https:\/\/infoecos.com.ar\/index.php\/mas-de-mil-mujeres-se-manifestaron-este-lunes-en-la-plaza-san-martin-de-santa-rosa\/","title":{"rendered":"M\u00e1s de mil mujeres se manifestaron este lunes en la Plaza San Mart\u00edn de Santa Rosa"},"content":{"rendered":"\n<p class=\"wp-block-paragraph\">Agrupaciones feministas realizaron este lunes una protesta en la Plaza San Mart\u00edn de Santa Rosa, tras los dos femicidios ocurridos en los \u00faltimos d\u00edas.<\/p>\n\n\n\n<p class=\"wp-block-paragraph\">La marcha parti\u00f3, luego de la lectura de un documento, desde la Plaza y recorri\u00f3 la Avenida San Mart\u00edn, la calle Avellaneda, Hilario Lagos para volver al punto de partida por Coronel Gil.<\/p>\n\n\n\n<div class=\"wp-block-image\"><figure class=\"aligncenter size-large\"><img loading=\"lazy\" decoding=\"async\" width=\"800\" height=\"533\" src=\"http:\/\/infoecos.com.ar\/wp-content\/uploads\/2022\/03\/marcha2.jpg\" alt=\"\" class=\"wp-image-90278\" srcset=\"https:\/\/infoecos.com.ar\/wp-content\/uploads\/2022\/03\/marcha2.jpg 800w, https:\/\/infoecos.com.ar\/wp-content\/uploads\/2022\/03\/marcha2-460x306.jpg 460w, https:\/\/infoecos.com.ar\/wp-content\/uploads\/2022\/03\/marcha2-768x512.jpg 768w, https:\/\/infoecos.com.ar\/wp-content\/uploads\/2022\/03\/marcha2-675x450.jpg 675w\" sizes=\"auto, (max-width: 800px) 100vw, 800px\" \/><\/figure><\/div>\n\n\n\n<p class=\"wp-block-paragraph\">En el trayecto se escucharon voces de protesta por los dos femicidios ocurridos en los \u00faltimos d\u00edas en Santa Rosa.<\/p>\n\n\n\n<p class=\"wp-block-paragraph\">El documento le\u00eddo dec\u00eda: \u201cMujeres y disidencias nos autoconvocamos para manifestar p\u00fablicamente nuestra rabia ante la inacci\u00f3n e inoperancia estatal que deber\u00eda luchar y trabajar para prevenir femicidios y toda clase de cr\u00edmenes por pertenecer a g\u00e9neros disidentes\u201d, dice la convocatoria que se reprodujo en las redes sociales.<\/p>\n\n\n\n<p class=\"wp-block-paragraph\">\u201cDos femicidios es la muestra de que el estado no acompa\u00f1a, no previene, no otorga los presupuestos necesarios, no declara la emergencia, sino que los provoca con las armas que pone en manos de las \u2018fuerzas de seguridad\u2019\u201d, advirtieron.<\/p>\n\n\n\n<p class=\"wp-block-paragraph\">\u201cDecimos basta de la impunidad de la que gozan los machos uniformados\u201d<\/p>\n\n\n\n<p class=\"wp-block-paragraph\">\u201cQueremos que el dolor sea rabia que arda en la plaza central. Que sea abrazo para las familias de las mujeres asesinadas. Que sea un encuentro entre nosotras y nosotres para tirar al patriarcado y que el miedo arda\u201d, agregaron.<\/p>\n\n\n\n<p class=\"wp-block-paragraph\">\u201cEsto ha sido autoconvocado y esta presencia es de personas que tenemos la misma consigna para que se genere un pacto de cara a la sociedad y hacia quienes tienen la responsabilidad de aplicar pol\u00edticas de cuidado y de prevenci\u00f3n\u201d.<\/p>\n\n\n\n<p class=\"wp-block-paragraph\">Fuente: eldiariodelapampa.com.ar<\/p>\n\n\n\n<div class=\"wp-block-image\"><figure class=\"aligncenter size-large\"><img loading=\"lazy\" decoding=\"async\" width=\"800\" height=\"533\" src=\"http:\/\/infoecos.com.ar\/wp-content\/uploads\/2022\/03\/marcha1.jpg\" alt=\"\" class=\"wp-image-90277\" srcset=\"https:\/\/infoecos.com.ar\/wp-content\/uploads\/2022\/03\/marcha1.jpg 800w, https:\/\/infoecos.com.ar\/wp-content\/uploads\/2022\/03\/marcha1-460x306.jpg 460w, https:\/\/infoecos.com.ar\/wp-content\/uploads\/2022\/03\/marcha1-768x512.jpg 768w, https:\/\/infoecos.com.ar\/wp-content\/uploads\/2022\/03\/marcha1-675x450.jpg 675w\" sizes=\"auto, (max-width: 800px) 100vw, 800px\" \/><\/figure><\/div>\n","protected":false},"excerpt":{"rendered":"<p>Agrupaciones feministas realizaron este lunes una protesta en la Plaza San Mart\u00edn de Santa Rosa, tras los dos femicidios ocurridos en los \u00faltimos d\u00edas<\/p>\n","protected":false},"author":2,"featured_media":90277,"comment_status":"closed","ping_status":"open","sticky":false,"template":"","format":"standard","meta":{"footnotes":""},"categories":[1326],"tags":[5715],"class_list":["post-90276","post","type-post","status-publish","format-standard","has-post-thumbnail","hentry","category-c2nota6","tag-queremos-que-el-dolor-sea-rabia"],"featured_image_urls":{"full":["https:\/\/infoecos.com.ar\/wp-content\/uploads\/2022\/03\/marcha1.jpg",800,533,false],"thumbnail":["https:\/\/infoecos.com.ar\/wp-content\/uploads\/2022\/03\/marcha1-150x150.jpg",150,150,true],"medium":["https:\/\/infoecos.com.ar\/wp-content\/uploads\/2022\/03\/marcha1-460x306.jpg",460,306,true],"medium_large":["https:\/\/infoecos.com.ar\/wp-content\/uploads\/2022\/03\/marcha1-768x512.jpg",640,427,true],"large":["https:\/\/infoecos.com.ar\/wp-content\/uploads\/2022\/03\/marcha1.jpg",640,426,false],"1536x1536":["https:\/\/infoecos.com.ar\/wp-content\/uploads\/2022\/03\/marcha1.jpg",800,533,false],"2048x2048":["https:\/\/infoecos.com.ar\/wp-content\/uploads\/2022\/03\/marcha1.jpg",800,533,false],"covernews-slider-full":["https:\/\/infoecos.com.ar\/wp-content\/uploads\/2022\/03\/marcha1.jpg",800,533,false],"covernews-slider-center":["https:\/\/infoecos.com.ar\/wp-content\/uploads\/2022\/03\/marcha1.jpg",750,500,false],"covernews-featured":["https:\/\/infoecos.com.ar\/wp-content\/uploads\/2022\/03\/marcha1.jpg",800,533,false],"covernews-medium":["https:\/\/infoecos.com.ar\/wp-content\/uploads\/2022\/03\/marcha1-720x380.jpg",540,285,true],"covernews-medium-square":["https:\/\/infoecos.com.ar\/wp-content\/uploads\/2022\/03\/marcha1-675x450.jpg",375,250,true]},"author_info":{"info":["Jorge Matheus"]},"category_info":"<a href=\"https:\/\/infoecos.com.ar\/index.php\/category\/c2nota6\/\" rel=\"category tag\">C2 N6<\/a>","tag_info":"C2 N6","comment_count":"0","_links":{"self":[{"href":"https:\/\/infoecos.com.ar\/index.php\/wp-json\/wp\/v2\/posts\/90276","targetHints":{"allow":["GET"]}}],"collection":[{"href":"https:\/\/infoecos.com.ar\/index.php\/wp-json\/wp\/v2\/posts"}],"about":[{"href":"https:\/\/infoecos.com.ar\/index.php\/wp-json\/wp\/v2\/types\/post"}],"author":[{"embeddable":true,"href":"https:\/\/infoecos.com.ar\/index.php\/wp-json\/wp\/v2\/users\/2"}],"replies":[{"embeddable":true,"href":"https:\/\/infoecos.com.ar\/index.php\/wp-json\/wp\/v2\/comments?post=90276"}],"version-history":[{"count":2,"href":"https:\/\/infoecos.com.ar\/index.php\/wp-json\/wp\/v2\/posts\/90276\/revisions"}],"predecessor-version":[{"id":90281,"href":"https:\/\/infoecos.com.ar\/index.php\/wp-json\/wp\/v2\/posts\/90276\/revisions\/90281"}],"wp:featuredmedia":[{"embeddable":true,"href":"https:\/\/infoecos.com.ar\/index.php\/wp-json\/wp\/v2\/media\/90277"}],"wp:attachment":[{"href":"https:\/\/infoecos.com.ar\/index.php\/wp-json\/wp\/v2\/media?parent=90276"}],"wp:term":[{"taxonomy":"category","embeddable":true,"href":"https:\/\/infoecos.com.ar\/index.php\/wp-json\/wp\/v2\/categories?post=90276"},{"taxonomy":"post_tag","embeddable":true,"href":"https:\/\/infoecos.com.ar\/index.php\/wp-json\/wp\/v2\/tags?post=90276"}],"curies":[{"name":"wp","href":"https:\/\/api.w.org\/{rel}","templated":true}]}}