{"id":90307,"date":"2022-03-29T01:37:18","date_gmt":"2022-03-29T04:37:18","guid":{"rendered":"http:\/\/infoecos.com.ar\/?p=90307"},"modified":"2022-03-30T03:11:54","modified_gmt":"2022-03-30T06:11:54","slug":"restauran-el-fortin-12-de-abril-ubicado-en-el-predio-del-parque-municipal-de-trenque-lauquen","status":"publish","type":"post","link":"https:\/\/infoecos.com.ar\/index.php\/restauran-el-fortin-12-de-abril-ubicado-en-el-predio-del-parque-municipal-de-trenque-lauquen\/","title":{"rendered":"Restauran el Fort\u00edn 12 de Abril ubicado en el predio del Parque Municipal de Trenque Lauquen"},"content":{"rendered":"\n<p>Con el asesoramiento de la Coordinadora de Museos, In\u00e9s Maya, personal de las \u00e1reas de Obras P\u00fablicas, Higiene Urbana y Espacios Verdes del Municipio est\u00e1 trabajando en la restauraci\u00f3n del Fort\u00edn 12 de Abril, ubicado en el predio del Parque Municipal.<\/p>\n\n\n\n<figure class=\"wp-block-image size-large\"><img loading=\"lazy\" decoding=\"async\" width=\"920\" height=\"690\" src=\"http:\/\/infoecos.com.ar\/wp-content\/uploads\/2022\/03\/fortin-2-920x690.jpeg\" alt=\"\" class=\"wp-image-90308\" srcset=\"https:\/\/infoecos.com.ar\/wp-content\/uploads\/2022\/03\/fortin-2-920x690.jpeg 920w, https:\/\/infoecos.com.ar\/wp-content\/uploads\/2022\/03\/fortin-2-460x345.jpeg 460w, https:\/\/infoecos.com.ar\/wp-content\/uploads\/2022\/03\/fortin-2-768x576.jpeg 768w, https:\/\/infoecos.com.ar\/wp-content\/uploads\/2022\/03\/fortin-2-1536x1152.jpeg 1536w, https:\/\/infoecos.com.ar\/wp-content\/uploads\/2022\/03\/fortin-2-1024x768.jpeg 1024w, https:\/\/infoecos.com.ar\/wp-content\/uploads\/2022\/03\/fortin-2.jpeg 1600w\" sizes=\"(max-width: 920px) 100vw, 920px\" \/><\/figure>\n\n\n\n<p>Las tareas contemplan la pintura exterior e interior del rancho y el cartel de entrada, la reposici\u00f3n de juncos del techo y la reconstrucci\u00f3n total del mangrullo.<\/p>\n\n\n\n<p>Colaboran&nbsp; tambi\u00e9n Gustavo Palavecino en el atado de juncos y Jorge Vel\u00e1zquez, de \u201cEl Resero\u201d, quien provey\u00f3 las acacias negras para el mangrullo.<\/p>\n","protected":false},"excerpt":{"rendered":"<p>Las tareas contemplan la pintura exterior e interior del rancho y el cartel de entrada, la reposici\u00f3n de juncos del techo y la reconstrucci\u00f3n total del mangrullo<\/p>\n","protected":false},"author":2,"featured_media":90308,"comment_status":"closed","ping_status":"open","sticky":false,"template":"","format":"standard","meta":{"footnotes":""},"categories":[44],"tags":[5722],"class_list":["post-90307","post","type-post","status-publish","format-standard","has-post-thumbnail","hentry","category-inferior5","tag-preservacion-cultural"],"yoast_head":"<!-- This site is optimized with the Yoast SEO plugin v23.4 - https:\/\/yoast.com\/wordpress\/plugins\/seo\/ -->\n<title>Restauran el Fort\u00edn 12 de Abril ubicado en el predio del Parque Municipal de Trenque Lauquen - Infoecos<\/title>\n<meta name=\"robots\" content=\"index, follow, max-snippet:-1, max-image-preview:large, max-video-preview:-1\" \/>\n<link rel=\"canonical\" href=\"https:\/\/infoecos.com.ar\/index.php\/restauran-el-fortin-12-de-abril-ubicado-en-el-predio-del-parque-municipal-de-trenque-lauquen\/\" \/>\n<meta property=\"og:locale\" content=\"es_ES\" \/>\n<meta property=\"og:type\" content=\"article\" \/>\n<meta property=\"og:title\" content=\"Restauran el Fort\u00edn 12 de Abril ubicado en el predio del Parque Municipal de Trenque Lauquen - Infoecos\" \/>\n<meta property=\"og:description\" content=\"Las tareas contemplan la pintura exterior e interior del rancho y el cartel de entrada, la reposici\u00f3n de juncos del techo y la reconstrucci\u00f3n total del mangrullo\" \/>\n<meta property=\"og:url\" content=\"https:\/\/infoecos.com.ar\/index.php\/restauran-el-fortin-12-de-abril-ubicado-en-el-predio-del-parque-municipal-de-trenque-lauquen\/\" \/>\n<meta property=\"og:site_name\" content=\"Infoecos\" \/>\n<meta property=\"article:publisher\" content=\"https:\/\/www.facebook.com\/profile.php?id=100063200290284\" \/>\n<meta property=\"article:published_time\" content=\"2022-03-29T04:37:18+00:00\" \/>\n<meta property=\"article:modified_time\" content=\"2022-03-30T06:11:54+00:00\" \/>\n<meta property=\"og:image\" content=\"https:\/\/infoecos.com.ar\/wp-content\/uploads\/2022\/03\/fortin-2.jpeg\" \/>\n\t<meta property=\"og:image:width\" content=\"1600\" \/>\n\t<meta property=\"og:image:height\" content=\"1200\" \/>\n\t<meta property=\"og:image:type\" content=\"image\/jpeg\" \/>\n<meta name=\"author\" content=\"Jorge Matheus\" \/>\n<meta name=\"twitter:card\" content=\"summary_large_image\" \/>\n<meta name=\"twitter:creator\" content=\"@infoecos\" \/>\n<meta name=\"twitter:site\" content=\"@infoecos\" \/>\n<meta name=\"twitter:label1\" content=\"Escrito por\" \/>\n\t<meta name=\"twitter:data1\" content=\"Jorge Matheus\" \/>\n<script type=\"application\/ld+json\" class=\"yoast-schema-graph\">{\"@context\":\"https:\/\/schema.org\",\"@graph\":[{\"@type\":\"Article\",\"@id\":\"https:\/\/infoecos.com.ar\/index.php\/restauran-el-fortin-12-de-abril-ubicado-en-el-predio-del-parque-municipal-de-trenque-lauquen\/#article\",\"isPartOf\":{\"@id\":\"https:\/\/infoecos.com.ar\/index.php\/restauran-el-fortin-12-de-abril-ubicado-en-el-predio-del-parque-municipal-de-trenque-lauquen\/\"},\"author\":{\"name\":\"Jorge Matheus\",\"@id\":\"https:\/\/infoecos.com.ar\/#\/schema\/person\/8f5ace5ce73b4b4aac4b7245aee6f191\"},\"headline\":\"Restauran el Fort\u00edn 12 de Abril ubicado en el predio del Parque Municipal de Trenque Lauquen\",\"datePublished\":\"2022-03-29T04:37:18+00:00\",\"dateModified\":\"2022-03-30T06:11:54+00:00\",\"mainEntityOfPage\":{\"@id\":\"https:\/\/infoecos.com.ar\/index.php\/restauran-el-fortin-12-de-abril-ubicado-en-el-predio-del-parque-municipal-de-trenque-lauquen\/\"},\"wordCount\":115,\"publisher\":{\"@id\":\"https:\/\/infoecos.com.ar\/#organization\"},\"image\":{\"@id\":\"https:\/\/infoecos.com.ar\/index.php\/restauran-el-fortin-12-de-abril-ubicado-en-el-predio-del-parque-municipal-de-trenque-lauquen\/#primaryimage\"},\"thumbnailUrl\":\"https:\/\/infoecos.com.ar\/wp-content\/uploads\/2022\/03\/fortin-2.jpeg\",\"keywords\":[\"PRESERVACION CULTURAL\"],\"articleSection\":[\"Bloque inferior - 5\"],\"inLanguage\":\"es\"},{\"@type\":\"WebPage\",\"@id\":\"https:\/\/infoecos.com.ar\/index.php\/restauran-el-fortin-12-de-abril-ubicado-en-el-predio-del-parque-municipal-de-trenque-lauquen\/\",\"url\":\"https:\/\/infoecos.com.ar\/index.php\/restauran-el-fortin-12-de-abril-ubicado-en-el-predio-del-parque-municipal-de-trenque-lauquen\/\",\"name\":\"Restauran el Fort\u00edn 12 de Abril ubicado en el predio del Parque Municipal de Trenque Lauquen - Infoecos\",\"isPartOf\":{\"@id\":\"https:\/\/infoecos.com.ar\/#website\"},\"primaryImageOfPage\":{\"@id\":\"https:\/\/infoecos.com.ar\/index.php\/restauran-el-fortin-12-de-abril-ubicado-en-el-predio-del-parque-municipal-de-trenque-lauquen\/#primaryimage\"},\"image\":{\"@id\":\"https:\/\/infoecos.com.ar\/index.php\/restauran-el-fortin-12-de-abril-ubicado-en-el-predio-del-parque-municipal-de-trenque-lauquen\/#primaryimage\"},\"thumbnailUrl\":\"https:\/\/infoecos.com.ar\/wp-content\/uploads\/2022\/03\/fortin-2.jpeg\",\"datePublished\":\"2022-03-29T04:37:18+00:00\",\"dateModified\":\"2022-03-30T06:11:54+00:00\",\"breadcrumb\":{\"@id\":\"https:\/\/infoecos.com.ar\/index.php\/restauran-el-fortin-12-de-abril-ubicado-en-el-predio-del-parque-municipal-de-trenque-lauquen\/#breadcrumb\"},\"inLanguage\":\"es\",\"potentialAction\":[{\"@type\":\"ReadAction\",\"target\":[\"https:\/\/infoecos.com.ar\/index.php\/restauran-el-fortin-12-de-abril-ubicado-en-el-predio-del-parque-municipal-de-trenque-lauquen\/\"]}]},{\"@type\":\"ImageObject\",\"inLanguage\":\"es\",\"@id\":\"https:\/\/infoecos.com.ar\/index.php\/restauran-el-fortin-12-de-abril-ubicado-en-el-predio-del-parque-municipal-de-trenque-lauquen\/#primaryimage\",\"url\":\"https:\/\/infoecos.com.ar\/wp-content\/uploads\/2022\/03\/fortin-2.jpeg\",\"contentUrl\":\"https:\/\/infoecos.com.ar\/wp-content\/uploads\/2022\/03\/fortin-2.jpeg\",\"width\":1600,\"height\":1200},{\"@type\":\"BreadcrumbList\",\"@id\":\"https:\/\/infoecos.com.ar\/index.php\/restauran-el-fortin-12-de-abril-ubicado-en-el-predio-del-parque-municipal-de-trenque-lauquen\/#breadcrumb\",\"itemListElement\":[{\"@type\":\"ListItem\",\"position\":1,\"name\":\"Portada\",\"item\":\"https:\/\/infoecos.com.ar\/\"},{\"@type\":\"ListItem\",\"position\":2,\"name\":\"Restauran el Fort\u00edn 12 de Abril ubicado en el predio del Parque Municipal de Trenque Lauquen\"}]},{\"@type\":\"WebSite\",\"@id\":\"https:\/\/infoecos.com.ar\/#website\",\"url\":\"https:\/\/infoecos.com.ar\/\",\"name\":\"Infoecos\",\"description\":\"Noticias de trenque lauquen y la zona\",\"publisher\":{\"@id\":\"https:\/\/infoecos.com.ar\/#organization\"},\"alternateName\":\"Noticias\",\"potentialAction\":[{\"@type\":\"SearchAction\",\"target\":{\"@type\":\"EntryPoint\",\"urlTemplate\":\"https:\/\/infoecos.com.ar\/?s={search_term_string}\"},\"query-input\":{\"@type\":\"PropertyValueSpecification\",\"valueRequired\":true,\"valueName\":\"search_term_string\"}}],\"inLanguage\":\"es\"},{\"@type\":\"Organization\",\"@id\":\"https:\/\/infoecos.com.ar\/#organization\",\"name\":\"Infoecos\",\"alternateName\":\"Noticias\",\"url\":\"https:\/\/infoecos.com.ar\/\",\"logo\":{\"@type\":\"ImageObject\",\"inLanguage\":\"es\",\"@id\":\"https:\/\/infoecos.com.ar\/#\/schema\/logo\/image\/\",\"url\":\"https:\/\/infoecos.com.ar\/wp-content\/uploads\/2024\/03\/cropped-logo.png\",\"contentUrl\":\"https:\/\/infoecos.com.ar\/wp-content\/uploads\/2024\/03\/cropped-logo.png\",\"width\":374,\"height\":90,\"caption\":\"Infoecos\"},\"image\":{\"@id\":\"https:\/\/infoecos.com.ar\/#\/schema\/logo\/image\/\"},\"sameAs\":[\"https:\/\/www.facebook.com\/profile.php?id=100063200290284\",\"https:\/\/x.com\/infoecos\"]},{\"@type\":\"Person\",\"@id\":\"https:\/\/infoecos.com.ar\/#\/schema\/person\/8f5ace5ce73b4b4aac4b7245aee6f191\",\"name\":\"Jorge Matheus\",\"url\":\"https:\/\/infoecos.com.ar\/index.php\/author\/jomatheus\/\"}]}<\/script>\n<!-- \/ Yoast SEO plugin. -->","yoast_head_json":{"title":"Restauran el Fort\u00edn 12 de Abril ubicado en el predio del Parque Municipal de Trenque Lauquen - Infoecos","robots":{"index":"index","follow":"follow","max-snippet":"max-snippet:-1","max-image-preview":"max-image-preview:large","max-video-preview":"max-video-preview:-1"},"canonical":"https:\/\/infoecos.com.ar\/index.php\/restauran-el-fortin-12-de-abril-ubicado-en-el-predio-del-parque-municipal-de-trenque-lauquen\/","og_locale":"es_ES","og_type":"article","og_title":"Restauran el Fort\u00edn 12 de Abril ubicado en el predio del Parque Municipal de Trenque Lauquen - Infoecos","og_description":"Las tareas contemplan la pintura exterior e interior del rancho y el cartel de entrada, la reposici\u00f3n de juncos del techo y la reconstrucci\u00f3n total del mangrullo","og_url":"https:\/\/infoecos.com.ar\/index.php\/restauran-el-fortin-12-de-abril-ubicado-en-el-predio-del-parque-municipal-de-trenque-lauquen\/","og_site_name":"Infoecos","article_publisher":"https:\/\/www.facebook.com\/profile.php?id=100063200290284","article_published_time":"2022-03-29T04:37:18+00:00","article_modified_time":"2022-03-30T06:11:54+00:00","og_image":[{"width":1600,"height":1200,"url":"https:\/\/infoecos.com.ar\/wp-content\/uploads\/2022\/03\/fortin-2.jpeg","type":"image\/jpeg"}],"author":"Jorge Matheus","twitter_card":"summary_large_image","twitter_creator":"@infoecos","twitter_site":"@infoecos","twitter_misc":{"Escrito por":"Jorge Matheus"},"schema":{"@context":"https:\/\/schema.org","@graph":[{"@type":"Article","@id":"https:\/\/infoecos.com.ar\/index.php\/restauran-el-fortin-12-de-abril-ubicado-en-el-predio-del-parque-municipal-de-trenque-lauquen\/#article","isPartOf":{"@id":"https:\/\/infoecos.com.ar\/index.php\/restauran-el-fortin-12-de-abril-ubicado-en-el-predio-del-parque-municipal-de-trenque-lauquen\/"},"author":{"name":"Jorge Matheus","@id":"https:\/\/infoecos.com.ar\/#\/schema\/person\/8f5ace5ce73b4b4aac4b7245aee6f191"},"headline":"Restauran el Fort\u00edn 12 de Abril ubicado en el predio del Parque Municipal de Trenque Lauquen","datePublished":"2022-03-29T04:37:18+00:00","dateModified":"2022-03-30T06:11:54+00:00","mainEntityOfPage":{"@id":"https:\/\/infoecos.com.ar\/index.php\/restauran-el-fortin-12-de-abril-ubicado-en-el-predio-del-parque-municipal-de-trenque-lauquen\/"},"wordCount":115,"publisher":{"@id":"https:\/\/infoecos.com.ar\/#organization"},"image":{"@id":"https:\/\/infoecos.com.ar\/index.php\/restauran-el-fortin-12-de-abril-ubicado-en-el-predio-del-parque-municipal-de-trenque-lauquen\/#primaryimage"},"thumbnailUrl":"https:\/\/infoecos.com.ar\/wp-content\/uploads\/2022\/03\/fortin-2.jpeg","keywords":["PRESERVACION CULTURAL"],"articleSection":["Bloque inferior - 5"],"inLanguage":"es"},{"@type":"WebPage","@id":"https:\/\/infoecos.com.ar\/index.php\/restauran-el-fortin-12-de-abril-ubicado-en-el-predio-del-parque-municipal-de-trenque-lauquen\/","url":"https:\/\/infoecos.com.ar\/index.php\/restauran-el-fortin-12-de-abril-ubicado-en-el-predio-del-parque-municipal-de-trenque-lauquen\/","name":"Restauran el Fort\u00edn 12 de Abril ubicado en el predio del Parque Municipal de Trenque Lauquen - Infoecos","isPartOf":{"@id":"https:\/\/infoecos.com.ar\/#website"},"primaryImageOfPage":{"@id":"https:\/\/infoecos.com.ar\/index.php\/restauran-el-fortin-12-de-abril-ubicado-en-el-predio-del-parque-municipal-de-trenque-lauquen\/#primaryimage"},"image":{"@id":"https:\/\/infoecos.com.ar\/index.php\/restauran-el-fortin-12-de-abril-ubicado-en-el-predio-del-parque-municipal-de-trenque-lauquen\/#primaryimage"},"thumbnailUrl":"https:\/\/infoecos.com.ar\/wp-content\/uploads\/2022\/03\/fortin-2.jpeg","datePublished":"2022-03-29T04:37:18+00:00","dateModified":"2022-03-30T06:11:54+00:00","breadcrumb":{"@id":"https:\/\/infoecos.com.ar\/index.php\/restauran-el-fortin-12-de-abril-ubicado-en-el-predio-del-parque-municipal-de-trenque-lauquen\/#breadcrumb"},"inLanguage":"es","potentialAction":[{"@type":"ReadAction","target":["https:\/\/infoecos.com.ar\/index.php\/restauran-el-fortin-12-de-abril-ubicado-en-el-predio-del-parque-municipal-de-trenque-lauquen\/"]}]},{"@type":"ImageObject","inLanguage":"es","@id":"https:\/\/infoecos.com.ar\/index.php\/restauran-el-fortin-12-de-abril-ubicado-en-el-predio-del-parque-municipal-de-trenque-lauquen\/#primaryimage","url":"https:\/\/infoecos.com.ar\/wp-content\/uploads\/2022\/03\/fortin-2.jpeg","contentUrl":"https:\/\/infoecos.com.ar\/wp-content\/uploads\/2022\/03\/fortin-2.jpeg","width":1600,"height":1200},{"@type":"BreadcrumbList","@id":"https:\/\/infoecos.com.ar\/index.php\/restauran-el-fortin-12-de-abril-ubicado-en-el-predio-del-parque-municipal-de-trenque-lauquen\/#breadcrumb","itemListElement":[{"@type":"ListItem","position":1,"name":"Portada","item":"https:\/\/infoecos.com.ar\/"},{"@type":"ListItem","position":2,"name":"Restauran el Fort\u00edn 12 de Abril ubicado en el predio del Parque Municipal de Trenque Lauquen"}]},{"@type":"WebSite","@id":"https:\/\/infoecos.com.ar\/#website","url":"https:\/\/infoecos.com.ar\/","name":"Infoecos","description":"Noticias de trenque lauquen y la zona","publisher":{"@id":"https:\/\/infoecos.com.ar\/#organization"},"alternateName":"Noticias","potentialAction":[{"@type":"SearchAction","target":{"@type":"EntryPoint","urlTemplate":"https:\/\/infoecos.com.ar\/?s={search_term_string}"},"query-input":{"@type":"PropertyValueSpecification","valueRequired":true,"valueName":"search_term_string"}}],"inLanguage":"es"},{"@type":"Organization","@id":"https:\/\/infoecos.com.ar\/#organization","name":"Infoecos","alternateName":"Noticias","url":"https:\/\/infoecos.com.ar\/","logo":{"@type":"ImageObject","inLanguage":"es","@id":"https:\/\/infoecos.com.ar\/#\/schema\/logo\/image\/","url":"https:\/\/infoecos.com.ar\/wp-content\/uploads\/2024\/03\/cropped-logo.png","contentUrl":"https:\/\/infoecos.com.ar\/wp-content\/uploads\/2024\/03\/cropped-logo.png","width":374,"height":90,"caption":"Infoecos"},"image":{"@id":"https:\/\/infoecos.com.ar\/#\/schema\/logo\/image\/"},"sameAs":["https:\/\/www.facebook.com\/profile.php?id=100063200290284","https:\/\/x.com\/infoecos"]},{"@type":"Person","@id":"https:\/\/infoecos.com.ar\/#\/schema\/person\/8f5ace5ce73b4b4aac4b7245aee6f191","name":"Jorge Matheus","url":"https:\/\/infoecos.com.ar\/index.php\/author\/jomatheus\/"}]}},"featured_image_urls":{"full":["https:\/\/infoecos.com.ar\/wp-content\/uploads\/2022\/03\/fortin-2.jpeg",1600,1200,false],"thumbnail":["https:\/\/infoecos.com.ar\/wp-content\/uploads\/2022\/03\/fortin-2-150x150.jpeg",150,150,true],"medium":["https:\/\/infoecos.com.ar\/wp-content\/uploads\/2022\/03\/fortin-2-460x345.jpeg",460,345,true],"medium_large":["https:\/\/infoecos.com.ar\/wp-content\/uploads\/2022\/03\/fortin-2-768x576.jpeg",640,480,true],"large":["https:\/\/infoecos.com.ar\/wp-content\/uploads\/2022\/03\/fortin-2-920x690.jpeg",640,480,true],"1536x1536":["https:\/\/infoecos.com.ar\/wp-content\/uploads\/2022\/03\/fortin-2-1536x1152.jpeg",1536,1152,true],"2048x2048":["https:\/\/infoecos.com.ar\/wp-content\/uploads\/2022\/03\/fortin-2.jpeg",1600,1200,false],"covernews-slider-full":["https:\/\/infoecos.com.ar\/wp-content\/uploads\/2022\/03\/fortin-2-1536x1020.jpeg",1077,715,true],"covernews-slider-center":["https:\/\/infoecos.com.ar\/wp-content\/uploads\/2022\/03\/fortin-2-936x897.jpeg",522,500,true],"covernews-featured":["https:\/\/infoecos.com.ar\/wp-content\/uploads\/2022\/03\/fortin-2-1024x768.jpeg",1024,768,true],"covernews-medium":["https:\/\/infoecos.com.ar\/wp-content\/uploads\/2022\/03\/fortin-2-720x380.jpeg",540,285,true],"covernews-medium-square":["https:\/\/infoecos.com.ar\/wp-content\/uploads\/2022\/03\/fortin-2-675x450.jpeg",375,250,true]},"author_info":{"info":["Jorge Matheus"]},"category_info":"<a href=\"https:\/\/infoecos.com.ar\/index.php\/category\/inferior5\/\" rel=\"category tag\">Bloque inferior - 5<\/a>","tag_info":"Bloque inferior - 5","comment_count":"0","_links":{"self":[{"href":"https:\/\/infoecos.com.ar\/index.php\/wp-json\/wp\/v2\/posts\/90307"}],"collection":[{"href":"https:\/\/infoecos.com.ar\/index.php\/wp-json\/wp\/v2\/posts"}],"about":[{"href":"https:\/\/infoecos.com.ar\/index.php\/wp-json\/wp\/v2\/types\/post"}],"author":[{"embeddable":true,"href":"https:\/\/infoecos.com.ar\/index.php\/wp-json\/wp\/v2\/users\/2"}],"replies":[{"embeddable":true,"href":"https:\/\/infoecos.com.ar\/index.php\/wp-json\/wp\/v2\/comments?post=90307"}],"version-history":[{"count":2,"href":"https:\/\/infoecos.com.ar\/index.php\/wp-json\/wp\/v2\/posts\/90307\/revisions"}],"predecessor-version":[{"id":90375,"href":"https:\/\/infoecos.com.ar\/index.php\/wp-json\/wp\/v2\/posts\/90307\/revisions\/90375"}],"wp:featuredmedia":[{"embeddable":true,"href":"https:\/\/infoecos.com.ar\/index.php\/wp-json\/wp\/v2\/media\/90308"}],"wp:attachment":[{"href":"https:\/\/infoecos.com.ar\/index.php\/wp-json\/wp\/v2\/media?parent=90307"}],"wp:term":[{"taxonomy":"category","embeddable":true,"href":"https:\/\/infoecos.com.ar\/index.php\/wp-json\/wp\/v2\/categories?post=90307"},{"taxonomy":"post_tag","embeddable":true,"href":"https:\/\/infoecos.com.ar\/index.php\/wp-json\/wp\/v2\/tags?post=90307"}],"curies":[{"name":"wp","href":"https:\/\/api.w.org\/{rel}","templated":true}]}}