{"id":90315,"date":"2022-03-29T01:51:03","date_gmt":"2022-03-29T04:51:03","guid":{"rendered":"http:\/\/infoecos.com.ar\/?p=90315"},"modified":"2022-03-29T01:51:04","modified_gmt":"2022-03-29T04:51:04","slug":"se-reparara-un-tramo-del-canal-de-desagues-pluviales-desde-el-acceso-de-la-ruta-nacional-33","status":"publish","type":"post","link":"https:\/\/infoecos.com.ar\/index.php\/se-reparara-un-tramo-del-canal-de-desagues-pluviales-desde-el-acceso-de-la-ruta-nacional-33\/","title":{"rendered":"Se reparar\u00e1 un tramo del canal de desag\u00fces pluviales desde el acceso de la ruta nacional 33"},"content":{"rendered":"\n<p>El acceso Per\u00f3n a la altura de la calle del Cementerio municipal, en la mano por la que se ingresa a Trenque Lauquen desde la Ruta nacional n\u00ba 33, estar\u00e1 cerrado al tr\u00e1nsito desde las primeras horas de este martes, para que personal de la direcci\u00f3n de Infraestructura municipal pueda reparar un tramo del canal de desag\u00fces pluviales que corre por debajo delest acceso por la calle Paul Harris.<\/p>\n\n\n\n<div class=\"wp-block-image\"><figure class=\"aligncenter size-large\"><img loading=\"lazy\" decoding=\"async\" width=\"920\" height=\"690\" src=\"http:\/\/infoecos.com.ar\/wp-content\/uploads\/2022\/03\/Trabajos-en-acceso-Peron-920x690.jpg\" alt=\"\" class=\"wp-image-90316\" srcset=\"https:\/\/infoecos.com.ar\/wp-content\/uploads\/2022\/03\/Trabajos-en-acceso-Peron-920x690.jpg 920w, https:\/\/infoecos.com.ar\/wp-content\/uploads\/2022\/03\/Trabajos-en-acceso-Peron-460x345.jpg 460w, https:\/\/infoecos.com.ar\/wp-content\/uploads\/2022\/03\/Trabajos-en-acceso-Peron-768x576.jpg 768w, https:\/\/infoecos.com.ar\/wp-content\/uploads\/2022\/03\/Trabajos-en-acceso-Peron.jpg 1024w\" sizes=\"(max-width: 920px) 100vw, 920px\" \/><\/figure><\/div>\n\n\n\n<p>\u201cTenemos que tapar el pluvial que viene por la calle Paul Harris antes del acceso, y abrir toda la mano para reparar una ca\u00f1er\u00eda met\u00e1lica que se oxid\u00f3 y est\u00e1 rota\u201d, explic\u00f3 el titular del \u00e1rea, Manuel Silva Mu\u00f1oz.<\/p>\n\n\n\n<p>Asimismo se\u00f1al\u00f3 que \u201chace dos semanas se present\u00f3 un hundimiento en la calzada, abrimos para inspeccionar qu\u00e9 era lo que pasaba y nos encontramos con varios metros de ca\u00f1er\u00eda rota; pero por las condiciones clim\u00e1ticas y los pron\u00f3sticos no quisimos avanzar, hoy est\u00e1n dadas las condiciones, las m\u00e1quinas y los materiales que necesitamos est\u00e1n listos, as\u00ed que hoy a primera hora se va a cortar el tr\u00e1nsito para poder trabajar\u201d.<\/p>\n\n\n\n<div class=\"wp-block-image\"><figure class=\"aligncenter size-large\"><img loading=\"lazy\" decoding=\"async\" width=\"920\" height=\"690\" src=\"http:\/\/infoecos.com.ar\/wp-content\/uploads\/2022\/03\/Trabajos-en-acceso-Peron-2-920x690.jpg\" alt=\"\" class=\"wp-image-90317\" srcset=\"https:\/\/infoecos.com.ar\/wp-content\/uploads\/2022\/03\/Trabajos-en-acceso-Peron-2-920x690.jpg 920w, https:\/\/infoecos.com.ar\/wp-content\/uploads\/2022\/03\/Trabajos-en-acceso-Peron-2-460x345.jpg 460w, https:\/\/infoecos.com.ar\/wp-content\/uploads\/2022\/03\/Trabajos-en-acceso-Peron-2-768x576.jpg 768w, https:\/\/infoecos.com.ar\/wp-content\/uploads\/2022\/03\/Trabajos-en-acceso-Peron-2.jpg 1024w\" sizes=\"(max-width: 920px) 100vw, 920px\" \/><\/figure><\/div>\n\n\n\n<p>\u201cHoy estuvimos cortando el asfalto para adelantar trabajo y esperamos en el d\u00eda de hoy poder reemplazar las ca\u00f1er\u00edas\u201d, manifest\u00f3 el funcionario.<\/p>\n","protected":false},"excerpt":{"rendered":"<p>\u201cTenemos que tapar el pluvial que viene por la calle Paul Harris antes del acceso, y abrir toda la mano para reparar una ca\u00f1er\u00eda met\u00e1lica que se oxid\u00f3 y est\u00e1 rota\u201d, explic\u00f3 el titular del \u00e1rea, Manuel Silva Mu\u00f1oz<\/p>\n","protected":false},"author":2,"featured_media":90316,"comment_status":"closed","ping_status":"open","sticky":false,"template":"","format":"standard","meta":{"footnotes":""},"categories":[48],"tags":[5725],"class_list":["post-90315","post","type-post","status-publish","format-standard","has-post-thumbnail","hentry","category-c2nota3","tag-hoy-cierre-de-transito"],"yoast_head":"<!-- This site is optimized with the Yoast SEO plugin v23.4 - https:\/\/yoast.com\/wordpress\/plugins\/seo\/ -->\n<title>Se reparar\u00e1 un tramo del canal de desag\u00fces pluviales desde el acceso de la ruta nacional 33 - Infoecos<\/title>\n<meta name=\"robots\" content=\"index, follow, max-snippet:-1, max-image-preview:large, max-video-preview:-1\" \/>\n<link rel=\"canonical\" href=\"https:\/\/infoecos.com.ar\/index.php\/se-reparara-un-tramo-del-canal-de-desagues-pluviales-desde-el-acceso-de-la-ruta-nacional-33\/\" \/>\n<meta property=\"og:locale\" content=\"es_ES\" \/>\n<meta property=\"og:type\" content=\"article\" \/>\n<meta property=\"og:title\" content=\"Se reparar\u00e1 un tramo del canal de desag\u00fces pluviales desde el acceso de la ruta nacional 33 - Infoecos\" \/>\n<meta property=\"og:description\" content=\"\u201cTenemos que tapar el pluvial que viene por la calle Paul Harris antes del acceso, y abrir toda la mano para reparar una ca\u00f1er\u00eda met\u00e1lica que se oxid\u00f3 y est\u00e1 rota\u201d, explic\u00f3 el titular del \u00e1rea, Manuel Silva Mu\u00f1oz\" \/>\n<meta property=\"og:url\" content=\"https:\/\/infoecos.com.ar\/index.php\/se-reparara-un-tramo-del-canal-de-desagues-pluviales-desde-el-acceso-de-la-ruta-nacional-33\/\" \/>\n<meta property=\"og:site_name\" content=\"Infoecos\" \/>\n<meta property=\"article:publisher\" content=\"https:\/\/www.facebook.com\/profile.php?id=100063200290284\" \/>\n<meta property=\"article:published_time\" content=\"2022-03-29T04:51:03+00:00\" \/>\n<meta property=\"article:modified_time\" content=\"2022-03-29T04:51:04+00:00\" \/>\n<meta property=\"og:image\" content=\"https:\/\/infoecos.com.ar\/wp-content\/uploads\/2022\/03\/Trabajos-en-acceso-Peron.jpg\" \/>\n\t<meta property=\"og:image:width\" content=\"1024\" \/>\n\t<meta property=\"og:image:height\" content=\"768\" \/>\n\t<meta property=\"og:image:type\" content=\"image\/jpeg\" \/>\n<meta name=\"author\" content=\"Jorge Matheus\" \/>\n<meta name=\"twitter:card\" content=\"summary_large_image\" \/>\n<meta name=\"twitter:creator\" content=\"@infoecos\" \/>\n<meta name=\"twitter:site\" content=\"@infoecos\" \/>\n<meta name=\"twitter:label1\" content=\"Escrito por\" \/>\n\t<meta name=\"twitter:data1\" content=\"Jorge Matheus\" \/>\n\t<meta name=\"twitter:label2\" content=\"Tiempo de lectura\" \/>\n\t<meta name=\"twitter:data2\" content=\"1 minuto\" \/>\n<script type=\"application\/ld+json\" class=\"yoast-schema-graph\">{\"@context\":\"https:\/\/schema.org\",\"@graph\":[{\"@type\":\"Article\",\"@id\":\"https:\/\/infoecos.com.ar\/index.php\/se-reparara-un-tramo-del-canal-de-desagues-pluviales-desde-el-acceso-de-la-ruta-nacional-33\/#article\",\"isPartOf\":{\"@id\":\"https:\/\/infoecos.com.ar\/index.php\/se-reparara-un-tramo-del-canal-de-desagues-pluviales-desde-el-acceso-de-la-ruta-nacional-33\/\"},\"author\":{\"name\":\"Jorge Matheus\",\"@id\":\"https:\/\/infoecos.com.ar\/#\/schema\/person\/8f5ace5ce73b4b4aac4b7245aee6f191\"},\"headline\":\"Se reparar\u00e1 un tramo del canal de desag\u00fces pluviales desde el acceso de la ruta nacional 33\",\"datePublished\":\"2022-03-29T04:51:03+00:00\",\"dateModified\":\"2022-03-29T04:51:04+00:00\",\"mainEntityOfPage\":{\"@id\":\"https:\/\/infoecos.com.ar\/index.php\/se-reparara-un-tramo-del-canal-de-desagues-pluviales-desde-el-acceso-de-la-ruta-nacional-33\/\"},\"wordCount\":236,\"publisher\":{\"@id\":\"https:\/\/infoecos.com.ar\/#organization\"},\"image\":{\"@id\":\"https:\/\/infoecos.com.ar\/index.php\/se-reparara-un-tramo-del-canal-de-desagues-pluviales-desde-el-acceso-de-la-ruta-nacional-33\/#primaryimage\"},\"thumbnailUrl\":\"https:\/\/infoecos.com.ar\/wp-content\/uploads\/2022\/03\/Trabajos-en-acceso-Peron.jpg\",\"keywords\":[\"HOY CIERRE DE TR\u00c1NSITO\"],\"articleSection\":[\"C2 N3\"],\"inLanguage\":\"es\"},{\"@type\":\"WebPage\",\"@id\":\"https:\/\/infoecos.com.ar\/index.php\/se-reparara-un-tramo-del-canal-de-desagues-pluviales-desde-el-acceso-de-la-ruta-nacional-33\/\",\"url\":\"https:\/\/infoecos.com.ar\/index.php\/se-reparara-un-tramo-del-canal-de-desagues-pluviales-desde-el-acceso-de-la-ruta-nacional-33\/\",\"name\":\"Se reparar\u00e1 un tramo del canal de desag\u00fces pluviales desde el acceso de la ruta nacional 33 - Infoecos\",\"isPartOf\":{\"@id\":\"https:\/\/infoecos.com.ar\/#website\"},\"primaryImageOfPage\":{\"@id\":\"https:\/\/infoecos.com.ar\/index.php\/se-reparara-un-tramo-del-canal-de-desagues-pluviales-desde-el-acceso-de-la-ruta-nacional-33\/#primaryimage\"},\"image\":{\"@id\":\"https:\/\/infoecos.com.ar\/index.php\/se-reparara-un-tramo-del-canal-de-desagues-pluviales-desde-el-acceso-de-la-ruta-nacional-33\/#primaryimage\"},\"thumbnailUrl\":\"https:\/\/infoecos.com.ar\/wp-content\/uploads\/2022\/03\/Trabajos-en-acceso-Peron.jpg\",\"datePublished\":\"2022-03-29T04:51:03+00:00\",\"dateModified\":\"2022-03-29T04:51:04+00:00\",\"breadcrumb\":{\"@id\":\"https:\/\/infoecos.com.ar\/index.php\/se-reparara-un-tramo-del-canal-de-desagues-pluviales-desde-el-acceso-de-la-ruta-nacional-33\/#breadcrumb\"},\"inLanguage\":\"es\",\"potentialAction\":[{\"@type\":\"ReadAction\",\"target\":[\"https:\/\/infoecos.com.ar\/index.php\/se-reparara-un-tramo-del-canal-de-desagues-pluviales-desde-el-acceso-de-la-ruta-nacional-33\/\"]}]},{\"@type\":\"ImageObject\",\"inLanguage\":\"es\",\"@id\":\"https:\/\/infoecos.com.ar\/index.php\/se-reparara-un-tramo-del-canal-de-desagues-pluviales-desde-el-acceso-de-la-ruta-nacional-33\/#primaryimage\",\"url\":\"https:\/\/infoecos.com.ar\/wp-content\/uploads\/2022\/03\/Trabajos-en-acceso-Peron.jpg\",\"contentUrl\":\"https:\/\/infoecos.com.ar\/wp-content\/uploads\/2022\/03\/Trabajos-en-acceso-Peron.jpg\",\"width\":1024,\"height\":768},{\"@type\":\"BreadcrumbList\",\"@id\":\"https:\/\/infoecos.com.ar\/index.php\/se-reparara-un-tramo-del-canal-de-desagues-pluviales-desde-el-acceso-de-la-ruta-nacional-33\/#breadcrumb\",\"itemListElement\":[{\"@type\":\"ListItem\",\"position\":1,\"name\":\"Portada\",\"item\":\"https:\/\/infoecos.com.ar\/\"},{\"@type\":\"ListItem\",\"position\":2,\"name\":\"Se reparar\u00e1 un tramo del canal de desag\u00fces pluviales desde el acceso de la ruta nacional 33\"}]},{\"@type\":\"WebSite\",\"@id\":\"https:\/\/infoecos.com.ar\/#website\",\"url\":\"https:\/\/infoecos.com.ar\/\",\"name\":\"Infoecos\",\"description\":\"Noticias de trenque lauquen y la zona\",\"publisher\":{\"@id\":\"https:\/\/infoecos.com.ar\/#organization\"},\"alternateName\":\"Noticias\",\"potentialAction\":[{\"@type\":\"SearchAction\",\"target\":{\"@type\":\"EntryPoint\",\"urlTemplate\":\"https:\/\/infoecos.com.ar\/?s={search_term_string}\"},\"query-input\":{\"@type\":\"PropertyValueSpecification\",\"valueRequired\":true,\"valueName\":\"search_term_string\"}}],\"inLanguage\":\"es\"},{\"@type\":\"Organization\",\"@id\":\"https:\/\/infoecos.com.ar\/#organization\",\"name\":\"Infoecos\",\"alternateName\":\"Noticias\",\"url\":\"https:\/\/infoecos.com.ar\/\",\"logo\":{\"@type\":\"ImageObject\",\"inLanguage\":\"es\",\"@id\":\"https:\/\/infoecos.com.ar\/#\/schema\/logo\/image\/\",\"url\":\"https:\/\/infoecos.com.ar\/wp-content\/uploads\/2024\/03\/cropped-logo.png\",\"contentUrl\":\"https:\/\/infoecos.com.ar\/wp-content\/uploads\/2024\/03\/cropped-logo.png\",\"width\":374,\"height\":90,\"caption\":\"Infoecos\"},\"image\":{\"@id\":\"https:\/\/infoecos.com.ar\/#\/schema\/logo\/image\/\"},\"sameAs\":[\"https:\/\/www.facebook.com\/profile.php?id=100063200290284\",\"https:\/\/x.com\/infoecos\"]},{\"@type\":\"Person\",\"@id\":\"https:\/\/infoecos.com.ar\/#\/schema\/person\/8f5ace5ce73b4b4aac4b7245aee6f191\",\"name\":\"Jorge Matheus\",\"url\":\"https:\/\/infoecos.com.ar\/index.php\/author\/jomatheus\/\"}]}<\/script>\n<!-- \/ Yoast SEO plugin. -->","yoast_head_json":{"title":"Se reparar\u00e1 un tramo del canal de desag\u00fces pluviales desde el acceso de la ruta nacional 33 - Infoecos","robots":{"index":"index","follow":"follow","max-snippet":"max-snippet:-1","max-image-preview":"max-image-preview:large","max-video-preview":"max-video-preview:-1"},"canonical":"https:\/\/infoecos.com.ar\/index.php\/se-reparara-un-tramo-del-canal-de-desagues-pluviales-desde-el-acceso-de-la-ruta-nacional-33\/","og_locale":"es_ES","og_type":"article","og_title":"Se reparar\u00e1 un tramo del canal de desag\u00fces pluviales desde el acceso de la ruta nacional 33 - Infoecos","og_description":"\u201cTenemos que tapar el pluvial que viene por la calle Paul Harris antes del acceso, y abrir toda la mano para reparar una ca\u00f1er\u00eda met\u00e1lica que se oxid\u00f3 y est\u00e1 rota\u201d, explic\u00f3 el titular del \u00e1rea, Manuel Silva Mu\u00f1oz","og_url":"https:\/\/infoecos.com.ar\/index.php\/se-reparara-un-tramo-del-canal-de-desagues-pluviales-desde-el-acceso-de-la-ruta-nacional-33\/","og_site_name":"Infoecos","article_publisher":"https:\/\/www.facebook.com\/profile.php?id=100063200290284","article_published_time":"2022-03-29T04:51:03+00:00","article_modified_time":"2022-03-29T04:51:04+00:00","og_image":[{"width":1024,"height":768,"url":"https:\/\/infoecos.com.ar\/wp-content\/uploads\/2022\/03\/Trabajos-en-acceso-Peron.jpg","type":"image\/jpeg"}],"author":"Jorge Matheus","twitter_card":"summary_large_image","twitter_creator":"@infoecos","twitter_site":"@infoecos","twitter_misc":{"Escrito por":"Jorge Matheus","Tiempo de lectura":"1 minuto"},"schema":{"@context":"https:\/\/schema.org","@graph":[{"@type":"Article","@id":"https:\/\/infoecos.com.ar\/index.php\/se-reparara-un-tramo-del-canal-de-desagues-pluviales-desde-el-acceso-de-la-ruta-nacional-33\/#article","isPartOf":{"@id":"https:\/\/infoecos.com.ar\/index.php\/se-reparara-un-tramo-del-canal-de-desagues-pluviales-desde-el-acceso-de-la-ruta-nacional-33\/"},"author":{"name":"Jorge Matheus","@id":"https:\/\/infoecos.com.ar\/#\/schema\/person\/8f5ace5ce73b4b4aac4b7245aee6f191"},"headline":"Se reparar\u00e1 un tramo del canal de desag\u00fces pluviales desde el acceso de la ruta nacional 33","datePublished":"2022-03-29T04:51:03+00:00","dateModified":"2022-03-29T04:51:04+00:00","mainEntityOfPage":{"@id":"https:\/\/infoecos.com.ar\/index.php\/se-reparara-un-tramo-del-canal-de-desagues-pluviales-desde-el-acceso-de-la-ruta-nacional-33\/"},"wordCount":236,"publisher":{"@id":"https:\/\/infoecos.com.ar\/#organization"},"image":{"@id":"https:\/\/infoecos.com.ar\/index.php\/se-reparara-un-tramo-del-canal-de-desagues-pluviales-desde-el-acceso-de-la-ruta-nacional-33\/#primaryimage"},"thumbnailUrl":"https:\/\/infoecos.com.ar\/wp-content\/uploads\/2022\/03\/Trabajos-en-acceso-Peron.jpg","keywords":["HOY CIERRE DE TR\u00c1NSITO"],"articleSection":["C2 N3"],"inLanguage":"es"},{"@type":"WebPage","@id":"https:\/\/infoecos.com.ar\/index.php\/se-reparara-un-tramo-del-canal-de-desagues-pluviales-desde-el-acceso-de-la-ruta-nacional-33\/","url":"https:\/\/infoecos.com.ar\/index.php\/se-reparara-un-tramo-del-canal-de-desagues-pluviales-desde-el-acceso-de-la-ruta-nacional-33\/","name":"Se reparar\u00e1 un tramo del canal de desag\u00fces pluviales desde el acceso de la ruta nacional 33 - Infoecos","isPartOf":{"@id":"https:\/\/infoecos.com.ar\/#website"},"primaryImageOfPage":{"@id":"https:\/\/infoecos.com.ar\/index.php\/se-reparara-un-tramo-del-canal-de-desagues-pluviales-desde-el-acceso-de-la-ruta-nacional-33\/#primaryimage"},"image":{"@id":"https:\/\/infoecos.com.ar\/index.php\/se-reparara-un-tramo-del-canal-de-desagues-pluviales-desde-el-acceso-de-la-ruta-nacional-33\/#primaryimage"},"thumbnailUrl":"https:\/\/infoecos.com.ar\/wp-content\/uploads\/2022\/03\/Trabajos-en-acceso-Peron.jpg","datePublished":"2022-03-29T04:51:03+00:00","dateModified":"2022-03-29T04:51:04+00:00","breadcrumb":{"@id":"https:\/\/infoecos.com.ar\/index.php\/se-reparara-un-tramo-del-canal-de-desagues-pluviales-desde-el-acceso-de-la-ruta-nacional-33\/#breadcrumb"},"inLanguage":"es","potentialAction":[{"@type":"ReadAction","target":["https:\/\/infoecos.com.ar\/index.php\/se-reparara-un-tramo-del-canal-de-desagues-pluviales-desde-el-acceso-de-la-ruta-nacional-33\/"]}]},{"@type":"ImageObject","inLanguage":"es","@id":"https:\/\/infoecos.com.ar\/index.php\/se-reparara-un-tramo-del-canal-de-desagues-pluviales-desde-el-acceso-de-la-ruta-nacional-33\/#primaryimage","url":"https:\/\/infoecos.com.ar\/wp-content\/uploads\/2022\/03\/Trabajos-en-acceso-Peron.jpg","contentUrl":"https:\/\/infoecos.com.ar\/wp-content\/uploads\/2022\/03\/Trabajos-en-acceso-Peron.jpg","width":1024,"height":768},{"@type":"BreadcrumbList","@id":"https:\/\/infoecos.com.ar\/index.php\/se-reparara-un-tramo-del-canal-de-desagues-pluviales-desde-el-acceso-de-la-ruta-nacional-33\/#breadcrumb","itemListElement":[{"@type":"ListItem","position":1,"name":"Portada","item":"https:\/\/infoecos.com.ar\/"},{"@type":"ListItem","position":2,"name":"Se reparar\u00e1 un tramo del canal de desag\u00fces pluviales desde el acceso de la ruta nacional 33"}]},{"@type":"WebSite","@id":"https:\/\/infoecos.com.ar\/#website","url":"https:\/\/infoecos.com.ar\/","name":"Infoecos","description":"Noticias de trenque lauquen y la zona","publisher":{"@id":"https:\/\/infoecos.com.ar\/#organization"},"alternateName":"Noticias","potentialAction":[{"@type":"SearchAction","target":{"@type":"EntryPoint","urlTemplate":"https:\/\/infoecos.com.ar\/?s={search_term_string}"},"query-input":{"@type":"PropertyValueSpecification","valueRequired":true,"valueName":"search_term_string"}}],"inLanguage":"es"},{"@type":"Organization","@id":"https:\/\/infoecos.com.ar\/#organization","name":"Infoecos","alternateName":"Noticias","url":"https:\/\/infoecos.com.ar\/","logo":{"@type":"ImageObject","inLanguage":"es","@id":"https:\/\/infoecos.com.ar\/#\/schema\/logo\/image\/","url":"https:\/\/infoecos.com.ar\/wp-content\/uploads\/2024\/03\/cropped-logo.png","contentUrl":"https:\/\/infoecos.com.ar\/wp-content\/uploads\/2024\/03\/cropped-logo.png","width":374,"height":90,"caption":"Infoecos"},"image":{"@id":"https:\/\/infoecos.com.ar\/#\/schema\/logo\/image\/"},"sameAs":["https:\/\/www.facebook.com\/profile.php?id=100063200290284","https:\/\/x.com\/infoecos"]},{"@type":"Person","@id":"https:\/\/infoecos.com.ar\/#\/schema\/person\/8f5ace5ce73b4b4aac4b7245aee6f191","name":"Jorge Matheus","url":"https:\/\/infoecos.com.ar\/index.php\/author\/jomatheus\/"}]}},"featured_image_urls":{"full":["https:\/\/infoecos.com.ar\/wp-content\/uploads\/2022\/03\/Trabajos-en-acceso-Peron.jpg",1024,768,false],"thumbnail":["https:\/\/infoecos.com.ar\/wp-content\/uploads\/2022\/03\/Trabajos-en-acceso-Peron-150x150.jpg",150,150,true],"medium":["https:\/\/infoecos.com.ar\/wp-content\/uploads\/2022\/03\/Trabajos-en-acceso-Peron-460x345.jpg",460,345,true],"medium_large":["https:\/\/infoecos.com.ar\/wp-content\/uploads\/2022\/03\/Trabajos-en-acceso-Peron-768x576.jpg",640,480,true],"large":["https:\/\/infoecos.com.ar\/wp-content\/uploads\/2022\/03\/Trabajos-en-acceso-Peron-920x690.jpg",640,480,true],"1536x1536":["https:\/\/infoecos.com.ar\/wp-content\/uploads\/2022\/03\/Trabajos-en-acceso-Peron.jpg",1024,768,false],"2048x2048":["https:\/\/infoecos.com.ar\/wp-content\/uploads\/2022\/03\/Trabajos-en-acceso-Peron.jpg",1024,768,false],"covernews-slider-full":["https:\/\/infoecos.com.ar\/wp-content\/uploads\/2022\/03\/Trabajos-en-acceso-Peron.jpg",953,715,false],"covernews-slider-center":["https:\/\/infoecos.com.ar\/wp-content\/uploads\/2022\/03\/Trabajos-en-acceso-Peron-936x768.jpg",609,500,true],"covernews-featured":["https:\/\/infoecos.com.ar\/wp-content\/uploads\/2022\/03\/Trabajos-en-acceso-Peron.jpg",1024,768,false],"covernews-medium":["https:\/\/infoecos.com.ar\/wp-content\/uploads\/2022\/03\/Trabajos-en-acceso-Peron-720x380.jpg",540,285,true],"covernews-medium-square":["https:\/\/infoecos.com.ar\/wp-content\/uploads\/2022\/03\/Trabajos-en-acceso-Peron-675x450.jpg",375,250,true]},"author_info":{"info":["Jorge Matheus"]},"category_info":"<a href=\"https:\/\/infoecos.com.ar\/index.php\/category\/c2nota3\/\" rel=\"category tag\">C2 N3<\/a>","tag_info":"C2 N3","comment_count":"0","_links":{"self":[{"href":"https:\/\/infoecos.com.ar\/index.php\/wp-json\/wp\/v2\/posts\/90315"}],"collection":[{"href":"https:\/\/infoecos.com.ar\/index.php\/wp-json\/wp\/v2\/posts"}],"about":[{"href":"https:\/\/infoecos.com.ar\/index.php\/wp-json\/wp\/v2\/types\/post"}],"author":[{"embeddable":true,"href":"https:\/\/infoecos.com.ar\/index.php\/wp-json\/wp\/v2\/users\/2"}],"replies":[{"embeddable":true,"href":"https:\/\/infoecos.com.ar\/index.php\/wp-json\/wp\/v2\/comments?post=90315"}],"version-history":[{"count":1,"href":"https:\/\/infoecos.com.ar\/index.php\/wp-json\/wp\/v2\/posts\/90315\/revisions"}],"predecessor-version":[{"id":90318,"href":"https:\/\/infoecos.com.ar\/index.php\/wp-json\/wp\/v2\/posts\/90315\/revisions\/90318"}],"wp:featuredmedia":[{"embeddable":true,"href":"https:\/\/infoecos.com.ar\/index.php\/wp-json\/wp\/v2\/media\/90316"}],"wp:attachment":[{"href":"https:\/\/infoecos.com.ar\/index.php\/wp-json\/wp\/v2\/media?parent=90315"}],"wp:term":[{"taxonomy":"category","embeddable":true,"href":"https:\/\/infoecos.com.ar\/index.php\/wp-json\/wp\/v2\/categories?post=90315"},{"taxonomy":"post_tag","embeddable":true,"href":"https:\/\/infoecos.com.ar\/index.php\/wp-json\/wp\/v2\/tags?post=90315"}],"curies":[{"name":"wp","href":"https:\/\/api.w.org\/{rel}","templated":true}]}}