{"id":90324,"date":"2022-03-29T02:17:21","date_gmt":"2022-03-29T05:17:21","guid":{"rendered":"http:\/\/infoecos.com.ar\/?p=90324"},"modified":"2022-03-30T03:16:07","modified_gmt":"2022-03-30T06:16:07","slug":"fondo-nacional-para-la-cancelacion-de-la-deuda-con-el-fmi","status":"publish","type":"post","link":"https:\/\/infoecos.com.ar\/index.php\/fondo-nacional-para-la-cancelacion-de-la-deuda-con-el-fmi\/","title":{"rendered":"Fondo Nacional para la cancelaci\u00f3n de la deuda con el FMI"},"content":{"rendered":"\n<p>Con el respaldo del Gobierno y un pedido de colaboraci\u00f3n a Estados Unidos efectuado por la vicepresidenta Cristina Fern\u00e1ndez de Kirchner, el bloque de senadores nacionales del Frente de Todos present\u00f3 este lunes un proyecto de ley que propone crear un \u00abFondo Nacional para la cancelaci\u00f3n de la deuda con el FMI\u00bb con \u00abun aporte especial de emergencia\u00bb de aquellas personas que tengan bienes en el exterior \u00abque fueron fugados y no est\u00e1n declarados ante el fisco\u00bb.<\/p>\n\n\n\n<div class=\"wp-block-image\"><figure class=\"aligncenter size-large\"><img loading=\"lazy\" decoding=\"async\" width=\"900\" height=\"506\" src=\"http:\/\/infoecos.com.ar\/wp-content\/uploads\/2022\/03\/62339729ebec0_900.jpg\" alt=\"\" class=\"wp-image-90325\" srcset=\"https:\/\/infoecos.com.ar\/wp-content\/uploads\/2022\/03\/62339729ebec0_900.jpg 900w, https:\/\/infoecos.com.ar\/wp-content\/uploads\/2022\/03\/62339729ebec0_900-460x259.jpg 460w, https:\/\/infoecos.com.ar\/wp-content\/uploads\/2022\/03\/62339729ebec0_900-768x432.jpg 768w\" sizes=\"(max-width: 900px) 100vw, 900px\" \/><\/figure><\/div>\n\n\n\n<p><strong>La iniciativa fue presentada luego de que el Gobierno firmara el acuerdo con el organismo multilateral de cr\u00e9dito para modificar los plazos de devoluci\u00f3n del cr\u00e9dito de m\u00e1s de 44 mil millones de d\u00f3lares adquirido durante el gobierno del expresidente Mauricio Macri,<\/strong>&nbsp;que recibi\u00f3 el aval parlamentario y la reciente ratificaci\u00f3n del FMI.<\/p>\n\n\n\n<p>Seg\u00fan el documento difundido este lunes, el aporte \u00abno representar\u00e1 una nueva carga impositiva para la mayor\u00eda de los argentinos y argentinas, ya que s\u00f3lo le corresponder\u00e1 pagar a quienes tengan bienes en el exterior y est\u00e9n evadiendo impuestos o lavando dinero\u00bb.<\/p>\n\n\n\n<p><strong>Los alcanzados por esta iniciativa deber\u00e1n realizar un aporte del 20% de sus bienes no declarados<\/strong>, porci\u00f3n que deber\u00e1 ser abonada en d\u00f3lares.<\/p>\n","protected":false},"excerpt":{"rendered":"<p>Los alcanzados por esta iniciativa deber\u00e1n realizar un aporte del 20% de sus bienes no declarados, porci\u00f3n que deber\u00e1 ser abonada en d\u00f3lares<\/p>\n","protected":false},"author":2,"featured_media":90325,"comment_status":"closed","ping_status":"open","sticky":false,"template":"","format":"standard","meta":{"footnotes":""},"categories":[50],"tags":[1767],"class_list":["post-90324","post","type-post","status-publish","format-standard","has-post-thumbnail","hentry","category-c1nota4","tag-politica-y-economia-3"],"yoast_head":"<!-- This site is optimized with the Yoast SEO plugin v23.4 - https:\/\/yoast.com\/wordpress\/plugins\/seo\/ -->\n<title>Fondo Nacional para la cancelaci\u00f3n de la deuda con el FMI - Infoecos<\/title>\n<meta name=\"robots\" content=\"index, follow, max-snippet:-1, max-image-preview:large, max-video-preview:-1\" \/>\n<link rel=\"canonical\" href=\"https:\/\/infoecos.com.ar\/index.php\/fondo-nacional-para-la-cancelacion-de-la-deuda-con-el-fmi\/\" \/>\n<meta property=\"og:locale\" content=\"es_ES\" \/>\n<meta property=\"og:type\" content=\"article\" \/>\n<meta property=\"og:title\" content=\"Fondo Nacional para la cancelaci\u00f3n de la deuda con el FMI - Infoecos\" \/>\n<meta property=\"og:description\" content=\"Los alcanzados por esta iniciativa deber\u00e1n realizar un aporte del 20% de sus bienes no declarados, porci\u00f3n que deber\u00e1 ser abonada en d\u00f3lares\" \/>\n<meta property=\"og:url\" content=\"https:\/\/infoecos.com.ar\/index.php\/fondo-nacional-para-la-cancelacion-de-la-deuda-con-el-fmi\/\" \/>\n<meta property=\"og:site_name\" content=\"Infoecos\" \/>\n<meta property=\"article:publisher\" content=\"https:\/\/www.facebook.com\/profile.php?id=100063200290284\" \/>\n<meta property=\"article:published_time\" content=\"2022-03-29T05:17:21+00:00\" \/>\n<meta property=\"article:modified_time\" content=\"2022-03-30T06:16:07+00:00\" \/>\n<meta property=\"og:image\" content=\"https:\/\/infoecos.com.ar\/wp-content\/uploads\/2022\/03\/62339729ebec0_900.jpg\" \/>\n\t<meta property=\"og:image:width\" content=\"900\" \/>\n\t<meta property=\"og:image:height\" content=\"506\" \/>\n\t<meta property=\"og:image:type\" content=\"image\/jpeg\" \/>\n<meta name=\"author\" content=\"Jorge Matheus\" \/>\n<meta name=\"twitter:card\" content=\"summary_large_image\" \/>\n<meta name=\"twitter:creator\" content=\"@infoecos\" \/>\n<meta name=\"twitter:site\" content=\"@infoecos\" \/>\n<meta name=\"twitter:label1\" content=\"Escrito por\" \/>\n\t<meta name=\"twitter:data1\" content=\"Jorge Matheus\" \/>\n\t<meta name=\"twitter:label2\" content=\"Tiempo de lectura\" \/>\n\t<meta name=\"twitter:data2\" content=\"1 minuto\" \/>\n<script type=\"application\/ld+json\" class=\"yoast-schema-graph\">{\"@context\":\"https:\/\/schema.org\",\"@graph\":[{\"@type\":\"Article\",\"@id\":\"https:\/\/infoecos.com.ar\/index.php\/fondo-nacional-para-la-cancelacion-de-la-deuda-con-el-fmi\/#article\",\"isPartOf\":{\"@id\":\"https:\/\/infoecos.com.ar\/index.php\/fondo-nacional-para-la-cancelacion-de-la-deuda-con-el-fmi\/\"},\"author\":{\"name\":\"Jorge Matheus\",\"@id\":\"https:\/\/infoecos.com.ar\/#\/schema\/person\/8f5ace5ce73b4b4aac4b7245aee6f191\"},\"headline\":\"Fondo Nacional para la cancelaci\u00f3n de la deuda con el FMI\",\"datePublished\":\"2022-03-29T05:17:21+00:00\",\"dateModified\":\"2022-03-30T06:16:07+00:00\",\"mainEntityOfPage\":{\"@id\":\"https:\/\/infoecos.com.ar\/index.php\/fondo-nacional-para-la-cancelacion-de-la-deuda-con-el-fmi\/\"},\"wordCount\":223,\"publisher\":{\"@id\":\"https:\/\/infoecos.com.ar\/#organization\"},\"image\":{\"@id\":\"https:\/\/infoecos.com.ar\/index.php\/fondo-nacional-para-la-cancelacion-de-la-deuda-con-el-fmi\/#primaryimage\"},\"thumbnailUrl\":\"https:\/\/infoecos.com.ar\/wp-content\/uploads\/2022\/03\/62339729ebec0_900.jpg\",\"keywords\":[\"POL\u00cdTICA Y ECONOM\u00cdA\"],\"articleSection\":[\"C1 N4\"],\"inLanguage\":\"es\"},{\"@type\":\"WebPage\",\"@id\":\"https:\/\/infoecos.com.ar\/index.php\/fondo-nacional-para-la-cancelacion-de-la-deuda-con-el-fmi\/\",\"url\":\"https:\/\/infoecos.com.ar\/index.php\/fondo-nacional-para-la-cancelacion-de-la-deuda-con-el-fmi\/\",\"name\":\"Fondo Nacional para la cancelaci\u00f3n de la deuda con el FMI - Infoecos\",\"isPartOf\":{\"@id\":\"https:\/\/infoecos.com.ar\/#website\"},\"primaryImageOfPage\":{\"@id\":\"https:\/\/infoecos.com.ar\/index.php\/fondo-nacional-para-la-cancelacion-de-la-deuda-con-el-fmi\/#primaryimage\"},\"image\":{\"@id\":\"https:\/\/infoecos.com.ar\/index.php\/fondo-nacional-para-la-cancelacion-de-la-deuda-con-el-fmi\/#primaryimage\"},\"thumbnailUrl\":\"https:\/\/infoecos.com.ar\/wp-content\/uploads\/2022\/03\/62339729ebec0_900.jpg\",\"datePublished\":\"2022-03-29T05:17:21+00:00\",\"dateModified\":\"2022-03-30T06:16:07+00:00\",\"breadcrumb\":{\"@id\":\"https:\/\/infoecos.com.ar\/index.php\/fondo-nacional-para-la-cancelacion-de-la-deuda-con-el-fmi\/#breadcrumb\"},\"inLanguage\":\"es\",\"potentialAction\":[{\"@type\":\"ReadAction\",\"target\":[\"https:\/\/infoecos.com.ar\/index.php\/fondo-nacional-para-la-cancelacion-de-la-deuda-con-el-fmi\/\"]}]},{\"@type\":\"ImageObject\",\"inLanguage\":\"es\",\"@id\":\"https:\/\/infoecos.com.ar\/index.php\/fondo-nacional-para-la-cancelacion-de-la-deuda-con-el-fmi\/#primaryimage\",\"url\":\"https:\/\/infoecos.com.ar\/wp-content\/uploads\/2022\/03\/62339729ebec0_900.jpg\",\"contentUrl\":\"https:\/\/infoecos.com.ar\/wp-content\/uploads\/2022\/03\/62339729ebec0_900.jpg\",\"width\":900,\"height\":506},{\"@type\":\"BreadcrumbList\",\"@id\":\"https:\/\/infoecos.com.ar\/index.php\/fondo-nacional-para-la-cancelacion-de-la-deuda-con-el-fmi\/#breadcrumb\",\"itemListElement\":[{\"@type\":\"ListItem\",\"position\":1,\"name\":\"Portada\",\"item\":\"https:\/\/infoecos.com.ar\/\"},{\"@type\":\"ListItem\",\"position\":2,\"name\":\"Fondo Nacional para la cancelaci\u00f3n de la deuda con el FMI\"}]},{\"@type\":\"WebSite\",\"@id\":\"https:\/\/infoecos.com.ar\/#website\",\"url\":\"https:\/\/infoecos.com.ar\/\",\"name\":\"Infoecos\",\"description\":\"Noticias de trenque lauquen y la zona\",\"publisher\":{\"@id\":\"https:\/\/infoecos.com.ar\/#organization\"},\"alternateName\":\"Noticias\",\"potentialAction\":[{\"@type\":\"SearchAction\",\"target\":{\"@type\":\"EntryPoint\",\"urlTemplate\":\"https:\/\/infoecos.com.ar\/?s={search_term_string}\"},\"query-input\":{\"@type\":\"PropertyValueSpecification\",\"valueRequired\":true,\"valueName\":\"search_term_string\"}}],\"inLanguage\":\"es\"},{\"@type\":\"Organization\",\"@id\":\"https:\/\/infoecos.com.ar\/#organization\",\"name\":\"Infoecos\",\"alternateName\":\"Noticias\",\"url\":\"https:\/\/infoecos.com.ar\/\",\"logo\":{\"@type\":\"ImageObject\",\"inLanguage\":\"es\",\"@id\":\"https:\/\/infoecos.com.ar\/#\/schema\/logo\/image\/\",\"url\":\"https:\/\/infoecos.com.ar\/wp-content\/uploads\/2024\/03\/cropped-logo.png\",\"contentUrl\":\"https:\/\/infoecos.com.ar\/wp-content\/uploads\/2024\/03\/cropped-logo.png\",\"width\":374,\"height\":90,\"caption\":\"Infoecos\"},\"image\":{\"@id\":\"https:\/\/infoecos.com.ar\/#\/schema\/logo\/image\/\"},\"sameAs\":[\"https:\/\/www.facebook.com\/profile.php?id=100063200290284\",\"https:\/\/x.com\/infoecos\"]},{\"@type\":\"Person\",\"@id\":\"https:\/\/infoecos.com.ar\/#\/schema\/person\/8f5ace5ce73b4b4aac4b7245aee6f191\",\"name\":\"Jorge Matheus\",\"url\":\"https:\/\/infoecos.com.ar\/index.php\/author\/jomatheus\/\"}]}<\/script>\n<!-- \/ Yoast SEO plugin. -->","yoast_head_json":{"title":"Fondo Nacional para la cancelaci\u00f3n de la deuda con el FMI - Infoecos","robots":{"index":"index","follow":"follow","max-snippet":"max-snippet:-1","max-image-preview":"max-image-preview:large","max-video-preview":"max-video-preview:-1"},"canonical":"https:\/\/infoecos.com.ar\/index.php\/fondo-nacional-para-la-cancelacion-de-la-deuda-con-el-fmi\/","og_locale":"es_ES","og_type":"article","og_title":"Fondo Nacional para la cancelaci\u00f3n de la deuda con el FMI - Infoecos","og_description":"Los alcanzados por esta iniciativa deber\u00e1n realizar un aporte del 20% de sus bienes no declarados, porci\u00f3n que deber\u00e1 ser abonada en d\u00f3lares","og_url":"https:\/\/infoecos.com.ar\/index.php\/fondo-nacional-para-la-cancelacion-de-la-deuda-con-el-fmi\/","og_site_name":"Infoecos","article_publisher":"https:\/\/www.facebook.com\/profile.php?id=100063200290284","article_published_time":"2022-03-29T05:17:21+00:00","article_modified_time":"2022-03-30T06:16:07+00:00","og_image":[{"width":900,"height":506,"url":"https:\/\/infoecos.com.ar\/wp-content\/uploads\/2022\/03\/62339729ebec0_900.jpg","type":"image\/jpeg"}],"author":"Jorge Matheus","twitter_card":"summary_large_image","twitter_creator":"@infoecos","twitter_site":"@infoecos","twitter_misc":{"Escrito por":"Jorge Matheus","Tiempo de lectura":"1 minuto"},"schema":{"@context":"https:\/\/schema.org","@graph":[{"@type":"Article","@id":"https:\/\/infoecos.com.ar\/index.php\/fondo-nacional-para-la-cancelacion-de-la-deuda-con-el-fmi\/#article","isPartOf":{"@id":"https:\/\/infoecos.com.ar\/index.php\/fondo-nacional-para-la-cancelacion-de-la-deuda-con-el-fmi\/"},"author":{"name":"Jorge Matheus","@id":"https:\/\/infoecos.com.ar\/#\/schema\/person\/8f5ace5ce73b4b4aac4b7245aee6f191"},"headline":"Fondo Nacional para la cancelaci\u00f3n de la deuda con el FMI","datePublished":"2022-03-29T05:17:21+00:00","dateModified":"2022-03-30T06:16:07+00:00","mainEntityOfPage":{"@id":"https:\/\/infoecos.com.ar\/index.php\/fondo-nacional-para-la-cancelacion-de-la-deuda-con-el-fmi\/"},"wordCount":223,"publisher":{"@id":"https:\/\/infoecos.com.ar\/#organization"},"image":{"@id":"https:\/\/infoecos.com.ar\/index.php\/fondo-nacional-para-la-cancelacion-de-la-deuda-con-el-fmi\/#primaryimage"},"thumbnailUrl":"https:\/\/infoecos.com.ar\/wp-content\/uploads\/2022\/03\/62339729ebec0_900.jpg","keywords":["POL\u00cdTICA Y ECONOM\u00cdA"],"articleSection":["C1 N4"],"inLanguage":"es"},{"@type":"WebPage","@id":"https:\/\/infoecos.com.ar\/index.php\/fondo-nacional-para-la-cancelacion-de-la-deuda-con-el-fmi\/","url":"https:\/\/infoecos.com.ar\/index.php\/fondo-nacional-para-la-cancelacion-de-la-deuda-con-el-fmi\/","name":"Fondo Nacional para la cancelaci\u00f3n de la deuda con el FMI - Infoecos","isPartOf":{"@id":"https:\/\/infoecos.com.ar\/#website"},"primaryImageOfPage":{"@id":"https:\/\/infoecos.com.ar\/index.php\/fondo-nacional-para-la-cancelacion-de-la-deuda-con-el-fmi\/#primaryimage"},"image":{"@id":"https:\/\/infoecos.com.ar\/index.php\/fondo-nacional-para-la-cancelacion-de-la-deuda-con-el-fmi\/#primaryimage"},"thumbnailUrl":"https:\/\/infoecos.com.ar\/wp-content\/uploads\/2022\/03\/62339729ebec0_900.jpg","datePublished":"2022-03-29T05:17:21+00:00","dateModified":"2022-03-30T06:16:07+00:00","breadcrumb":{"@id":"https:\/\/infoecos.com.ar\/index.php\/fondo-nacional-para-la-cancelacion-de-la-deuda-con-el-fmi\/#breadcrumb"},"inLanguage":"es","potentialAction":[{"@type":"ReadAction","target":["https:\/\/infoecos.com.ar\/index.php\/fondo-nacional-para-la-cancelacion-de-la-deuda-con-el-fmi\/"]}]},{"@type":"ImageObject","inLanguage":"es","@id":"https:\/\/infoecos.com.ar\/index.php\/fondo-nacional-para-la-cancelacion-de-la-deuda-con-el-fmi\/#primaryimage","url":"https:\/\/infoecos.com.ar\/wp-content\/uploads\/2022\/03\/62339729ebec0_900.jpg","contentUrl":"https:\/\/infoecos.com.ar\/wp-content\/uploads\/2022\/03\/62339729ebec0_900.jpg","width":900,"height":506},{"@type":"BreadcrumbList","@id":"https:\/\/infoecos.com.ar\/index.php\/fondo-nacional-para-la-cancelacion-de-la-deuda-con-el-fmi\/#breadcrumb","itemListElement":[{"@type":"ListItem","position":1,"name":"Portada","item":"https:\/\/infoecos.com.ar\/"},{"@type":"ListItem","position":2,"name":"Fondo Nacional para la cancelaci\u00f3n de la deuda con el FMI"}]},{"@type":"WebSite","@id":"https:\/\/infoecos.com.ar\/#website","url":"https:\/\/infoecos.com.ar\/","name":"Infoecos","description":"Noticias de trenque lauquen y la zona","publisher":{"@id":"https:\/\/infoecos.com.ar\/#organization"},"alternateName":"Noticias","potentialAction":[{"@type":"SearchAction","target":{"@type":"EntryPoint","urlTemplate":"https:\/\/infoecos.com.ar\/?s={search_term_string}"},"query-input":{"@type":"PropertyValueSpecification","valueRequired":true,"valueName":"search_term_string"}}],"inLanguage":"es"},{"@type":"Organization","@id":"https:\/\/infoecos.com.ar\/#organization","name":"Infoecos","alternateName":"Noticias","url":"https:\/\/infoecos.com.ar\/","logo":{"@type":"ImageObject","inLanguage":"es","@id":"https:\/\/infoecos.com.ar\/#\/schema\/logo\/image\/","url":"https:\/\/infoecos.com.ar\/wp-content\/uploads\/2024\/03\/cropped-logo.png","contentUrl":"https:\/\/infoecos.com.ar\/wp-content\/uploads\/2024\/03\/cropped-logo.png","width":374,"height":90,"caption":"Infoecos"},"image":{"@id":"https:\/\/infoecos.com.ar\/#\/schema\/logo\/image\/"},"sameAs":["https:\/\/www.facebook.com\/profile.php?id=100063200290284","https:\/\/x.com\/infoecos"]},{"@type":"Person","@id":"https:\/\/infoecos.com.ar\/#\/schema\/person\/8f5ace5ce73b4b4aac4b7245aee6f191","name":"Jorge Matheus","url":"https:\/\/infoecos.com.ar\/index.php\/author\/jomatheus\/"}]}},"featured_image_urls":{"full":["https:\/\/infoecos.com.ar\/wp-content\/uploads\/2022\/03\/62339729ebec0_900.jpg",900,506,false],"thumbnail":["https:\/\/infoecos.com.ar\/wp-content\/uploads\/2022\/03\/62339729ebec0_900-150x150.jpg",150,150,true],"medium":["https:\/\/infoecos.com.ar\/wp-content\/uploads\/2022\/03\/62339729ebec0_900-460x259.jpg",460,259,true],"medium_large":["https:\/\/infoecos.com.ar\/wp-content\/uploads\/2022\/03\/62339729ebec0_900-768x432.jpg",640,360,true],"large":["https:\/\/infoecos.com.ar\/wp-content\/uploads\/2022\/03\/62339729ebec0_900.jpg",640,360,false],"1536x1536":["https:\/\/infoecos.com.ar\/wp-content\/uploads\/2022\/03\/62339729ebec0_900.jpg",900,506,false],"2048x2048":["https:\/\/infoecos.com.ar\/wp-content\/uploads\/2022\/03\/62339729ebec0_900.jpg",900,506,false],"covernews-slider-full":["https:\/\/infoecos.com.ar\/wp-content\/uploads\/2022\/03\/62339729ebec0_900.jpg",900,506,false],"covernews-slider-center":["https:\/\/infoecos.com.ar\/wp-content\/uploads\/2022\/03\/62339729ebec0_900.jpg",800,450,false],"covernews-featured":["https:\/\/infoecos.com.ar\/wp-content\/uploads\/2022\/03\/62339729ebec0_900.jpg",900,506,false],"covernews-medium":["https:\/\/infoecos.com.ar\/wp-content\/uploads\/2022\/03\/62339729ebec0_900-720x380.jpg",540,285,true],"covernews-medium-square":["https:\/\/infoecos.com.ar\/wp-content\/uploads\/2022\/03\/62339729ebec0_900-675x450.jpg",375,250,true]},"author_info":{"info":["Jorge Matheus"]},"category_info":"<a href=\"https:\/\/infoecos.com.ar\/index.php\/category\/c1nota4\/\" rel=\"category tag\">C1 N4<\/a>","tag_info":"C1 N4","comment_count":"0","_links":{"self":[{"href":"https:\/\/infoecos.com.ar\/index.php\/wp-json\/wp\/v2\/posts\/90324"}],"collection":[{"href":"https:\/\/infoecos.com.ar\/index.php\/wp-json\/wp\/v2\/posts"}],"about":[{"href":"https:\/\/infoecos.com.ar\/index.php\/wp-json\/wp\/v2\/types\/post"}],"author":[{"embeddable":true,"href":"https:\/\/infoecos.com.ar\/index.php\/wp-json\/wp\/v2\/users\/2"}],"replies":[{"embeddable":true,"href":"https:\/\/infoecos.com.ar\/index.php\/wp-json\/wp\/v2\/comments?post=90324"}],"version-history":[{"count":1,"href":"https:\/\/infoecos.com.ar\/index.php\/wp-json\/wp\/v2\/posts\/90324\/revisions"}],"predecessor-version":[{"id":90326,"href":"https:\/\/infoecos.com.ar\/index.php\/wp-json\/wp\/v2\/posts\/90324\/revisions\/90326"}],"wp:featuredmedia":[{"embeddable":true,"href":"https:\/\/infoecos.com.ar\/index.php\/wp-json\/wp\/v2\/media\/90325"}],"wp:attachment":[{"href":"https:\/\/infoecos.com.ar\/index.php\/wp-json\/wp\/v2\/media?parent=90324"}],"wp:term":[{"taxonomy":"category","embeddable":true,"href":"https:\/\/infoecos.com.ar\/index.php\/wp-json\/wp\/v2\/categories?post=90324"},{"taxonomy":"post_tag","embeddable":true,"href":"https:\/\/infoecos.com.ar\/index.php\/wp-json\/wp\/v2\/tags?post=90324"}],"curies":[{"name":"wp","href":"https:\/\/api.w.org\/{rel}","templated":true}]}}