{"id":90327,"date":"2022-03-29T02:20:20","date_gmt":"2022-03-29T05:20:20","guid":{"rendered":"http:\/\/infoecos.com.ar\/?p=90327"},"modified":"2022-03-29T02:20:21","modified_gmt":"2022-03-29T05:20:21","slug":"aumento-de-precios-reunion-del-presidente-con-la-union-industrial-argentina","status":"publish","type":"post","link":"https:\/\/infoecos.com.ar\/index.php\/aumento-de-precios-reunion-del-presidente-con-la-union-industrial-argentina\/","title":{"rendered":"Aumento de precios: reuni\u00f3n del presidente con la Uni\u00f3n Industrial Argentina"},"content":{"rendered":"\n<p>El presidente&nbsp;<strong>Alberto Fern\u00e1ndez<\/strong>&nbsp;se reuni\u00f3 con representantes de la&nbsp;<strong>Uni\u00f3n Industrial Argentina&nbsp;<\/strong>(UIA) y de la&nbsp;<strong>Confederaci\u00f3n General del Trabajo<\/strong>&nbsp;(CGT), en un encuentro donde las partes se comprometieron a trabajar en conjunto ante la situaci\u00f3n generada por los aumentos de precios, especialmente en los art\u00edculos de primera necesidad como los alimentos.<\/p>\n\n\n\n<p>En una reuni\u00f3n que se extendi\u00f3 tres horas, Fern\u00e1ndez estuvo acompa\u00f1ado por el jefe de Gabinete,&nbsp;<strong>Juan Manzur<\/strong>; el canciller&nbsp;<strong>Santiago Cafiero<\/strong>; los ministros de Trabajo,&nbsp;<strong>Claudio Moroni<\/strong>; de Desarrollo Productivo,&nbsp;<strong>Mat\u00edas Kulfas<\/strong>; de Econom\u00eda,&nbsp;<strong>Mart\u00edn Guzm\u00e1n<\/strong>, y de Agricultura Ganader\u00eda y Pesca,&nbsp;<strong>Juli\u00e1n Dom\u00ednguez<\/strong>.<\/p>\n\n\n\n<figure class=\"wp-block-image size-large\"><img loading=\"lazy\" decoding=\"async\" width=\"900\" height=\"505\" src=\"http:\/\/infoecos.com.ar\/wp-content\/uploads\/2022\/03\/616d4164ecbf4_900.jpg\" alt=\"\" class=\"wp-image-90328\" srcset=\"https:\/\/infoecos.com.ar\/wp-content\/uploads\/2022\/03\/616d4164ecbf4_900.jpg 900w, https:\/\/infoecos.com.ar\/wp-content\/uploads\/2022\/03\/616d4164ecbf4_900-460x258.jpg 460w, https:\/\/infoecos.com.ar\/wp-content\/uploads\/2022\/03\/616d4164ecbf4_900-768x431.jpg 768w\" sizes=\"(max-width: 900px) 100vw, 900px\" \/><\/figure>\n\n\n\n<p>Adem\u00e1s, en el encuentro se evaluaron los impactos de la guerra entre Rusia y Ucrania que repercuten en la econom\u00eda y en los precios.<\/p>\n\n\n\n<p>Los representantes de la UIA destacaron que el&nbsp;<strong>acuerdo con el Fondo Monetario Internacional&nbsp;<\/strong>(FMI) y el Club de Par\u00eds y el aumento de reservas despeja incertidumbre y permite avanzar en una hoja de ruta para cumplir esos objetivos, a\u00f1adieron las fuentes.<\/p>\n","protected":false},"excerpt":{"rendered":"<p>En una reuni\u00f3n que se extendi\u00f3 tres horas, Fern\u00e1ndez estuvo acompa\u00f1ado por el jefe de Gabinete, Juan Manzur; el canciller Santiago Cafiero; los ministros de Trabajo, Claudio Moroni; de Desarrollo Productivo, Mat\u00edas Kulfas; de Econom\u00eda, Mart\u00edn Guzm\u00e1n, y de Agricultura Ganader\u00eda y Pesca, Juli\u00e1n Dom\u00ednguez<\/p>\n","protected":false},"author":2,"featured_media":90328,"comment_status":"closed","ping_status":"open","sticky":false,"template":"","format":"standard","meta":{"footnotes":""},"categories":[1324],"tags":[1767],"class_list":["post-90327","post","type-post","status-publish","format-standard","has-post-thumbnail","hentry","category-c3nota5","tag-politica-y-economia-3"],"yoast_head":"<!-- This site is optimized with the Yoast SEO plugin v23.4 - https:\/\/yoast.com\/wordpress\/plugins\/seo\/ -->\n<title>Aumento de precios: reuni\u00f3n del presidente con la Uni\u00f3n Industrial Argentina - Infoecos<\/title>\n<meta name=\"robots\" content=\"index, follow, max-snippet:-1, max-image-preview:large, max-video-preview:-1\" \/>\n<link rel=\"canonical\" href=\"https:\/\/infoecos.com.ar\/index.php\/aumento-de-precios-reunion-del-presidente-con-la-union-industrial-argentina\/\" \/>\n<meta property=\"og:locale\" content=\"es_ES\" \/>\n<meta property=\"og:type\" content=\"article\" \/>\n<meta property=\"og:title\" content=\"Aumento de precios: reuni\u00f3n del presidente con la Uni\u00f3n Industrial Argentina - Infoecos\" \/>\n<meta property=\"og:description\" content=\"En una reuni\u00f3n que se extendi\u00f3 tres horas, Fern\u00e1ndez estuvo acompa\u00f1ado por el jefe de Gabinete, Juan Manzur; el canciller Santiago Cafiero; los ministros de Trabajo, Claudio Moroni; de Desarrollo Productivo, Mat\u00edas Kulfas; de Econom\u00eda, Mart\u00edn Guzm\u00e1n, y de Agricultura Ganader\u00eda y Pesca, Juli\u00e1n Dom\u00ednguez\" \/>\n<meta property=\"og:url\" content=\"https:\/\/infoecos.com.ar\/index.php\/aumento-de-precios-reunion-del-presidente-con-la-union-industrial-argentina\/\" \/>\n<meta property=\"og:site_name\" content=\"Infoecos\" \/>\n<meta property=\"article:publisher\" content=\"https:\/\/www.facebook.com\/profile.php?id=100063200290284\" \/>\n<meta property=\"article:published_time\" content=\"2022-03-29T05:20:20+00:00\" \/>\n<meta property=\"article:modified_time\" content=\"2022-03-29T05:20:21+00:00\" \/>\n<meta property=\"og:image\" content=\"https:\/\/infoecos.com.ar\/wp-content\/uploads\/2022\/03\/616d4164ecbf4_900.jpg\" \/>\n\t<meta property=\"og:image:width\" content=\"900\" \/>\n\t<meta property=\"og:image:height\" content=\"505\" \/>\n\t<meta property=\"og:image:type\" content=\"image\/jpeg\" \/>\n<meta name=\"author\" content=\"Jorge Matheus\" \/>\n<meta name=\"twitter:card\" content=\"summary_large_image\" \/>\n<meta name=\"twitter:creator\" content=\"@infoecos\" \/>\n<meta name=\"twitter:site\" content=\"@infoecos\" \/>\n<meta name=\"twitter:label1\" content=\"Escrito por\" \/>\n\t<meta name=\"twitter:data1\" content=\"Jorge Matheus\" \/>\n\t<meta name=\"twitter:label2\" content=\"Tiempo de lectura\" \/>\n\t<meta name=\"twitter:data2\" content=\"1 minuto\" \/>\n<script type=\"application\/ld+json\" class=\"yoast-schema-graph\">{\"@context\":\"https:\/\/schema.org\",\"@graph\":[{\"@type\":\"Article\",\"@id\":\"https:\/\/infoecos.com.ar\/index.php\/aumento-de-precios-reunion-del-presidente-con-la-union-industrial-argentina\/#article\",\"isPartOf\":{\"@id\":\"https:\/\/infoecos.com.ar\/index.php\/aumento-de-precios-reunion-del-presidente-con-la-union-industrial-argentina\/\"},\"author\":{\"name\":\"Jorge Matheus\",\"@id\":\"https:\/\/infoecos.com.ar\/#\/schema\/person\/8f5ace5ce73b4b4aac4b7245aee6f191\"},\"headline\":\"Aumento de precios: reuni\u00f3n del presidente con la Uni\u00f3n Industrial Argentina\",\"datePublished\":\"2022-03-29T05:20:20+00:00\",\"dateModified\":\"2022-03-29T05:20:21+00:00\",\"mainEntityOfPage\":{\"@id\":\"https:\/\/infoecos.com.ar\/index.php\/aumento-de-precios-reunion-del-presidente-con-la-union-industrial-argentina\/\"},\"wordCount\":210,\"publisher\":{\"@id\":\"https:\/\/infoecos.com.ar\/#organization\"},\"image\":{\"@id\":\"https:\/\/infoecos.com.ar\/index.php\/aumento-de-precios-reunion-del-presidente-con-la-union-industrial-argentina\/#primaryimage\"},\"thumbnailUrl\":\"https:\/\/infoecos.com.ar\/wp-content\/uploads\/2022\/03\/616d4164ecbf4_900.jpg\",\"keywords\":[\"POL\u00cdTICA Y ECONOM\u00cdA\"],\"articleSection\":[\"C3 N5\"],\"inLanguage\":\"es\"},{\"@type\":\"WebPage\",\"@id\":\"https:\/\/infoecos.com.ar\/index.php\/aumento-de-precios-reunion-del-presidente-con-la-union-industrial-argentina\/\",\"url\":\"https:\/\/infoecos.com.ar\/index.php\/aumento-de-precios-reunion-del-presidente-con-la-union-industrial-argentina\/\",\"name\":\"Aumento de precios: reuni\u00f3n del presidente con la Uni\u00f3n Industrial Argentina - Infoecos\",\"isPartOf\":{\"@id\":\"https:\/\/infoecos.com.ar\/#website\"},\"primaryImageOfPage\":{\"@id\":\"https:\/\/infoecos.com.ar\/index.php\/aumento-de-precios-reunion-del-presidente-con-la-union-industrial-argentina\/#primaryimage\"},\"image\":{\"@id\":\"https:\/\/infoecos.com.ar\/index.php\/aumento-de-precios-reunion-del-presidente-con-la-union-industrial-argentina\/#primaryimage\"},\"thumbnailUrl\":\"https:\/\/infoecos.com.ar\/wp-content\/uploads\/2022\/03\/616d4164ecbf4_900.jpg\",\"datePublished\":\"2022-03-29T05:20:20+00:00\",\"dateModified\":\"2022-03-29T05:20:21+00:00\",\"breadcrumb\":{\"@id\":\"https:\/\/infoecos.com.ar\/index.php\/aumento-de-precios-reunion-del-presidente-con-la-union-industrial-argentina\/#breadcrumb\"},\"inLanguage\":\"es\",\"potentialAction\":[{\"@type\":\"ReadAction\",\"target\":[\"https:\/\/infoecos.com.ar\/index.php\/aumento-de-precios-reunion-del-presidente-con-la-union-industrial-argentina\/\"]}]},{\"@type\":\"ImageObject\",\"inLanguage\":\"es\",\"@id\":\"https:\/\/infoecos.com.ar\/index.php\/aumento-de-precios-reunion-del-presidente-con-la-union-industrial-argentina\/#primaryimage\",\"url\":\"https:\/\/infoecos.com.ar\/wp-content\/uploads\/2022\/03\/616d4164ecbf4_900.jpg\",\"contentUrl\":\"https:\/\/infoecos.com.ar\/wp-content\/uploads\/2022\/03\/616d4164ecbf4_900.jpg\",\"width\":900,\"height\":505},{\"@type\":\"BreadcrumbList\",\"@id\":\"https:\/\/infoecos.com.ar\/index.php\/aumento-de-precios-reunion-del-presidente-con-la-union-industrial-argentina\/#breadcrumb\",\"itemListElement\":[{\"@type\":\"ListItem\",\"position\":1,\"name\":\"Portada\",\"item\":\"https:\/\/infoecos.com.ar\/\"},{\"@type\":\"ListItem\",\"position\":2,\"name\":\"Aumento de precios: reuni\u00f3n del presidente con la Uni\u00f3n Industrial Argentina\"}]},{\"@type\":\"WebSite\",\"@id\":\"https:\/\/infoecos.com.ar\/#website\",\"url\":\"https:\/\/infoecos.com.ar\/\",\"name\":\"Infoecos\",\"description\":\"Noticias de trenque lauquen y la zona\",\"publisher\":{\"@id\":\"https:\/\/infoecos.com.ar\/#organization\"},\"alternateName\":\"Noticias\",\"potentialAction\":[{\"@type\":\"SearchAction\",\"target\":{\"@type\":\"EntryPoint\",\"urlTemplate\":\"https:\/\/infoecos.com.ar\/?s={search_term_string}\"},\"query-input\":{\"@type\":\"PropertyValueSpecification\",\"valueRequired\":true,\"valueName\":\"search_term_string\"}}],\"inLanguage\":\"es\"},{\"@type\":\"Organization\",\"@id\":\"https:\/\/infoecos.com.ar\/#organization\",\"name\":\"Infoecos\",\"alternateName\":\"Noticias\",\"url\":\"https:\/\/infoecos.com.ar\/\",\"logo\":{\"@type\":\"ImageObject\",\"inLanguage\":\"es\",\"@id\":\"https:\/\/infoecos.com.ar\/#\/schema\/logo\/image\/\",\"url\":\"https:\/\/infoecos.com.ar\/wp-content\/uploads\/2024\/03\/cropped-logo.png\",\"contentUrl\":\"https:\/\/infoecos.com.ar\/wp-content\/uploads\/2024\/03\/cropped-logo.png\",\"width\":374,\"height\":90,\"caption\":\"Infoecos\"},\"image\":{\"@id\":\"https:\/\/infoecos.com.ar\/#\/schema\/logo\/image\/\"},\"sameAs\":[\"https:\/\/www.facebook.com\/profile.php?id=100063200290284\",\"https:\/\/x.com\/infoecos\"]},{\"@type\":\"Person\",\"@id\":\"https:\/\/infoecos.com.ar\/#\/schema\/person\/8f5ace5ce73b4b4aac4b7245aee6f191\",\"name\":\"Jorge Matheus\",\"url\":\"https:\/\/infoecos.com.ar\/index.php\/author\/jomatheus\/\"}]}<\/script>\n<!-- \/ Yoast SEO plugin. -->","yoast_head_json":{"title":"Aumento de precios: reuni\u00f3n del presidente con la Uni\u00f3n Industrial Argentina - Infoecos","robots":{"index":"index","follow":"follow","max-snippet":"max-snippet:-1","max-image-preview":"max-image-preview:large","max-video-preview":"max-video-preview:-1"},"canonical":"https:\/\/infoecos.com.ar\/index.php\/aumento-de-precios-reunion-del-presidente-con-la-union-industrial-argentina\/","og_locale":"es_ES","og_type":"article","og_title":"Aumento de precios: reuni\u00f3n del presidente con la Uni\u00f3n Industrial Argentina - Infoecos","og_description":"En una reuni\u00f3n que se extendi\u00f3 tres horas, Fern\u00e1ndez estuvo acompa\u00f1ado por el jefe de Gabinete, Juan Manzur; el canciller Santiago Cafiero; los ministros de Trabajo, Claudio Moroni; de Desarrollo Productivo, Mat\u00edas Kulfas; de Econom\u00eda, Mart\u00edn Guzm\u00e1n, y de Agricultura Ganader\u00eda y Pesca, Juli\u00e1n Dom\u00ednguez","og_url":"https:\/\/infoecos.com.ar\/index.php\/aumento-de-precios-reunion-del-presidente-con-la-union-industrial-argentina\/","og_site_name":"Infoecos","article_publisher":"https:\/\/www.facebook.com\/profile.php?id=100063200290284","article_published_time":"2022-03-29T05:20:20+00:00","article_modified_time":"2022-03-29T05:20:21+00:00","og_image":[{"width":900,"height":505,"url":"https:\/\/infoecos.com.ar\/wp-content\/uploads\/2022\/03\/616d4164ecbf4_900.jpg","type":"image\/jpeg"}],"author":"Jorge Matheus","twitter_card":"summary_large_image","twitter_creator":"@infoecos","twitter_site":"@infoecos","twitter_misc":{"Escrito por":"Jorge Matheus","Tiempo de lectura":"1 minuto"},"schema":{"@context":"https:\/\/schema.org","@graph":[{"@type":"Article","@id":"https:\/\/infoecos.com.ar\/index.php\/aumento-de-precios-reunion-del-presidente-con-la-union-industrial-argentina\/#article","isPartOf":{"@id":"https:\/\/infoecos.com.ar\/index.php\/aumento-de-precios-reunion-del-presidente-con-la-union-industrial-argentina\/"},"author":{"name":"Jorge Matheus","@id":"https:\/\/infoecos.com.ar\/#\/schema\/person\/8f5ace5ce73b4b4aac4b7245aee6f191"},"headline":"Aumento de precios: reuni\u00f3n del presidente con la Uni\u00f3n Industrial Argentina","datePublished":"2022-03-29T05:20:20+00:00","dateModified":"2022-03-29T05:20:21+00:00","mainEntityOfPage":{"@id":"https:\/\/infoecos.com.ar\/index.php\/aumento-de-precios-reunion-del-presidente-con-la-union-industrial-argentina\/"},"wordCount":210,"publisher":{"@id":"https:\/\/infoecos.com.ar\/#organization"},"image":{"@id":"https:\/\/infoecos.com.ar\/index.php\/aumento-de-precios-reunion-del-presidente-con-la-union-industrial-argentina\/#primaryimage"},"thumbnailUrl":"https:\/\/infoecos.com.ar\/wp-content\/uploads\/2022\/03\/616d4164ecbf4_900.jpg","keywords":["POL\u00cdTICA Y ECONOM\u00cdA"],"articleSection":["C3 N5"],"inLanguage":"es"},{"@type":"WebPage","@id":"https:\/\/infoecos.com.ar\/index.php\/aumento-de-precios-reunion-del-presidente-con-la-union-industrial-argentina\/","url":"https:\/\/infoecos.com.ar\/index.php\/aumento-de-precios-reunion-del-presidente-con-la-union-industrial-argentina\/","name":"Aumento de precios: reuni\u00f3n del presidente con la Uni\u00f3n Industrial Argentina - Infoecos","isPartOf":{"@id":"https:\/\/infoecos.com.ar\/#website"},"primaryImageOfPage":{"@id":"https:\/\/infoecos.com.ar\/index.php\/aumento-de-precios-reunion-del-presidente-con-la-union-industrial-argentina\/#primaryimage"},"image":{"@id":"https:\/\/infoecos.com.ar\/index.php\/aumento-de-precios-reunion-del-presidente-con-la-union-industrial-argentina\/#primaryimage"},"thumbnailUrl":"https:\/\/infoecos.com.ar\/wp-content\/uploads\/2022\/03\/616d4164ecbf4_900.jpg","datePublished":"2022-03-29T05:20:20+00:00","dateModified":"2022-03-29T05:20:21+00:00","breadcrumb":{"@id":"https:\/\/infoecos.com.ar\/index.php\/aumento-de-precios-reunion-del-presidente-con-la-union-industrial-argentina\/#breadcrumb"},"inLanguage":"es","potentialAction":[{"@type":"ReadAction","target":["https:\/\/infoecos.com.ar\/index.php\/aumento-de-precios-reunion-del-presidente-con-la-union-industrial-argentina\/"]}]},{"@type":"ImageObject","inLanguage":"es","@id":"https:\/\/infoecos.com.ar\/index.php\/aumento-de-precios-reunion-del-presidente-con-la-union-industrial-argentina\/#primaryimage","url":"https:\/\/infoecos.com.ar\/wp-content\/uploads\/2022\/03\/616d4164ecbf4_900.jpg","contentUrl":"https:\/\/infoecos.com.ar\/wp-content\/uploads\/2022\/03\/616d4164ecbf4_900.jpg","width":900,"height":505},{"@type":"BreadcrumbList","@id":"https:\/\/infoecos.com.ar\/index.php\/aumento-de-precios-reunion-del-presidente-con-la-union-industrial-argentina\/#breadcrumb","itemListElement":[{"@type":"ListItem","position":1,"name":"Portada","item":"https:\/\/infoecos.com.ar\/"},{"@type":"ListItem","position":2,"name":"Aumento de precios: reuni\u00f3n del presidente con la Uni\u00f3n Industrial Argentina"}]},{"@type":"WebSite","@id":"https:\/\/infoecos.com.ar\/#website","url":"https:\/\/infoecos.com.ar\/","name":"Infoecos","description":"Noticias de trenque lauquen y la zona","publisher":{"@id":"https:\/\/infoecos.com.ar\/#organization"},"alternateName":"Noticias","potentialAction":[{"@type":"SearchAction","target":{"@type":"EntryPoint","urlTemplate":"https:\/\/infoecos.com.ar\/?s={search_term_string}"},"query-input":{"@type":"PropertyValueSpecification","valueRequired":true,"valueName":"search_term_string"}}],"inLanguage":"es"},{"@type":"Organization","@id":"https:\/\/infoecos.com.ar\/#organization","name":"Infoecos","alternateName":"Noticias","url":"https:\/\/infoecos.com.ar\/","logo":{"@type":"ImageObject","inLanguage":"es","@id":"https:\/\/infoecos.com.ar\/#\/schema\/logo\/image\/","url":"https:\/\/infoecos.com.ar\/wp-content\/uploads\/2024\/03\/cropped-logo.png","contentUrl":"https:\/\/infoecos.com.ar\/wp-content\/uploads\/2024\/03\/cropped-logo.png","width":374,"height":90,"caption":"Infoecos"},"image":{"@id":"https:\/\/infoecos.com.ar\/#\/schema\/logo\/image\/"},"sameAs":["https:\/\/www.facebook.com\/profile.php?id=100063200290284","https:\/\/x.com\/infoecos"]},{"@type":"Person","@id":"https:\/\/infoecos.com.ar\/#\/schema\/person\/8f5ace5ce73b4b4aac4b7245aee6f191","name":"Jorge Matheus","url":"https:\/\/infoecos.com.ar\/index.php\/author\/jomatheus\/"}]}},"featured_image_urls":{"full":["https:\/\/infoecos.com.ar\/wp-content\/uploads\/2022\/03\/616d4164ecbf4_900.jpg",900,505,false],"thumbnail":["https:\/\/infoecos.com.ar\/wp-content\/uploads\/2022\/03\/616d4164ecbf4_900-150x150.jpg",150,150,true],"medium":["https:\/\/infoecos.com.ar\/wp-content\/uploads\/2022\/03\/616d4164ecbf4_900-460x258.jpg",460,258,true],"medium_large":["https:\/\/infoecos.com.ar\/wp-content\/uploads\/2022\/03\/616d4164ecbf4_900-768x431.jpg",640,359,true],"large":["https:\/\/infoecos.com.ar\/wp-content\/uploads\/2022\/03\/616d4164ecbf4_900.jpg",640,359,false],"1536x1536":["https:\/\/infoecos.com.ar\/wp-content\/uploads\/2022\/03\/616d4164ecbf4_900.jpg",900,505,false],"2048x2048":["https:\/\/infoecos.com.ar\/wp-content\/uploads\/2022\/03\/616d4164ecbf4_900.jpg",900,505,false],"covernews-slider-full":["https:\/\/infoecos.com.ar\/wp-content\/uploads\/2022\/03\/616d4164ecbf4_900.jpg",900,505,false],"covernews-slider-center":["https:\/\/infoecos.com.ar\/wp-content\/uploads\/2022\/03\/616d4164ecbf4_900.jpg",800,449,false],"covernews-featured":["https:\/\/infoecos.com.ar\/wp-content\/uploads\/2022\/03\/616d4164ecbf4_900.jpg",900,505,false],"covernews-medium":["https:\/\/infoecos.com.ar\/wp-content\/uploads\/2022\/03\/616d4164ecbf4_900-720x380.jpg",540,285,true],"covernews-medium-square":["https:\/\/infoecos.com.ar\/wp-content\/uploads\/2022\/03\/616d4164ecbf4_900-675x450.jpg",375,250,true]},"author_info":{"info":["Jorge Matheus"]},"category_info":"<a href=\"https:\/\/infoecos.com.ar\/index.php\/category\/c3nota5\/\" rel=\"category tag\">C3 N5<\/a>","tag_info":"C3 N5","comment_count":"0","_links":{"self":[{"href":"https:\/\/infoecos.com.ar\/index.php\/wp-json\/wp\/v2\/posts\/90327"}],"collection":[{"href":"https:\/\/infoecos.com.ar\/index.php\/wp-json\/wp\/v2\/posts"}],"about":[{"href":"https:\/\/infoecos.com.ar\/index.php\/wp-json\/wp\/v2\/types\/post"}],"author":[{"embeddable":true,"href":"https:\/\/infoecos.com.ar\/index.php\/wp-json\/wp\/v2\/users\/2"}],"replies":[{"embeddable":true,"href":"https:\/\/infoecos.com.ar\/index.php\/wp-json\/wp\/v2\/comments?post=90327"}],"version-history":[{"count":1,"href":"https:\/\/infoecos.com.ar\/index.php\/wp-json\/wp\/v2\/posts\/90327\/revisions"}],"predecessor-version":[{"id":90329,"href":"https:\/\/infoecos.com.ar\/index.php\/wp-json\/wp\/v2\/posts\/90327\/revisions\/90329"}],"wp:featuredmedia":[{"embeddable":true,"href":"https:\/\/infoecos.com.ar\/index.php\/wp-json\/wp\/v2\/media\/90328"}],"wp:attachment":[{"href":"https:\/\/infoecos.com.ar\/index.php\/wp-json\/wp\/v2\/media?parent=90327"}],"wp:term":[{"taxonomy":"category","embeddable":true,"href":"https:\/\/infoecos.com.ar\/index.php\/wp-json\/wp\/v2\/categories?post=90327"},{"taxonomy":"post_tag","embeddable":true,"href":"https:\/\/infoecos.com.ar\/index.php\/wp-json\/wp\/v2\/tags?post=90327"}],"curies":[{"name":"wp","href":"https:\/\/api.w.org\/{rel}","templated":true}]}}