{"id":90345,"date":"2022-03-30T00:43:00","date_gmt":"2022-03-30T03:43:00","guid":{"rendered":"http:\/\/infoecos.com.ar\/?p=90345"},"modified":"2022-03-30T00:44:31","modified_gmt":"2022-03-30T03:44:31","slug":"alerta-amarilla-por-fuertes-vientos-en-bahia-blanca","status":"publish","type":"post","link":"https:\/\/infoecos.com.ar\/index.php\/alerta-amarilla-por-fuertes-vientos-en-bahia-blanca\/","title":{"rendered":"Alerta Amarilla por fuertes vientos en Bah\u00eda Blanca"},"content":{"rendered":"\n<p>Seg\u00fan el Servicio Meteorol\u00f3gico, la velocidad oscilar\u00e1 entre los&nbsp;40 y&nbsp;50 km\/h, con r\u00e1fagas que alcanzar\u00e1n los 75 km\/h.<\/p>\n\n\n\n<p>&nbsp;El Servicio Meteorol\u00f3gico Nacional emiti\u00f3 un&nbsp;alerta amarilla para Bah\u00eda Blanca y la regi\u00f3n.<\/p>\n\n\n\n<p>El pron\u00f3stico fue ratificado desde el \u00e1rea de Defensa Civil local y desde el municipio ya se indic\u00f3 que \u00abante la posibilidad de ca\u00edda de ramas que hayan quedado inestables por el temporal\u00bb, se cerr\u00f3 el tr\u00e1nsito vehicular en&nbsp;los distintos parques.<\/p>\n\n\n\n<p>Adem\u00e1s, representantes del \u00e1rea de Espacios P\u00fablicos recomendaron a los peatones no circular por estos espacios p\u00fablicos.<\/p>\n\n\n\n<p>Seg\u00fan se indica en el reporte del SMN, Bah\u00eda y el Sudoeste se ver\u00e1n afectados por vientos que llegar\u00e1n desde el sur con&nbsp;velocidades que oscilar\u00e1n entre los 40 y los 50 kil\u00f3metros por hora, con r\u00e1fagas que podr\u00edan alcanzar los 75 km\/h.7.<\/p>\n\n\n\n<p>La ciudad todav\u00eda no se recupera de los destrozos causados en los \u00faltimos d\u00edas por el centro de baja presi\u00f3n, que hizo que en Bah\u00eda Blanca lloviera m\u00e1s en dos d\u00edas que durante el resto del a\u00f1o.<\/p>\n\n\n\n<figure class=\"wp-block-image\"><img decoding=\"async\" src=\"https:\/\/px.cdn.lanueva.com\/032022\/1648572184864\/220329%20temporal%20viejo%201.jpg\" alt=\"\"\/><figcaption>l<\/figcaption><\/figure>\n\n\n\n<figure class=\"wp-block-image\"><img decoding=\"async\" src=\"https:\/\/px.cdn.lanueva.com\/032022\/1648572382667\/220329%20temporal%20viejo%203.jpg\" alt=\"\"\/><\/figure>\n\n\n\n<p>&nbsp; <\/p>\n","protected":false},"excerpt":{"rendered":"<p>El pron\u00f3stico fue ratificado desde el \u00e1rea de Defensa Civil local y desde el municipio ya se indic\u00f3 que \u00abante la posibilidad de ca\u00edda de ramas que hayan quedado inestables por el temporal\u00bb, se cerr\u00f3 el tr\u00e1nsito vehicular en los distintos parques<\/p>\n","protected":false},"author":2,"featured_media":90346,"comment_status":"closed","ping_status":"open","sticky":false,"template":"","format":"standard","meta":{"footnotes":""},"categories":[28],"tags":[5727],"class_list":["post-90345","post","type-post","status-publish","format-standard","has-post-thumbnail","hentry","category-c1nota1","tag-se-esperan-rafagas-de-hasta-75-km"],"yoast_head":"<!-- This site is optimized with the Yoast SEO plugin v23.4 - https:\/\/yoast.com\/wordpress\/plugins\/seo\/ -->\n<title>Alerta Amarilla por fuertes vientos en Bah\u00eda Blanca - Infoecos<\/title>\n<meta name=\"robots\" content=\"index, follow, max-snippet:-1, max-image-preview:large, max-video-preview:-1\" \/>\n<link rel=\"canonical\" href=\"https:\/\/infoecos.com.ar\/index.php\/alerta-amarilla-por-fuertes-vientos-en-bahia-blanca\/\" \/>\n<meta property=\"og:locale\" content=\"es_ES\" \/>\n<meta property=\"og:type\" content=\"article\" \/>\n<meta property=\"og:title\" content=\"Alerta Amarilla por fuertes vientos en Bah\u00eda Blanca - Infoecos\" \/>\n<meta property=\"og:description\" content=\"El pron\u00f3stico fue ratificado desde el \u00e1rea de Defensa Civil local y desde el municipio ya se indic\u00f3 que &quot;ante la posibilidad de ca\u00edda de ramas que hayan quedado inestables por el temporal&quot;, se cerr\u00f3 el tr\u00e1nsito vehicular en los distintos parques\" \/>\n<meta property=\"og:url\" content=\"https:\/\/infoecos.com.ar\/index.php\/alerta-amarilla-por-fuertes-vientos-en-bahia-blanca\/\" \/>\n<meta property=\"og:site_name\" content=\"Infoecos\" \/>\n<meta property=\"article:publisher\" content=\"https:\/\/www.facebook.com\/profile.php?id=100063200290284\" \/>\n<meta property=\"article:published_time\" content=\"2022-03-30T03:43:00+00:00\" \/>\n<meta property=\"article:modified_time\" content=\"2022-03-30T03:44:31+00:00\" \/>\n<meta property=\"og:image\" content=\"https:\/\/infoecos.com.ar\/wp-content\/uploads\/2022\/03\/220329-temporal-viejo-1.jpg\" \/>\n\t<meta property=\"og:image:width\" content=\"1280\" \/>\n\t<meta property=\"og:image:height\" content=\"853\" \/>\n\t<meta property=\"og:image:type\" content=\"image\/jpeg\" \/>\n<meta name=\"author\" content=\"Jorge Matheus\" \/>\n<meta name=\"twitter:card\" content=\"summary_large_image\" \/>\n<meta name=\"twitter:creator\" content=\"@infoecos\" \/>\n<meta name=\"twitter:site\" content=\"@infoecos\" \/>\n<meta name=\"twitter:label1\" content=\"Escrito por\" \/>\n\t<meta name=\"twitter:data1\" content=\"Jorge Matheus\" \/>\n\t<meta name=\"twitter:label2\" content=\"Tiempo de lectura\" \/>\n\t<meta name=\"twitter:data2\" content=\"1 minuto\" \/>\n<script type=\"application\/ld+json\" class=\"yoast-schema-graph\">{\"@context\":\"https:\/\/schema.org\",\"@graph\":[{\"@type\":\"Article\",\"@id\":\"https:\/\/infoecos.com.ar\/index.php\/alerta-amarilla-por-fuertes-vientos-en-bahia-blanca\/#article\",\"isPartOf\":{\"@id\":\"https:\/\/infoecos.com.ar\/index.php\/alerta-amarilla-por-fuertes-vientos-en-bahia-blanca\/\"},\"author\":{\"name\":\"Jorge Matheus\",\"@id\":\"https:\/\/infoecos.com.ar\/#\/schema\/person\/8f5ace5ce73b4b4aac4b7245aee6f191\"},\"headline\":\"Alerta Amarilla por fuertes vientos en Bah\u00eda Blanca\",\"datePublished\":\"2022-03-30T03:43:00+00:00\",\"dateModified\":\"2022-03-30T03:44:31+00:00\",\"mainEntityOfPage\":{\"@id\":\"https:\/\/infoecos.com.ar\/index.php\/alerta-amarilla-por-fuertes-vientos-en-bahia-blanca\/\"},\"wordCount\":215,\"publisher\":{\"@id\":\"https:\/\/infoecos.com.ar\/#organization\"},\"image\":{\"@id\":\"https:\/\/infoecos.com.ar\/index.php\/alerta-amarilla-por-fuertes-vientos-en-bahia-blanca\/#primaryimage\"},\"thumbnailUrl\":\"https:\/\/infoecos.com.ar\/wp-content\/uploads\/2022\/03\/220329-temporal-viejo-1.jpg\",\"keywords\":[\"se esperan r\u00e1fagas de hasta 75 km\"],\"articleSection\":[\"C1 N1\"],\"inLanguage\":\"es\"},{\"@type\":\"WebPage\",\"@id\":\"https:\/\/infoecos.com.ar\/index.php\/alerta-amarilla-por-fuertes-vientos-en-bahia-blanca\/\",\"url\":\"https:\/\/infoecos.com.ar\/index.php\/alerta-amarilla-por-fuertes-vientos-en-bahia-blanca\/\",\"name\":\"Alerta Amarilla por fuertes vientos en Bah\u00eda Blanca - Infoecos\",\"isPartOf\":{\"@id\":\"https:\/\/infoecos.com.ar\/#website\"},\"primaryImageOfPage\":{\"@id\":\"https:\/\/infoecos.com.ar\/index.php\/alerta-amarilla-por-fuertes-vientos-en-bahia-blanca\/#primaryimage\"},\"image\":{\"@id\":\"https:\/\/infoecos.com.ar\/index.php\/alerta-amarilla-por-fuertes-vientos-en-bahia-blanca\/#primaryimage\"},\"thumbnailUrl\":\"https:\/\/infoecos.com.ar\/wp-content\/uploads\/2022\/03\/220329-temporal-viejo-1.jpg\",\"datePublished\":\"2022-03-30T03:43:00+00:00\",\"dateModified\":\"2022-03-30T03:44:31+00:00\",\"breadcrumb\":{\"@id\":\"https:\/\/infoecos.com.ar\/index.php\/alerta-amarilla-por-fuertes-vientos-en-bahia-blanca\/#breadcrumb\"},\"inLanguage\":\"es\",\"potentialAction\":[{\"@type\":\"ReadAction\",\"target\":[\"https:\/\/infoecos.com.ar\/index.php\/alerta-amarilla-por-fuertes-vientos-en-bahia-blanca\/\"]}]},{\"@type\":\"ImageObject\",\"inLanguage\":\"es\",\"@id\":\"https:\/\/infoecos.com.ar\/index.php\/alerta-amarilla-por-fuertes-vientos-en-bahia-blanca\/#primaryimage\",\"url\":\"https:\/\/infoecos.com.ar\/wp-content\/uploads\/2022\/03\/220329-temporal-viejo-1.jpg\",\"contentUrl\":\"https:\/\/infoecos.com.ar\/wp-content\/uploads\/2022\/03\/220329-temporal-viejo-1.jpg\",\"width\":1280,\"height\":853},{\"@type\":\"BreadcrumbList\",\"@id\":\"https:\/\/infoecos.com.ar\/index.php\/alerta-amarilla-por-fuertes-vientos-en-bahia-blanca\/#breadcrumb\",\"itemListElement\":[{\"@type\":\"ListItem\",\"position\":1,\"name\":\"Portada\",\"item\":\"https:\/\/infoecos.com.ar\/\"},{\"@type\":\"ListItem\",\"position\":2,\"name\":\"Alerta Amarilla por fuertes vientos en Bah\u00eda Blanca\"}]},{\"@type\":\"WebSite\",\"@id\":\"https:\/\/infoecos.com.ar\/#website\",\"url\":\"https:\/\/infoecos.com.ar\/\",\"name\":\"Infoecos\",\"description\":\"Noticias de trenque lauquen y la zona\",\"publisher\":{\"@id\":\"https:\/\/infoecos.com.ar\/#organization\"},\"alternateName\":\"Noticias\",\"potentialAction\":[{\"@type\":\"SearchAction\",\"target\":{\"@type\":\"EntryPoint\",\"urlTemplate\":\"https:\/\/infoecos.com.ar\/?s={search_term_string}\"},\"query-input\":{\"@type\":\"PropertyValueSpecification\",\"valueRequired\":true,\"valueName\":\"search_term_string\"}}],\"inLanguage\":\"es\"},{\"@type\":\"Organization\",\"@id\":\"https:\/\/infoecos.com.ar\/#organization\",\"name\":\"Infoecos\",\"alternateName\":\"Noticias\",\"url\":\"https:\/\/infoecos.com.ar\/\",\"logo\":{\"@type\":\"ImageObject\",\"inLanguage\":\"es\",\"@id\":\"https:\/\/infoecos.com.ar\/#\/schema\/logo\/image\/\",\"url\":\"https:\/\/infoecos.com.ar\/wp-content\/uploads\/2024\/03\/cropped-logo.png\",\"contentUrl\":\"https:\/\/infoecos.com.ar\/wp-content\/uploads\/2024\/03\/cropped-logo.png\",\"width\":374,\"height\":90,\"caption\":\"Infoecos\"},\"image\":{\"@id\":\"https:\/\/infoecos.com.ar\/#\/schema\/logo\/image\/\"},\"sameAs\":[\"https:\/\/www.facebook.com\/profile.php?id=100063200290284\",\"https:\/\/x.com\/infoecos\"]},{\"@type\":\"Person\",\"@id\":\"https:\/\/infoecos.com.ar\/#\/schema\/person\/8f5ace5ce73b4b4aac4b7245aee6f191\",\"name\":\"Jorge Matheus\",\"url\":\"https:\/\/infoecos.com.ar\/index.php\/author\/jomatheus\/\"}]}<\/script>\n<!-- \/ Yoast SEO plugin. -->","yoast_head_json":{"title":"Alerta Amarilla por fuertes vientos en Bah\u00eda Blanca - Infoecos","robots":{"index":"index","follow":"follow","max-snippet":"max-snippet:-1","max-image-preview":"max-image-preview:large","max-video-preview":"max-video-preview:-1"},"canonical":"https:\/\/infoecos.com.ar\/index.php\/alerta-amarilla-por-fuertes-vientos-en-bahia-blanca\/","og_locale":"es_ES","og_type":"article","og_title":"Alerta Amarilla por fuertes vientos en Bah\u00eda Blanca - Infoecos","og_description":"El pron\u00f3stico fue ratificado desde el \u00e1rea de Defensa Civil local y desde el municipio ya se indic\u00f3 que \"ante la posibilidad de ca\u00edda de ramas que hayan quedado inestables por el temporal\", se cerr\u00f3 el tr\u00e1nsito vehicular en los distintos parques","og_url":"https:\/\/infoecos.com.ar\/index.php\/alerta-amarilla-por-fuertes-vientos-en-bahia-blanca\/","og_site_name":"Infoecos","article_publisher":"https:\/\/www.facebook.com\/profile.php?id=100063200290284","article_published_time":"2022-03-30T03:43:00+00:00","article_modified_time":"2022-03-30T03:44:31+00:00","og_image":[{"width":1280,"height":853,"url":"https:\/\/infoecos.com.ar\/wp-content\/uploads\/2022\/03\/220329-temporal-viejo-1.jpg","type":"image\/jpeg"}],"author":"Jorge Matheus","twitter_card":"summary_large_image","twitter_creator":"@infoecos","twitter_site":"@infoecos","twitter_misc":{"Escrito por":"Jorge Matheus","Tiempo de lectura":"1 minuto"},"schema":{"@context":"https:\/\/schema.org","@graph":[{"@type":"Article","@id":"https:\/\/infoecos.com.ar\/index.php\/alerta-amarilla-por-fuertes-vientos-en-bahia-blanca\/#article","isPartOf":{"@id":"https:\/\/infoecos.com.ar\/index.php\/alerta-amarilla-por-fuertes-vientos-en-bahia-blanca\/"},"author":{"name":"Jorge Matheus","@id":"https:\/\/infoecos.com.ar\/#\/schema\/person\/8f5ace5ce73b4b4aac4b7245aee6f191"},"headline":"Alerta Amarilla por fuertes vientos en Bah\u00eda Blanca","datePublished":"2022-03-30T03:43:00+00:00","dateModified":"2022-03-30T03:44:31+00:00","mainEntityOfPage":{"@id":"https:\/\/infoecos.com.ar\/index.php\/alerta-amarilla-por-fuertes-vientos-en-bahia-blanca\/"},"wordCount":215,"publisher":{"@id":"https:\/\/infoecos.com.ar\/#organization"},"image":{"@id":"https:\/\/infoecos.com.ar\/index.php\/alerta-amarilla-por-fuertes-vientos-en-bahia-blanca\/#primaryimage"},"thumbnailUrl":"https:\/\/infoecos.com.ar\/wp-content\/uploads\/2022\/03\/220329-temporal-viejo-1.jpg","keywords":["se esperan r\u00e1fagas de hasta 75 km"],"articleSection":["C1 N1"],"inLanguage":"es"},{"@type":"WebPage","@id":"https:\/\/infoecos.com.ar\/index.php\/alerta-amarilla-por-fuertes-vientos-en-bahia-blanca\/","url":"https:\/\/infoecos.com.ar\/index.php\/alerta-amarilla-por-fuertes-vientos-en-bahia-blanca\/","name":"Alerta Amarilla por fuertes vientos en Bah\u00eda Blanca - Infoecos","isPartOf":{"@id":"https:\/\/infoecos.com.ar\/#website"},"primaryImageOfPage":{"@id":"https:\/\/infoecos.com.ar\/index.php\/alerta-amarilla-por-fuertes-vientos-en-bahia-blanca\/#primaryimage"},"image":{"@id":"https:\/\/infoecos.com.ar\/index.php\/alerta-amarilla-por-fuertes-vientos-en-bahia-blanca\/#primaryimage"},"thumbnailUrl":"https:\/\/infoecos.com.ar\/wp-content\/uploads\/2022\/03\/220329-temporal-viejo-1.jpg","datePublished":"2022-03-30T03:43:00+00:00","dateModified":"2022-03-30T03:44:31+00:00","breadcrumb":{"@id":"https:\/\/infoecos.com.ar\/index.php\/alerta-amarilla-por-fuertes-vientos-en-bahia-blanca\/#breadcrumb"},"inLanguage":"es","potentialAction":[{"@type":"ReadAction","target":["https:\/\/infoecos.com.ar\/index.php\/alerta-amarilla-por-fuertes-vientos-en-bahia-blanca\/"]}]},{"@type":"ImageObject","inLanguage":"es","@id":"https:\/\/infoecos.com.ar\/index.php\/alerta-amarilla-por-fuertes-vientos-en-bahia-blanca\/#primaryimage","url":"https:\/\/infoecos.com.ar\/wp-content\/uploads\/2022\/03\/220329-temporal-viejo-1.jpg","contentUrl":"https:\/\/infoecos.com.ar\/wp-content\/uploads\/2022\/03\/220329-temporal-viejo-1.jpg","width":1280,"height":853},{"@type":"BreadcrumbList","@id":"https:\/\/infoecos.com.ar\/index.php\/alerta-amarilla-por-fuertes-vientos-en-bahia-blanca\/#breadcrumb","itemListElement":[{"@type":"ListItem","position":1,"name":"Portada","item":"https:\/\/infoecos.com.ar\/"},{"@type":"ListItem","position":2,"name":"Alerta Amarilla por fuertes vientos en Bah\u00eda Blanca"}]},{"@type":"WebSite","@id":"https:\/\/infoecos.com.ar\/#website","url":"https:\/\/infoecos.com.ar\/","name":"Infoecos","description":"Noticias de trenque lauquen y la zona","publisher":{"@id":"https:\/\/infoecos.com.ar\/#organization"},"alternateName":"Noticias","potentialAction":[{"@type":"SearchAction","target":{"@type":"EntryPoint","urlTemplate":"https:\/\/infoecos.com.ar\/?s={search_term_string}"},"query-input":{"@type":"PropertyValueSpecification","valueRequired":true,"valueName":"search_term_string"}}],"inLanguage":"es"},{"@type":"Organization","@id":"https:\/\/infoecos.com.ar\/#organization","name":"Infoecos","alternateName":"Noticias","url":"https:\/\/infoecos.com.ar\/","logo":{"@type":"ImageObject","inLanguage":"es","@id":"https:\/\/infoecos.com.ar\/#\/schema\/logo\/image\/","url":"https:\/\/infoecos.com.ar\/wp-content\/uploads\/2024\/03\/cropped-logo.png","contentUrl":"https:\/\/infoecos.com.ar\/wp-content\/uploads\/2024\/03\/cropped-logo.png","width":374,"height":90,"caption":"Infoecos"},"image":{"@id":"https:\/\/infoecos.com.ar\/#\/schema\/logo\/image\/"},"sameAs":["https:\/\/www.facebook.com\/profile.php?id=100063200290284","https:\/\/x.com\/infoecos"]},{"@type":"Person","@id":"https:\/\/infoecos.com.ar\/#\/schema\/person\/8f5ace5ce73b4b4aac4b7245aee6f191","name":"Jorge Matheus","url":"https:\/\/infoecos.com.ar\/index.php\/author\/jomatheus\/"}]}},"featured_image_urls":{"full":["https:\/\/infoecos.com.ar\/wp-content\/uploads\/2022\/03\/220329-temporal-viejo-1.jpg",1280,853,false],"thumbnail":["https:\/\/infoecos.com.ar\/wp-content\/uploads\/2022\/03\/220329-temporal-viejo-1-150x150.jpg",150,150,true],"medium":["https:\/\/infoecos.com.ar\/wp-content\/uploads\/2022\/03\/220329-temporal-viejo-1-460x307.jpg",460,307,true],"medium_large":["https:\/\/infoecos.com.ar\/wp-content\/uploads\/2022\/03\/220329-temporal-viejo-1-768x512.jpg",640,427,true],"large":["https:\/\/infoecos.com.ar\/wp-content\/uploads\/2022\/03\/220329-temporal-viejo-1-920x613.jpg",640,426,true],"1536x1536":["https:\/\/infoecos.com.ar\/wp-content\/uploads\/2022\/03\/220329-temporal-viejo-1.jpg",1280,853,false],"2048x2048":["https:\/\/infoecos.com.ar\/wp-content\/uploads\/2022\/03\/220329-temporal-viejo-1.jpg",1280,853,false],"covernews-slider-full":["https:\/\/infoecos.com.ar\/wp-content\/uploads\/2022\/03\/220329-temporal-viejo-1.jpg",1073,715,false],"covernews-slider-center":["https:\/\/infoecos.com.ar\/wp-content\/uploads\/2022\/03\/220329-temporal-viejo-1-936x853.jpg",549,500,true],"covernews-featured":["https:\/\/infoecos.com.ar\/wp-content\/uploads\/2022\/03\/220329-temporal-viejo-1-1024x682.jpg",1024,682,true],"covernews-medium":["https:\/\/infoecos.com.ar\/wp-content\/uploads\/2022\/03\/220329-temporal-viejo-1-720x380.jpg",540,285,true],"covernews-medium-square":["https:\/\/infoecos.com.ar\/wp-content\/uploads\/2022\/03\/220329-temporal-viejo-1-675x450.jpg",375,250,true]},"author_info":{"info":["Jorge Matheus"]},"category_info":"<a href=\"https:\/\/infoecos.com.ar\/index.php\/category\/c1nota1\/\" rel=\"category tag\">C1 N1<\/a>","tag_info":"C1 N1","comment_count":"0","_links":{"self":[{"href":"https:\/\/infoecos.com.ar\/index.php\/wp-json\/wp\/v2\/posts\/90345"}],"collection":[{"href":"https:\/\/infoecos.com.ar\/index.php\/wp-json\/wp\/v2\/posts"}],"about":[{"href":"https:\/\/infoecos.com.ar\/index.php\/wp-json\/wp\/v2\/types\/post"}],"author":[{"embeddable":true,"href":"https:\/\/infoecos.com.ar\/index.php\/wp-json\/wp\/v2\/users\/2"}],"replies":[{"embeddable":true,"href":"https:\/\/infoecos.com.ar\/index.php\/wp-json\/wp\/v2\/comments?post=90345"}],"version-history":[{"count":1,"href":"https:\/\/infoecos.com.ar\/index.php\/wp-json\/wp\/v2\/posts\/90345\/revisions"}],"predecessor-version":[{"id":90347,"href":"https:\/\/infoecos.com.ar\/index.php\/wp-json\/wp\/v2\/posts\/90345\/revisions\/90347"}],"wp:featuredmedia":[{"embeddable":true,"href":"https:\/\/infoecos.com.ar\/index.php\/wp-json\/wp\/v2\/media\/90346"}],"wp:attachment":[{"href":"https:\/\/infoecos.com.ar\/index.php\/wp-json\/wp\/v2\/media?parent=90345"}],"wp:term":[{"taxonomy":"category","embeddable":true,"href":"https:\/\/infoecos.com.ar\/index.php\/wp-json\/wp\/v2\/categories?post=90345"},{"taxonomy":"post_tag","embeddable":true,"href":"https:\/\/infoecos.com.ar\/index.php\/wp-json\/wp\/v2\/tags?post=90345"}],"curies":[{"name":"wp","href":"https:\/\/api.w.org\/{rel}","templated":true}]}}