{"id":90364,"date":"2022-03-30T02:42:41","date_gmt":"2022-03-30T05:42:41","guid":{"rendered":"http:\/\/infoecos.com.ar\/?p=90364"},"modified":"2022-03-31T04:44:33","modified_gmt":"2022-03-31T07:44:33","slug":"aumenta-la-preocupacion-por-el-crecimiento-que-viene-experimentando-la-laguna-la-picasa","status":"publish","type":"post","link":"https:\/\/infoecos.com.ar\/index.php\/aumenta-la-preocupacion-por-el-crecimiento-que-viene-experimentando-la-laguna-la-picasa\/","title":{"rendered":"Aumenta la preocupaci\u00f3n por el crecimiento que viene experimentando la Laguna La Picasa"},"content":{"rendered":"\n<p>El Consejo de Entidades Empresarias de Santa Fe plante\u00f3 al gobierno provincial su preocupaci\u00f3n por el crecimiento de la cuenca de la laguna La Picasa, ante la posibilidad de que nuevamente se generen problemas para las poblaciones cercanas y sobre la producci\u00f3n del sur santafesino.<\/p>\n\n\n\n<div class=\"wp-block-image\"><figure class=\"aligncenter size-large\"><img loading=\"lazy\" decoding=\"async\" width=\"702\" height=\"398\" src=\"http:\/\/infoecos.com.ar\/wp-content\/uploads\/2022\/03\/1648397908797.jpg\" alt=\"\" class=\"wp-image-90365\" srcset=\"https:\/\/infoecos.com.ar\/wp-content\/uploads\/2022\/03\/1648397908797.jpg 702w, https:\/\/infoecos.com.ar\/wp-content\/uploads\/2022\/03\/1648397908797-460x261.jpg 460w\" sizes=\"(max-width: 702px) 100vw, 702px\" \/><\/figure><\/div>\n\n\n\n<p>De no tomarse medidas para impedir el avance de las aguas, s\u00f3lo este a\u00f1o se podr\u00edan perder 21 millones de d\u00f3lares por los anegamientos de la Laguna La Picasa sobre cultivos de soja, ma\u00edz y trigo, cifra que llegar\u00eda hasta los 34 millones en 2030.<\/p>\n","protected":false},"excerpt":{"rendered":"<p>De no tomarse medidas para impedir el avance de las aguas, s\u00f3lo este a\u00f1o se podr\u00edan perder 21 millones de d\u00f3lares por los anegamientos de la Laguna<\/p>\n","protected":false},"author":2,"featured_media":90365,"comment_status":"closed","ping_status":"open","sticky":false,"template":"","format":"standard","meta":{"footnotes":""},"categories":[1341],"tags":[5732],"class_list":["post-90364","post","type-post","status-publish","format-standard","has-post-thumbnail","hentry","category-c1nota7","tag-planteo-al-gobierno-santafesino"],"yoast_head":"<!-- This site is optimized with the Yoast SEO plugin v23.4 - https:\/\/yoast.com\/wordpress\/plugins\/seo\/ -->\n<title>Aumenta la preocupaci\u00f3n por el crecimiento que viene experimentando la Laguna La Picasa - Infoecos<\/title>\n<meta name=\"robots\" content=\"index, follow, max-snippet:-1, max-image-preview:large, max-video-preview:-1\" \/>\n<link rel=\"canonical\" href=\"https:\/\/infoecos.com.ar\/index.php\/aumenta-la-preocupacion-por-el-crecimiento-que-viene-experimentando-la-laguna-la-picasa\/\" \/>\n<meta property=\"og:locale\" content=\"es_ES\" \/>\n<meta property=\"og:type\" content=\"article\" \/>\n<meta property=\"og:title\" content=\"Aumenta la preocupaci\u00f3n por el crecimiento que viene experimentando la Laguna La Picasa - Infoecos\" \/>\n<meta property=\"og:description\" content=\"De no tomarse medidas para impedir el avance de las aguas, s\u00f3lo este a\u00f1o se podr\u00edan perder 21 millones de d\u00f3lares por los anegamientos de la Laguna\" \/>\n<meta property=\"og:url\" content=\"https:\/\/infoecos.com.ar\/index.php\/aumenta-la-preocupacion-por-el-crecimiento-que-viene-experimentando-la-laguna-la-picasa\/\" \/>\n<meta property=\"og:site_name\" content=\"Infoecos\" \/>\n<meta property=\"article:publisher\" content=\"https:\/\/www.facebook.com\/profile.php?id=100063200290284\" \/>\n<meta property=\"article:published_time\" content=\"2022-03-30T05:42:41+00:00\" \/>\n<meta property=\"article:modified_time\" content=\"2022-03-31T07:44:33+00:00\" \/>\n<meta property=\"og:image\" content=\"https:\/\/infoecos.com.ar\/wp-content\/uploads\/2022\/03\/1648397908797.jpg\" \/>\n\t<meta property=\"og:image:width\" content=\"702\" \/>\n\t<meta property=\"og:image:height\" content=\"398\" \/>\n\t<meta property=\"og:image:type\" content=\"image\/jpeg\" \/>\n<meta name=\"author\" content=\"Jorge Matheus\" \/>\n<meta name=\"twitter:card\" content=\"summary_large_image\" \/>\n<meta name=\"twitter:creator\" content=\"@infoecos\" \/>\n<meta name=\"twitter:site\" content=\"@infoecos\" \/>\n<meta name=\"twitter:label1\" content=\"Escrito por\" \/>\n\t<meta name=\"twitter:data1\" content=\"Jorge Matheus\" \/>\n<script type=\"application\/ld+json\" class=\"yoast-schema-graph\">{\"@context\":\"https:\/\/schema.org\",\"@graph\":[{\"@type\":\"Article\",\"@id\":\"https:\/\/infoecos.com.ar\/index.php\/aumenta-la-preocupacion-por-el-crecimiento-que-viene-experimentando-la-laguna-la-picasa\/#article\",\"isPartOf\":{\"@id\":\"https:\/\/infoecos.com.ar\/index.php\/aumenta-la-preocupacion-por-el-crecimiento-que-viene-experimentando-la-laguna-la-picasa\/\"},\"author\":{\"name\":\"Jorge Matheus\",\"@id\":\"https:\/\/infoecos.com.ar\/#\/schema\/person\/8f5ace5ce73b4b4aac4b7245aee6f191\"},\"headline\":\"Aumenta la preocupaci\u00f3n por el crecimiento que viene experimentando la Laguna La Picasa\",\"datePublished\":\"2022-03-30T05:42:41+00:00\",\"dateModified\":\"2022-03-31T07:44:33+00:00\",\"mainEntityOfPage\":{\"@id\":\"https:\/\/infoecos.com.ar\/index.php\/aumenta-la-preocupacion-por-el-crecimiento-que-viene-experimentando-la-laguna-la-picasa\/\"},\"wordCount\":109,\"publisher\":{\"@id\":\"https:\/\/infoecos.com.ar\/#organization\"},\"image\":{\"@id\":\"https:\/\/infoecos.com.ar\/index.php\/aumenta-la-preocupacion-por-el-crecimiento-que-viene-experimentando-la-laguna-la-picasa\/#primaryimage\"},\"thumbnailUrl\":\"https:\/\/infoecos.com.ar\/wp-content\/uploads\/2022\/03\/1648397908797.jpg\",\"keywords\":[\"PLANTEO AL GOBIERNO SANTAFESINO\"],\"articleSection\":[\"C1 nota 7\"],\"inLanguage\":\"es\"},{\"@type\":\"WebPage\",\"@id\":\"https:\/\/infoecos.com.ar\/index.php\/aumenta-la-preocupacion-por-el-crecimiento-que-viene-experimentando-la-laguna-la-picasa\/\",\"url\":\"https:\/\/infoecos.com.ar\/index.php\/aumenta-la-preocupacion-por-el-crecimiento-que-viene-experimentando-la-laguna-la-picasa\/\",\"name\":\"Aumenta la preocupaci\u00f3n por el crecimiento que viene experimentando la Laguna La Picasa - Infoecos\",\"isPartOf\":{\"@id\":\"https:\/\/infoecos.com.ar\/#website\"},\"primaryImageOfPage\":{\"@id\":\"https:\/\/infoecos.com.ar\/index.php\/aumenta-la-preocupacion-por-el-crecimiento-que-viene-experimentando-la-laguna-la-picasa\/#primaryimage\"},\"image\":{\"@id\":\"https:\/\/infoecos.com.ar\/index.php\/aumenta-la-preocupacion-por-el-crecimiento-que-viene-experimentando-la-laguna-la-picasa\/#primaryimage\"},\"thumbnailUrl\":\"https:\/\/infoecos.com.ar\/wp-content\/uploads\/2022\/03\/1648397908797.jpg\",\"datePublished\":\"2022-03-30T05:42:41+00:00\",\"dateModified\":\"2022-03-31T07:44:33+00:00\",\"breadcrumb\":{\"@id\":\"https:\/\/infoecos.com.ar\/index.php\/aumenta-la-preocupacion-por-el-crecimiento-que-viene-experimentando-la-laguna-la-picasa\/#breadcrumb\"},\"inLanguage\":\"es\",\"potentialAction\":[{\"@type\":\"ReadAction\",\"target\":[\"https:\/\/infoecos.com.ar\/index.php\/aumenta-la-preocupacion-por-el-crecimiento-que-viene-experimentando-la-laguna-la-picasa\/\"]}]},{\"@type\":\"ImageObject\",\"inLanguage\":\"es\",\"@id\":\"https:\/\/infoecos.com.ar\/index.php\/aumenta-la-preocupacion-por-el-crecimiento-que-viene-experimentando-la-laguna-la-picasa\/#primaryimage\",\"url\":\"https:\/\/infoecos.com.ar\/wp-content\/uploads\/2022\/03\/1648397908797.jpg\",\"contentUrl\":\"https:\/\/infoecos.com.ar\/wp-content\/uploads\/2022\/03\/1648397908797.jpg\",\"width\":702,\"height\":398},{\"@type\":\"BreadcrumbList\",\"@id\":\"https:\/\/infoecos.com.ar\/index.php\/aumenta-la-preocupacion-por-el-crecimiento-que-viene-experimentando-la-laguna-la-picasa\/#breadcrumb\",\"itemListElement\":[{\"@type\":\"ListItem\",\"position\":1,\"name\":\"Portada\",\"item\":\"https:\/\/infoecos.com.ar\/\"},{\"@type\":\"ListItem\",\"position\":2,\"name\":\"Aumenta la preocupaci\u00f3n por el crecimiento que viene experimentando la Laguna La Picasa\"}]},{\"@type\":\"WebSite\",\"@id\":\"https:\/\/infoecos.com.ar\/#website\",\"url\":\"https:\/\/infoecos.com.ar\/\",\"name\":\"Infoecos\",\"description\":\"Noticias de trenque lauquen y la zona\",\"publisher\":{\"@id\":\"https:\/\/infoecos.com.ar\/#organization\"},\"alternateName\":\"Noticias\",\"potentialAction\":[{\"@type\":\"SearchAction\",\"target\":{\"@type\":\"EntryPoint\",\"urlTemplate\":\"https:\/\/infoecos.com.ar\/?s={search_term_string}\"},\"query-input\":{\"@type\":\"PropertyValueSpecification\",\"valueRequired\":true,\"valueName\":\"search_term_string\"}}],\"inLanguage\":\"es\"},{\"@type\":\"Organization\",\"@id\":\"https:\/\/infoecos.com.ar\/#organization\",\"name\":\"Infoecos\",\"alternateName\":\"Noticias\",\"url\":\"https:\/\/infoecos.com.ar\/\",\"logo\":{\"@type\":\"ImageObject\",\"inLanguage\":\"es\",\"@id\":\"https:\/\/infoecos.com.ar\/#\/schema\/logo\/image\/\",\"url\":\"https:\/\/infoecos.com.ar\/wp-content\/uploads\/2024\/03\/cropped-logo.png\",\"contentUrl\":\"https:\/\/infoecos.com.ar\/wp-content\/uploads\/2024\/03\/cropped-logo.png\",\"width\":374,\"height\":90,\"caption\":\"Infoecos\"},\"image\":{\"@id\":\"https:\/\/infoecos.com.ar\/#\/schema\/logo\/image\/\"},\"sameAs\":[\"https:\/\/www.facebook.com\/profile.php?id=100063200290284\",\"https:\/\/x.com\/infoecos\"]},{\"@type\":\"Person\",\"@id\":\"https:\/\/infoecos.com.ar\/#\/schema\/person\/8f5ace5ce73b4b4aac4b7245aee6f191\",\"name\":\"Jorge Matheus\",\"url\":\"https:\/\/infoecos.com.ar\/index.php\/author\/jomatheus\/\"}]}<\/script>\n<!-- \/ Yoast SEO plugin. -->","yoast_head_json":{"title":"Aumenta la preocupaci\u00f3n por el crecimiento que viene experimentando la Laguna La Picasa - Infoecos","robots":{"index":"index","follow":"follow","max-snippet":"max-snippet:-1","max-image-preview":"max-image-preview:large","max-video-preview":"max-video-preview:-1"},"canonical":"https:\/\/infoecos.com.ar\/index.php\/aumenta-la-preocupacion-por-el-crecimiento-que-viene-experimentando-la-laguna-la-picasa\/","og_locale":"es_ES","og_type":"article","og_title":"Aumenta la preocupaci\u00f3n por el crecimiento que viene experimentando la Laguna La Picasa - Infoecos","og_description":"De no tomarse medidas para impedir el avance de las aguas, s\u00f3lo este a\u00f1o se podr\u00edan perder 21 millones de d\u00f3lares por los anegamientos de la Laguna","og_url":"https:\/\/infoecos.com.ar\/index.php\/aumenta-la-preocupacion-por-el-crecimiento-que-viene-experimentando-la-laguna-la-picasa\/","og_site_name":"Infoecos","article_publisher":"https:\/\/www.facebook.com\/profile.php?id=100063200290284","article_published_time":"2022-03-30T05:42:41+00:00","article_modified_time":"2022-03-31T07:44:33+00:00","og_image":[{"width":702,"height":398,"url":"https:\/\/infoecos.com.ar\/wp-content\/uploads\/2022\/03\/1648397908797.jpg","type":"image\/jpeg"}],"author":"Jorge Matheus","twitter_card":"summary_large_image","twitter_creator":"@infoecos","twitter_site":"@infoecos","twitter_misc":{"Escrito por":"Jorge Matheus"},"schema":{"@context":"https:\/\/schema.org","@graph":[{"@type":"Article","@id":"https:\/\/infoecos.com.ar\/index.php\/aumenta-la-preocupacion-por-el-crecimiento-que-viene-experimentando-la-laguna-la-picasa\/#article","isPartOf":{"@id":"https:\/\/infoecos.com.ar\/index.php\/aumenta-la-preocupacion-por-el-crecimiento-que-viene-experimentando-la-laguna-la-picasa\/"},"author":{"name":"Jorge Matheus","@id":"https:\/\/infoecos.com.ar\/#\/schema\/person\/8f5ace5ce73b4b4aac4b7245aee6f191"},"headline":"Aumenta la preocupaci\u00f3n por el crecimiento que viene experimentando la Laguna La Picasa","datePublished":"2022-03-30T05:42:41+00:00","dateModified":"2022-03-31T07:44:33+00:00","mainEntityOfPage":{"@id":"https:\/\/infoecos.com.ar\/index.php\/aumenta-la-preocupacion-por-el-crecimiento-que-viene-experimentando-la-laguna-la-picasa\/"},"wordCount":109,"publisher":{"@id":"https:\/\/infoecos.com.ar\/#organization"},"image":{"@id":"https:\/\/infoecos.com.ar\/index.php\/aumenta-la-preocupacion-por-el-crecimiento-que-viene-experimentando-la-laguna-la-picasa\/#primaryimage"},"thumbnailUrl":"https:\/\/infoecos.com.ar\/wp-content\/uploads\/2022\/03\/1648397908797.jpg","keywords":["PLANTEO AL GOBIERNO SANTAFESINO"],"articleSection":["C1 nota 7"],"inLanguage":"es"},{"@type":"WebPage","@id":"https:\/\/infoecos.com.ar\/index.php\/aumenta-la-preocupacion-por-el-crecimiento-que-viene-experimentando-la-laguna-la-picasa\/","url":"https:\/\/infoecos.com.ar\/index.php\/aumenta-la-preocupacion-por-el-crecimiento-que-viene-experimentando-la-laguna-la-picasa\/","name":"Aumenta la preocupaci\u00f3n por el crecimiento que viene experimentando la Laguna La Picasa - Infoecos","isPartOf":{"@id":"https:\/\/infoecos.com.ar\/#website"},"primaryImageOfPage":{"@id":"https:\/\/infoecos.com.ar\/index.php\/aumenta-la-preocupacion-por-el-crecimiento-que-viene-experimentando-la-laguna-la-picasa\/#primaryimage"},"image":{"@id":"https:\/\/infoecos.com.ar\/index.php\/aumenta-la-preocupacion-por-el-crecimiento-que-viene-experimentando-la-laguna-la-picasa\/#primaryimage"},"thumbnailUrl":"https:\/\/infoecos.com.ar\/wp-content\/uploads\/2022\/03\/1648397908797.jpg","datePublished":"2022-03-30T05:42:41+00:00","dateModified":"2022-03-31T07:44:33+00:00","breadcrumb":{"@id":"https:\/\/infoecos.com.ar\/index.php\/aumenta-la-preocupacion-por-el-crecimiento-que-viene-experimentando-la-laguna-la-picasa\/#breadcrumb"},"inLanguage":"es","potentialAction":[{"@type":"ReadAction","target":["https:\/\/infoecos.com.ar\/index.php\/aumenta-la-preocupacion-por-el-crecimiento-que-viene-experimentando-la-laguna-la-picasa\/"]}]},{"@type":"ImageObject","inLanguage":"es","@id":"https:\/\/infoecos.com.ar\/index.php\/aumenta-la-preocupacion-por-el-crecimiento-que-viene-experimentando-la-laguna-la-picasa\/#primaryimage","url":"https:\/\/infoecos.com.ar\/wp-content\/uploads\/2022\/03\/1648397908797.jpg","contentUrl":"https:\/\/infoecos.com.ar\/wp-content\/uploads\/2022\/03\/1648397908797.jpg","width":702,"height":398},{"@type":"BreadcrumbList","@id":"https:\/\/infoecos.com.ar\/index.php\/aumenta-la-preocupacion-por-el-crecimiento-que-viene-experimentando-la-laguna-la-picasa\/#breadcrumb","itemListElement":[{"@type":"ListItem","position":1,"name":"Portada","item":"https:\/\/infoecos.com.ar\/"},{"@type":"ListItem","position":2,"name":"Aumenta la preocupaci\u00f3n por el crecimiento que viene experimentando la Laguna La Picasa"}]},{"@type":"WebSite","@id":"https:\/\/infoecos.com.ar\/#website","url":"https:\/\/infoecos.com.ar\/","name":"Infoecos","description":"Noticias de trenque lauquen y la zona","publisher":{"@id":"https:\/\/infoecos.com.ar\/#organization"},"alternateName":"Noticias","potentialAction":[{"@type":"SearchAction","target":{"@type":"EntryPoint","urlTemplate":"https:\/\/infoecos.com.ar\/?s={search_term_string}"},"query-input":{"@type":"PropertyValueSpecification","valueRequired":true,"valueName":"search_term_string"}}],"inLanguage":"es"},{"@type":"Organization","@id":"https:\/\/infoecos.com.ar\/#organization","name":"Infoecos","alternateName":"Noticias","url":"https:\/\/infoecos.com.ar\/","logo":{"@type":"ImageObject","inLanguage":"es","@id":"https:\/\/infoecos.com.ar\/#\/schema\/logo\/image\/","url":"https:\/\/infoecos.com.ar\/wp-content\/uploads\/2024\/03\/cropped-logo.png","contentUrl":"https:\/\/infoecos.com.ar\/wp-content\/uploads\/2024\/03\/cropped-logo.png","width":374,"height":90,"caption":"Infoecos"},"image":{"@id":"https:\/\/infoecos.com.ar\/#\/schema\/logo\/image\/"},"sameAs":["https:\/\/www.facebook.com\/profile.php?id=100063200290284","https:\/\/x.com\/infoecos"]},{"@type":"Person","@id":"https:\/\/infoecos.com.ar\/#\/schema\/person\/8f5ace5ce73b4b4aac4b7245aee6f191","name":"Jorge Matheus","url":"https:\/\/infoecos.com.ar\/index.php\/author\/jomatheus\/"}]}},"featured_image_urls":{"full":["https:\/\/infoecos.com.ar\/wp-content\/uploads\/2022\/03\/1648397908797.jpg",702,398,false],"thumbnail":["https:\/\/infoecos.com.ar\/wp-content\/uploads\/2022\/03\/1648397908797-150x150.jpg",150,150,true],"medium":["https:\/\/infoecos.com.ar\/wp-content\/uploads\/2022\/03\/1648397908797-460x261.jpg",460,261,true],"medium_large":["https:\/\/infoecos.com.ar\/wp-content\/uploads\/2022\/03\/1648397908797.jpg",640,363,false],"large":["https:\/\/infoecos.com.ar\/wp-content\/uploads\/2022\/03\/1648397908797.jpg",640,363,false],"1536x1536":["https:\/\/infoecos.com.ar\/wp-content\/uploads\/2022\/03\/1648397908797.jpg",702,398,false],"2048x2048":["https:\/\/infoecos.com.ar\/wp-content\/uploads\/2022\/03\/1648397908797.jpg",702,398,false],"covernews-slider-full":["https:\/\/infoecos.com.ar\/wp-content\/uploads\/2022\/03\/1648397908797.jpg",702,398,false],"covernews-slider-center":["https:\/\/infoecos.com.ar\/wp-content\/uploads\/2022\/03\/1648397908797.jpg",702,398,false],"covernews-featured":["https:\/\/infoecos.com.ar\/wp-content\/uploads\/2022\/03\/1648397908797.jpg",702,398,false],"covernews-medium":["https:\/\/infoecos.com.ar\/wp-content\/uploads\/2022\/03\/1648397908797-702x380.jpg",540,292,true],"covernews-medium-square":["https:\/\/infoecos.com.ar\/wp-content\/uploads\/2022\/03\/1648397908797-675x398.jpg",400,236,true]},"author_info":{"info":["Jorge Matheus"]},"category_info":"<a href=\"https:\/\/infoecos.com.ar\/index.php\/category\/c1nota7\/\" rel=\"category tag\">C1 nota 7<\/a>","tag_info":"C1 nota 7","comment_count":"0","_links":{"self":[{"href":"https:\/\/infoecos.com.ar\/index.php\/wp-json\/wp\/v2\/posts\/90364"}],"collection":[{"href":"https:\/\/infoecos.com.ar\/index.php\/wp-json\/wp\/v2\/posts"}],"about":[{"href":"https:\/\/infoecos.com.ar\/index.php\/wp-json\/wp\/v2\/types\/post"}],"author":[{"embeddable":true,"href":"https:\/\/infoecos.com.ar\/index.php\/wp-json\/wp\/v2\/users\/2"}],"replies":[{"embeddable":true,"href":"https:\/\/infoecos.com.ar\/index.php\/wp-json\/wp\/v2\/comments?post=90364"}],"version-history":[{"count":1,"href":"https:\/\/infoecos.com.ar\/index.php\/wp-json\/wp\/v2\/posts\/90364\/revisions"}],"predecessor-version":[{"id":90366,"href":"https:\/\/infoecos.com.ar\/index.php\/wp-json\/wp\/v2\/posts\/90364\/revisions\/90366"}],"wp:featuredmedia":[{"embeddable":true,"href":"https:\/\/infoecos.com.ar\/index.php\/wp-json\/wp\/v2\/media\/90365"}],"wp:attachment":[{"href":"https:\/\/infoecos.com.ar\/index.php\/wp-json\/wp\/v2\/media?parent=90364"}],"wp:term":[{"taxonomy":"category","embeddable":true,"href":"https:\/\/infoecos.com.ar\/index.php\/wp-json\/wp\/v2\/categories?post=90364"},{"taxonomy":"post_tag","embeddable":true,"href":"https:\/\/infoecos.com.ar\/index.php\/wp-json\/wp\/v2\/tags?post=90364"}],"curies":[{"name":"wp","href":"https:\/\/api.w.org\/{rel}","templated":true}]}}