{"id":90370,"date":"2022-03-30T02:58:08","date_gmt":"2022-03-30T05:58:08","guid":{"rendered":"http:\/\/infoecos.com.ar\/?p=90370"},"modified":"2022-03-30T02:58:09","modified_gmt":"2022-03-30T05:58:09","slug":"ypf-comunico-que-la-provision-de-gasoil-en-el-canal-mayorista-esta-garantizado","status":"publish","type":"post","link":"https:\/\/infoecos.com.ar\/index.php\/ypf-comunico-que-la-provision-de-gasoil-en-el-canal-mayorista-esta-garantizado\/","title":{"rendered":"YPF comunic\u00f3 que la provisi\u00f3n de gasoil en el canal mayorista est\u00e1 garantizado"},"content":{"rendered":"\n<p>El gasoil para la cosecha en el canal mayorista est\u00e1 garantizado, tanto por\u00a0<a href=\"https:\/\/infocielo.com\/ypf-a1338\">YPF<\/a>\u00a0como por el resto de los refinadores del pa\u00eds. En ese sentido, desde el sector de los combustibles se\u00f1alan que en lo que va del mes la venta en el canal mayorista de GNC baj\u00f3 un 2,5%.<\/p>\n\n\n\n<div class=\"wp-block-image\"><figure class=\"aligncenter size-large\"><img loading=\"lazy\" decoding=\"async\" width=\"512\" height=\"351\" src=\"http:\/\/infoecos.com.ar\/wp-content\/uploads\/2021\/03\/ypfsurtidores.jpg\" alt=\"\" class=\"wp-image-76046\" srcset=\"https:\/\/infoecos.com.ar\/wp-content\/uploads\/2021\/03\/ypfsurtidores.jpg 512w, https:\/\/infoecos.com.ar\/wp-content\/uploads\/2021\/03\/ypfsurtidores-460x315.jpg 460w\" sizes=\"(max-width: 512px) 100vw, 512px\" \/><\/figure><\/div>\n\n\n\n<p>La confirmaci\u00f3n lleg\u00f3 mediante un comunicado oficial de la petrolera de bandera YPF. \u00abEst\u00e1 garantizado el abastecimiento de gasoil para los consumidores del canal mayorista\u00bb, se\u00f1alaron en una misiva distribuida anoche.<\/p>\n\n\n\n<p>YPF se\u00f1al\u00f3 que \u00abgarantiza el acceso al gasoil a los productores agropecuarios\u00bb y se\u00f1al\u00f3 que \u00abdurante el primer trimestre de este a\u00f1o, seg\u00fan cifras oficiales, el consumo de gasoil grado 2 tuvo un crecimiento del 12% aproximadamente\u00bb mientras que \u00abel canal mayorista comenz\u00f3 a registrar una ca\u00edda en sus ventas del 2,5% promedio, lo que indica una leve migraci\u00f3n de consumidores mayoristas al canal minorista y complejiza los requerimientos log\u00edsticos\u00bb.<\/p>\n","protected":false},"excerpt":{"rendered":"<p>La confirmaci\u00f3n lleg\u00f3 mediante un comunicado oficial de la petrolera de bandera YPF. \u00abEst\u00e1 garantizado el abastecimiento de gasoil para los consumidores del canal mayorista\u00bb, se\u00f1alaron en una misiva distribuida anoche<\/p>\n","protected":false},"author":2,"featured_media":76046,"comment_status":"closed","ping_status":"open","sticky":false,"template":"","format":"standard","meta":{"footnotes":""},"categories":[48],"tags":[5734],"class_list":["post-90370","post","type-post","status-publish","format-standard","has-post-thumbnail","hentry","category-c2nota3","tag-lo-hizo-a-traves-de-un-comunicado"],"yoast_head":"<!-- This site is optimized with the Yoast SEO plugin v23.4 - https:\/\/yoast.com\/wordpress\/plugins\/seo\/ -->\n<title>YPF comunic\u00f3 que la provisi\u00f3n de gasoil en el canal mayorista est\u00e1 garantizado - Infoecos<\/title>\n<meta name=\"robots\" content=\"index, follow, max-snippet:-1, max-image-preview:large, max-video-preview:-1\" \/>\n<link rel=\"canonical\" href=\"https:\/\/infoecos.com.ar\/index.php\/ypf-comunico-que-la-provision-de-gasoil-en-el-canal-mayorista-esta-garantizado\/\" \/>\n<meta property=\"og:locale\" content=\"es_ES\" \/>\n<meta property=\"og:type\" content=\"article\" \/>\n<meta property=\"og:title\" content=\"YPF comunic\u00f3 que la provisi\u00f3n de gasoil en el canal mayorista est\u00e1 garantizado - Infoecos\" \/>\n<meta property=\"og:description\" content=\"La confirmaci\u00f3n lleg\u00f3 mediante un comunicado oficial de la petrolera de bandera YPF. &quot;Est\u00e1 garantizado el abastecimiento de gasoil para los consumidores del canal mayorista&quot;, se\u00f1alaron en una misiva distribuida anoche\" \/>\n<meta property=\"og:url\" content=\"https:\/\/infoecos.com.ar\/index.php\/ypf-comunico-que-la-provision-de-gasoil-en-el-canal-mayorista-esta-garantizado\/\" \/>\n<meta property=\"og:site_name\" content=\"Infoecos\" \/>\n<meta property=\"article:publisher\" content=\"https:\/\/www.facebook.com\/profile.php?id=100063200290284\" \/>\n<meta property=\"article:published_time\" content=\"2022-03-30T05:58:08+00:00\" \/>\n<meta property=\"article:modified_time\" content=\"2022-03-30T05:58:09+00:00\" \/>\n<meta property=\"og:image\" content=\"https:\/\/infoecos.com.ar\/wp-content\/uploads\/2021\/03\/ypfsurtidores.jpg\" \/>\n\t<meta property=\"og:image:width\" content=\"512\" \/>\n\t<meta property=\"og:image:height\" content=\"351\" \/>\n\t<meta property=\"og:image:type\" content=\"image\/jpeg\" \/>\n<meta name=\"author\" content=\"Jorge Matheus\" \/>\n<meta name=\"twitter:card\" content=\"summary_large_image\" \/>\n<meta name=\"twitter:creator\" content=\"@infoecos\" \/>\n<meta name=\"twitter:site\" content=\"@infoecos\" \/>\n<meta name=\"twitter:label1\" content=\"Escrito por\" \/>\n\t<meta name=\"twitter:data1\" content=\"Jorge Matheus\" \/>\n\t<meta name=\"twitter:label2\" content=\"Tiempo de lectura\" \/>\n\t<meta name=\"twitter:data2\" content=\"1 minuto\" \/>\n<script type=\"application\/ld+json\" class=\"yoast-schema-graph\">{\"@context\":\"https:\/\/schema.org\",\"@graph\":[{\"@type\":\"Article\",\"@id\":\"https:\/\/infoecos.com.ar\/index.php\/ypf-comunico-que-la-provision-de-gasoil-en-el-canal-mayorista-esta-garantizado\/#article\",\"isPartOf\":{\"@id\":\"https:\/\/infoecos.com.ar\/index.php\/ypf-comunico-que-la-provision-de-gasoil-en-el-canal-mayorista-esta-garantizado\/\"},\"author\":{\"name\":\"Jorge Matheus\",\"@id\":\"https:\/\/infoecos.com.ar\/#\/schema\/person\/8f5ace5ce73b4b4aac4b7245aee6f191\"},\"headline\":\"YPF comunic\u00f3 que la provisi\u00f3n de gasoil en el canal mayorista est\u00e1 garantizado\",\"datePublished\":\"2022-03-30T05:58:08+00:00\",\"dateModified\":\"2022-03-30T05:58:09+00:00\",\"mainEntityOfPage\":{\"@id\":\"https:\/\/infoecos.com.ar\/index.php\/ypf-comunico-que-la-provision-de-gasoil-en-el-canal-mayorista-esta-garantizado\/\"},\"wordCount\":173,\"publisher\":{\"@id\":\"https:\/\/infoecos.com.ar\/#organization\"},\"image\":{\"@id\":\"https:\/\/infoecos.com.ar\/index.php\/ypf-comunico-que-la-provision-de-gasoil-en-el-canal-mayorista-esta-garantizado\/#primaryimage\"},\"thumbnailUrl\":\"https:\/\/infoecos.com.ar\/wp-content\/uploads\/2021\/03\/ypfsurtidores.jpg\",\"keywords\":[\"LO HIZO A TRAV\u00c9S DE UN COMUNICADO\"],\"articleSection\":[\"C2 N3\"],\"inLanguage\":\"es\"},{\"@type\":\"WebPage\",\"@id\":\"https:\/\/infoecos.com.ar\/index.php\/ypf-comunico-que-la-provision-de-gasoil-en-el-canal-mayorista-esta-garantizado\/\",\"url\":\"https:\/\/infoecos.com.ar\/index.php\/ypf-comunico-que-la-provision-de-gasoil-en-el-canal-mayorista-esta-garantizado\/\",\"name\":\"YPF comunic\u00f3 que la provisi\u00f3n de gasoil en el canal mayorista est\u00e1 garantizado - Infoecos\",\"isPartOf\":{\"@id\":\"https:\/\/infoecos.com.ar\/#website\"},\"primaryImageOfPage\":{\"@id\":\"https:\/\/infoecos.com.ar\/index.php\/ypf-comunico-que-la-provision-de-gasoil-en-el-canal-mayorista-esta-garantizado\/#primaryimage\"},\"image\":{\"@id\":\"https:\/\/infoecos.com.ar\/index.php\/ypf-comunico-que-la-provision-de-gasoil-en-el-canal-mayorista-esta-garantizado\/#primaryimage\"},\"thumbnailUrl\":\"https:\/\/infoecos.com.ar\/wp-content\/uploads\/2021\/03\/ypfsurtidores.jpg\",\"datePublished\":\"2022-03-30T05:58:08+00:00\",\"dateModified\":\"2022-03-30T05:58:09+00:00\",\"breadcrumb\":{\"@id\":\"https:\/\/infoecos.com.ar\/index.php\/ypf-comunico-que-la-provision-de-gasoil-en-el-canal-mayorista-esta-garantizado\/#breadcrumb\"},\"inLanguage\":\"es\",\"potentialAction\":[{\"@type\":\"ReadAction\",\"target\":[\"https:\/\/infoecos.com.ar\/index.php\/ypf-comunico-que-la-provision-de-gasoil-en-el-canal-mayorista-esta-garantizado\/\"]}]},{\"@type\":\"ImageObject\",\"inLanguage\":\"es\",\"@id\":\"https:\/\/infoecos.com.ar\/index.php\/ypf-comunico-que-la-provision-de-gasoil-en-el-canal-mayorista-esta-garantizado\/#primaryimage\",\"url\":\"https:\/\/infoecos.com.ar\/wp-content\/uploads\/2021\/03\/ypfsurtidores.jpg\",\"contentUrl\":\"https:\/\/infoecos.com.ar\/wp-content\/uploads\/2021\/03\/ypfsurtidores.jpg\",\"width\":512,\"height\":351},{\"@type\":\"BreadcrumbList\",\"@id\":\"https:\/\/infoecos.com.ar\/index.php\/ypf-comunico-que-la-provision-de-gasoil-en-el-canal-mayorista-esta-garantizado\/#breadcrumb\",\"itemListElement\":[{\"@type\":\"ListItem\",\"position\":1,\"name\":\"Portada\",\"item\":\"https:\/\/infoecos.com.ar\/\"},{\"@type\":\"ListItem\",\"position\":2,\"name\":\"YPF comunic\u00f3 que la provisi\u00f3n de gasoil en el canal mayorista est\u00e1 garantizado\"}]},{\"@type\":\"WebSite\",\"@id\":\"https:\/\/infoecos.com.ar\/#website\",\"url\":\"https:\/\/infoecos.com.ar\/\",\"name\":\"Infoecos\",\"description\":\"Noticias de trenque lauquen y la zona\",\"publisher\":{\"@id\":\"https:\/\/infoecos.com.ar\/#organization\"},\"alternateName\":\"Noticias\",\"potentialAction\":[{\"@type\":\"SearchAction\",\"target\":{\"@type\":\"EntryPoint\",\"urlTemplate\":\"https:\/\/infoecos.com.ar\/?s={search_term_string}\"},\"query-input\":{\"@type\":\"PropertyValueSpecification\",\"valueRequired\":true,\"valueName\":\"search_term_string\"}}],\"inLanguage\":\"es\"},{\"@type\":\"Organization\",\"@id\":\"https:\/\/infoecos.com.ar\/#organization\",\"name\":\"Infoecos\",\"alternateName\":\"Noticias\",\"url\":\"https:\/\/infoecos.com.ar\/\",\"logo\":{\"@type\":\"ImageObject\",\"inLanguage\":\"es\",\"@id\":\"https:\/\/infoecos.com.ar\/#\/schema\/logo\/image\/\",\"url\":\"https:\/\/infoecos.com.ar\/wp-content\/uploads\/2024\/03\/cropped-logo.png\",\"contentUrl\":\"https:\/\/infoecos.com.ar\/wp-content\/uploads\/2024\/03\/cropped-logo.png\",\"width\":374,\"height\":90,\"caption\":\"Infoecos\"},\"image\":{\"@id\":\"https:\/\/infoecos.com.ar\/#\/schema\/logo\/image\/\"},\"sameAs\":[\"https:\/\/www.facebook.com\/profile.php?id=100063200290284\",\"https:\/\/x.com\/infoecos\"]},{\"@type\":\"Person\",\"@id\":\"https:\/\/infoecos.com.ar\/#\/schema\/person\/8f5ace5ce73b4b4aac4b7245aee6f191\",\"name\":\"Jorge Matheus\",\"url\":\"https:\/\/infoecos.com.ar\/index.php\/author\/jomatheus\/\"}]}<\/script>\n<!-- \/ Yoast SEO plugin. -->","yoast_head_json":{"title":"YPF comunic\u00f3 que la provisi\u00f3n de gasoil en el canal mayorista est\u00e1 garantizado - Infoecos","robots":{"index":"index","follow":"follow","max-snippet":"max-snippet:-1","max-image-preview":"max-image-preview:large","max-video-preview":"max-video-preview:-1"},"canonical":"https:\/\/infoecos.com.ar\/index.php\/ypf-comunico-que-la-provision-de-gasoil-en-el-canal-mayorista-esta-garantizado\/","og_locale":"es_ES","og_type":"article","og_title":"YPF comunic\u00f3 que la provisi\u00f3n de gasoil en el canal mayorista est\u00e1 garantizado - Infoecos","og_description":"La confirmaci\u00f3n lleg\u00f3 mediante un comunicado oficial de la petrolera de bandera YPF. \"Est\u00e1 garantizado el abastecimiento de gasoil para los consumidores del canal mayorista\", se\u00f1alaron en una misiva distribuida anoche","og_url":"https:\/\/infoecos.com.ar\/index.php\/ypf-comunico-que-la-provision-de-gasoil-en-el-canal-mayorista-esta-garantizado\/","og_site_name":"Infoecos","article_publisher":"https:\/\/www.facebook.com\/profile.php?id=100063200290284","article_published_time":"2022-03-30T05:58:08+00:00","article_modified_time":"2022-03-30T05:58:09+00:00","og_image":[{"width":512,"height":351,"url":"https:\/\/infoecos.com.ar\/wp-content\/uploads\/2021\/03\/ypfsurtidores.jpg","type":"image\/jpeg"}],"author":"Jorge Matheus","twitter_card":"summary_large_image","twitter_creator":"@infoecos","twitter_site":"@infoecos","twitter_misc":{"Escrito por":"Jorge Matheus","Tiempo de lectura":"1 minuto"},"schema":{"@context":"https:\/\/schema.org","@graph":[{"@type":"Article","@id":"https:\/\/infoecos.com.ar\/index.php\/ypf-comunico-que-la-provision-de-gasoil-en-el-canal-mayorista-esta-garantizado\/#article","isPartOf":{"@id":"https:\/\/infoecos.com.ar\/index.php\/ypf-comunico-que-la-provision-de-gasoil-en-el-canal-mayorista-esta-garantizado\/"},"author":{"name":"Jorge Matheus","@id":"https:\/\/infoecos.com.ar\/#\/schema\/person\/8f5ace5ce73b4b4aac4b7245aee6f191"},"headline":"YPF comunic\u00f3 que la provisi\u00f3n de gasoil en el canal mayorista est\u00e1 garantizado","datePublished":"2022-03-30T05:58:08+00:00","dateModified":"2022-03-30T05:58:09+00:00","mainEntityOfPage":{"@id":"https:\/\/infoecos.com.ar\/index.php\/ypf-comunico-que-la-provision-de-gasoil-en-el-canal-mayorista-esta-garantizado\/"},"wordCount":173,"publisher":{"@id":"https:\/\/infoecos.com.ar\/#organization"},"image":{"@id":"https:\/\/infoecos.com.ar\/index.php\/ypf-comunico-que-la-provision-de-gasoil-en-el-canal-mayorista-esta-garantizado\/#primaryimage"},"thumbnailUrl":"https:\/\/infoecos.com.ar\/wp-content\/uploads\/2021\/03\/ypfsurtidores.jpg","keywords":["LO HIZO A TRAV\u00c9S DE UN COMUNICADO"],"articleSection":["C2 N3"],"inLanguage":"es"},{"@type":"WebPage","@id":"https:\/\/infoecos.com.ar\/index.php\/ypf-comunico-que-la-provision-de-gasoil-en-el-canal-mayorista-esta-garantizado\/","url":"https:\/\/infoecos.com.ar\/index.php\/ypf-comunico-que-la-provision-de-gasoil-en-el-canal-mayorista-esta-garantizado\/","name":"YPF comunic\u00f3 que la provisi\u00f3n de gasoil en el canal mayorista est\u00e1 garantizado - Infoecos","isPartOf":{"@id":"https:\/\/infoecos.com.ar\/#website"},"primaryImageOfPage":{"@id":"https:\/\/infoecos.com.ar\/index.php\/ypf-comunico-que-la-provision-de-gasoil-en-el-canal-mayorista-esta-garantizado\/#primaryimage"},"image":{"@id":"https:\/\/infoecos.com.ar\/index.php\/ypf-comunico-que-la-provision-de-gasoil-en-el-canal-mayorista-esta-garantizado\/#primaryimage"},"thumbnailUrl":"https:\/\/infoecos.com.ar\/wp-content\/uploads\/2021\/03\/ypfsurtidores.jpg","datePublished":"2022-03-30T05:58:08+00:00","dateModified":"2022-03-30T05:58:09+00:00","breadcrumb":{"@id":"https:\/\/infoecos.com.ar\/index.php\/ypf-comunico-que-la-provision-de-gasoil-en-el-canal-mayorista-esta-garantizado\/#breadcrumb"},"inLanguage":"es","potentialAction":[{"@type":"ReadAction","target":["https:\/\/infoecos.com.ar\/index.php\/ypf-comunico-que-la-provision-de-gasoil-en-el-canal-mayorista-esta-garantizado\/"]}]},{"@type":"ImageObject","inLanguage":"es","@id":"https:\/\/infoecos.com.ar\/index.php\/ypf-comunico-que-la-provision-de-gasoil-en-el-canal-mayorista-esta-garantizado\/#primaryimage","url":"https:\/\/infoecos.com.ar\/wp-content\/uploads\/2021\/03\/ypfsurtidores.jpg","contentUrl":"https:\/\/infoecos.com.ar\/wp-content\/uploads\/2021\/03\/ypfsurtidores.jpg","width":512,"height":351},{"@type":"BreadcrumbList","@id":"https:\/\/infoecos.com.ar\/index.php\/ypf-comunico-que-la-provision-de-gasoil-en-el-canal-mayorista-esta-garantizado\/#breadcrumb","itemListElement":[{"@type":"ListItem","position":1,"name":"Portada","item":"https:\/\/infoecos.com.ar\/"},{"@type":"ListItem","position":2,"name":"YPF comunic\u00f3 que la provisi\u00f3n de gasoil en el canal mayorista est\u00e1 garantizado"}]},{"@type":"WebSite","@id":"https:\/\/infoecos.com.ar\/#website","url":"https:\/\/infoecos.com.ar\/","name":"Infoecos","description":"Noticias de trenque lauquen y la zona","publisher":{"@id":"https:\/\/infoecos.com.ar\/#organization"},"alternateName":"Noticias","potentialAction":[{"@type":"SearchAction","target":{"@type":"EntryPoint","urlTemplate":"https:\/\/infoecos.com.ar\/?s={search_term_string}"},"query-input":{"@type":"PropertyValueSpecification","valueRequired":true,"valueName":"search_term_string"}}],"inLanguage":"es"},{"@type":"Organization","@id":"https:\/\/infoecos.com.ar\/#organization","name":"Infoecos","alternateName":"Noticias","url":"https:\/\/infoecos.com.ar\/","logo":{"@type":"ImageObject","inLanguage":"es","@id":"https:\/\/infoecos.com.ar\/#\/schema\/logo\/image\/","url":"https:\/\/infoecos.com.ar\/wp-content\/uploads\/2024\/03\/cropped-logo.png","contentUrl":"https:\/\/infoecos.com.ar\/wp-content\/uploads\/2024\/03\/cropped-logo.png","width":374,"height":90,"caption":"Infoecos"},"image":{"@id":"https:\/\/infoecos.com.ar\/#\/schema\/logo\/image\/"},"sameAs":["https:\/\/www.facebook.com\/profile.php?id=100063200290284","https:\/\/x.com\/infoecos"]},{"@type":"Person","@id":"https:\/\/infoecos.com.ar\/#\/schema\/person\/8f5ace5ce73b4b4aac4b7245aee6f191","name":"Jorge Matheus","url":"https:\/\/infoecos.com.ar\/index.php\/author\/jomatheus\/"}]}},"featured_image_urls":{"full":["https:\/\/infoecos.com.ar\/wp-content\/uploads\/2021\/03\/ypfsurtidores.jpg",512,351,false],"thumbnail":["https:\/\/infoecos.com.ar\/wp-content\/uploads\/2021\/03\/ypfsurtidores-150x150.jpg",150,150,true],"medium":["https:\/\/infoecos.com.ar\/wp-content\/uploads\/2021\/03\/ypfsurtidores-460x315.jpg",460,315,true],"medium_large":["https:\/\/infoecos.com.ar\/wp-content\/uploads\/2021\/03\/ypfsurtidores.jpg",512,351,false],"large":["https:\/\/infoecos.com.ar\/wp-content\/uploads\/2021\/03\/ypfsurtidores.jpg",512,351,false],"1536x1536":["https:\/\/infoecos.com.ar\/wp-content\/uploads\/2021\/03\/ypfsurtidores.jpg",512,351,false],"2048x2048":["https:\/\/infoecos.com.ar\/wp-content\/uploads\/2021\/03\/ypfsurtidores.jpg",512,351,false],"covernews-slider-full":["https:\/\/infoecos.com.ar\/wp-content\/uploads\/2021\/03\/ypfsurtidores.jpg",512,351,false],"covernews-slider-center":["https:\/\/infoecos.com.ar\/wp-content\/uploads\/2021\/03\/ypfsurtidores.jpg",512,351,false],"covernews-featured":["https:\/\/infoecos.com.ar\/wp-content\/uploads\/2021\/03\/ypfsurtidores.jpg",512,351,false],"covernews-medium":["https:\/\/infoecos.com.ar\/wp-content\/uploads\/2021\/03\/ypfsurtidores.jpg",496,340,false],"covernews-medium-square":["https:\/\/infoecos.com.ar\/wp-content\/uploads\/2021\/03\/ypfsurtidores.jpg",365,250,false]},"author_info":{"info":["Jorge Matheus"]},"category_info":"<a href=\"https:\/\/infoecos.com.ar\/index.php\/category\/c2nota3\/\" rel=\"category tag\">C2 N3<\/a>","tag_info":"C2 N3","comment_count":"0","_links":{"self":[{"href":"https:\/\/infoecos.com.ar\/index.php\/wp-json\/wp\/v2\/posts\/90370"}],"collection":[{"href":"https:\/\/infoecos.com.ar\/index.php\/wp-json\/wp\/v2\/posts"}],"about":[{"href":"https:\/\/infoecos.com.ar\/index.php\/wp-json\/wp\/v2\/types\/post"}],"author":[{"embeddable":true,"href":"https:\/\/infoecos.com.ar\/index.php\/wp-json\/wp\/v2\/users\/2"}],"replies":[{"embeddable":true,"href":"https:\/\/infoecos.com.ar\/index.php\/wp-json\/wp\/v2\/comments?post=90370"}],"version-history":[{"count":1,"href":"https:\/\/infoecos.com.ar\/index.php\/wp-json\/wp\/v2\/posts\/90370\/revisions"}],"predecessor-version":[{"id":90371,"href":"https:\/\/infoecos.com.ar\/index.php\/wp-json\/wp\/v2\/posts\/90370\/revisions\/90371"}],"wp:featuredmedia":[{"embeddable":true,"href":"https:\/\/infoecos.com.ar\/index.php\/wp-json\/wp\/v2\/media\/76046"}],"wp:attachment":[{"href":"https:\/\/infoecos.com.ar\/index.php\/wp-json\/wp\/v2\/media?parent=90370"}],"wp:term":[{"taxonomy":"category","embeddable":true,"href":"https:\/\/infoecos.com.ar\/index.php\/wp-json\/wp\/v2\/categories?post=90370"},{"taxonomy":"post_tag","embeddable":true,"href":"https:\/\/infoecos.com.ar\/index.php\/wp-json\/wp\/v2\/tags?post=90370"}],"curies":[{"name":"wp","href":"https:\/\/api.w.org\/{rel}","templated":true}]}}