{"id":90382,"date":"2022-03-31T02:45:28","date_gmt":"2022-03-31T05:45:28","guid":{"rendered":"http:\/\/infoecos.com.ar\/?p=90382"},"modified":"2022-04-01T03:01:06","modified_gmt":"2022-04-01T06:01:06","slug":"fernandez-se-reunio-con-sileoni-y-planteo-la-posibilidad-de-un-jardin-de-infantes-en-la-ampliacion-urbana-de-trenque-lauquen","status":"publish","type":"post","link":"https:\/\/infoecos.com.ar\/index.php\/fernandez-se-reunio-con-sileoni-y-planteo-la-posibilidad-de-un-jardin-de-infantes-en-la-ampliacion-urbana-de-trenque-lauquen\/","title":{"rendered":"Fern\u00e1ndez se reuni\u00f3 con Sileoni y plante\u00f3 la posibilidad de un Jard\u00edn de Infantes en la Ampliaci\u00f3n Urbana de Trenque Lauquen"},"content":{"rendered":"\n<p>El intendente municipal de Trenque Lauquen, Migulel Fern\u00e1ndez, se reuni\u00f3 con el viceministro de Gabinete de la Provincia, Juan Pablo de Jes\u00fas, y con el ministro de Educaci\u00f3n, Alberto Sileoni.<\/p>\n\n\n\n<p>Abord\u00f3 aspectos vinculados a proyectos de Infraestructura, seguridad, pagos adeudados por convenios, Centro Educativo Complementario n\u00ba803, creaci\u00f3n de un centro relacionado a la riqueza cultural del distrito, Programa de Emergencia Edilicia, obras en ejecuci\u00f3n, planes de conectividad en escuelas y la posibilidad de un Jard\u00edn de Infantes para la Ampliaci\u00f3n Urbana.<\/p>\n\n\n\n<div class=\"wp-block-image\"><figure class=\"aligncenter size-large\"><img loading=\"lazy\" decoding=\"async\" width=\"920\" height=\"687\" src=\"http:\/\/infoecos.com.ar\/wp-content\/uploads\/2022\/03\/Gestiones-del-Intendente-920x687.jpeg\" alt=\"\" class=\"wp-image-90396\" srcset=\"https:\/\/infoecos.com.ar\/wp-content\/uploads\/2022\/03\/Gestiones-del-Intendente-920x687.jpeg 920w, https:\/\/infoecos.com.ar\/wp-content\/uploads\/2022\/03\/Gestiones-del-Intendente-460x344.jpeg 460w, https:\/\/infoecos.com.ar\/wp-content\/uploads\/2022\/03\/Gestiones-del-Intendente-768x574.jpeg 768w, https:\/\/infoecos.com.ar\/wp-content\/uploads\/2022\/03\/Gestiones-del-Intendente.jpeg 1024w\" sizes=\"(max-width: 920px) 100vw, 920px\" \/><\/figure><\/div>\n\n\n\n<p>Con el viceministro de Gabinete, De Jes\u00fas, en la primera de las reuniones, el Intendente Fern\u00e1ndez repas\u00f3 cuestiones inherentes a la presentaci\u00f3n de proyectos en el Fondo de Infraestructura y tambi\u00e9n habl\u00f3 sobre los alcances, usos y operatoria del Fondo de Seguridad.<\/p>\n\n\n\n<p>Tambi\u00e9n revisaron el detalle de las con deudas que Provincia mantiene con los Municipios por diferentes convenios y prestaciones y la forma de ir cancelando las mismas.<\/p>\n\n\n\n<p>Con Sileoni convers\u00f3 acerca de la concreci\u00f3n del Centro Educativo Complementario 803 para Treinta de&nbsp; Agosto y de la Creaci\u00f3n del Centro Educativo para la Producci\u00f3n, el Arte y la Cultura (CEPEAC).<\/p>\n\n\n\n<p>El Intendente plante\u00f3 adem\u00e1s la posibilidad de proyectar un Jard\u00edn de Infantes para la Ampliaci\u00f3n Urbana, planes de conectividades en escuelas rurales y pidi\u00f3 colaboraci\u00f3n para profundizar la articulaci\u00f3n de las \u00e1reas municipales -Producci\u00f3n y de Modernizaci\u00f3n, en particular- con Educaci\u00f3n Provincial, de modo de avanzar en la innovaci\u00f3n en Ciencia y Tecnolog\u00eda y en el mundo del trabajo.<\/p>\n\n\n\n<p><\/p>\n","protected":false},"excerpt":{"rendered":"<p>Tambi\u00e9n se reuni\u00f3 con el viceministro de Gabinete de la Provincia, Juan Pablo de Jes\u00fas<\/p>\n","protected":false},"author":2,"featured_media":90396,"comment_status":"closed","ping_status":"open","sticky":false,"template":"","format":"standard","meta":{"footnotes":""},"categories":[41],"tags":[5759],"class_list":["post-90382","post","type-post","status-publish","format-standard","has-post-thumbnail","hentry","category-inferior2","tag-pidio-obras-para-el-distrito"],"yoast_head":"<!-- This site is optimized with the Yoast SEO plugin v23.4 - https:\/\/yoast.com\/wordpress\/plugins\/seo\/ -->\n<title>Fern\u00e1ndez se reuni\u00f3 con Sileoni y plante\u00f3 la posibilidad de un Jard\u00edn de Infantes en la Ampliaci\u00f3n Urbana de Trenque Lauquen - Infoecos<\/title>\n<meta name=\"robots\" content=\"index, follow, max-snippet:-1, max-image-preview:large, max-video-preview:-1\" \/>\n<link rel=\"canonical\" href=\"https:\/\/infoecos.com.ar\/index.php\/fernandez-se-reunio-con-sileoni-y-planteo-la-posibilidad-de-un-jardin-de-infantes-en-la-ampliacion-urbana-de-trenque-lauquen\/\" \/>\n<meta property=\"og:locale\" content=\"es_ES\" \/>\n<meta property=\"og:type\" content=\"article\" \/>\n<meta property=\"og:title\" content=\"Fern\u00e1ndez se reuni\u00f3 con Sileoni y plante\u00f3 la posibilidad de un Jard\u00edn de Infantes en la Ampliaci\u00f3n Urbana de Trenque Lauquen - Infoecos\" \/>\n<meta property=\"og:description\" content=\"Tambi\u00e9n se reuni\u00f3 con el viceministro de Gabinete de la Provincia, Juan Pablo de Jes\u00fas\" \/>\n<meta property=\"og:url\" content=\"https:\/\/infoecos.com.ar\/index.php\/fernandez-se-reunio-con-sileoni-y-planteo-la-posibilidad-de-un-jardin-de-infantes-en-la-ampliacion-urbana-de-trenque-lauquen\/\" \/>\n<meta property=\"og:site_name\" content=\"Infoecos\" \/>\n<meta property=\"article:publisher\" content=\"https:\/\/www.facebook.com\/profile.php?id=100063200290284\" \/>\n<meta property=\"article:published_time\" content=\"2022-03-31T05:45:28+00:00\" \/>\n<meta property=\"article:modified_time\" content=\"2022-04-01T06:01:06+00:00\" \/>\n<meta property=\"og:image\" content=\"https:\/\/infoecos.com.ar\/wp-content\/uploads\/2022\/03\/Gestiones-del-Intendente.jpeg\" \/>\n\t<meta property=\"og:image:width\" content=\"1024\" \/>\n\t<meta property=\"og:image:height\" content=\"765\" \/>\n\t<meta property=\"og:image:type\" content=\"image\/jpeg\" \/>\n<meta name=\"author\" content=\"Jorge Matheus\" \/>\n<meta name=\"twitter:card\" content=\"summary_large_image\" \/>\n<meta name=\"twitter:creator\" content=\"@infoecos\" \/>\n<meta name=\"twitter:site\" content=\"@infoecos\" \/>\n<meta name=\"twitter:label1\" content=\"Escrito por\" \/>\n\t<meta name=\"twitter:data1\" content=\"Jorge Matheus\" \/>\n\t<meta name=\"twitter:label2\" content=\"Tiempo de lectura\" \/>\n\t<meta name=\"twitter:data2\" content=\"1 minuto\" \/>\n<script type=\"application\/ld+json\" class=\"yoast-schema-graph\">{\"@context\":\"https:\/\/schema.org\",\"@graph\":[{\"@type\":\"Article\",\"@id\":\"https:\/\/infoecos.com.ar\/index.php\/fernandez-se-reunio-con-sileoni-y-planteo-la-posibilidad-de-un-jardin-de-infantes-en-la-ampliacion-urbana-de-trenque-lauquen\/#article\",\"isPartOf\":{\"@id\":\"https:\/\/infoecos.com.ar\/index.php\/fernandez-se-reunio-con-sileoni-y-planteo-la-posibilidad-de-un-jardin-de-infantes-en-la-ampliacion-urbana-de-trenque-lauquen\/\"},\"author\":{\"name\":\"Jorge Matheus\",\"@id\":\"https:\/\/infoecos.com.ar\/#\/schema\/person\/8f5ace5ce73b4b4aac4b7245aee6f191\"},\"headline\":\"Fern\u00e1ndez se reuni\u00f3 con Sileoni y plante\u00f3 la posibilidad de un Jard\u00edn de Infantes en la Ampliaci\u00f3n Urbana de Trenque Lauquen\",\"datePublished\":\"2022-03-31T05:45:28+00:00\",\"dateModified\":\"2022-04-01T06:01:06+00:00\",\"mainEntityOfPage\":{\"@id\":\"https:\/\/infoecos.com.ar\/index.php\/fernandez-se-reunio-con-sileoni-y-planteo-la-posibilidad-de-un-jardin-de-infantes-en-la-ampliacion-urbana-de-trenque-lauquen\/\"},\"wordCount\":290,\"publisher\":{\"@id\":\"https:\/\/infoecos.com.ar\/#organization\"},\"image\":{\"@id\":\"https:\/\/infoecos.com.ar\/index.php\/fernandez-se-reunio-con-sileoni-y-planteo-la-posibilidad-de-un-jardin-de-infantes-en-la-ampliacion-urbana-de-trenque-lauquen\/#primaryimage\"},\"thumbnailUrl\":\"https:\/\/infoecos.com.ar\/wp-content\/uploads\/2022\/03\/Gestiones-del-Intendente.jpeg\",\"keywords\":[\"pidi\u00f3 obras para el distrito\"],\"articleSection\":[\"Bloque inferior - 2\"],\"inLanguage\":\"es\"},{\"@type\":\"WebPage\",\"@id\":\"https:\/\/infoecos.com.ar\/index.php\/fernandez-se-reunio-con-sileoni-y-planteo-la-posibilidad-de-un-jardin-de-infantes-en-la-ampliacion-urbana-de-trenque-lauquen\/\",\"url\":\"https:\/\/infoecos.com.ar\/index.php\/fernandez-se-reunio-con-sileoni-y-planteo-la-posibilidad-de-un-jardin-de-infantes-en-la-ampliacion-urbana-de-trenque-lauquen\/\",\"name\":\"Fern\u00e1ndez se reuni\u00f3 con Sileoni y plante\u00f3 la posibilidad de un Jard\u00edn de Infantes en la Ampliaci\u00f3n Urbana de Trenque Lauquen - Infoecos\",\"isPartOf\":{\"@id\":\"https:\/\/infoecos.com.ar\/#website\"},\"primaryImageOfPage\":{\"@id\":\"https:\/\/infoecos.com.ar\/index.php\/fernandez-se-reunio-con-sileoni-y-planteo-la-posibilidad-de-un-jardin-de-infantes-en-la-ampliacion-urbana-de-trenque-lauquen\/#primaryimage\"},\"image\":{\"@id\":\"https:\/\/infoecos.com.ar\/index.php\/fernandez-se-reunio-con-sileoni-y-planteo-la-posibilidad-de-un-jardin-de-infantes-en-la-ampliacion-urbana-de-trenque-lauquen\/#primaryimage\"},\"thumbnailUrl\":\"https:\/\/infoecos.com.ar\/wp-content\/uploads\/2022\/03\/Gestiones-del-Intendente.jpeg\",\"datePublished\":\"2022-03-31T05:45:28+00:00\",\"dateModified\":\"2022-04-01T06:01:06+00:00\",\"breadcrumb\":{\"@id\":\"https:\/\/infoecos.com.ar\/index.php\/fernandez-se-reunio-con-sileoni-y-planteo-la-posibilidad-de-un-jardin-de-infantes-en-la-ampliacion-urbana-de-trenque-lauquen\/#breadcrumb\"},\"inLanguage\":\"es\",\"potentialAction\":[{\"@type\":\"ReadAction\",\"target\":[\"https:\/\/infoecos.com.ar\/index.php\/fernandez-se-reunio-con-sileoni-y-planteo-la-posibilidad-de-un-jardin-de-infantes-en-la-ampliacion-urbana-de-trenque-lauquen\/\"]}]},{\"@type\":\"ImageObject\",\"inLanguage\":\"es\",\"@id\":\"https:\/\/infoecos.com.ar\/index.php\/fernandez-se-reunio-con-sileoni-y-planteo-la-posibilidad-de-un-jardin-de-infantes-en-la-ampliacion-urbana-de-trenque-lauquen\/#primaryimage\",\"url\":\"https:\/\/infoecos.com.ar\/wp-content\/uploads\/2022\/03\/Gestiones-del-Intendente.jpeg\",\"contentUrl\":\"https:\/\/infoecos.com.ar\/wp-content\/uploads\/2022\/03\/Gestiones-del-Intendente.jpeg\",\"width\":1024,\"height\":765},{\"@type\":\"BreadcrumbList\",\"@id\":\"https:\/\/infoecos.com.ar\/index.php\/fernandez-se-reunio-con-sileoni-y-planteo-la-posibilidad-de-un-jardin-de-infantes-en-la-ampliacion-urbana-de-trenque-lauquen\/#breadcrumb\",\"itemListElement\":[{\"@type\":\"ListItem\",\"position\":1,\"name\":\"Portada\",\"item\":\"https:\/\/infoecos.com.ar\/\"},{\"@type\":\"ListItem\",\"position\":2,\"name\":\"Fern\u00e1ndez se reuni\u00f3 con Sileoni y plante\u00f3 la posibilidad de un Jard\u00edn de Infantes en la Ampliaci\u00f3n Urbana de Trenque Lauquen\"}]},{\"@type\":\"WebSite\",\"@id\":\"https:\/\/infoecos.com.ar\/#website\",\"url\":\"https:\/\/infoecos.com.ar\/\",\"name\":\"Infoecos\",\"description\":\"Noticias de trenque lauquen y la zona\",\"publisher\":{\"@id\":\"https:\/\/infoecos.com.ar\/#organization\"},\"alternateName\":\"Noticias\",\"potentialAction\":[{\"@type\":\"SearchAction\",\"target\":{\"@type\":\"EntryPoint\",\"urlTemplate\":\"https:\/\/infoecos.com.ar\/?s={search_term_string}\"},\"query-input\":{\"@type\":\"PropertyValueSpecification\",\"valueRequired\":true,\"valueName\":\"search_term_string\"}}],\"inLanguage\":\"es\"},{\"@type\":\"Organization\",\"@id\":\"https:\/\/infoecos.com.ar\/#organization\",\"name\":\"Infoecos\",\"alternateName\":\"Noticias\",\"url\":\"https:\/\/infoecos.com.ar\/\",\"logo\":{\"@type\":\"ImageObject\",\"inLanguage\":\"es\",\"@id\":\"https:\/\/infoecos.com.ar\/#\/schema\/logo\/image\/\",\"url\":\"https:\/\/infoecos.com.ar\/wp-content\/uploads\/2024\/03\/cropped-logo.png\",\"contentUrl\":\"https:\/\/infoecos.com.ar\/wp-content\/uploads\/2024\/03\/cropped-logo.png\",\"width\":374,\"height\":90,\"caption\":\"Infoecos\"},\"image\":{\"@id\":\"https:\/\/infoecos.com.ar\/#\/schema\/logo\/image\/\"},\"sameAs\":[\"https:\/\/www.facebook.com\/profile.php?id=100063200290284\",\"https:\/\/x.com\/infoecos\"]},{\"@type\":\"Person\",\"@id\":\"https:\/\/infoecos.com.ar\/#\/schema\/person\/8f5ace5ce73b4b4aac4b7245aee6f191\",\"name\":\"Jorge Matheus\",\"url\":\"https:\/\/infoecos.com.ar\/index.php\/author\/jomatheus\/\"}]}<\/script>\n<!-- \/ Yoast SEO plugin. -->","yoast_head_json":{"title":"Fern\u00e1ndez se reuni\u00f3 con Sileoni y plante\u00f3 la posibilidad de un Jard\u00edn de Infantes en la Ampliaci\u00f3n Urbana de Trenque Lauquen - Infoecos","robots":{"index":"index","follow":"follow","max-snippet":"max-snippet:-1","max-image-preview":"max-image-preview:large","max-video-preview":"max-video-preview:-1"},"canonical":"https:\/\/infoecos.com.ar\/index.php\/fernandez-se-reunio-con-sileoni-y-planteo-la-posibilidad-de-un-jardin-de-infantes-en-la-ampliacion-urbana-de-trenque-lauquen\/","og_locale":"es_ES","og_type":"article","og_title":"Fern\u00e1ndez se reuni\u00f3 con Sileoni y plante\u00f3 la posibilidad de un Jard\u00edn de Infantes en la Ampliaci\u00f3n Urbana de Trenque Lauquen - Infoecos","og_description":"Tambi\u00e9n se reuni\u00f3 con el viceministro de Gabinete de la Provincia, Juan Pablo de Jes\u00fas","og_url":"https:\/\/infoecos.com.ar\/index.php\/fernandez-se-reunio-con-sileoni-y-planteo-la-posibilidad-de-un-jardin-de-infantes-en-la-ampliacion-urbana-de-trenque-lauquen\/","og_site_name":"Infoecos","article_publisher":"https:\/\/www.facebook.com\/profile.php?id=100063200290284","article_published_time":"2022-03-31T05:45:28+00:00","article_modified_time":"2022-04-01T06:01:06+00:00","og_image":[{"width":1024,"height":765,"url":"https:\/\/infoecos.com.ar\/wp-content\/uploads\/2022\/03\/Gestiones-del-Intendente.jpeg","type":"image\/jpeg"}],"author":"Jorge Matheus","twitter_card":"summary_large_image","twitter_creator":"@infoecos","twitter_site":"@infoecos","twitter_misc":{"Escrito por":"Jorge Matheus","Tiempo de lectura":"1 minuto"},"schema":{"@context":"https:\/\/schema.org","@graph":[{"@type":"Article","@id":"https:\/\/infoecos.com.ar\/index.php\/fernandez-se-reunio-con-sileoni-y-planteo-la-posibilidad-de-un-jardin-de-infantes-en-la-ampliacion-urbana-de-trenque-lauquen\/#article","isPartOf":{"@id":"https:\/\/infoecos.com.ar\/index.php\/fernandez-se-reunio-con-sileoni-y-planteo-la-posibilidad-de-un-jardin-de-infantes-en-la-ampliacion-urbana-de-trenque-lauquen\/"},"author":{"name":"Jorge Matheus","@id":"https:\/\/infoecos.com.ar\/#\/schema\/person\/8f5ace5ce73b4b4aac4b7245aee6f191"},"headline":"Fern\u00e1ndez se reuni\u00f3 con Sileoni y plante\u00f3 la posibilidad de un Jard\u00edn de Infantes en la Ampliaci\u00f3n Urbana de Trenque Lauquen","datePublished":"2022-03-31T05:45:28+00:00","dateModified":"2022-04-01T06:01:06+00:00","mainEntityOfPage":{"@id":"https:\/\/infoecos.com.ar\/index.php\/fernandez-se-reunio-con-sileoni-y-planteo-la-posibilidad-de-un-jardin-de-infantes-en-la-ampliacion-urbana-de-trenque-lauquen\/"},"wordCount":290,"publisher":{"@id":"https:\/\/infoecos.com.ar\/#organization"},"image":{"@id":"https:\/\/infoecos.com.ar\/index.php\/fernandez-se-reunio-con-sileoni-y-planteo-la-posibilidad-de-un-jardin-de-infantes-en-la-ampliacion-urbana-de-trenque-lauquen\/#primaryimage"},"thumbnailUrl":"https:\/\/infoecos.com.ar\/wp-content\/uploads\/2022\/03\/Gestiones-del-Intendente.jpeg","keywords":["pidi\u00f3 obras para el distrito"],"articleSection":["Bloque inferior - 2"],"inLanguage":"es"},{"@type":"WebPage","@id":"https:\/\/infoecos.com.ar\/index.php\/fernandez-se-reunio-con-sileoni-y-planteo-la-posibilidad-de-un-jardin-de-infantes-en-la-ampliacion-urbana-de-trenque-lauquen\/","url":"https:\/\/infoecos.com.ar\/index.php\/fernandez-se-reunio-con-sileoni-y-planteo-la-posibilidad-de-un-jardin-de-infantes-en-la-ampliacion-urbana-de-trenque-lauquen\/","name":"Fern\u00e1ndez se reuni\u00f3 con Sileoni y plante\u00f3 la posibilidad de un Jard\u00edn de Infantes en la Ampliaci\u00f3n Urbana de Trenque Lauquen - Infoecos","isPartOf":{"@id":"https:\/\/infoecos.com.ar\/#website"},"primaryImageOfPage":{"@id":"https:\/\/infoecos.com.ar\/index.php\/fernandez-se-reunio-con-sileoni-y-planteo-la-posibilidad-de-un-jardin-de-infantes-en-la-ampliacion-urbana-de-trenque-lauquen\/#primaryimage"},"image":{"@id":"https:\/\/infoecos.com.ar\/index.php\/fernandez-se-reunio-con-sileoni-y-planteo-la-posibilidad-de-un-jardin-de-infantes-en-la-ampliacion-urbana-de-trenque-lauquen\/#primaryimage"},"thumbnailUrl":"https:\/\/infoecos.com.ar\/wp-content\/uploads\/2022\/03\/Gestiones-del-Intendente.jpeg","datePublished":"2022-03-31T05:45:28+00:00","dateModified":"2022-04-01T06:01:06+00:00","breadcrumb":{"@id":"https:\/\/infoecos.com.ar\/index.php\/fernandez-se-reunio-con-sileoni-y-planteo-la-posibilidad-de-un-jardin-de-infantes-en-la-ampliacion-urbana-de-trenque-lauquen\/#breadcrumb"},"inLanguage":"es","potentialAction":[{"@type":"ReadAction","target":["https:\/\/infoecos.com.ar\/index.php\/fernandez-se-reunio-con-sileoni-y-planteo-la-posibilidad-de-un-jardin-de-infantes-en-la-ampliacion-urbana-de-trenque-lauquen\/"]}]},{"@type":"ImageObject","inLanguage":"es","@id":"https:\/\/infoecos.com.ar\/index.php\/fernandez-se-reunio-con-sileoni-y-planteo-la-posibilidad-de-un-jardin-de-infantes-en-la-ampliacion-urbana-de-trenque-lauquen\/#primaryimage","url":"https:\/\/infoecos.com.ar\/wp-content\/uploads\/2022\/03\/Gestiones-del-Intendente.jpeg","contentUrl":"https:\/\/infoecos.com.ar\/wp-content\/uploads\/2022\/03\/Gestiones-del-Intendente.jpeg","width":1024,"height":765},{"@type":"BreadcrumbList","@id":"https:\/\/infoecos.com.ar\/index.php\/fernandez-se-reunio-con-sileoni-y-planteo-la-posibilidad-de-un-jardin-de-infantes-en-la-ampliacion-urbana-de-trenque-lauquen\/#breadcrumb","itemListElement":[{"@type":"ListItem","position":1,"name":"Portada","item":"https:\/\/infoecos.com.ar\/"},{"@type":"ListItem","position":2,"name":"Fern\u00e1ndez se reuni\u00f3 con Sileoni y plante\u00f3 la posibilidad de un Jard\u00edn de Infantes en la Ampliaci\u00f3n Urbana de Trenque Lauquen"}]},{"@type":"WebSite","@id":"https:\/\/infoecos.com.ar\/#website","url":"https:\/\/infoecos.com.ar\/","name":"Infoecos","description":"Noticias de trenque lauquen y la zona","publisher":{"@id":"https:\/\/infoecos.com.ar\/#organization"},"alternateName":"Noticias","potentialAction":[{"@type":"SearchAction","target":{"@type":"EntryPoint","urlTemplate":"https:\/\/infoecos.com.ar\/?s={search_term_string}"},"query-input":{"@type":"PropertyValueSpecification","valueRequired":true,"valueName":"search_term_string"}}],"inLanguage":"es"},{"@type":"Organization","@id":"https:\/\/infoecos.com.ar\/#organization","name":"Infoecos","alternateName":"Noticias","url":"https:\/\/infoecos.com.ar\/","logo":{"@type":"ImageObject","inLanguage":"es","@id":"https:\/\/infoecos.com.ar\/#\/schema\/logo\/image\/","url":"https:\/\/infoecos.com.ar\/wp-content\/uploads\/2024\/03\/cropped-logo.png","contentUrl":"https:\/\/infoecos.com.ar\/wp-content\/uploads\/2024\/03\/cropped-logo.png","width":374,"height":90,"caption":"Infoecos"},"image":{"@id":"https:\/\/infoecos.com.ar\/#\/schema\/logo\/image\/"},"sameAs":["https:\/\/www.facebook.com\/profile.php?id=100063200290284","https:\/\/x.com\/infoecos"]},{"@type":"Person","@id":"https:\/\/infoecos.com.ar\/#\/schema\/person\/8f5ace5ce73b4b4aac4b7245aee6f191","name":"Jorge Matheus","url":"https:\/\/infoecos.com.ar\/index.php\/author\/jomatheus\/"}]}},"featured_image_urls":{"full":["https:\/\/infoecos.com.ar\/wp-content\/uploads\/2022\/03\/Gestiones-del-Intendente.jpeg",1024,765,false],"thumbnail":["https:\/\/infoecos.com.ar\/wp-content\/uploads\/2022\/03\/Gestiones-del-Intendente-150x150.jpeg",150,150,true],"medium":["https:\/\/infoecos.com.ar\/wp-content\/uploads\/2022\/03\/Gestiones-del-Intendente-460x344.jpeg",460,344,true],"medium_large":["https:\/\/infoecos.com.ar\/wp-content\/uploads\/2022\/03\/Gestiones-del-Intendente-768x574.jpeg",640,478,true],"large":["https:\/\/infoecos.com.ar\/wp-content\/uploads\/2022\/03\/Gestiones-del-Intendente-920x687.jpeg",640,478,true],"1536x1536":["https:\/\/infoecos.com.ar\/wp-content\/uploads\/2022\/03\/Gestiones-del-Intendente.jpeg",1024,765,false],"2048x2048":["https:\/\/infoecos.com.ar\/wp-content\/uploads\/2022\/03\/Gestiones-del-Intendente.jpeg",1024,765,false],"covernews-slider-full":["https:\/\/infoecos.com.ar\/wp-content\/uploads\/2022\/03\/Gestiones-del-Intendente.jpeg",957,715,false],"covernews-slider-center":["https:\/\/infoecos.com.ar\/wp-content\/uploads\/2022\/03\/Gestiones-del-Intendente-936x765.jpeg",612,500,true],"covernews-featured":["https:\/\/infoecos.com.ar\/wp-content\/uploads\/2022\/03\/Gestiones-del-Intendente.jpeg",1024,765,false],"covernews-medium":["https:\/\/infoecos.com.ar\/wp-content\/uploads\/2022\/03\/Gestiones-del-Intendente-720x380.jpeg",540,285,true],"covernews-medium-square":["https:\/\/infoecos.com.ar\/wp-content\/uploads\/2022\/03\/Gestiones-del-Intendente-675x450.jpeg",375,250,true]},"author_info":{"info":["Jorge Matheus"]},"category_info":"<a href=\"https:\/\/infoecos.com.ar\/index.php\/category\/inferior2\/\" rel=\"category tag\">Bloque inferior - 2<\/a>","tag_info":"Bloque inferior - 2","comment_count":"0","_links":{"self":[{"href":"https:\/\/infoecos.com.ar\/index.php\/wp-json\/wp\/v2\/posts\/90382"}],"collection":[{"href":"https:\/\/infoecos.com.ar\/index.php\/wp-json\/wp\/v2\/posts"}],"about":[{"href":"https:\/\/infoecos.com.ar\/index.php\/wp-json\/wp\/v2\/types\/post"}],"author":[{"embeddable":true,"href":"https:\/\/infoecos.com.ar\/index.php\/wp-json\/wp\/v2\/users\/2"}],"replies":[{"embeddable":true,"href":"https:\/\/infoecos.com.ar\/index.php\/wp-json\/wp\/v2\/comments?post=90382"}],"version-history":[{"count":2,"href":"https:\/\/infoecos.com.ar\/index.php\/wp-json\/wp\/v2\/posts\/90382\/revisions"}],"predecessor-version":[{"id":90510,"href":"https:\/\/infoecos.com.ar\/index.php\/wp-json\/wp\/v2\/posts\/90382\/revisions\/90510"}],"wp:featuredmedia":[{"embeddable":true,"href":"https:\/\/infoecos.com.ar\/index.php\/wp-json\/wp\/v2\/media\/90396"}],"wp:attachment":[{"href":"https:\/\/infoecos.com.ar\/index.php\/wp-json\/wp\/v2\/media?parent=90382"}],"wp:term":[{"taxonomy":"category","embeddable":true,"href":"https:\/\/infoecos.com.ar\/index.php\/wp-json\/wp\/v2\/categories?post=90382"},{"taxonomy":"post_tag","embeddable":true,"href":"https:\/\/infoecos.com.ar\/index.php\/wp-json\/wp\/v2\/tags?post=90382"}],"curies":[{"name":"wp","href":"https:\/\/api.w.org\/{rel}","templated":true}]}}