{"id":90501,"date":"2022-04-01T02:41:33","date_gmt":"2022-04-01T05:41:33","guid":{"rendered":"http:\/\/infoecos.com.ar\/?p=90501"},"modified":"2022-04-01T02:41:38","modified_gmt":"2022-04-01T05:41:38","slug":"el-gobernador-de-la-pampa-recibio-a-la-mesa-directiva-de-carbap","status":"publish","type":"post","link":"https:\/\/infoecos.com.ar\/index.php\/el-gobernador-de-la-pampa-recibio-a-la-mesa-directiva-de-carbap\/","title":{"rendered":"El gobernador de La Pampa recibi\u00f3 a la mesa directiva de CARBAP"},"content":{"rendered":"\n<p>El gobernador de La Pampa, Sergio Ziliotto, mantuvo una reuni\u00f3n con autoridades de la Confederaci\u00f3n de Asociaciones Rurales de Buenos Aires y La Pampa (CARBAP), en la que dialogaron sobre \u201cdiversos temas que ata\u00f1en al sector productivo\u201d y en la que el mandatario pampeano les expres\u00f3 la necesidad de \u201cproducir m\u00e1s\u00a0 para contribuir a que la Argentina siga creciendo con oportunidades para todos\u201d.\u00a0<\/p>\n\n\n\n<p>El encuentro tuvo lugar en el Sal\u00f3n de Acuerdos de Casa de Gobierno, donde&nbsp; Ziliotto estuvo acompa\u00f1ado por la ministra de la Producci\u00f3n, Fernanda Gonz\u00e1lez; el subsecretario de Asuntos Agrarios, Ricardo Baraldi y la directora de Agricultura, Natalia Ovando.<\/p>\n\n\n\n<div class=\"wp-block-image is-style-default\"><figure class=\"aligncenter size-large\"><img loading=\"lazy\" decoding=\"async\" width=\"920\" height=\"537\" src=\"http:\/\/infoecos.com.ar\/wp-content\/uploads\/2022\/04\/carbapz-920x537.jpg\" alt=\"\" class=\"wp-image-90502\" srcset=\"https:\/\/infoecos.com.ar\/wp-content\/uploads\/2022\/04\/carbapz-920x537.jpg 920w, https:\/\/infoecos.com.ar\/wp-content\/uploads\/2022\/04\/carbapz-460x269.jpg 460w, https:\/\/infoecos.com.ar\/wp-content\/uploads\/2022\/04\/carbapz-768x449.jpg 768w, https:\/\/infoecos.com.ar\/wp-content\/uploads\/2022\/04\/carbapz.jpg 1000w\" sizes=\"(max-width: 920px) 100vw, 920px\" \/><\/figure><\/div>\n\n\n\n<p>Por la entidad rural participaron su presidente, Horacio Salaverri; el vicepresidente 1\u00b0, Pablo Ginestet; el vicepresidente 2\u00b0, Jorge Arocena; Patricia Bongiovanni y Martin Navarro por la Asociaci\u00f3n de Fomento Rural Realic\u00f3; Marcelo Rodr\u00edguez, de la Asociaci\u00f3n Agr\u00edcola Ganadera de La Pampa; Marcelo Mendiara, de la Sociedad Rural del Oeste Pampeano (Victorica) y Juan Fern\u00e1ndez Madrid, de la Sociedad Rural de General Pico.<\/p>\n\n\n\n<p>El gobernador y los dirigentes de CARBAP, compartieron la idea que para establecer normas que perduren en el tiempo y promuevan m\u00e1s estabilidad al sector, es necesario que se trabaje en la elaboraci\u00f3n de leyes, legitimadas en el Congreso Nacional, que garanticen escenarios de previsibilidad.<\/p>\n","protected":false},"excerpt":{"rendered":"<p>Dialogaron sobre \u201cdiversos temas que ata\u00f1en al sector productivo\u201d<\/p>\n","protected":false},"author":2,"featured_media":90502,"comment_status":"closed","ping_status":"open","sticky":false,"template":"","format":"standard","meta":{"footnotes":""},"categories":[24],"tags":[5757],"class_list":["post-90501","post","type-post","status-publish","format-standard","has-post-thumbnail","hentry","category-c1nota3","tag-con-buena-onda"],"yoast_head":"<!-- This site is optimized with the Yoast SEO plugin v23.4 - https:\/\/yoast.com\/wordpress\/plugins\/seo\/ -->\n<title>El gobernador de La Pampa recibi\u00f3 a la mesa directiva de CARBAP - Infoecos<\/title>\n<meta name=\"robots\" content=\"index, follow, max-snippet:-1, max-image-preview:large, max-video-preview:-1\" \/>\n<link rel=\"canonical\" href=\"https:\/\/infoecos.com.ar\/index.php\/el-gobernador-de-la-pampa-recibio-a-la-mesa-directiva-de-carbap\/\" \/>\n<meta property=\"og:locale\" content=\"es_ES\" \/>\n<meta property=\"og:type\" content=\"article\" \/>\n<meta property=\"og:title\" content=\"El gobernador de La Pampa recibi\u00f3 a la mesa directiva de CARBAP - Infoecos\" \/>\n<meta property=\"og:description\" content=\"Dialogaron sobre \u201cdiversos temas que ata\u00f1en al sector productivo\u201d\" \/>\n<meta property=\"og:url\" content=\"https:\/\/infoecos.com.ar\/index.php\/el-gobernador-de-la-pampa-recibio-a-la-mesa-directiva-de-carbap\/\" \/>\n<meta property=\"og:site_name\" content=\"Infoecos\" \/>\n<meta property=\"article:publisher\" content=\"https:\/\/www.facebook.com\/profile.php?id=100063200290284\" \/>\n<meta property=\"article:published_time\" content=\"2022-04-01T05:41:33+00:00\" \/>\n<meta property=\"article:modified_time\" content=\"2022-04-01T05:41:38+00:00\" \/>\n<meta property=\"og:image\" content=\"https:\/\/infoecos.com.ar\/wp-content\/uploads\/2022\/04\/carbapz.jpg\" \/>\n\t<meta property=\"og:image:width\" content=\"1000\" \/>\n\t<meta property=\"og:image:height\" content=\"584\" \/>\n\t<meta property=\"og:image:type\" content=\"image\/jpeg\" \/>\n<meta name=\"author\" content=\"Jorge Matheus\" \/>\n<meta name=\"twitter:card\" content=\"summary_large_image\" \/>\n<meta name=\"twitter:creator\" content=\"@infoecos\" \/>\n<meta name=\"twitter:site\" content=\"@infoecos\" \/>\n<meta name=\"twitter:label1\" content=\"Escrito por\" \/>\n\t<meta name=\"twitter:data1\" content=\"Jorge Matheus\" \/>\n\t<meta name=\"twitter:label2\" content=\"Tiempo de lectura\" \/>\n\t<meta name=\"twitter:data2\" content=\"1 minuto\" \/>\n<script type=\"application\/ld+json\" class=\"yoast-schema-graph\">{\"@context\":\"https:\/\/schema.org\",\"@graph\":[{\"@type\":\"Article\",\"@id\":\"https:\/\/infoecos.com.ar\/index.php\/el-gobernador-de-la-pampa-recibio-a-la-mesa-directiva-de-carbap\/#article\",\"isPartOf\":{\"@id\":\"https:\/\/infoecos.com.ar\/index.php\/el-gobernador-de-la-pampa-recibio-a-la-mesa-directiva-de-carbap\/\"},\"author\":{\"name\":\"Jorge Matheus\",\"@id\":\"https:\/\/infoecos.com.ar\/#\/schema\/person\/8f5ace5ce73b4b4aac4b7245aee6f191\"},\"headline\":\"El gobernador de La Pampa recibi\u00f3 a la mesa directiva de CARBAP\",\"datePublished\":\"2022-04-01T05:41:33+00:00\",\"dateModified\":\"2022-04-01T05:41:38+00:00\",\"mainEntityOfPage\":{\"@id\":\"https:\/\/infoecos.com.ar\/index.php\/el-gobernador-de-la-pampa-recibio-a-la-mesa-directiva-de-carbap\/\"},\"wordCount\":235,\"publisher\":{\"@id\":\"https:\/\/infoecos.com.ar\/#organization\"},\"image\":{\"@id\":\"https:\/\/infoecos.com.ar\/index.php\/el-gobernador-de-la-pampa-recibio-a-la-mesa-directiva-de-carbap\/#primaryimage\"},\"thumbnailUrl\":\"https:\/\/infoecos.com.ar\/wp-content\/uploads\/2022\/04\/carbapz.jpg\",\"keywords\":[\"CON BUENA ONDA\"],\"articleSection\":[\"C1 N3\"],\"inLanguage\":\"es\"},{\"@type\":\"WebPage\",\"@id\":\"https:\/\/infoecos.com.ar\/index.php\/el-gobernador-de-la-pampa-recibio-a-la-mesa-directiva-de-carbap\/\",\"url\":\"https:\/\/infoecos.com.ar\/index.php\/el-gobernador-de-la-pampa-recibio-a-la-mesa-directiva-de-carbap\/\",\"name\":\"El gobernador de La Pampa recibi\u00f3 a la mesa directiva de CARBAP - Infoecos\",\"isPartOf\":{\"@id\":\"https:\/\/infoecos.com.ar\/#website\"},\"primaryImageOfPage\":{\"@id\":\"https:\/\/infoecos.com.ar\/index.php\/el-gobernador-de-la-pampa-recibio-a-la-mesa-directiva-de-carbap\/#primaryimage\"},\"image\":{\"@id\":\"https:\/\/infoecos.com.ar\/index.php\/el-gobernador-de-la-pampa-recibio-a-la-mesa-directiva-de-carbap\/#primaryimage\"},\"thumbnailUrl\":\"https:\/\/infoecos.com.ar\/wp-content\/uploads\/2022\/04\/carbapz.jpg\",\"datePublished\":\"2022-04-01T05:41:33+00:00\",\"dateModified\":\"2022-04-01T05:41:38+00:00\",\"breadcrumb\":{\"@id\":\"https:\/\/infoecos.com.ar\/index.php\/el-gobernador-de-la-pampa-recibio-a-la-mesa-directiva-de-carbap\/#breadcrumb\"},\"inLanguage\":\"es\",\"potentialAction\":[{\"@type\":\"ReadAction\",\"target\":[\"https:\/\/infoecos.com.ar\/index.php\/el-gobernador-de-la-pampa-recibio-a-la-mesa-directiva-de-carbap\/\"]}]},{\"@type\":\"ImageObject\",\"inLanguage\":\"es\",\"@id\":\"https:\/\/infoecos.com.ar\/index.php\/el-gobernador-de-la-pampa-recibio-a-la-mesa-directiva-de-carbap\/#primaryimage\",\"url\":\"https:\/\/infoecos.com.ar\/wp-content\/uploads\/2022\/04\/carbapz.jpg\",\"contentUrl\":\"https:\/\/infoecos.com.ar\/wp-content\/uploads\/2022\/04\/carbapz.jpg\",\"width\":1000,\"height\":584},{\"@type\":\"BreadcrumbList\",\"@id\":\"https:\/\/infoecos.com.ar\/index.php\/el-gobernador-de-la-pampa-recibio-a-la-mesa-directiva-de-carbap\/#breadcrumb\",\"itemListElement\":[{\"@type\":\"ListItem\",\"position\":1,\"name\":\"Portada\",\"item\":\"https:\/\/infoecos.com.ar\/\"},{\"@type\":\"ListItem\",\"position\":2,\"name\":\"El gobernador de La Pampa recibi\u00f3 a la mesa directiva de CARBAP\"}]},{\"@type\":\"WebSite\",\"@id\":\"https:\/\/infoecos.com.ar\/#website\",\"url\":\"https:\/\/infoecos.com.ar\/\",\"name\":\"Infoecos\",\"description\":\"Noticias de trenque lauquen y la zona\",\"publisher\":{\"@id\":\"https:\/\/infoecos.com.ar\/#organization\"},\"alternateName\":\"Noticias\",\"potentialAction\":[{\"@type\":\"SearchAction\",\"target\":{\"@type\":\"EntryPoint\",\"urlTemplate\":\"https:\/\/infoecos.com.ar\/?s={search_term_string}\"},\"query-input\":{\"@type\":\"PropertyValueSpecification\",\"valueRequired\":true,\"valueName\":\"search_term_string\"}}],\"inLanguage\":\"es\"},{\"@type\":\"Organization\",\"@id\":\"https:\/\/infoecos.com.ar\/#organization\",\"name\":\"Infoecos\",\"alternateName\":\"Noticias\",\"url\":\"https:\/\/infoecos.com.ar\/\",\"logo\":{\"@type\":\"ImageObject\",\"inLanguage\":\"es\",\"@id\":\"https:\/\/infoecos.com.ar\/#\/schema\/logo\/image\/\",\"url\":\"https:\/\/infoecos.com.ar\/wp-content\/uploads\/2024\/03\/cropped-logo.png\",\"contentUrl\":\"https:\/\/infoecos.com.ar\/wp-content\/uploads\/2024\/03\/cropped-logo.png\",\"width\":374,\"height\":90,\"caption\":\"Infoecos\"},\"image\":{\"@id\":\"https:\/\/infoecos.com.ar\/#\/schema\/logo\/image\/\"},\"sameAs\":[\"https:\/\/www.facebook.com\/profile.php?id=100063200290284\",\"https:\/\/x.com\/infoecos\"]},{\"@type\":\"Person\",\"@id\":\"https:\/\/infoecos.com.ar\/#\/schema\/person\/8f5ace5ce73b4b4aac4b7245aee6f191\",\"name\":\"Jorge Matheus\",\"url\":\"https:\/\/infoecos.com.ar\/index.php\/author\/jomatheus\/\"}]}<\/script>\n<!-- \/ Yoast SEO plugin. -->","yoast_head_json":{"title":"El gobernador de La Pampa recibi\u00f3 a la mesa directiva de CARBAP - Infoecos","robots":{"index":"index","follow":"follow","max-snippet":"max-snippet:-1","max-image-preview":"max-image-preview:large","max-video-preview":"max-video-preview:-1"},"canonical":"https:\/\/infoecos.com.ar\/index.php\/el-gobernador-de-la-pampa-recibio-a-la-mesa-directiva-de-carbap\/","og_locale":"es_ES","og_type":"article","og_title":"El gobernador de La Pampa recibi\u00f3 a la mesa directiva de CARBAP - Infoecos","og_description":"Dialogaron sobre \u201cdiversos temas que ata\u00f1en al sector productivo\u201d","og_url":"https:\/\/infoecos.com.ar\/index.php\/el-gobernador-de-la-pampa-recibio-a-la-mesa-directiva-de-carbap\/","og_site_name":"Infoecos","article_publisher":"https:\/\/www.facebook.com\/profile.php?id=100063200290284","article_published_time":"2022-04-01T05:41:33+00:00","article_modified_time":"2022-04-01T05:41:38+00:00","og_image":[{"width":1000,"height":584,"url":"https:\/\/infoecos.com.ar\/wp-content\/uploads\/2022\/04\/carbapz.jpg","type":"image\/jpeg"}],"author":"Jorge Matheus","twitter_card":"summary_large_image","twitter_creator":"@infoecos","twitter_site":"@infoecos","twitter_misc":{"Escrito por":"Jorge Matheus","Tiempo de lectura":"1 minuto"},"schema":{"@context":"https:\/\/schema.org","@graph":[{"@type":"Article","@id":"https:\/\/infoecos.com.ar\/index.php\/el-gobernador-de-la-pampa-recibio-a-la-mesa-directiva-de-carbap\/#article","isPartOf":{"@id":"https:\/\/infoecos.com.ar\/index.php\/el-gobernador-de-la-pampa-recibio-a-la-mesa-directiva-de-carbap\/"},"author":{"name":"Jorge Matheus","@id":"https:\/\/infoecos.com.ar\/#\/schema\/person\/8f5ace5ce73b4b4aac4b7245aee6f191"},"headline":"El gobernador de La Pampa recibi\u00f3 a la mesa directiva de CARBAP","datePublished":"2022-04-01T05:41:33+00:00","dateModified":"2022-04-01T05:41:38+00:00","mainEntityOfPage":{"@id":"https:\/\/infoecos.com.ar\/index.php\/el-gobernador-de-la-pampa-recibio-a-la-mesa-directiva-de-carbap\/"},"wordCount":235,"publisher":{"@id":"https:\/\/infoecos.com.ar\/#organization"},"image":{"@id":"https:\/\/infoecos.com.ar\/index.php\/el-gobernador-de-la-pampa-recibio-a-la-mesa-directiva-de-carbap\/#primaryimage"},"thumbnailUrl":"https:\/\/infoecos.com.ar\/wp-content\/uploads\/2022\/04\/carbapz.jpg","keywords":["CON BUENA ONDA"],"articleSection":["C1 N3"],"inLanguage":"es"},{"@type":"WebPage","@id":"https:\/\/infoecos.com.ar\/index.php\/el-gobernador-de-la-pampa-recibio-a-la-mesa-directiva-de-carbap\/","url":"https:\/\/infoecos.com.ar\/index.php\/el-gobernador-de-la-pampa-recibio-a-la-mesa-directiva-de-carbap\/","name":"El gobernador de La Pampa recibi\u00f3 a la mesa directiva de CARBAP - Infoecos","isPartOf":{"@id":"https:\/\/infoecos.com.ar\/#website"},"primaryImageOfPage":{"@id":"https:\/\/infoecos.com.ar\/index.php\/el-gobernador-de-la-pampa-recibio-a-la-mesa-directiva-de-carbap\/#primaryimage"},"image":{"@id":"https:\/\/infoecos.com.ar\/index.php\/el-gobernador-de-la-pampa-recibio-a-la-mesa-directiva-de-carbap\/#primaryimage"},"thumbnailUrl":"https:\/\/infoecos.com.ar\/wp-content\/uploads\/2022\/04\/carbapz.jpg","datePublished":"2022-04-01T05:41:33+00:00","dateModified":"2022-04-01T05:41:38+00:00","breadcrumb":{"@id":"https:\/\/infoecos.com.ar\/index.php\/el-gobernador-de-la-pampa-recibio-a-la-mesa-directiva-de-carbap\/#breadcrumb"},"inLanguage":"es","potentialAction":[{"@type":"ReadAction","target":["https:\/\/infoecos.com.ar\/index.php\/el-gobernador-de-la-pampa-recibio-a-la-mesa-directiva-de-carbap\/"]}]},{"@type":"ImageObject","inLanguage":"es","@id":"https:\/\/infoecos.com.ar\/index.php\/el-gobernador-de-la-pampa-recibio-a-la-mesa-directiva-de-carbap\/#primaryimage","url":"https:\/\/infoecos.com.ar\/wp-content\/uploads\/2022\/04\/carbapz.jpg","contentUrl":"https:\/\/infoecos.com.ar\/wp-content\/uploads\/2022\/04\/carbapz.jpg","width":1000,"height":584},{"@type":"BreadcrumbList","@id":"https:\/\/infoecos.com.ar\/index.php\/el-gobernador-de-la-pampa-recibio-a-la-mesa-directiva-de-carbap\/#breadcrumb","itemListElement":[{"@type":"ListItem","position":1,"name":"Portada","item":"https:\/\/infoecos.com.ar\/"},{"@type":"ListItem","position":2,"name":"El gobernador de La Pampa recibi\u00f3 a la mesa directiva de CARBAP"}]},{"@type":"WebSite","@id":"https:\/\/infoecos.com.ar\/#website","url":"https:\/\/infoecos.com.ar\/","name":"Infoecos","description":"Noticias de trenque lauquen y la zona","publisher":{"@id":"https:\/\/infoecos.com.ar\/#organization"},"alternateName":"Noticias","potentialAction":[{"@type":"SearchAction","target":{"@type":"EntryPoint","urlTemplate":"https:\/\/infoecos.com.ar\/?s={search_term_string}"},"query-input":{"@type":"PropertyValueSpecification","valueRequired":true,"valueName":"search_term_string"}}],"inLanguage":"es"},{"@type":"Organization","@id":"https:\/\/infoecos.com.ar\/#organization","name":"Infoecos","alternateName":"Noticias","url":"https:\/\/infoecos.com.ar\/","logo":{"@type":"ImageObject","inLanguage":"es","@id":"https:\/\/infoecos.com.ar\/#\/schema\/logo\/image\/","url":"https:\/\/infoecos.com.ar\/wp-content\/uploads\/2024\/03\/cropped-logo.png","contentUrl":"https:\/\/infoecos.com.ar\/wp-content\/uploads\/2024\/03\/cropped-logo.png","width":374,"height":90,"caption":"Infoecos"},"image":{"@id":"https:\/\/infoecos.com.ar\/#\/schema\/logo\/image\/"},"sameAs":["https:\/\/www.facebook.com\/profile.php?id=100063200290284","https:\/\/x.com\/infoecos"]},{"@type":"Person","@id":"https:\/\/infoecos.com.ar\/#\/schema\/person\/8f5ace5ce73b4b4aac4b7245aee6f191","name":"Jorge Matheus","url":"https:\/\/infoecos.com.ar\/index.php\/author\/jomatheus\/"}]}},"featured_image_urls":{"full":["https:\/\/infoecos.com.ar\/wp-content\/uploads\/2022\/04\/carbapz.jpg",1000,584,false],"thumbnail":["https:\/\/infoecos.com.ar\/wp-content\/uploads\/2022\/04\/carbapz-150x150.jpg",150,150,true],"medium":["https:\/\/infoecos.com.ar\/wp-content\/uploads\/2022\/04\/carbapz-460x269.jpg",460,269,true],"medium_large":["https:\/\/infoecos.com.ar\/wp-content\/uploads\/2022\/04\/carbapz-768x449.jpg",640,374,true],"large":["https:\/\/infoecos.com.ar\/wp-content\/uploads\/2022\/04\/carbapz-920x537.jpg",640,374,true],"1536x1536":["https:\/\/infoecos.com.ar\/wp-content\/uploads\/2022\/04\/carbapz.jpg",1000,584,false],"2048x2048":["https:\/\/infoecos.com.ar\/wp-content\/uploads\/2022\/04\/carbapz.jpg",1000,584,false],"covernews-slider-full":["https:\/\/infoecos.com.ar\/wp-content\/uploads\/2022\/04\/carbapz.jpg",1000,584,false],"covernews-slider-center":["https:\/\/infoecos.com.ar\/wp-content\/uploads\/2022\/04\/carbapz-936x584.jpg",800,500,true],"covernews-featured":["https:\/\/infoecos.com.ar\/wp-content\/uploads\/2022\/04\/carbapz.jpg",1000,584,false],"covernews-medium":["https:\/\/infoecos.com.ar\/wp-content\/uploads\/2022\/04\/carbapz-720x380.jpg",540,285,true],"covernews-medium-square":["https:\/\/infoecos.com.ar\/wp-content\/uploads\/2022\/04\/carbapz-675x450.jpg",375,250,true]},"author_info":{"info":["Jorge Matheus"]},"category_info":"<a href=\"https:\/\/infoecos.com.ar\/index.php\/category\/c1nota3\/\" rel=\"category tag\">C1 N3<\/a>","tag_info":"C1 N3","comment_count":"0","_links":{"self":[{"href":"https:\/\/infoecos.com.ar\/index.php\/wp-json\/wp\/v2\/posts\/90501"}],"collection":[{"href":"https:\/\/infoecos.com.ar\/index.php\/wp-json\/wp\/v2\/posts"}],"about":[{"href":"https:\/\/infoecos.com.ar\/index.php\/wp-json\/wp\/v2\/types\/post"}],"author":[{"embeddable":true,"href":"https:\/\/infoecos.com.ar\/index.php\/wp-json\/wp\/v2\/users\/2"}],"replies":[{"embeddable":true,"href":"https:\/\/infoecos.com.ar\/index.php\/wp-json\/wp\/v2\/comments?post=90501"}],"version-history":[{"count":1,"href":"https:\/\/infoecos.com.ar\/index.php\/wp-json\/wp\/v2\/posts\/90501\/revisions"}],"predecessor-version":[{"id":90503,"href":"https:\/\/infoecos.com.ar\/index.php\/wp-json\/wp\/v2\/posts\/90501\/revisions\/90503"}],"wp:featuredmedia":[{"embeddable":true,"href":"https:\/\/infoecos.com.ar\/index.php\/wp-json\/wp\/v2\/media\/90502"}],"wp:attachment":[{"href":"https:\/\/infoecos.com.ar\/index.php\/wp-json\/wp\/v2\/media?parent=90501"}],"wp:term":[{"taxonomy":"category","embeddable":true,"href":"https:\/\/infoecos.com.ar\/index.php\/wp-json\/wp\/v2\/categories?post=90501"},{"taxonomy":"post_tag","embeddable":true,"href":"https:\/\/infoecos.com.ar\/index.php\/wp-json\/wp\/v2\/tags?post=90501"}],"curies":[{"name":"wp","href":"https:\/\/api.w.org\/{rel}","templated":true}]}}