{"id":90602,"date":"2022-04-05T19:48:47","date_gmt":"2022-04-05T22:48:47","guid":{"rendered":"http:\/\/infoecos.com.ar\/?p=90602"},"modified":"2022-04-07T00:21:56","modified_gmt":"2022-04-07T03:21:56","slug":"kicillof-en-arrecifes-la-situacion-social-tanto-en-el-conurbano-como-en-el-interior-no-da-para-mas","status":"publish","type":"post","link":"https:\/\/infoecos.com.ar\/index.php\/kicillof-en-arrecifes-la-situacion-social-tanto-en-el-conurbano-como-en-el-interior-no-da-para-mas\/","title":{"rendered":"Kicillof: \u00abla situaci\u00f3n social, tanto en el conurbano como en el interior, no da para m\u00e1s\u00bb"},"content":{"rendered":"\n<p>El gobernador de la provincia de Buenos Aires, Axel Kicillof asegur\u00f3 que la situaci\u00f3n social, tanto en el conurbano como en el interior bonaerense, \u201cno da para m\u00e1s\u201d.<\/p>\n\n\n\n<p>\u201cLos muchachos del FMI no s\u00e9 si el espa\u00f1ol lo dominan, pero en la Provincia no puede haber ajuste, lo tienen que entender\u201d enfatiz\u00f3 el Gobernador, en declaraciones que formul\u00f3 en Arrecifes.<\/p>\n\n\n\n<p>Adem\u00e1s, Kicillof sostuvo que \u201choy hay una guerra en Europa, que han generado una problem\u00e1tica de energ\u00eda y de alimentos, porque justo la zona de conflictos es una zona productora de alimentos y proveedora de energ\u00eda y gas para europa y todo el mundo\u201d.<\/p>\n\n\n\n<div class=\"wp-block-image\"><figure class=\"aligncenter size-large\"><img loading=\"lazy\" decoding=\"async\" width=\"920\" height=\"650\" src=\"http:\/\/infoecos.com.ar\/wp-content\/uploads\/2022\/04\/kicilloarrecifes-920x650.jpg\" alt=\"\" class=\"wp-image-90603\" srcset=\"https:\/\/infoecos.com.ar\/wp-content\/uploads\/2022\/04\/kicilloarrecifes-920x650.jpg 920w, https:\/\/infoecos.com.ar\/wp-content\/uploads\/2022\/04\/kicilloarrecifes-460x325.jpg 460w, https:\/\/infoecos.com.ar\/wp-content\/uploads\/2022\/04\/kicilloarrecifes-768x543.jpg 768w, https:\/\/infoecos.com.ar\/wp-content\/uploads\/2022\/04\/kicilloarrecifes-1024x723.jpg 1024w, https:\/\/infoecos.com.ar\/wp-content\/uploads\/2022\/04\/kicilloarrecifes.jpg 1536w\" sizes=\"(max-width: 920px) 100vw, 920px\" \/><\/figure><\/div>\n\n\n\n<p>\u201cLa escuchaba a&nbsp;<strong>Kristalina Georgieva<\/strong>, la directora del FMI, decir que puede haber una gran crisis alimentaria, llamar a los Gobiernos a tomar medidas para evitar que eso genere los problemas sociales que eso obviamente trae. Asi que est\u00e1 muy bien que el Gobierno tome medidas\u201d dijo Kicillof.<\/p>\n\n\n\n<p>Por otro lado, el Gobernador bonaerense hizo hincapi\u00e9 en que los precios de la guerra que hay en el mundo son para algunos \u201cun negocio b\u00e1rbaro\u201d, y se\u00f1al\u00f3 que \u201cel problema es que si a esos precios de guerra los cobramos en la Provincia pueden generar una rentabilidad inmensa que no tiene que ver con el esfuerzo y la inversi\u00f3n, sino con una guerra en Europa. No hay un derecho espec\u00edfico, sino una eventualidad\u201d.<\/p>\n\n\n\n<div class=\"wp-block-image\"><figure class=\"aligncenter size-large\"><img loading=\"lazy\" decoding=\"async\" width=\"920\" height=\"671\" src=\"http:\/\/infoecos.com.ar\/wp-content\/uploads\/2022\/04\/kicillof-920x671.jpg\" alt=\"\" class=\"wp-image-90604\" srcset=\"https:\/\/infoecos.com.ar\/wp-content\/uploads\/2022\/04\/kicillof-920x671.jpg 920w, https:\/\/infoecos.com.ar\/wp-content\/uploads\/2022\/04\/kicillof-460x335.jpg 460w, https:\/\/infoecos.com.ar\/wp-content\/uploads\/2022\/04\/kicillof-768x560.jpg 768w, https:\/\/infoecos.com.ar\/wp-content\/uploads\/2022\/04\/kicillof-1024x747.jpg 1024w, https:\/\/infoecos.com.ar\/wp-content\/uploads\/2022\/04\/kicillof.jpg 1536w\" sizes=\"(max-width: 920px) 100vw, 920px\" \/><\/figure><\/div>\n\n\n\n<p>En ese sentido, destac\u00f3 que hubo \u201cuna recuperaci\u00f3n muy fuerte con respecto a la pandemia\u201d, en la cual \u201cen la mayor\u00eda de los pa\u00edses del mundo la recuperaci\u00f3n estuvo por abajo de los n\u00fameros de pandemia. Nosotros estamos arriba\u201d explic\u00f3 el Gobernador de Buenos Aires.<\/p>\n","protected":false},"excerpt":{"rendered":"<p>\u201cLos muchachos del FMI no s\u00e9 si el espa\u00f1ol lo dominan, pero en la Provincia no puede haber ajuste, lo tienen que entender\u201d enfatiz\u00f3 el Gobernador, en declaraciones que formul\u00f3 en Arrecifes<\/p>\n","protected":false},"author":2,"featured_media":90604,"comment_status":"closed","ping_status":"open","sticky":false,"template":"","format":"standard","meta":{"footnotes":""},"categories":[40],"tags":[1767],"class_list":["post-90602","post","type-post","status-publish","format-standard","has-post-thumbnail","hentry","category-inferior1","tag-politica-y-economia-3"],"yoast_head":"<!-- This site is optimized with the Yoast SEO plugin v23.4 - https:\/\/yoast.com\/wordpress\/plugins\/seo\/ -->\n<title>Kicillof: &quot;la situaci\u00f3n social, tanto en el conurbano como en el interior, no da para m\u00e1s&quot; - Infoecos<\/title>\n<meta name=\"robots\" content=\"index, follow, max-snippet:-1, max-image-preview:large, max-video-preview:-1\" \/>\n<link rel=\"canonical\" href=\"https:\/\/infoecos.com.ar\/index.php\/kicillof-en-arrecifes-la-situacion-social-tanto-en-el-conurbano-como-en-el-interior-no-da-para-mas\/\" \/>\n<meta property=\"og:locale\" content=\"es_ES\" \/>\n<meta property=\"og:type\" content=\"article\" \/>\n<meta property=\"og:title\" content=\"Kicillof: &quot;la situaci\u00f3n social, tanto en el conurbano como en el interior, no da para m\u00e1s&quot; - Infoecos\" \/>\n<meta property=\"og:description\" content=\"\u201cLos muchachos del FMI no s\u00e9 si el espa\u00f1ol lo dominan, pero en la Provincia no puede haber ajuste, lo tienen que entender\u201d enfatiz\u00f3 el Gobernador, en declaraciones que formul\u00f3 en Arrecifes\" \/>\n<meta property=\"og:url\" content=\"https:\/\/infoecos.com.ar\/index.php\/kicillof-en-arrecifes-la-situacion-social-tanto-en-el-conurbano-como-en-el-interior-no-da-para-mas\/\" \/>\n<meta property=\"og:site_name\" content=\"Infoecos\" \/>\n<meta property=\"article:publisher\" content=\"https:\/\/www.facebook.com\/profile.php?id=100063200290284\" \/>\n<meta property=\"article:published_time\" content=\"2022-04-05T22:48:47+00:00\" \/>\n<meta property=\"article:modified_time\" content=\"2022-04-07T03:21:56+00:00\" \/>\n<meta property=\"og:image\" content=\"https:\/\/infoecos.com.ar\/wp-content\/uploads\/2022\/04\/kicillof.jpg\" \/>\n\t<meta property=\"og:image:width\" content=\"1536\" \/>\n\t<meta property=\"og:image:height\" content=\"1120\" \/>\n\t<meta property=\"og:image:type\" content=\"image\/jpeg\" \/>\n<meta name=\"author\" content=\"Jorge Matheus\" \/>\n<meta name=\"twitter:card\" content=\"summary_large_image\" \/>\n<meta name=\"twitter:creator\" content=\"@infoecos\" \/>\n<meta name=\"twitter:site\" content=\"@infoecos\" \/>\n<meta name=\"twitter:label1\" content=\"Escrito por\" \/>\n\t<meta name=\"twitter:data1\" content=\"Jorge Matheus\" \/>\n\t<meta name=\"twitter:label2\" content=\"Tiempo de lectura\" \/>\n\t<meta name=\"twitter:data2\" content=\"1 minuto\" \/>\n<script type=\"application\/ld+json\" class=\"yoast-schema-graph\">{\"@context\":\"https:\/\/schema.org\",\"@graph\":[{\"@type\":\"Article\",\"@id\":\"https:\/\/infoecos.com.ar\/index.php\/kicillof-en-arrecifes-la-situacion-social-tanto-en-el-conurbano-como-en-el-interior-no-da-para-mas\/#article\",\"isPartOf\":{\"@id\":\"https:\/\/infoecos.com.ar\/index.php\/kicillof-en-arrecifes-la-situacion-social-tanto-en-el-conurbano-como-en-el-interior-no-da-para-mas\/\"},\"author\":{\"name\":\"Jorge Matheus\",\"@id\":\"https:\/\/infoecos.com.ar\/#\/schema\/person\/8f5ace5ce73b4b4aac4b7245aee6f191\"},\"headline\":\"Kicillof: \u00abla situaci\u00f3n social, tanto en el conurbano como en el interior, no da para m\u00e1s\u00bb\",\"datePublished\":\"2022-04-05T22:48:47+00:00\",\"dateModified\":\"2022-04-07T03:21:56+00:00\",\"mainEntityOfPage\":{\"@id\":\"https:\/\/infoecos.com.ar\/index.php\/kicillof-en-arrecifes-la-situacion-social-tanto-en-el-conurbano-como-en-el-interior-no-da-para-mas\/\"},\"wordCount\":306,\"publisher\":{\"@id\":\"https:\/\/infoecos.com.ar\/#organization\"},\"image\":{\"@id\":\"https:\/\/infoecos.com.ar\/index.php\/kicillof-en-arrecifes-la-situacion-social-tanto-en-el-conurbano-como-en-el-interior-no-da-para-mas\/#primaryimage\"},\"thumbnailUrl\":\"https:\/\/infoecos.com.ar\/wp-content\/uploads\/2022\/04\/kicillof.jpg\",\"keywords\":[\"POL\u00cdTICA Y ECONOM\u00cdA\"],\"articleSection\":[\"Bloque inferior - 1\"],\"inLanguage\":\"es\"},{\"@type\":\"WebPage\",\"@id\":\"https:\/\/infoecos.com.ar\/index.php\/kicillof-en-arrecifes-la-situacion-social-tanto-en-el-conurbano-como-en-el-interior-no-da-para-mas\/\",\"url\":\"https:\/\/infoecos.com.ar\/index.php\/kicillof-en-arrecifes-la-situacion-social-tanto-en-el-conurbano-como-en-el-interior-no-da-para-mas\/\",\"name\":\"Kicillof: \\\"la situaci\u00f3n social, tanto en el conurbano como en el interior, no da para m\u00e1s\\\" - Infoecos\",\"isPartOf\":{\"@id\":\"https:\/\/infoecos.com.ar\/#website\"},\"primaryImageOfPage\":{\"@id\":\"https:\/\/infoecos.com.ar\/index.php\/kicillof-en-arrecifes-la-situacion-social-tanto-en-el-conurbano-como-en-el-interior-no-da-para-mas\/#primaryimage\"},\"image\":{\"@id\":\"https:\/\/infoecos.com.ar\/index.php\/kicillof-en-arrecifes-la-situacion-social-tanto-en-el-conurbano-como-en-el-interior-no-da-para-mas\/#primaryimage\"},\"thumbnailUrl\":\"https:\/\/infoecos.com.ar\/wp-content\/uploads\/2022\/04\/kicillof.jpg\",\"datePublished\":\"2022-04-05T22:48:47+00:00\",\"dateModified\":\"2022-04-07T03:21:56+00:00\",\"breadcrumb\":{\"@id\":\"https:\/\/infoecos.com.ar\/index.php\/kicillof-en-arrecifes-la-situacion-social-tanto-en-el-conurbano-como-en-el-interior-no-da-para-mas\/#breadcrumb\"},\"inLanguage\":\"es\",\"potentialAction\":[{\"@type\":\"ReadAction\",\"target\":[\"https:\/\/infoecos.com.ar\/index.php\/kicillof-en-arrecifes-la-situacion-social-tanto-en-el-conurbano-como-en-el-interior-no-da-para-mas\/\"]}]},{\"@type\":\"ImageObject\",\"inLanguage\":\"es\",\"@id\":\"https:\/\/infoecos.com.ar\/index.php\/kicillof-en-arrecifes-la-situacion-social-tanto-en-el-conurbano-como-en-el-interior-no-da-para-mas\/#primaryimage\",\"url\":\"https:\/\/infoecos.com.ar\/wp-content\/uploads\/2022\/04\/kicillof.jpg\",\"contentUrl\":\"https:\/\/infoecos.com.ar\/wp-content\/uploads\/2022\/04\/kicillof.jpg\",\"width\":1536,\"height\":1120},{\"@type\":\"BreadcrumbList\",\"@id\":\"https:\/\/infoecos.com.ar\/index.php\/kicillof-en-arrecifes-la-situacion-social-tanto-en-el-conurbano-como-en-el-interior-no-da-para-mas\/#breadcrumb\",\"itemListElement\":[{\"@type\":\"ListItem\",\"position\":1,\"name\":\"Portada\",\"item\":\"https:\/\/infoecos.com.ar\/\"},{\"@type\":\"ListItem\",\"position\":2,\"name\":\"Kicillof: \u00abla situaci\u00f3n social, tanto en el conurbano como en el interior, no da para m\u00e1s\u00bb\"}]},{\"@type\":\"WebSite\",\"@id\":\"https:\/\/infoecos.com.ar\/#website\",\"url\":\"https:\/\/infoecos.com.ar\/\",\"name\":\"Infoecos\",\"description\":\"Noticias de trenque lauquen y la zona\",\"publisher\":{\"@id\":\"https:\/\/infoecos.com.ar\/#organization\"},\"alternateName\":\"Noticias\",\"potentialAction\":[{\"@type\":\"SearchAction\",\"target\":{\"@type\":\"EntryPoint\",\"urlTemplate\":\"https:\/\/infoecos.com.ar\/?s={search_term_string}\"},\"query-input\":{\"@type\":\"PropertyValueSpecification\",\"valueRequired\":true,\"valueName\":\"search_term_string\"}}],\"inLanguage\":\"es\"},{\"@type\":\"Organization\",\"@id\":\"https:\/\/infoecos.com.ar\/#organization\",\"name\":\"Infoecos\",\"alternateName\":\"Noticias\",\"url\":\"https:\/\/infoecos.com.ar\/\",\"logo\":{\"@type\":\"ImageObject\",\"inLanguage\":\"es\",\"@id\":\"https:\/\/infoecos.com.ar\/#\/schema\/logo\/image\/\",\"url\":\"https:\/\/infoecos.com.ar\/wp-content\/uploads\/2024\/03\/cropped-logo.png\",\"contentUrl\":\"https:\/\/infoecos.com.ar\/wp-content\/uploads\/2024\/03\/cropped-logo.png\",\"width\":374,\"height\":90,\"caption\":\"Infoecos\"},\"image\":{\"@id\":\"https:\/\/infoecos.com.ar\/#\/schema\/logo\/image\/\"},\"sameAs\":[\"https:\/\/www.facebook.com\/profile.php?id=100063200290284\",\"https:\/\/x.com\/infoecos\"]},{\"@type\":\"Person\",\"@id\":\"https:\/\/infoecos.com.ar\/#\/schema\/person\/8f5ace5ce73b4b4aac4b7245aee6f191\",\"name\":\"Jorge Matheus\",\"url\":\"https:\/\/infoecos.com.ar\/index.php\/author\/jomatheus\/\"}]}<\/script>\n<!-- \/ Yoast SEO plugin. -->","yoast_head_json":{"title":"Kicillof: \"la situaci\u00f3n social, tanto en el conurbano como en el interior, no da para m\u00e1s\" - Infoecos","robots":{"index":"index","follow":"follow","max-snippet":"max-snippet:-1","max-image-preview":"max-image-preview:large","max-video-preview":"max-video-preview:-1"},"canonical":"https:\/\/infoecos.com.ar\/index.php\/kicillof-en-arrecifes-la-situacion-social-tanto-en-el-conurbano-como-en-el-interior-no-da-para-mas\/","og_locale":"es_ES","og_type":"article","og_title":"Kicillof: \"la situaci\u00f3n social, tanto en el conurbano como en el interior, no da para m\u00e1s\" - Infoecos","og_description":"\u201cLos muchachos del FMI no s\u00e9 si el espa\u00f1ol lo dominan, pero en la Provincia no puede haber ajuste, lo tienen que entender\u201d enfatiz\u00f3 el Gobernador, en declaraciones que formul\u00f3 en Arrecifes","og_url":"https:\/\/infoecos.com.ar\/index.php\/kicillof-en-arrecifes-la-situacion-social-tanto-en-el-conurbano-como-en-el-interior-no-da-para-mas\/","og_site_name":"Infoecos","article_publisher":"https:\/\/www.facebook.com\/profile.php?id=100063200290284","article_published_time":"2022-04-05T22:48:47+00:00","article_modified_time":"2022-04-07T03:21:56+00:00","og_image":[{"width":1536,"height":1120,"url":"https:\/\/infoecos.com.ar\/wp-content\/uploads\/2022\/04\/kicillof.jpg","type":"image\/jpeg"}],"author":"Jorge Matheus","twitter_card":"summary_large_image","twitter_creator":"@infoecos","twitter_site":"@infoecos","twitter_misc":{"Escrito por":"Jorge Matheus","Tiempo de lectura":"1 minuto"},"schema":{"@context":"https:\/\/schema.org","@graph":[{"@type":"Article","@id":"https:\/\/infoecos.com.ar\/index.php\/kicillof-en-arrecifes-la-situacion-social-tanto-en-el-conurbano-como-en-el-interior-no-da-para-mas\/#article","isPartOf":{"@id":"https:\/\/infoecos.com.ar\/index.php\/kicillof-en-arrecifes-la-situacion-social-tanto-en-el-conurbano-como-en-el-interior-no-da-para-mas\/"},"author":{"name":"Jorge Matheus","@id":"https:\/\/infoecos.com.ar\/#\/schema\/person\/8f5ace5ce73b4b4aac4b7245aee6f191"},"headline":"Kicillof: \u00abla situaci\u00f3n social, tanto en el conurbano como en el interior, no da para m\u00e1s\u00bb","datePublished":"2022-04-05T22:48:47+00:00","dateModified":"2022-04-07T03:21:56+00:00","mainEntityOfPage":{"@id":"https:\/\/infoecos.com.ar\/index.php\/kicillof-en-arrecifes-la-situacion-social-tanto-en-el-conurbano-como-en-el-interior-no-da-para-mas\/"},"wordCount":306,"publisher":{"@id":"https:\/\/infoecos.com.ar\/#organization"},"image":{"@id":"https:\/\/infoecos.com.ar\/index.php\/kicillof-en-arrecifes-la-situacion-social-tanto-en-el-conurbano-como-en-el-interior-no-da-para-mas\/#primaryimage"},"thumbnailUrl":"https:\/\/infoecos.com.ar\/wp-content\/uploads\/2022\/04\/kicillof.jpg","keywords":["POL\u00cdTICA Y ECONOM\u00cdA"],"articleSection":["Bloque inferior - 1"],"inLanguage":"es"},{"@type":"WebPage","@id":"https:\/\/infoecos.com.ar\/index.php\/kicillof-en-arrecifes-la-situacion-social-tanto-en-el-conurbano-como-en-el-interior-no-da-para-mas\/","url":"https:\/\/infoecos.com.ar\/index.php\/kicillof-en-arrecifes-la-situacion-social-tanto-en-el-conurbano-como-en-el-interior-no-da-para-mas\/","name":"Kicillof: \"la situaci\u00f3n social, tanto en el conurbano como en el interior, no da para m\u00e1s\" - Infoecos","isPartOf":{"@id":"https:\/\/infoecos.com.ar\/#website"},"primaryImageOfPage":{"@id":"https:\/\/infoecos.com.ar\/index.php\/kicillof-en-arrecifes-la-situacion-social-tanto-en-el-conurbano-como-en-el-interior-no-da-para-mas\/#primaryimage"},"image":{"@id":"https:\/\/infoecos.com.ar\/index.php\/kicillof-en-arrecifes-la-situacion-social-tanto-en-el-conurbano-como-en-el-interior-no-da-para-mas\/#primaryimage"},"thumbnailUrl":"https:\/\/infoecos.com.ar\/wp-content\/uploads\/2022\/04\/kicillof.jpg","datePublished":"2022-04-05T22:48:47+00:00","dateModified":"2022-04-07T03:21:56+00:00","breadcrumb":{"@id":"https:\/\/infoecos.com.ar\/index.php\/kicillof-en-arrecifes-la-situacion-social-tanto-en-el-conurbano-como-en-el-interior-no-da-para-mas\/#breadcrumb"},"inLanguage":"es","potentialAction":[{"@type":"ReadAction","target":["https:\/\/infoecos.com.ar\/index.php\/kicillof-en-arrecifes-la-situacion-social-tanto-en-el-conurbano-como-en-el-interior-no-da-para-mas\/"]}]},{"@type":"ImageObject","inLanguage":"es","@id":"https:\/\/infoecos.com.ar\/index.php\/kicillof-en-arrecifes-la-situacion-social-tanto-en-el-conurbano-como-en-el-interior-no-da-para-mas\/#primaryimage","url":"https:\/\/infoecos.com.ar\/wp-content\/uploads\/2022\/04\/kicillof.jpg","contentUrl":"https:\/\/infoecos.com.ar\/wp-content\/uploads\/2022\/04\/kicillof.jpg","width":1536,"height":1120},{"@type":"BreadcrumbList","@id":"https:\/\/infoecos.com.ar\/index.php\/kicillof-en-arrecifes-la-situacion-social-tanto-en-el-conurbano-como-en-el-interior-no-da-para-mas\/#breadcrumb","itemListElement":[{"@type":"ListItem","position":1,"name":"Portada","item":"https:\/\/infoecos.com.ar\/"},{"@type":"ListItem","position":2,"name":"Kicillof: \u00abla situaci\u00f3n social, tanto en el conurbano como en el interior, no da para m\u00e1s\u00bb"}]},{"@type":"WebSite","@id":"https:\/\/infoecos.com.ar\/#website","url":"https:\/\/infoecos.com.ar\/","name":"Infoecos","description":"Noticias de trenque lauquen y la zona","publisher":{"@id":"https:\/\/infoecos.com.ar\/#organization"},"alternateName":"Noticias","potentialAction":[{"@type":"SearchAction","target":{"@type":"EntryPoint","urlTemplate":"https:\/\/infoecos.com.ar\/?s={search_term_string}"},"query-input":{"@type":"PropertyValueSpecification","valueRequired":true,"valueName":"search_term_string"}}],"inLanguage":"es"},{"@type":"Organization","@id":"https:\/\/infoecos.com.ar\/#organization","name":"Infoecos","alternateName":"Noticias","url":"https:\/\/infoecos.com.ar\/","logo":{"@type":"ImageObject","inLanguage":"es","@id":"https:\/\/infoecos.com.ar\/#\/schema\/logo\/image\/","url":"https:\/\/infoecos.com.ar\/wp-content\/uploads\/2024\/03\/cropped-logo.png","contentUrl":"https:\/\/infoecos.com.ar\/wp-content\/uploads\/2024\/03\/cropped-logo.png","width":374,"height":90,"caption":"Infoecos"},"image":{"@id":"https:\/\/infoecos.com.ar\/#\/schema\/logo\/image\/"},"sameAs":["https:\/\/www.facebook.com\/profile.php?id=100063200290284","https:\/\/x.com\/infoecos"]},{"@type":"Person","@id":"https:\/\/infoecos.com.ar\/#\/schema\/person\/8f5ace5ce73b4b4aac4b7245aee6f191","name":"Jorge Matheus","url":"https:\/\/infoecos.com.ar\/index.php\/author\/jomatheus\/"}]}},"featured_image_urls":{"full":["https:\/\/infoecos.com.ar\/wp-content\/uploads\/2022\/04\/kicillof.jpg",1536,1120,false],"thumbnail":["https:\/\/infoecos.com.ar\/wp-content\/uploads\/2022\/04\/kicillof-150x150.jpg",150,150,true],"medium":["https:\/\/infoecos.com.ar\/wp-content\/uploads\/2022\/04\/kicillof-460x335.jpg",460,335,true],"medium_large":["https:\/\/infoecos.com.ar\/wp-content\/uploads\/2022\/04\/kicillof-768x560.jpg",640,467,true],"large":["https:\/\/infoecos.com.ar\/wp-content\/uploads\/2022\/04\/kicillof-920x671.jpg",640,467,true],"1536x1536":["https:\/\/infoecos.com.ar\/wp-content\/uploads\/2022\/04\/kicillof.jpg",1536,1120,false],"2048x2048":["https:\/\/infoecos.com.ar\/wp-content\/uploads\/2022\/04\/kicillof.jpg",1536,1120,false],"covernews-slider-full":["https:\/\/infoecos.com.ar\/wp-content\/uploads\/2022\/04\/kicillof-1536x1020.jpg",1077,715,true],"covernews-slider-center":["https:\/\/infoecos.com.ar\/wp-content\/uploads\/2022\/04\/kicillof-936x897.jpg",522,500,true],"covernews-featured":["https:\/\/infoecos.com.ar\/wp-content\/uploads\/2022\/04\/kicillof-1024x747.jpg",1024,747,true],"covernews-medium":["https:\/\/infoecos.com.ar\/wp-content\/uploads\/2022\/04\/kicillof-720x380.jpg",540,285,true],"covernews-medium-square":["https:\/\/infoecos.com.ar\/wp-content\/uploads\/2022\/04\/kicillof-675x450.jpg",375,250,true]},"author_info":{"info":["Jorge Matheus"]},"category_info":"<a href=\"https:\/\/infoecos.com.ar\/index.php\/category\/inferior1\/\" rel=\"category tag\">Bloque inferior - 1<\/a>","tag_info":"Bloque inferior - 1","comment_count":"0","_links":{"self":[{"href":"https:\/\/infoecos.com.ar\/index.php\/wp-json\/wp\/v2\/posts\/90602"}],"collection":[{"href":"https:\/\/infoecos.com.ar\/index.php\/wp-json\/wp\/v2\/posts"}],"about":[{"href":"https:\/\/infoecos.com.ar\/index.php\/wp-json\/wp\/v2\/types\/post"}],"author":[{"embeddable":true,"href":"https:\/\/infoecos.com.ar\/index.php\/wp-json\/wp\/v2\/users\/2"}],"replies":[{"embeddable":true,"href":"https:\/\/infoecos.com.ar\/index.php\/wp-json\/wp\/v2\/comments?post=90602"}],"version-history":[{"count":2,"href":"https:\/\/infoecos.com.ar\/index.php\/wp-json\/wp\/v2\/posts\/90602\/revisions"}],"predecessor-version":[{"id":90623,"href":"https:\/\/infoecos.com.ar\/index.php\/wp-json\/wp\/v2\/posts\/90602\/revisions\/90623"}],"wp:featuredmedia":[{"embeddable":true,"href":"https:\/\/infoecos.com.ar\/index.php\/wp-json\/wp\/v2\/media\/90604"}],"wp:attachment":[{"href":"https:\/\/infoecos.com.ar\/index.php\/wp-json\/wp\/v2\/media?parent=90602"}],"wp:term":[{"taxonomy":"category","embeddable":true,"href":"https:\/\/infoecos.com.ar\/index.php\/wp-json\/wp\/v2\/categories?post=90602"},{"taxonomy":"post_tag","embeddable":true,"href":"https:\/\/infoecos.com.ar\/index.php\/wp-json\/wp\/v2\/tags?post=90602"}],"curies":[{"name":"wp","href":"https:\/\/api.w.org\/{rel}","templated":true}]}}