{"id":90636,"date":"2022-04-06T13:50:35","date_gmt":"2022-04-06T16:50:35","guid":{"rendered":"http:\/\/infoecos.com.ar\/?p=90636"},"modified":"2022-04-06T20:05:17","modified_gmt":"2022-04-06T23:05:17","slug":"sergio-massa-recibio-a-jorge-jordan-satisfaccion-del-dirigente-trenquelauquense","status":"publish","type":"post","link":"https:\/\/infoecos.com.ar\/index.php\/sergio-massa-recibio-a-jorge-jordan-satisfaccion-del-dirigente-trenquelauquense\/","title":{"rendered":"Sergio Massa recibi\u00f3 a Jorge Jord\u00e1n: satisfacci\u00f3n del dirigente trenquelauquense"},"content":{"rendered":"\n<p>El presidente de la C\u00e1mara de Diputados de la Naci\u00f3n, Sergio Massa, se mostr\u00f3 sumamente interesado en dar respuestas a una serie de necesidades del distrito de Trenque Lauquen. As\u00ed lo hizo saber a los distintos medios, el principal referente del Frente Renovador, Jorge Jord\u00e1n, despu\u00e9s de haber mantenido una reuni\u00f3n en la c\u00e1mara baja, este martes.<\/p>\n\n\n\n<p>\u00abSi bien sus responsabilidades pol\u00edticas son enormes, Sergio demostr\u00f3 tener un amplio conocimiento del interior bonaerense, y est\u00e1 al tanto de la gran mayor\u00eda de las cuestiones que hacen al presente y futuro desarrollo de la regi\u00f3n. Durante la reuni\u00f3n que mantuvimos que se extendi\u00f3 durante unos 40 minutos, me puso en contacto con funcionarios de los gobiernos nacional y provincial, a los fines de que les requiera en forma directa la cristalizaci\u00f3n de proyectos que venimos sosteniendo desde hace tiempo\u00bb, dijo Jord\u00e1n en declaraciones period\u00edsticas.<\/p>\n\n\n\n<div class=\"wp-block-image\"><figure class=\"aligncenter size-large is-resized\"><img loading=\"lazy\" decoding=\"async\" src=\"http:\/\/infoecos.com.ar\/wp-content\/uploads\/2022\/04\/jordan-690x920.jpg\" alt=\"\" class=\"wp-image-90637\" width=\"282\" height=\"376\" srcset=\"https:\/\/infoecos.com.ar\/wp-content\/uploads\/2022\/04\/jordan-690x920.jpg 690w, https:\/\/infoecos.com.ar\/wp-content\/uploads\/2022\/04\/jordan-345x460.jpg 345w, https:\/\/infoecos.com.ar\/wp-content\/uploads\/2022\/04\/jordan-768x1024.jpg 768w, https:\/\/infoecos.com.ar\/wp-content\/uploads\/2022\/04\/jordan-1152x1536.jpg 1152w, https:\/\/infoecos.com.ar\/wp-content\/uploads\/2022\/04\/jordan-1024x1365.jpg 1024w, https:\/\/infoecos.com.ar\/wp-content\/uploads\/2022\/04\/jordan.jpg 1200w\" sizes=\"(max-width: 282px) 100vw, 282px\" \/><figcaption>Massa con Jord\u00e1n<\/figcaption><\/figure><\/div>\n\n\n\n<p>Qui\u00e9n se desempe\u00f1ara como concejal durante varios a\u00f1os hizo hincapi\u00e9 en lo conversado sobre el retorno de los servicios ferroviarios de pasajeros lo que \u00abva a acontecer en poco tiempo m\u00e1s\u00bb, como as\u00ed tambi\u00e9n en el mejoramiento del aer\u00f3dromo \u00d1anco Lauquen habiendo asumido el compromiso el ministro de Transportes de la provincia, de \u00abseguir muy de cerca los pasos que se den de ahora en m\u00e1s, habida cuenta de los reiterados reclamos que desde el concejo hemos realizado sobre el particular\u00bb. \u00abEl distrito necesita este lugar en condiciones. Es mucho el movimiento a\u00e9reo que se registra y lo que representa para la prestaci\u00f3n de servicios, muy especialmente vinculados con la salud, no solo de Trenque Lauquen, sino tambi\u00e9n de la regi\u00f3n\u00bb, apunt\u00f3 Jord\u00e1n.<\/p>\n\n\n\n<p>\u00abTambi\u00e9n hablamos sobre las colectoras del tramo de Ruta 5 entre el Sector Industrial, y la rotonda de las rutas  5 y 33. Massa me requiri\u00f3 que reiteremos el pedido formulado oportunamente a las autoridades de Vialidad Nacional. He hablado con el intendente Fern\u00e1ndez hace unos d\u00edas atr\u00e1s sobre el particular, por lo que en estas horas le pedir\u00e9 que remitamos el proyecto que se elabor\u00f3 para que pueda contar tambi\u00e9n con el apoyo de Sergio\u00bb, expres\u00f3.<\/p>\n\n\n\n<p>Jord\u00e1n tambi\u00e9n coment\u00f3 que merced a la buena disposici\u00f3n del presidente de la c\u00e1mara de diputados de la Naci\u00f3n, repetimos el requerimiento para contar con un aporte de cuatro millones de pesos que se conviertan en un apoyo econ\u00f3mico al municipio para destinar a la adquisici\u00f3n de las hect\u00e1reas en 30 de Agosto. <\/p>\n\n\n\n<div class=\"wp-block-image\"><figure class=\"aligncenter size-large is-resized\"><img loading=\"lazy\" decoding=\"async\" src=\"http:\/\/infoecos.com.ar\/wp-content\/uploads\/2022\/04\/massajorda-2-690x920.jpg\" alt=\"\" class=\"wp-image-90640\" width=\"425\" height=\"567\" srcset=\"https:\/\/infoecos.com.ar\/wp-content\/uploads\/2022\/04\/massajorda-2-690x920.jpg 690w, https:\/\/infoecos.com.ar\/wp-content\/uploads\/2022\/04\/massajorda-2-345x460.jpg 345w, https:\/\/infoecos.com.ar\/wp-content\/uploads\/2022\/04\/massajorda-2-768x1024.jpg 768w, https:\/\/infoecos.com.ar\/wp-content\/uploads\/2022\/04\/massajorda-2-1152x1536.jpg 1152w, https:\/\/infoecos.com.ar\/wp-content\/uploads\/2022\/04\/massajorda-2-1024x1365.jpg 1024w, https:\/\/infoecos.com.ar\/wp-content\/uploads\/2022\/04\/massajorda-2.jpg 1200w\" sizes=\"(max-width: 425px) 100vw, 425px\" \/><\/figure><\/div>\n\n\n\n<p><\/p>\n\n\n\n<p> <\/p>\n","protected":false},"excerpt":{"rendered":"<p>El presidente de la C\u00e1mara de Diputados de la Naci\u00f3n, Sergio Massa, se mostr\u00f3 sumamente interesado en dar respuestas a una serie de necesidades del distrito de Trenque Lauquen<\/p>\n","protected":false},"author":2,"featured_media":90639,"comment_status":"closed","ping_status":"open","sticky":false,"template":"","format":"standard","meta":{"footnotes":""},"categories":[45],"tags":[5778],"class_list":["post-90636","post","type-post","status-publish","format-standard","has-post-thumbnail","hentry","category-c1nota2","tag-respuesta-a-requerimientos"],"yoast_head":"<!-- This site is optimized with the Yoast SEO plugin v23.4 - https:\/\/yoast.com\/wordpress\/plugins\/seo\/ -->\n<title>Sergio Massa recibi\u00f3 a Jorge Jord\u00e1n: satisfacci\u00f3n del dirigente trenquelauquense - Infoecos<\/title>\n<meta name=\"robots\" content=\"index, follow, max-snippet:-1, max-image-preview:large, max-video-preview:-1\" \/>\n<link rel=\"canonical\" href=\"https:\/\/infoecos.com.ar\/index.php\/sergio-massa-recibio-a-jorge-jordan-satisfaccion-del-dirigente-trenquelauquense\/\" \/>\n<meta property=\"og:locale\" content=\"es_ES\" \/>\n<meta property=\"og:type\" content=\"article\" \/>\n<meta property=\"og:title\" content=\"Sergio Massa recibi\u00f3 a Jorge Jord\u00e1n: satisfacci\u00f3n del dirigente trenquelauquense - Infoecos\" \/>\n<meta property=\"og:description\" content=\"El presidente de la C\u00e1mara de Diputados de la Naci\u00f3n, Sergio Massa, se mostr\u00f3 sumamente interesado en dar respuestas a una serie de necesidades del distrito de Trenque Lauquen\" \/>\n<meta property=\"og:url\" content=\"https:\/\/infoecos.com.ar\/index.php\/sergio-massa-recibio-a-jorge-jordan-satisfaccion-del-dirigente-trenquelauquense\/\" \/>\n<meta property=\"og:site_name\" content=\"Infoecos\" \/>\n<meta property=\"article:publisher\" content=\"https:\/\/www.facebook.com\/profile.php?id=100063200290284\" \/>\n<meta property=\"article:published_time\" content=\"2022-04-06T16:50:35+00:00\" \/>\n<meta property=\"article:modified_time\" content=\"2022-04-06T23:05:17+00:00\" \/>\n<meta property=\"og:image\" content=\"https:\/\/infoecos.com.ar\/wp-content\/uploads\/2022\/04\/massajorda-1.jpg\" \/>\n\t<meta property=\"og:image:width\" content=\"1200\" \/>\n\t<meta property=\"og:image:height\" content=\"1600\" \/>\n\t<meta property=\"og:image:type\" content=\"image\/jpeg\" \/>\n<meta name=\"author\" content=\"Jorge Matheus\" \/>\n<meta name=\"twitter:card\" content=\"summary_large_image\" \/>\n<meta name=\"twitter:creator\" content=\"@infoecos\" \/>\n<meta name=\"twitter:site\" content=\"@infoecos\" \/>\n<meta name=\"twitter:label1\" content=\"Escrito por\" \/>\n\t<meta name=\"twitter:data1\" content=\"Jorge Matheus\" \/>\n\t<meta name=\"twitter:label2\" content=\"Tiempo de lectura\" \/>\n\t<meta name=\"twitter:data2\" content=\"2 minutos\" \/>\n<script type=\"application\/ld+json\" class=\"yoast-schema-graph\">{\"@context\":\"https:\/\/schema.org\",\"@graph\":[{\"@type\":\"Article\",\"@id\":\"https:\/\/infoecos.com.ar\/index.php\/sergio-massa-recibio-a-jorge-jordan-satisfaccion-del-dirigente-trenquelauquense\/#article\",\"isPartOf\":{\"@id\":\"https:\/\/infoecos.com.ar\/index.php\/sergio-massa-recibio-a-jorge-jordan-satisfaccion-del-dirigente-trenquelauquense\/\"},\"author\":{\"name\":\"Jorge Matheus\",\"@id\":\"https:\/\/infoecos.com.ar\/#\/schema\/person\/8f5ace5ce73b4b4aac4b7245aee6f191\"},\"headline\":\"Sergio Massa recibi\u00f3 a Jorge Jord\u00e1n: satisfacci\u00f3n del dirigente trenquelauquense\",\"datePublished\":\"2022-04-06T16:50:35+00:00\",\"dateModified\":\"2022-04-06T23:05:17+00:00\",\"mainEntityOfPage\":{\"@id\":\"https:\/\/infoecos.com.ar\/index.php\/sergio-massa-recibio-a-jorge-jordan-satisfaccion-del-dirigente-trenquelauquense\/\"},\"wordCount\":445,\"publisher\":{\"@id\":\"https:\/\/infoecos.com.ar\/#organization\"},\"image\":{\"@id\":\"https:\/\/infoecos.com.ar\/index.php\/sergio-massa-recibio-a-jorge-jordan-satisfaccion-del-dirigente-trenquelauquense\/#primaryimage\"},\"thumbnailUrl\":\"https:\/\/infoecos.com.ar\/wp-content\/uploads\/2022\/04\/massajorda-1.jpg\",\"keywords\":[\"respuesta a requerimientos\"],\"articleSection\":[\"C1 N2\"],\"inLanguage\":\"es\"},{\"@type\":\"WebPage\",\"@id\":\"https:\/\/infoecos.com.ar\/index.php\/sergio-massa-recibio-a-jorge-jordan-satisfaccion-del-dirigente-trenquelauquense\/\",\"url\":\"https:\/\/infoecos.com.ar\/index.php\/sergio-massa-recibio-a-jorge-jordan-satisfaccion-del-dirigente-trenquelauquense\/\",\"name\":\"Sergio Massa recibi\u00f3 a Jorge Jord\u00e1n: satisfacci\u00f3n del dirigente trenquelauquense - Infoecos\",\"isPartOf\":{\"@id\":\"https:\/\/infoecos.com.ar\/#website\"},\"primaryImageOfPage\":{\"@id\":\"https:\/\/infoecos.com.ar\/index.php\/sergio-massa-recibio-a-jorge-jordan-satisfaccion-del-dirigente-trenquelauquense\/#primaryimage\"},\"image\":{\"@id\":\"https:\/\/infoecos.com.ar\/index.php\/sergio-massa-recibio-a-jorge-jordan-satisfaccion-del-dirigente-trenquelauquense\/#primaryimage\"},\"thumbnailUrl\":\"https:\/\/infoecos.com.ar\/wp-content\/uploads\/2022\/04\/massajorda-1.jpg\",\"datePublished\":\"2022-04-06T16:50:35+00:00\",\"dateModified\":\"2022-04-06T23:05:17+00:00\",\"breadcrumb\":{\"@id\":\"https:\/\/infoecos.com.ar\/index.php\/sergio-massa-recibio-a-jorge-jordan-satisfaccion-del-dirigente-trenquelauquense\/#breadcrumb\"},\"inLanguage\":\"es\",\"potentialAction\":[{\"@type\":\"ReadAction\",\"target\":[\"https:\/\/infoecos.com.ar\/index.php\/sergio-massa-recibio-a-jorge-jordan-satisfaccion-del-dirigente-trenquelauquense\/\"]}]},{\"@type\":\"ImageObject\",\"inLanguage\":\"es\",\"@id\":\"https:\/\/infoecos.com.ar\/index.php\/sergio-massa-recibio-a-jorge-jordan-satisfaccion-del-dirigente-trenquelauquense\/#primaryimage\",\"url\":\"https:\/\/infoecos.com.ar\/wp-content\/uploads\/2022\/04\/massajorda-1.jpg\",\"contentUrl\":\"https:\/\/infoecos.com.ar\/wp-content\/uploads\/2022\/04\/massajorda-1.jpg\",\"width\":1200,\"height\":1600},{\"@type\":\"BreadcrumbList\",\"@id\":\"https:\/\/infoecos.com.ar\/index.php\/sergio-massa-recibio-a-jorge-jordan-satisfaccion-del-dirigente-trenquelauquense\/#breadcrumb\",\"itemListElement\":[{\"@type\":\"ListItem\",\"position\":1,\"name\":\"Portada\",\"item\":\"https:\/\/infoecos.com.ar\/\"},{\"@type\":\"ListItem\",\"position\":2,\"name\":\"Sergio Massa recibi\u00f3 a Jorge Jord\u00e1n: satisfacci\u00f3n del dirigente trenquelauquense\"}]},{\"@type\":\"WebSite\",\"@id\":\"https:\/\/infoecos.com.ar\/#website\",\"url\":\"https:\/\/infoecos.com.ar\/\",\"name\":\"Infoecos\",\"description\":\"Noticias de trenque lauquen y la zona\",\"publisher\":{\"@id\":\"https:\/\/infoecos.com.ar\/#organization\"},\"alternateName\":\"Noticias\",\"potentialAction\":[{\"@type\":\"SearchAction\",\"target\":{\"@type\":\"EntryPoint\",\"urlTemplate\":\"https:\/\/infoecos.com.ar\/?s={search_term_string}\"},\"query-input\":{\"@type\":\"PropertyValueSpecification\",\"valueRequired\":true,\"valueName\":\"search_term_string\"}}],\"inLanguage\":\"es\"},{\"@type\":\"Organization\",\"@id\":\"https:\/\/infoecos.com.ar\/#organization\",\"name\":\"Infoecos\",\"alternateName\":\"Noticias\",\"url\":\"https:\/\/infoecos.com.ar\/\",\"logo\":{\"@type\":\"ImageObject\",\"inLanguage\":\"es\",\"@id\":\"https:\/\/infoecos.com.ar\/#\/schema\/logo\/image\/\",\"url\":\"https:\/\/infoecos.com.ar\/wp-content\/uploads\/2024\/03\/cropped-logo.png\",\"contentUrl\":\"https:\/\/infoecos.com.ar\/wp-content\/uploads\/2024\/03\/cropped-logo.png\",\"width\":374,\"height\":90,\"caption\":\"Infoecos\"},\"image\":{\"@id\":\"https:\/\/infoecos.com.ar\/#\/schema\/logo\/image\/\"},\"sameAs\":[\"https:\/\/www.facebook.com\/profile.php?id=100063200290284\",\"https:\/\/x.com\/infoecos\"]},{\"@type\":\"Person\",\"@id\":\"https:\/\/infoecos.com.ar\/#\/schema\/person\/8f5ace5ce73b4b4aac4b7245aee6f191\",\"name\":\"Jorge Matheus\",\"url\":\"https:\/\/infoecos.com.ar\/index.php\/author\/jomatheus\/\"}]}<\/script>\n<!-- \/ Yoast SEO plugin. -->","yoast_head_json":{"title":"Sergio Massa recibi\u00f3 a Jorge Jord\u00e1n: satisfacci\u00f3n del dirigente trenquelauquense - Infoecos","robots":{"index":"index","follow":"follow","max-snippet":"max-snippet:-1","max-image-preview":"max-image-preview:large","max-video-preview":"max-video-preview:-1"},"canonical":"https:\/\/infoecos.com.ar\/index.php\/sergio-massa-recibio-a-jorge-jordan-satisfaccion-del-dirigente-trenquelauquense\/","og_locale":"es_ES","og_type":"article","og_title":"Sergio Massa recibi\u00f3 a Jorge Jord\u00e1n: satisfacci\u00f3n del dirigente trenquelauquense - Infoecos","og_description":"El presidente de la C\u00e1mara de Diputados de la Naci\u00f3n, Sergio Massa, se mostr\u00f3 sumamente interesado en dar respuestas a una serie de necesidades del distrito de Trenque Lauquen","og_url":"https:\/\/infoecos.com.ar\/index.php\/sergio-massa-recibio-a-jorge-jordan-satisfaccion-del-dirigente-trenquelauquense\/","og_site_name":"Infoecos","article_publisher":"https:\/\/www.facebook.com\/profile.php?id=100063200290284","article_published_time":"2022-04-06T16:50:35+00:00","article_modified_time":"2022-04-06T23:05:17+00:00","og_image":[{"width":1200,"height":1600,"url":"https:\/\/infoecos.com.ar\/wp-content\/uploads\/2022\/04\/massajorda-1.jpg","type":"image\/jpeg"}],"author":"Jorge Matheus","twitter_card":"summary_large_image","twitter_creator":"@infoecos","twitter_site":"@infoecos","twitter_misc":{"Escrito por":"Jorge Matheus","Tiempo de lectura":"2 minutos"},"schema":{"@context":"https:\/\/schema.org","@graph":[{"@type":"Article","@id":"https:\/\/infoecos.com.ar\/index.php\/sergio-massa-recibio-a-jorge-jordan-satisfaccion-del-dirigente-trenquelauquense\/#article","isPartOf":{"@id":"https:\/\/infoecos.com.ar\/index.php\/sergio-massa-recibio-a-jorge-jordan-satisfaccion-del-dirigente-trenquelauquense\/"},"author":{"name":"Jorge Matheus","@id":"https:\/\/infoecos.com.ar\/#\/schema\/person\/8f5ace5ce73b4b4aac4b7245aee6f191"},"headline":"Sergio Massa recibi\u00f3 a Jorge Jord\u00e1n: satisfacci\u00f3n del dirigente trenquelauquense","datePublished":"2022-04-06T16:50:35+00:00","dateModified":"2022-04-06T23:05:17+00:00","mainEntityOfPage":{"@id":"https:\/\/infoecos.com.ar\/index.php\/sergio-massa-recibio-a-jorge-jordan-satisfaccion-del-dirigente-trenquelauquense\/"},"wordCount":445,"publisher":{"@id":"https:\/\/infoecos.com.ar\/#organization"},"image":{"@id":"https:\/\/infoecos.com.ar\/index.php\/sergio-massa-recibio-a-jorge-jordan-satisfaccion-del-dirigente-trenquelauquense\/#primaryimage"},"thumbnailUrl":"https:\/\/infoecos.com.ar\/wp-content\/uploads\/2022\/04\/massajorda-1.jpg","keywords":["respuesta a requerimientos"],"articleSection":["C1 N2"],"inLanguage":"es"},{"@type":"WebPage","@id":"https:\/\/infoecos.com.ar\/index.php\/sergio-massa-recibio-a-jorge-jordan-satisfaccion-del-dirigente-trenquelauquense\/","url":"https:\/\/infoecos.com.ar\/index.php\/sergio-massa-recibio-a-jorge-jordan-satisfaccion-del-dirigente-trenquelauquense\/","name":"Sergio Massa recibi\u00f3 a Jorge Jord\u00e1n: satisfacci\u00f3n del dirigente trenquelauquense - Infoecos","isPartOf":{"@id":"https:\/\/infoecos.com.ar\/#website"},"primaryImageOfPage":{"@id":"https:\/\/infoecos.com.ar\/index.php\/sergio-massa-recibio-a-jorge-jordan-satisfaccion-del-dirigente-trenquelauquense\/#primaryimage"},"image":{"@id":"https:\/\/infoecos.com.ar\/index.php\/sergio-massa-recibio-a-jorge-jordan-satisfaccion-del-dirigente-trenquelauquense\/#primaryimage"},"thumbnailUrl":"https:\/\/infoecos.com.ar\/wp-content\/uploads\/2022\/04\/massajorda-1.jpg","datePublished":"2022-04-06T16:50:35+00:00","dateModified":"2022-04-06T23:05:17+00:00","breadcrumb":{"@id":"https:\/\/infoecos.com.ar\/index.php\/sergio-massa-recibio-a-jorge-jordan-satisfaccion-del-dirigente-trenquelauquense\/#breadcrumb"},"inLanguage":"es","potentialAction":[{"@type":"ReadAction","target":["https:\/\/infoecos.com.ar\/index.php\/sergio-massa-recibio-a-jorge-jordan-satisfaccion-del-dirigente-trenquelauquense\/"]}]},{"@type":"ImageObject","inLanguage":"es","@id":"https:\/\/infoecos.com.ar\/index.php\/sergio-massa-recibio-a-jorge-jordan-satisfaccion-del-dirigente-trenquelauquense\/#primaryimage","url":"https:\/\/infoecos.com.ar\/wp-content\/uploads\/2022\/04\/massajorda-1.jpg","contentUrl":"https:\/\/infoecos.com.ar\/wp-content\/uploads\/2022\/04\/massajorda-1.jpg","width":1200,"height":1600},{"@type":"BreadcrumbList","@id":"https:\/\/infoecos.com.ar\/index.php\/sergio-massa-recibio-a-jorge-jordan-satisfaccion-del-dirigente-trenquelauquense\/#breadcrumb","itemListElement":[{"@type":"ListItem","position":1,"name":"Portada","item":"https:\/\/infoecos.com.ar\/"},{"@type":"ListItem","position":2,"name":"Sergio Massa recibi\u00f3 a Jorge Jord\u00e1n: satisfacci\u00f3n del dirigente trenquelauquense"}]},{"@type":"WebSite","@id":"https:\/\/infoecos.com.ar\/#website","url":"https:\/\/infoecos.com.ar\/","name":"Infoecos","description":"Noticias de trenque lauquen y la zona","publisher":{"@id":"https:\/\/infoecos.com.ar\/#organization"},"alternateName":"Noticias","potentialAction":[{"@type":"SearchAction","target":{"@type":"EntryPoint","urlTemplate":"https:\/\/infoecos.com.ar\/?s={search_term_string}"},"query-input":{"@type":"PropertyValueSpecification","valueRequired":true,"valueName":"search_term_string"}}],"inLanguage":"es"},{"@type":"Organization","@id":"https:\/\/infoecos.com.ar\/#organization","name":"Infoecos","alternateName":"Noticias","url":"https:\/\/infoecos.com.ar\/","logo":{"@type":"ImageObject","inLanguage":"es","@id":"https:\/\/infoecos.com.ar\/#\/schema\/logo\/image\/","url":"https:\/\/infoecos.com.ar\/wp-content\/uploads\/2024\/03\/cropped-logo.png","contentUrl":"https:\/\/infoecos.com.ar\/wp-content\/uploads\/2024\/03\/cropped-logo.png","width":374,"height":90,"caption":"Infoecos"},"image":{"@id":"https:\/\/infoecos.com.ar\/#\/schema\/logo\/image\/"},"sameAs":["https:\/\/www.facebook.com\/profile.php?id=100063200290284","https:\/\/x.com\/infoecos"]},{"@type":"Person","@id":"https:\/\/infoecos.com.ar\/#\/schema\/person\/8f5ace5ce73b4b4aac4b7245aee6f191","name":"Jorge Matheus","url":"https:\/\/infoecos.com.ar\/index.php\/author\/jomatheus\/"}]}},"featured_image_urls":{"full":["https:\/\/infoecos.com.ar\/wp-content\/uploads\/2022\/04\/massajorda-1.jpg",1200,1600,false],"thumbnail":["https:\/\/infoecos.com.ar\/wp-content\/uploads\/2022\/04\/massajorda-1-150x150.jpg",150,150,true],"medium":["https:\/\/infoecos.com.ar\/wp-content\/uploads\/2022\/04\/massajorda-1-345x460.jpg",345,460,true],"medium_large":["https:\/\/infoecos.com.ar\/wp-content\/uploads\/2022\/04\/massajorda-1-768x1024.jpg",640,853,true],"large":["https:\/\/infoecos.com.ar\/wp-content\/uploads\/2022\/04\/massajorda-1-690x920.jpg",640,853,true],"1536x1536":["https:\/\/infoecos.com.ar\/wp-content\/uploads\/2022\/04\/massajorda-1-1152x1536.jpg",1152,1536,true],"2048x2048":["https:\/\/infoecos.com.ar\/wp-content\/uploads\/2022\/04\/massajorda-1.jpg",1200,1600,false],"covernews-slider-full":["https:\/\/infoecos.com.ar\/wp-content\/uploads\/2022\/04\/massajorda-1-1200x1020.jpg",841,715,true],"covernews-slider-center":["https:\/\/infoecos.com.ar\/wp-content\/uploads\/2022\/04\/massajorda-1-936x897.jpg",522,500,true],"covernews-featured":["https:\/\/infoecos.com.ar\/wp-content\/uploads\/2022\/04\/massajorda-1-1024x1365.jpg",1024,1365,true],"covernews-medium":["https:\/\/infoecos.com.ar\/wp-content\/uploads\/2022\/04\/massajorda-1-720x380.jpg",540,285,true],"covernews-medium-square":["https:\/\/infoecos.com.ar\/wp-content\/uploads\/2022\/04\/massajorda-1-675x450.jpg",375,250,true]},"author_info":{"info":["Jorge Matheus"]},"category_info":"<a href=\"https:\/\/infoecos.com.ar\/index.php\/category\/c1nota2\/\" rel=\"category tag\">C1 N2<\/a>","tag_info":"C1 N2","comment_count":"0","_links":{"self":[{"href":"https:\/\/infoecos.com.ar\/index.php\/wp-json\/wp\/v2\/posts\/90636"}],"collection":[{"href":"https:\/\/infoecos.com.ar\/index.php\/wp-json\/wp\/v2\/posts"}],"about":[{"href":"https:\/\/infoecos.com.ar\/index.php\/wp-json\/wp\/v2\/types\/post"}],"author":[{"embeddable":true,"href":"https:\/\/infoecos.com.ar\/index.php\/wp-json\/wp\/v2\/users\/2"}],"replies":[{"embeddable":true,"href":"https:\/\/infoecos.com.ar\/index.php\/wp-json\/wp\/v2\/comments?post=90636"}],"version-history":[{"count":1,"href":"https:\/\/infoecos.com.ar\/index.php\/wp-json\/wp\/v2\/posts\/90636\/revisions"}],"predecessor-version":[{"id":90641,"href":"https:\/\/infoecos.com.ar\/index.php\/wp-json\/wp\/v2\/posts\/90636\/revisions\/90641"}],"wp:featuredmedia":[{"embeddable":true,"href":"https:\/\/infoecos.com.ar\/index.php\/wp-json\/wp\/v2\/media\/90639"}],"wp:attachment":[{"href":"https:\/\/infoecos.com.ar\/index.php\/wp-json\/wp\/v2\/media?parent=90636"}],"wp:term":[{"taxonomy":"category","embeddable":true,"href":"https:\/\/infoecos.com.ar\/index.php\/wp-json\/wp\/v2\/categories?post=90636"},{"taxonomy":"post_tag","embeddable":true,"href":"https:\/\/infoecos.com.ar\/index.php\/wp-json\/wp\/v2\/tags?post=90636"}],"curies":[{"name":"wp","href":"https:\/\/api.w.org\/{rel}","templated":true}]}}