{"id":90737,"date":"2022-04-08T12:00:44","date_gmt":"2022-04-08T15:00:44","guid":{"rendered":"http:\/\/infoecos.com.ar\/?p=90737"},"modified":"2022-04-08T12:01:24","modified_gmt":"2022-04-08T15:01:24","slug":"el-oficialismo-de-rivadavia-cuestiono-respuesta-de-rodriguez-sobre-el-gas-oil-e-incremento-de-su-valor","status":"publish","type":"post","link":"https:\/\/infoecos.com.ar\/index.php\/el-oficialismo-de-rivadavia-cuestiono-respuesta-de-rodriguez-sobre-el-gas-oil-e-incremento-de-su-valor\/","title":{"rendered":"El oficialismo de Rivadavia cuestion\u00f3 respuesta de Rodr\u00edguez sobre el gas oil e incremento de su valor"},"content":{"rendered":"\n<p>La corriente pol\u00edtica Rivadavia Primero que gobierna el distrito de Rivadavia cuestion\u00f3 la respuesta dada por el ministro de Desarrollo Agrario de la provincia de Buenos Aires, Javier Rodr\u00edguez, en torno a la falta de gas oil y a la suba que ha tenido este combustible en algunos casos. Luego de entreg\u00e1rsele al funcionario una nota donde se le planteaba esta problem\u00e1tica, se dio a conocer un comunicado de prensa donde se se\u00f1ala que \u00abel ministro respondi\u00f3 que no notaba esa falta de combustible, y que el control del precio de los mismos lo deber\u00edan hacer los concejales\u201d.<\/p>\n\n\n\n<div class=\"wp-block-image\"><figure class=\"aligncenter size-large\"><img loading=\"lazy\" decoding=\"async\" width=\"694\" height=\"654\" src=\"http:\/\/infoecos.com.ar\/wp-content\/uploads\/2022\/04\/rivadaviaprimeroconrodri.jpg\" alt=\"\" class=\"wp-image-90738\" srcset=\"https:\/\/infoecos.com.ar\/wp-content\/uploads\/2022\/04\/rivadaviaprimeroconrodri.jpg 694w, https:\/\/infoecos.com.ar\/wp-content\/uploads\/2022\/04\/rivadaviaprimeroconrodri-460x433.jpg 460w\" sizes=\"(max-width: 694px) 100vw, 694px\" \/><\/figure><\/div>\n\n\n\n<p>Se se\u00f1ala que \u00abes evidente que las autoridades provinciales viven una realidad distinta que la que vivimos los ciudadanos de la provincia. Negar los problemas no es la forma de solucionarlos\u00bb.<\/p>\n\n\n\n<p>Se concluye se\u00f1alando que \u00ablamentamos la respuesta del ministro y seguiremos solicitando que se resuelvan m\u00ednimamente, los problemas de abastecimiento de combustible, responsabilidad ineludible de las autoridades nacionales y provinciales\u00bb.<\/p>\n","protected":false},"excerpt":{"rendered":"<p>Se se\u00f1ala que \u00abes evidente que las autoridades provinciales viven una realidad distinta que la que vivimos los ciudadanos de la provincia. Negar los problemas no es la forma de solucionarlos\u00bb<\/p>\n","protected":false},"author":2,"featured_media":90738,"comment_status":"closed","ping_status":"open","sticky":false,"template":"","format":"standard","meta":{"footnotes":""},"categories":[47],"tags":[5789],"class_list":["post-90737","post","type-post","status-publish","format-standard","has-post-thumbnail","hentry","category-c3nota2","tag-comunicado-de-prensa"],"yoast_head":"<!-- This site is optimized with the Yoast SEO plugin v23.4 - https:\/\/yoast.com\/wordpress\/plugins\/seo\/ -->\n<title>El oficialismo de Rivadavia cuestion\u00f3 respuesta de Rodr\u00edguez sobre el gas oil e incremento de su valor - Infoecos<\/title>\n<meta name=\"robots\" content=\"index, follow, max-snippet:-1, max-image-preview:large, max-video-preview:-1\" \/>\n<link rel=\"canonical\" href=\"https:\/\/infoecos.com.ar\/index.php\/el-oficialismo-de-rivadavia-cuestiono-respuesta-de-rodriguez-sobre-el-gas-oil-e-incremento-de-su-valor\/\" \/>\n<meta property=\"og:locale\" content=\"es_ES\" \/>\n<meta property=\"og:type\" content=\"article\" \/>\n<meta property=\"og:title\" content=\"El oficialismo de Rivadavia cuestion\u00f3 respuesta de Rodr\u00edguez sobre el gas oil e incremento de su valor - Infoecos\" \/>\n<meta property=\"og:description\" content=\"Se se\u00f1ala que &quot;es evidente que las autoridades provinciales viven una realidad distinta que la que vivimos los ciudadanos de la provincia. Negar los problemas no es la forma de solucionarlos&quot;\" \/>\n<meta property=\"og:url\" content=\"https:\/\/infoecos.com.ar\/index.php\/el-oficialismo-de-rivadavia-cuestiono-respuesta-de-rodriguez-sobre-el-gas-oil-e-incremento-de-su-valor\/\" \/>\n<meta property=\"og:site_name\" content=\"Infoecos\" \/>\n<meta property=\"article:publisher\" content=\"https:\/\/www.facebook.com\/profile.php?id=100063200290284\" \/>\n<meta property=\"article:published_time\" content=\"2022-04-08T15:00:44+00:00\" \/>\n<meta property=\"article:modified_time\" content=\"2022-04-08T15:01:24+00:00\" \/>\n<meta property=\"og:image\" content=\"https:\/\/infoecos.com.ar\/wp-content\/uploads\/2022\/04\/rivadaviaprimeroconrodri.jpg\" \/>\n\t<meta property=\"og:image:width\" content=\"694\" \/>\n\t<meta property=\"og:image:height\" content=\"654\" \/>\n\t<meta property=\"og:image:type\" content=\"image\/jpeg\" \/>\n<meta name=\"author\" content=\"Jorge Matheus\" \/>\n<meta name=\"twitter:card\" content=\"summary_large_image\" \/>\n<meta name=\"twitter:creator\" content=\"@infoecos\" \/>\n<meta name=\"twitter:site\" content=\"@infoecos\" \/>\n<meta name=\"twitter:label1\" content=\"Escrito por\" \/>\n\t<meta name=\"twitter:data1\" content=\"Jorge Matheus\" \/>\n\t<meta name=\"twitter:label2\" content=\"Tiempo de lectura\" \/>\n\t<meta name=\"twitter:data2\" content=\"1 minuto\" \/>\n<script type=\"application\/ld+json\" class=\"yoast-schema-graph\">{\"@context\":\"https:\/\/schema.org\",\"@graph\":[{\"@type\":\"Article\",\"@id\":\"https:\/\/infoecos.com.ar\/index.php\/el-oficialismo-de-rivadavia-cuestiono-respuesta-de-rodriguez-sobre-el-gas-oil-e-incremento-de-su-valor\/#article\",\"isPartOf\":{\"@id\":\"https:\/\/infoecos.com.ar\/index.php\/el-oficialismo-de-rivadavia-cuestiono-respuesta-de-rodriguez-sobre-el-gas-oil-e-incremento-de-su-valor\/\"},\"author\":{\"name\":\"Jorge Matheus\",\"@id\":\"https:\/\/infoecos.com.ar\/#\/schema\/person\/8f5ace5ce73b4b4aac4b7245aee6f191\"},\"headline\":\"El oficialismo de Rivadavia cuestion\u00f3 respuesta de Rodr\u00edguez sobre el gas oil e incremento de su valor\",\"datePublished\":\"2022-04-08T15:00:44+00:00\",\"dateModified\":\"2022-04-08T15:01:24+00:00\",\"mainEntityOfPage\":{\"@id\":\"https:\/\/infoecos.com.ar\/index.php\/el-oficialismo-de-rivadavia-cuestiono-respuesta-de-rodriguez-sobre-el-gas-oil-e-incremento-de-su-valor\/\"},\"wordCount\":186,\"publisher\":{\"@id\":\"https:\/\/infoecos.com.ar\/#organization\"},\"image\":{\"@id\":\"https:\/\/infoecos.com.ar\/index.php\/el-oficialismo-de-rivadavia-cuestiono-respuesta-de-rodriguez-sobre-el-gas-oil-e-incremento-de-su-valor\/#primaryimage\"},\"thumbnailUrl\":\"https:\/\/infoecos.com.ar\/wp-content\/uploads\/2022\/04\/rivadaviaprimeroconrodri.jpg\",\"keywords\":[\"COMUNICADO DE PRENSA\"],\"articleSection\":[\"C3 N2\"],\"inLanguage\":\"es\"},{\"@type\":\"WebPage\",\"@id\":\"https:\/\/infoecos.com.ar\/index.php\/el-oficialismo-de-rivadavia-cuestiono-respuesta-de-rodriguez-sobre-el-gas-oil-e-incremento-de-su-valor\/\",\"url\":\"https:\/\/infoecos.com.ar\/index.php\/el-oficialismo-de-rivadavia-cuestiono-respuesta-de-rodriguez-sobre-el-gas-oil-e-incremento-de-su-valor\/\",\"name\":\"El oficialismo de Rivadavia cuestion\u00f3 respuesta de Rodr\u00edguez sobre el gas oil e incremento de su valor - Infoecos\",\"isPartOf\":{\"@id\":\"https:\/\/infoecos.com.ar\/#website\"},\"primaryImageOfPage\":{\"@id\":\"https:\/\/infoecos.com.ar\/index.php\/el-oficialismo-de-rivadavia-cuestiono-respuesta-de-rodriguez-sobre-el-gas-oil-e-incremento-de-su-valor\/#primaryimage\"},\"image\":{\"@id\":\"https:\/\/infoecos.com.ar\/index.php\/el-oficialismo-de-rivadavia-cuestiono-respuesta-de-rodriguez-sobre-el-gas-oil-e-incremento-de-su-valor\/#primaryimage\"},\"thumbnailUrl\":\"https:\/\/infoecos.com.ar\/wp-content\/uploads\/2022\/04\/rivadaviaprimeroconrodri.jpg\",\"datePublished\":\"2022-04-08T15:00:44+00:00\",\"dateModified\":\"2022-04-08T15:01:24+00:00\",\"breadcrumb\":{\"@id\":\"https:\/\/infoecos.com.ar\/index.php\/el-oficialismo-de-rivadavia-cuestiono-respuesta-de-rodriguez-sobre-el-gas-oil-e-incremento-de-su-valor\/#breadcrumb\"},\"inLanguage\":\"es\",\"potentialAction\":[{\"@type\":\"ReadAction\",\"target\":[\"https:\/\/infoecos.com.ar\/index.php\/el-oficialismo-de-rivadavia-cuestiono-respuesta-de-rodriguez-sobre-el-gas-oil-e-incremento-de-su-valor\/\"]}]},{\"@type\":\"ImageObject\",\"inLanguage\":\"es\",\"@id\":\"https:\/\/infoecos.com.ar\/index.php\/el-oficialismo-de-rivadavia-cuestiono-respuesta-de-rodriguez-sobre-el-gas-oil-e-incremento-de-su-valor\/#primaryimage\",\"url\":\"https:\/\/infoecos.com.ar\/wp-content\/uploads\/2022\/04\/rivadaviaprimeroconrodri.jpg\",\"contentUrl\":\"https:\/\/infoecos.com.ar\/wp-content\/uploads\/2022\/04\/rivadaviaprimeroconrodri.jpg\",\"width\":694,\"height\":654},{\"@type\":\"BreadcrumbList\",\"@id\":\"https:\/\/infoecos.com.ar\/index.php\/el-oficialismo-de-rivadavia-cuestiono-respuesta-de-rodriguez-sobre-el-gas-oil-e-incremento-de-su-valor\/#breadcrumb\",\"itemListElement\":[{\"@type\":\"ListItem\",\"position\":1,\"name\":\"Portada\",\"item\":\"https:\/\/infoecos.com.ar\/\"},{\"@type\":\"ListItem\",\"position\":2,\"name\":\"El oficialismo de Rivadavia cuestion\u00f3 respuesta de Rodr\u00edguez sobre el gas oil e incremento de su valor\"}]},{\"@type\":\"WebSite\",\"@id\":\"https:\/\/infoecos.com.ar\/#website\",\"url\":\"https:\/\/infoecos.com.ar\/\",\"name\":\"Infoecos\",\"description\":\"Noticias de trenque lauquen y la zona\",\"publisher\":{\"@id\":\"https:\/\/infoecos.com.ar\/#organization\"},\"alternateName\":\"Noticias\",\"potentialAction\":[{\"@type\":\"SearchAction\",\"target\":{\"@type\":\"EntryPoint\",\"urlTemplate\":\"https:\/\/infoecos.com.ar\/?s={search_term_string}\"},\"query-input\":{\"@type\":\"PropertyValueSpecification\",\"valueRequired\":true,\"valueName\":\"search_term_string\"}}],\"inLanguage\":\"es\"},{\"@type\":\"Organization\",\"@id\":\"https:\/\/infoecos.com.ar\/#organization\",\"name\":\"Infoecos\",\"alternateName\":\"Noticias\",\"url\":\"https:\/\/infoecos.com.ar\/\",\"logo\":{\"@type\":\"ImageObject\",\"inLanguage\":\"es\",\"@id\":\"https:\/\/infoecos.com.ar\/#\/schema\/logo\/image\/\",\"url\":\"https:\/\/infoecos.com.ar\/wp-content\/uploads\/2024\/03\/cropped-logo.png\",\"contentUrl\":\"https:\/\/infoecos.com.ar\/wp-content\/uploads\/2024\/03\/cropped-logo.png\",\"width\":374,\"height\":90,\"caption\":\"Infoecos\"},\"image\":{\"@id\":\"https:\/\/infoecos.com.ar\/#\/schema\/logo\/image\/\"},\"sameAs\":[\"https:\/\/www.facebook.com\/profile.php?id=100063200290284\",\"https:\/\/x.com\/infoecos\"]},{\"@type\":\"Person\",\"@id\":\"https:\/\/infoecos.com.ar\/#\/schema\/person\/8f5ace5ce73b4b4aac4b7245aee6f191\",\"name\":\"Jorge Matheus\",\"url\":\"https:\/\/infoecos.com.ar\/index.php\/author\/jomatheus\/\"}]}<\/script>\n<!-- \/ Yoast SEO plugin. -->","yoast_head_json":{"title":"El oficialismo de Rivadavia cuestion\u00f3 respuesta de Rodr\u00edguez sobre el gas oil e incremento de su valor - Infoecos","robots":{"index":"index","follow":"follow","max-snippet":"max-snippet:-1","max-image-preview":"max-image-preview:large","max-video-preview":"max-video-preview:-1"},"canonical":"https:\/\/infoecos.com.ar\/index.php\/el-oficialismo-de-rivadavia-cuestiono-respuesta-de-rodriguez-sobre-el-gas-oil-e-incremento-de-su-valor\/","og_locale":"es_ES","og_type":"article","og_title":"El oficialismo de Rivadavia cuestion\u00f3 respuesta de Rodr\u00edguez sobre el gas oil e incremento de su valor - Infoecos","og_description":"Se se\u00f1ala que \"es evidente que las autoridades provinciales viven una realidad distinta que la que vivimos los ciudadanos de la provincia. Negar los problemas no es la forma de solucionarlos\"","og_url":"https:\/\/infoecos.com.ar\/index.php\/el-oficialismo-de-rivadavia-cuestiono-respuesta-de-rodriguez-sobre-el-gas-oil-e-incremento-de-su-valor\/","og_site_name":"Infoecos","article_publisher":"https:\/\/www.facebook.com\/profile.php?id=100063200290284","article_published_time":"2022-04-08T15:00:44+00:00","article_modified_time":"2022-04-08T15:01:24+00:00","og_image":[{"width":694,"height":654,"url":"https:\/\/infoecos.com.ar\/wp-content\/uploads\/2022\/04\/rivadaviaprimeroconrodri.jpg","type":"image\/jpeg"}],"author":"Jorge Matheus","twitter_card":"summary_large_image","twitter_creator":"@infoecos","twitter_site":"@infoecos","twitter_misc":{"Escrito por":"Jorge Matheus","Tiempo de lectura":"1 minuto"},"schema":{"@context":"https:\/\/schema.org","@graph":[{"@type":"Article","@id":"https:\/\/infoecos.com.ar\/index.php\/el-oficialismo-de-rivadavia-cuestiono-respuesta-de-rodriguez-sobre-el-gas-oil-e-incremento-de-su-valor\/#article","isPartOf":{"@id":"https:\/\/infoecos.com.ar\/index.php\/el-oficialismo-de-rivadavia-cuestiono-respuesta-de-rodriguez-sobre-el-gas-oil-e-incremento-de-su-valor\/"},"author":{"name":"Jorge Matheus","@id":"https:\/\/infoecos.com.ar\/#\/schema\/person\/8f5ace5ce73b4b4aac4b7245aee6f191"},"headline":"El oficialismo de Rivadavia cuestion\u00f3 respuesta de Rodr\u00edguez sobre el gas oil e incremento de su valor","datePublished":"2022-04-08T15:00:44+00:00","dateModified":"2022-04-08T15:01:24+00:00","mainEntityOfPage":{"@id":"https:\/\/infoecos.com.ar\/index.php\/el-oficialismo-de-rivadavia-cuestiono-respuesta-de-rodriguez-sobre-el-gas-oil-e-incremento-de-su-valor\/"},"wordCount":186,"publisher":{"@id":"https:\/\/infoecos.com.ar\/#organization"},"image":{"@id":"https:\/\/infoecos.com.ar\/index.php\/el-oficialismo-de-rivadavia-cuestiono-respuesta-de-rodriguez-sobre-el-gas-oil-e-incremento-de-su-valor\/#primaryimage"},"thumbnailUrl":"https:\/\/infoecos.com.ar\/wp-content\/uploads\/2022\/04\/rivadaviaprimeroconrodri.jpg","keywords":["COMUNICADO DE PRENSA"],"articleSection":["C3 N2"],"inLanguage":"es"},{"@type":"WebPage","@id":"https:\/\/infoecos.com.ar\/index.php\/el-oficialismo-de-rivadavia-cuestiono-respuesta-de-rodriguez-sobre-el-gas-oil-e-incremento-de-su-valor\/","url":"https:\/\/infoecos.com.ar\/index.php\/el-oficialismo-de-rivadavia-cuestiono-respuesta-de-rodriguez-sobre-el-gas-oil-e-incremento-de-su-valor\/","name":"El oficialismo de Rivadavia cuestion\u00f3 respuesta de Rodr\u00edguez sobre el gas oil e incremento de su valor - Infoecos","isPartOf":{"@id":"https:\/\/infoecos.com.ar\/#website"},"primaryImageOfPage":{"@id":"https:\/\/infoecos.com.ar\/index.php\/el-oficialismo-de-rivadavia-cuestiono-respuesta-de-rodriguez-sobre-el-gas-oil-e-incremento-de-su-valor\/#primaryimage"},"image":{"@id":"https:\/\/infoecos.com.ar\/index.php\/el-oficialismo-de-rivadavia-cuestiono-respuesta-de-rodriguez-sobre-el-gas-oil-e-incremento-de-su-valor\/#primaryimage"},"thumbnailUrl":"https:\/\/infoecos.com.ar\/wp-content\/uploads\/2022\/04\/rivadaviaprimeroconrodri.jpg","datePublished":"2022-04-08T15:00:44+00:00","dateModified":"2022-04-08T15:01:24+00:00","breadcrumb":{"@id":"https:\/\/infoecos.com.ar\/index.php\/el-oficialismo-de-rivadavia-cuestiono-respuesta-de-rodriguez-sobre-el-gas-oil-e-incremento-de-su-valor\/#breadcrumb"},"inLanguage":"es","potentialAction":[{"@type":"ReadAction","target":["https:\/\/infoecos.com.ar\/index.php\/el-oficialismo-de-rivadavia-cuestiono-respuesta-de-rodriguez-sobre-el-gas-oil-e-incremento-de-su-valor\/"]}]},{"@type":"ImageObject","inLanguage":"es","@id":"https:\/\/infoecos.com.ar\/index.php\/el-oficialismo-de-rivadavia-cuestiono-respuesta-de-rodriguez-sobre-el-gas-oil-e-incremento-de-su-valor\/#primaryimage","url":"https:\/\/infoecos.com.ar\/wp-content\/uploads\/2022\/04\/rivadaviaprimeroconrodri.jpg","contentUrl":"https:\/\/infoecos.com.ar\/wp-content\/uploads\/2022\/04\/rivadaviaprimeroconrodri.jpg","width":694,"height":654},{"@type":"BreadcrumbList","@id":"https:\/\/infoecos.com.ar\/index.php\/el-oficialismo-de-rivadavia-cuestiono-respuesta-de-rodriguez-sobre-el-gas-oil-e-incremento-de-su-valor\/#breadcrumb","itemListElement":[{"@type":"ListItem","position":1,"name":"Portada","item":"https:\/\/infoecos.com.ar\/"},{"@type":"ListItem","position":2,"name":"El oficialismo de Rivadavia cuestion\u00f3 respuesta de Rodr\u00edguez sobre el gas oil e incremento de su valor"}]},{"@type":"WebSite","@id":"https:\/\/infoecos.com.ar\/#website","url":"https:\/\/infoecos.com.ar\/","name":"Infoecos","description":"Noticias de trenque lauquen y la zona","publisher":{"@id":"https:\/\/infoecos.com.ar\/#organization"},"alternateName":"Noticias","potentialAction":[{"@type":"SearchAction","target":{"@type":"EntryPoint","urlTemplate":"https:\/\/infoecos.com.ar\/?s={search_term_string}"},"query-input":{"@type":"PropertyValueSpecification","valueRequired":true,"valueName":"search_term_string"}}],"inLanguage":"es"},{"@type":"Organization","@id":"https:\/\/infoecos.com.ar\/#organization","name":"Infoecos","alternateName":"Noticias","url":"https:\/\/infoecos.com.ar\/","logo":{"@type":"ImageObject","inLanguage":"es","@id":"https:\/\/infoecos.com.ar\/#\/schema\/logo\/image\/","url":"https:\/\/infoecos.com.ar\/wp-content\/uploads\/2024\/03\/cropped-logo.png","contentUrl":"https:\/\/infoecos.com.ar\/wp-content\/uploads\/2024\/03\/cropped-logo.png","width":374,"height":90,"caption":"Infoecos"},"image":{"@id":"https:\/\/infoecos.com.ar\/#\/schema\/logo\/image\/"},"sameAs":["https:\/\/www.facebook.com\/profile.php?id=100063200290284","https:\/\/x.com\/infoecos"]},{"@type":"Person","@id":"https:\/\/infoecos.com.ar\/#\/schema\/person\/8f5ace5ce73b4b4aac4b7245aee6f191","name":"Jorge Matheus","url":"https:\/\/infoecos.com.ar\/index.php\/author\/jomatheus\/"}]}},"featured_image_urls":{"full":["https:\/\/infoecos.com.ar\/wp-content\/uploads\/2022\/04\/rivadaviaprimeroconrodri.jpg",694,654,false],"thumbnail":["https:\/\/infoecos.com.ar\/wp-content\/uploads\/2022\/04\/rivadaviaprimeroconrodri-150x150.jpg",150,150,true],"medium":["https:\/\/infoecos.com.ar\/wp-content\/uploads\/2022\/04\/rivadaviaprimeroconrodri-460x433.jpg",460,433,true],"medium_large":["https:\/\/infoecos.com.ar\/wp-content\/uploads\/2022\/04\/rivadaviaprimeroconrodri.jpg",640,603,false],"large":["https:\/\/infoecos.com.ar\/wp-content\/uploads\/2022\/04\/rivadaviaprimeroconrodri.jpg",640,603,false],"1536x1536":["https:\/\/infoecos.com.ar\/wp-content\/uploads\/2022\/04\/rivadaviaprimeroconrodri.jpg",694,654,false],"2048x2048":["https:\/\/infoecos.com.ar\/wp-content\/uploads\/2022\/04\/rivadaviaprimeroconrodri.jpg",694,654,false],"covernews-slider-full":["https:\/\/infoecos.com.ar\/wp-content\/uploads\/2022\/04\/rivadaviaprimeroconrodri.jpg",694,654,false],"covernews-slider-center":["https:\/\/infoecos.com.ar\/wp-content\/uploads\/2022\/04\/rivadaviaprimeroconrodri.jpg",531,500,false],"covernews-featured":["https:\/\/infoecos.com.ar\/wp-content\/uploads\/2022\/04\/rivadaviaprimeroconrodri.jpg",694,654,false],"covernews-medium":["https:\/\/infoecos.com.ar\/wp-content\/uploads\/2022\/04\/rivadaviaprimeroconrodri-694x380.jpg",540,296,true],"covernews-medium-square":["https:\/\/infoecos.com.ar\/wp-content\/uploads\/2022\/04\/rivadaviaprimeroconrodri-675x450.jpg",375,250,true]},"author_info":{"info":["Jorge Matheus"]},"category_info":"<a href=\"https:\/\/infoecos.com.ar\/index.php\/category\/c3nota2\/\" rel=\"category tag\">C3 N2<\/a>","tag_info":"C3 N2","comment_count":"0","_links":{"self":[{"href":"https:\/\/infoecos.com.ar\/index.php\/wp-json\/wp\/v2\/posts\/90737"}],"collection":[{"href":"https:\/\/infoecos.com.ar\/index.php\/wp-json\/wp\/v2\/posts"}],"about":[{"href":"https:\/\/infoecos.com.ar\/index.php\/wp-json\/wp\/v2\/types\/post"}],"author":[{"embeddable":true,"href":"https:\/\/infoecos.com.ar\/index.php\/wp-json\/wp\/v2\/users\/2"}],"replies":[{"embeddable":true,"href":"https:\/\/infoecos.com.ar\/index.php\/wp-json\/wp\/v2\/comments?post=90737"}],"version-history":[{"count":1,"href":"https:\/\/infoecos.com.ar\/index.php\/wp-json\/wp\/v2\/posts\/90737\/revisions"}],"predecessor-version":[{"id":90739,"href":"https:\/\/infoecos.com.ar\/index.php\/wp-json\/wp\/v2\/posts\/90737\/revisions\/90739"}],"wp:featuredmedia":[{"embeddable":true,"href":"https:\/\/infoecos.com.ar\/index.php\/wp-json\/wp\/v2\/media\/90738"}],"wp:attachment":[{"href":"https:\/\/infoecos.com.ar\/index.php\/wp-json\/wp\/v2\/media?parent=90737"}],"wp:term":[{"taxonomy":"category","embeddable":true,"href":"https:\/\/infoecos.com.ar\/index.php\/wp-json\/wp\/v2\/categories?post=90737"},{"taxonomy":"post_tag","embeddable":true,"href":"https:\/\/infoecos.com.ar\/index.php\/wp-json\/wp\/v2\/tags?post=90737"}],"curies":[{"name":"wp","href":"https:\/\/api.w.org\/{rel}","templated":true}]}}