{"id":90743,"date":"2022-04-08T16:32:04","date_gmt":"2022-04-08T19:32:04","guid":{"rendered":"http:\/\/infoecos.com.ar\/?p=90743"},"modified":"2022-04-12T23:28:54","modified_gmt":"2022-04-13T02:28:54","slug":"nuevo-horario-a-partir-del-lunes-11-en-el-estacionamiento-medido-de-trenque-lauquen","status":"publish","type":"post","link":"https:\/\/infoecos.com.ar\/index.php\/nuevo-horario-a-partir-del-lunes-11-en-el-estacionamiento-medido-de-trenque-lauquen\/","title":{"rendered":"Nuevo horario, desde ayer, en el Estacionamiento Medido de Trenque Lauquen"},"content":{"rendered":"\n<p>Desde ayer el sistema de Estacionamiento Medido en Trenque Lauquen tiene nuevo horario: de 8 a 14, como siempre de lunes a viernes, y con los mismos valores que hasta ahora: 30 pesos la primera hora.<\/p>\n\n\n\n<p>La modificaci\u00f3n se realiza por el nuevo horario bancario que desde este lunes (4) volvi\u00f3 a ser de 10 a 15, tambi\u00e9n de lunes a viernes.<\/p>\n\n\n\n<div class=\"wp-block-image\"><figure class=\"aligncenter size-large\"><img loading=\"lazy\" decoding=\"async\" width=\"920\" height=\"575\" src=\"http:\/\/infoecos.com.ar\/wp-content\/uploads\/2022\/04\/Estacionamiento-medido-920x575.jpg\" alt=\"\" class=\"wp-image-90744\" srcset=\"https:\/\/infoecos.com.ar\/wp-content\/uploads\/2022\/04\/Estacionamiento-medido-920x575.jpg 920w, https:\/\/infoecos.com.ar\/wp-content\/uploads\/2022\/04\/Estacionamiento-medido-460x288.jpg 460w, https:\/\/infoecos.com.ar\/wp-content\/uploads\/2022\/04\/Estacionamiento-medido-768x480.jpg 768w, https:\/\/infoecos.com.ar\/wp-content\/uploads\/2022\/04\/Estacionamiento-medido-1024x640.jpg 1024w, https:\/\/infoecos.com.ar\/wp-content\/uploads\/2022\/04\/Estacionamiento-medido.jpg 1080w\" sizes=\"(max-width: 920px) 100vw, 920px\" \/><\/figure><\/div>\n\n\n\n<p>El Servicio de Estacionamiento Medido (SEM) funciona a trav\u00e9s de una aplicaci\u00f3n de tel\u00e9fono celular o por compra en comercios adheridos.<\/p>\n","protected":false},"excerpt":{"rendered":"<p>La modificaci\u00f3n se realiza por el nuevo horario bancario que desde este lunes (4) volvi\u00f3 a ser de 10 a 15, tambi\u00e9n de lunes a viernes<\/p>\n","protected":false},"author":2,"featured_media":90744,"comment_status":"closed","ping_status":"open","sticky":false,"template":"","format":"standard","meta":{"footnotes":""},"categories":[44],"tags":[5791],"class_list":["post-90743","post","type-post","status-publish","format-standard","has-post-thumbnail","hentry","category-inferior5","tag-de-lunes-a-viernes"],"yoast_head":"<!-- This site is optimized with the Yoast SEO plugin v23.4 - https:\/\/yoast.com\/wordpress\/plugins\/seo\/ -->\n<title>Nuevo horario, desde ayer, en el Estacionamiento Medido de Trenque Lauquen - Infoecos<\/title>\n<meta name=\"robots\" content=\"index, follow, max-snippet:-1, max-image-preview:large, max-video-preview:-1\" \/>\n<link rel=\"canonical\" href=\"https:\/\/infoecos.com.ar\/index.php\/nuevo-horario-a-partir-del-lunes-11-en-el-estacionamiento-medido-de-trenque-lauquen\/\" \/>\n<meta property=\"og:locale\" content=\"es_ES\" \/>\n<meta property=\"og:type\" content=\"article\" \/>\n<meta property=\"og:title\" content=\"Nuevo horario, desde ayer, en el Estacionamiento Medido de Trenque Lauquen - Infoecos\" \/>\n<meta property=\"og:description\" content=\"La modificaci\u00f3n se realiza por el nuevo horario bancario que desde este lunes (4) volvi\u00f3 a ser de 10 a 15, tambi\u00e9n de lunes a viernes\" \/>\n<meta property=\"og:url\" content=\"https:\/\/infoecos.com.ar\/index.php\/nuevo-horario-a-partir-del-lunes-11-en-el-estacionamiento-medido-de-trenque-lauquen\/\" \/>\n<meta property=\"og:site_name\" content=\"Infoecos\" \/>\n<meta property=\"article:publisher\" content=\"https:\/\/www.facebook.com\/profile.php?id=100063200290284\" \/>\n<meta property=\"article:published_time\" content=\"2022-04-08T19:32:04+00:00\" \/>\n<meta property=\"article:modified_time\" content=\"2022-04-13T02:28:54+00:00\" \/>\n<meta property=\"og:image\" content=\"https:\/\/infoecos.com.ar\/wp-content\/uploads\/2022\/04\/Estacionamiento-medido.jpg\" \/>\n\t<meta property=\"og:image:width\" content=\"1080\" \/>\n\t<meta property=\"og:image:height\" content=\"675\" \/>\n\t<meta property=\"og:image:type\" content=\"image\/jpeg\" \/>\n<meta name=\"author\" content=\"Jorge Matheus\" \/>\n<meta name=\"twitter:card\" content=\"summary_large_image\" \/>\n<meta name=\"twitter:creator\" content=\"@infoecos\" \/>\n<meta name=\"twitter:site\" content=\"@infoecos\" \/>\n<meta name=\"twitter:label1\" content=\"Escrito por\" \/>\n\t<meta name=\"twitter:data1\" content=\"Jorge Matheus\" \/>\n<script type=\"application\/ld+json\" class=\"yoast-schema-graph\">{\"@context\":\"https:\/\/schema.org\",\"@graph\":[{\"@type\":\"Article\",\"@id\":\"https:\/\/infoecos.com.ar\/index.php\/nuevo-horario-a-partir-del-lunes-11-en-el-estacionamiento-medido-de-trenque-lauquen\/#article\",\"isPartOf\":{\"@id\":\"https:\/\/infoecos.com.ar\/index.php\/nuevo-horario-a-partir-del-lunes-11-en-el-estacionamiento-medido-de-trenque-lauquen\/\"},\"author\":{\"name\":\"Jorge Matheus\",\"@id\":\"https:\/\/infoecos.com.ar\/#\/schema\/person\/8f5ace5ce73b4b4aac4b7245aee6f191\"},\"headline\":\"Nuevo horario, desde ayer, en el Estacionamiento Medido de Trenque Lauquen\",\"datePublished\":\"2022-04-08T19:32:04+00:00\",\"dateModified\":\"2022-04-13T02:28:54+00:00\",\"mainEntityOfPage\":{\"@id\":\"https:\/\/infoecos.com.ar\/index.php\/nuevo-horario-a-partir-del-lunes-11-en-el-estacionamiento-medido-de-trenque-lauquen\/\"},\"wordCount\":93,\"publisher\":{\"@id\":\"https:\/\/infoecos.com.ar\/#organization\"},\"image\":{\"@id\":\"https:\/\/infoecos.com.ar\/index.php\/nuevo-horario-a-partir-del-lunes-11-en-el-estacionamiento-medido-de-trenque-lauquen\/#primaryimage\"},\"thumbnailUrl\":\"https:\/\/infoecos.com.ar\/wp-content\/uploads\/2022\/04\/Estacionamiento-medido.jpg\",\"keywords\":[\"de lunes a viernes\"],\"articleSection\":[\"Bloque inferior - 5\"],\"inLanguage\":\"es\"},{\"@type\":\"WebPage\",\"@id\":\"https:\/\/infoecos.com.ar\/index.php\/nuevo-horario-a-partir-del-lunes-11-en-el-estacionamiento-medido-de-trenque-lauquen\/\",\"url\":\"https:\/\/infoecos.com.ar\/index.php\/nuevo-horario-a-partir-del-lunes-11-en-el-estacionamiento-medido-de-trenque-lauquen\/\",\"name\":\"Nuevo horario, desde ayer, en el Estacionamiento Medido de Trenque Lauquen - Infoecos\",\"isPartOf\":{\"@id\":\"https:\/\/infoecos.com.ar\/#website\"},\"primaryImageOfPage\":{\"@id\":\"https:\/\/infoecos.com.ar\/index.php\/nuevo-horario-a-partir-del-lunes-11-en-el-estacionamiento-medido-de-trenque-lauquen\/#primaryimage\"},\"image\":{\"@id\":\"https:\/\/infoecos.com.ar\/index.php\/nuevo-horario-a-partir-del-lunes-11-en-el-estacionamiento-medido-de-trenque-lauquen\/#primaryimage\"},\"thumbnailUrl\":\"https:\/\/infoecos.com.ar\/wp-content\/uploads\/2022\/04\/Estacionamiento-medido.jpg\",\"datePublished\":\"2022-04-08T19:32:04+00:00\",\"dateModified\":\"2022-04-13T02:28:54+00:00\",\"breadcrumb\":{\"@id\":\"https:\/\/infoecos.com.ar\/index.php\/nuevo-horario-a-partir-del-lunes-11-en-el-estacionamiento-medido-de-trenque-lauquen\/#breadcrumb\"},\"inLanguage\":\"es\",\"potentialAction\":[{\"@type\":\"ReadAction\",\"target\":[\"https:\/\/infoecos.com.ar\/index.php\/nuevo-horario-a-partir-del-lunes-11-en-el-estacionamiento-medido-de-trenque-lauquen\/\"]}]},{\"@type\":\"ImageObject\",\"inLanguage\":\"es\",\"@id\":\"https:\/\/infoecos.com.ar\/index.php\/nuevo-horario-a-partir-del-lunes-11-en-el-estacionamiento-medido-de-trenque-lauquen\/#primaryimage\",\"url\":\"https:\/\/infoecos.com.ar\/wp-content\/uploads\/2022\/04\/Estacionamiento-medido.jpg\",\"contentUrl\":\"https:\/\/infoecos.com.ar\/wp-content\/uploads\/2022\/04\/Estacionamiento-medido.jpg\",\"width\":1080,\"height\":675},{\"@type\":\"BreadcrumbList\",\"@id\":\"https:\/\/infoecos.com.ar\/index.php\/nuevo-horario-a-partir-del-lunes-11-en-el-estacionamiento-medido-de-trenque-lauquen\/#breadcrumb\",\"itemListElement\":[{\"@type\":\"ListItem\",\"position\":1,\"name\":\"Portada\",\"item\":\"https:\/\/infoecos.com.ar\/\"},{\"@type\":\"ListItem\",\"position\":2,\"name\":\"Nuevo horario, desde ayer, en el Estacionamiento Medido de Trenque Lauquen\"}]},{\"@type\":\"WebSite\",\"@id\":\"https:\/\/infoecos.com.ar\/#website\",\"url\":\"https:\/\/infoecos.com.ar\/\",\"name\":\"Infoecos\",\"description\":\"Noticias de trenque lauquen y la zona\",\"publisher\":{\"@id\":\"https:\/\/infoecos.com.ar\/#organization\"},\"alternateName\":\"Noticias\",\"potentialAction\":[{\"@type\":\"SearchAction\",\"target\":{\"@type\":\"EntryPoint\",\"urlTemplate\":\"https:\/\/infoecos.com.ar\/?s={search_term_string}\"},\"query-input\":{\"@type\":\"PropertyValueSpecification\",\"valueRequired\":true,\"valueName\":\"search_term_string\"}}],\"inLanguage\":\"es\"},{\"@type\":\"Organization\",\"@id\":\"https:\/\/infoecos.com.ar\/#organization\",\"name\":\"Infoecos\",\"alternateName\":\"Noticias\",\"url\":\"https:\/\/infoecos.com.ar\/\",\"logo\":{\"@type\":\"ImageObject\",\"inLanguage\":\"es\",\"@id\":\"https:\/\/infoecos.com.ar\/#\/schema\/logo\/image\/\",\"url\":\"https:\/\/infoecos.com.ar\/wp-content\/uploads\/2024\/03\/cropped-logo.png\",\"contentUrl\":\"https:\/\/infoecos.com.ar\/wp-content\/uploads\/2024\/03\/cropped-logo.png\",\"width\":374,\"height\":90,\"caption\":\"Infoecos\"},\"image\":{\"@id\":\"https:\/\/infoecos.com.ar\/#\/schema\/logo\/image\/\"},\"sameAs\":[\"https:\/\/www.facebook.com\/profile.php?id=100063200290284\",\"https:\/\/x.com\/infoecos\"]},{\"@type\":\"Person\",\"@id\":\"https:\/\/infoecos.com.ar\/#\/schema\/person\/8f5ace5ce73b4b4aac4b7245aee6f191\",\"name\":\"Jorge Matheus\",\"url\":\"https:\/\/infoecos.com.ar\/index.php\/author\/jomatheus\/\"}]}<\/script>\n<!-- \/ Yoast SEO plugin. -->","yoast_head_json":{"title":"Nuevo horario, desde ayer, en el Estacionamiento Medido de Trenque Lauquen - Infoecos","robots":{"index":"index","follow":"follow","max-snippet":"max-snippet:-1","max-image-preview":"max-image-preview:large","max-video-preview":"max-video-preview:-1"},"canonical":"https:\/\/infoecos.com.ar\/index.php\/nuevo-horario-a-partir-del-lunes-11-en-el-estacionamiento-medido-de-trenque-lauquen\/","og_locale":"es_ES","og_type":"article","og_title":"Nuevo horario, desde ayer, en el Estacionamiento Medido de Trenque Lauquen - Infoecos","og_description":"La modificaci\u00f3n se realiza por el nuevo horario bancario que desde este lunes (4) volvi\u00f3 a ser de 10 a 15, tambi\u00e9n de lunes a viernes","og_url":"https:\/\/infoecos.com.ar\/index.php\/nuevo-horario-a-partir-del-lunes-11-en-el-estacionamiento-medido-de-trenque-lauquen\/","og_site_name":"Infoecos","article_publisher":"https:\/\/www.facebook.com\/profile.php?id=100063200290284","article_published_time":"2022-04-08T19:32:04+00:00","article_modified_time":"2022-04-13T02:28:54+00:00","og_image":[{"width":1080,"height":675,"url":"https:\/\/infoecos.com.ar\/wp-content\/uploads\/2022\/04\/Estacionamiento-medido.jpg","type":"image\/jpeg"}],"author":"Jorge Matheus","twitter_card":"summary_large_image","twitter_creator":"@infoecos","twitter_site":"@infoecos","twitter_misc":{"Escrito por":"Jorge Matheus"},"schema":{"@context":"https:\/\/schema.org","@graph":[{"@type":"Article","@id":"https:\/\/infoecos.com.ar\/index.php\/nuevo-horario-a-partir-del-lunes-11-en-el-estacionamiento-medido-de-trenque-lauquen\/#article","isPartOf":{"@id":"https:\/\/infoecos.com.ar\/index.php\/nuevo-horario-a-partir-del-lunes-11-en-el-estacionamiento-medido-de-trenque-lauquen\/"},"author":{"name":"Jorge Matheus","@id":"https:\/\/infoecos.com.ar\/#\/schema\/person\/8f5ace5ce73b4b4aac4b7245aee6f191"},"headline":"Nuevo horario, desde ayer, en el Estacionamiento Medido de Trenque Lauquen","datePublished":"2022-04-08T19:32:04+00:00","dateModified":"2022-04-13T02:28:54+00:00","mainEntityOfPage":{"@id":"https:\/\/infoecos.com.ar\/index.php\/nuevo-horario-a-partir-del-lunes-11-en-el-estacionamiento-medido-de-trenque-lauquen\/"},"wordCount":93,"publisher":{"@id":"https:\/\/infoecos.com.ar\/#organization"},"image":{"@id":"https:\/\/infoecos.com.ar\/index.php\/nuevo-horario-a-partir-del-lunes-11-en-el-estacionamiento-medido-de-trenque-lauquen\/#primaryimage"},"thumbnailUrl":"https:\/\/infoecos.com.ar\/wp-content\/uploads\/2022\/04\/Estacionamiento-medido.jpg","keywords":["de lunes a viernes"],"articleSection":["Bloque inferior - 5"],"inLanguage":"es"},{"@type":"WebPage","@id":"https:\/\/infoecos.com.ar\/index.php\/nuevo-horario-a-partir-del-lunes-11-en-el-estacionamiento-medido-de-trenque-lauquen\/","url":"https:\/\/infoecos.com.ar\/index.php\/nuevo-horario-a-partir-del-lunes-11-en-el-estacionamiento-medido-de-trenque-lauquen\/","name":"Nuevo horario, desde ayer, en el Estacionamiento Medido de Trenque Lauquen - Infoecos","isPartOf":{"@id":"https:\/\/infoecos.com.ar\/#website"},"primaryImageOfPage":{"@id":"https:\/\/infoecos.com.ar\/index.php\/nuevo-horario-a-partir-del-lunes-11-en-el-estacionamiento-medido-de-trenque-lauquen\/#primaryimage"},"image":{"@id":"https:\/\/infoecos.com.ar\/index.php\/nuevo-horario-a-partir-del-lunes-11-en-el-estacionamiento-medido-de-trenque-lauquen\/#primaryimage"},"thumbnailUrl":"https:\/\/infoecos.com.ar\/wp-content\/uploads\/2022\/04\/Estacionamiento-medido.jpg","datePublished":"2022-04-08T19:32:04+00:00","dateModified":"2022-04-13T02:28:54+00:00","breadcrumb":{"@id":"https:\/\/infoecos.com.ar\/index.php\/nuevo-horario-a-partir-del-lunes-11-en-el-estacionamiento-medido-de-trenque-lauquen\/#breadcrumb"},"inLanguage":"es","potentialAction":[{"@type":"ReadAction","target":["https:\/\/infoecos.com.ar\/index.php\/nuevo-horario-a-partir-del-lunes-11-en-el-estacionamiento-medido-de-trenque-lauquen\/"]}]},{"@type":"ImageObject","inLanguage":"es","@id":"https:\/\/infoecos.com.ar\/index.php\/nuevo-horario-a-partir-del-lunes-11-en-el-estacionamiento-medido-de-trenque-lauquen\/#primaryimage","url":"https:\/\/infoecos.com.ar\/wp-content\/uploads\/2022\/04\/Estacionamiento-medido.jpg","contentUrl":"https:\/\/infoecos.com.ar\/wp-content\/uploads\/2022\/04\/Estacionamiento-medido.jpg","width":1080,"height":675},{"@type":"BreadcrumbList","@id":"https:\/\/infoecos.com.ar\/index.php\/nuevo-horario-a-partir-del-lunes-11-en-el-estacionamiento-medido-de-trenque-lauquen\/#breadcrumb","itemListElement":[{"@type":"ListItem","position":1,"name":"Portada","item":"https:\/\/infoecos.com.ar\/"},{"@type":"ListItem","position":2,"name":"Nuevo horario, desde ayer, en el Estacionamiento Medido de Trenque Lauquen"}]},{"@type":"WebSite","@id":"https:\/\/infoecos.com.ar\/#website","url":"https:\/\/infoecos.com.ar\/","name":"Infoecos","description":"Noticias de trenque lauquen y la zona","publisher":{"@id":"https:\/\/infoecos.com.ar\/#organization"},"alternateName":"Noticias","potentialAction":[{"@type":"SearchAction","target":{"@type":"EntryPoint","urlTemplate":"https:\/\/infoecos.com.ar\/?s={search_term_string}"},"query-input":{"@type":"PropertyValueSpecification","valueRequired":true,"valueName":"search_term_string"}}],"inLanguage":"es"},{"@type":"Organization","@id":"https:\/\/infoecos.com.ar\/#organization","name":"Infoecos","alternateName":"Noticias","url":"https:\/\/infoecos.com.ar\/","logo":{"@type":"ImageObject","inLanguage":"es","@id":"https:\/\/infoecos.com.ar\/#\/schema\/logo\/image\/","url":"https:\/\/infoecos.com.ar\/wp-content\/uploads\/2024\/03\/cropped-logo.png","contentUrl":"https:\/\/infoecos.com.ar\/wp-content\/uploads\/2024\/03\/cropped-logo.png","width":374,"height":90,"caption":"Infoecos"},"image":{"@id":"https:\/\/infoecos.com.ar\/#\/schema\/logo\/image\/"},"sameAs":["https:\/\/www.facebook.com\/profile.php?id=100063200290284","https:\/\/x.com\/infoecos"]},{"@type":"Person","@id":"https:\/\/infoecos.com.ar\/#\/schema\/person\/8f5ace5ce73b4b4aac4b7245aee6f191","name":"Jorge Matheus","url":"https:\/\/infoecos.com.ar\/index.php\/author\/jomatheus\/"}]}},"featured_image_urls":{"full":["https:\/\/infoecos.com.ar\/wp-content\/uploads\/2022\/04\/Estacionamiento-medido.jpg",1080,675,false],"thumbnail":["https:\/\/infoecos.com.ar\/wp-content\/uploads\/2022\/04\/Estacionamiento-medido-150x150.jpg",150,150,true],"medium":["https:\/\/infoecos.com.ar\/wp-content\/uploads\/2022\/04\/Estacionamiento-medido-460x288.jpg",460,288,true],"medium_large":["https:\/\/infoecos.com.ar\/wp-content\/uploads\/2022\/04\/Estacionamiento-medido-768x480.jpg",640,400,true],"large":["https:\/\/infoecos.com.ar\/wp-content\/uploads\/2022\/04\/Estacionamiento-medido-920x575.jpg",640,400,true],"1536x1536":["https:\/\/infoecos.com.ar\/wp-content\/uploads\/2022\/04\/Estacionamiento-medido.jpg",1080,675,false],"2048x2048":["https:\/\/infoecos.com.ar\/wp-content\/uploads\/2022\/04\/Estacionamiento-medido.jpg",1080,675,false],"covernews-slider-full":["https:\/\/infoecos.com.ar\/wp-content\/uploads\/2022\/04\/Estacionamiento-medido.jpg",1080,675,false],"covernews-slider-center":["https:\/\/infoecos.com.ar\/wp-content\/uploads\/2022\/04\/Estacionamiento-medido-936x675.jpg",693,500,true],"covernews-featured":["https:\/\/infoecos.com.ar\/wp-content\/uploads\/2022\/04\/Estacionamiento-medido-1024x640.jpg",1024,640,true],"covernews-medium":["https:\/\/infoecos.com.ar\/wp-content\/uploads\/2022\/04\/Estacionamiento-medido-720x380.jpg",540,285,true],"covernews-medium-square":["https:\/\/infoecos.com.ar\/wp-content\/uploads\/2022\/04\/Estacionamiento-medido-675x450.jpg",375,250,true]},"author_info":{"info":["Jorge Matheus"]},"category_info":"<a href=\"https:\/\/infoecos.com.ar\/index.php\/category\/inferior5\/\" rel=\"category tag\">Bloque inferior - 5<\/a>","tag_info":"Bloque inferior - 5","comment_count":"0","_links":{"self":[{"href":"https:\/\/infoecos.com.ar\/index.php\/wp-json\/wp\/v2\/posts\/90743"}],"collection":[{"href":"https:\/\/infoecos.com.ar\/index.php\/wp-json\/wp\/v2\/posts"}],"about":[{"href":"https:\/\/infoecos.com.ar\/index.php\/wp-json\/wp\/v2\/types\/post"}],"author":[{"embeddable":true,"href":"https:\/\/infoecos.com.ar\/index.php\/wp-json\/wp\/v2\/users\/2"}],"replies":[{"embeddable":true,"href":"https:\/\/infoecos.com.ar\/index.php\/wp-json\/wp\/v2\/comments?post=90743"}],"version-history":[{"count":2,"href":"https:\/\/infoecos.com.ar\/index.php\/wp-json\/wp\/v2\/posts\/90743\/revisions"}],"predecessor-version":[{"id":90871,"href":"https:\/\/infoecos.com.ar\/index.php\/wp-json\/wp\/v2\/posts\/90743\/revisions\/90871"}],"wp:featuredmedia":[{"embeddable":true,"href":"https:\/\/infoecos.com.ar\/index.php\/wp-json\/wp\/v2\/media\/90744"}],"wp:attachment":[{"href":"https:\/\/infoecos.com.ar\/index.php\/wp-json\/wp\/v2\/media?parent=90743"}],"wp:term":[{"taxonomy":"category","embeddable":true,"href":"https:\/\/infoecos.com.ar\/index.php\/wp-json\/wp\/v2\/categories?post=90743"},{"taxonomy":"post_tag","embeddable":true,"href":"https:\/\/infoecos.com.ar\/index.php\/wp-json\/wp\/v2\/tags?post=90743"}],"curies":[{"name":"wp","href":"https:\/\/api.w.org\/{rel}","templated":true}]}}