{"id":90746,"date":"2022-04-08T16:50:24","date_gmt":"2022-04-08T19:50:24","guid":{"rendered":"http:\/\/infoecos.com.ar\/?p=90746"},"modified":"2022-04-08T16:50:26","modified_gmt":"2022-04-08T19:50:26","slug":"marta-cohen-presentara-el-lunes-en-trenque-lauquen-un-mundo-en-pandemia-lecciones-y-desafios-del-coronavirus","status":"publish","type":"post","link":"https:\/\/infoecos.com.ar\/index.php\/marta-cohen-presentara-el-lunes-en-trenque-lauquen-un-mundo-en-pandemia-lecciones-y-desafios-del-coronavirus\/","title":{"rendered":"Marta Cohen presentar\u00e1 el lunes, en Trenque Lauquen: \u00abUn mundo en pandemia, lecciones y desaf\u00edos del coronavirus\u00bb"},"content":{"rendered":"\n<p>La m\u00e9dica pat\u00f3loga trenquelauquense Dra. Marta Cohen Souza presentar\u00e1 el lunes 11, a las 19, en el Auditorio del Centro C\u00edvico, (Villegas y Oro), su libro <strong>\u201c<em>Un mundo en pandemia. Lecciones y desaf\u00edos del coronavirus<\/em>\u201d<\/strong>. Forma parte de las actividades programadas para celebrar el 146\u00ba aniversario de la fundaci\u00f3n de Trenque Lauquen.<\/p>\n\n\n\n<p>La doctora Marta Cohen Souza presentar\u00e1 este libro para reflexionar sobre lo aprendido y pensar los desaf\u00edos que plantea la pospandemia en el mundo.<\/p>\n\n\n\n<div class=\"wp-block-image\"><figure class=\"aligncenter size-large\"><img loading=\"lazy\" decoding=\"async\" width=\"920\" height=\"920\" src=\"http:\/\/infoecos.com.ar\/wp-content\/uploads\/2022\/04\/Marta-Cohen-920x920.jpeg\" alt=\"\" class=\"wp-image-90747\" srcset=\"https:\/\/infoecos.com.ar\/wp-content\/uploads\/2022\/04\/Marta-Cohen-920x920.jpeg 920w, https:\/\/infoecos.com.ar\/wp-content\/uploads\/2022\/04\/Marta-Cohen-460x460.jpeg 460w, https:\/\/infoecos.com.ar\/wp-content\/uploads\/2022\/04\/Marta-Cohen-150x150.jpeg 150w, https:\/\/infoecos.com.ar\/wp-content\/uploads\/2022\/04\/Marta-Cohen-768x768.jpeg 768w, https:\/\/infoecos.com.ar\/wp-content\/uploads\/2022\/04\/Marta-Cohen-1024x1024.jpeg 1024w, https:\/\/infoecos.com.ar\/wp-content\/uploads\/2022\/04\/Marta-Cohen.jpeg 1080w\" sizes=\"(max-width: 920px) 100vw, 920px\" \/><\/figure><\/div>\n\n\n\n<p>El libro, publicado por Editorial Marea, y en el que cuenta con el aporte de su hermana, \u201cCaly\u201d Cohen -comunicadora social y coach ontol\u00f3gico- y de dos periodistas platenses, brinda detalles del camino transitado y la experiencia que su involucramiento le ha dejado durante la pandemia.<\/p>\n\n\n\n<p>Marta ha decidido que un porcentaje de las regal\u00edas por la venta del libro sean donadas a la Sala de Pediatr\u00eda del Hospital Municipal Dr. Pedro T Orellana, de Trenque Lauquen, que en homenaje a los 100 a\u00f1os de vida de su padre desde el pasado 31 de agosto lleva por nombre Ram\u00f3n Cohen Souza (primer pediatra de la ciudad junto a su fallecida esposa la Dra. Elsa Victoria Bossi\u00e9).<\/p>\n\n\n\n<p>\u201cUn mundo en pandemia. Lecciones y desaf\u00edos del coronavirus\u201d fue declarado de Inter\u00e9s legislativo por la C\u00e1mara de Diputados de la provincia de Buenos Aires y el Honorable Concejo Deliberante de Trenque Lauquen.<\/p>\n\n\n\n<p>Despu\u00e9s de su visita a Trenque Lauquen, el martes 19 de abril a las 13hs. el Concejo Deliberante de La Plata la declarar\u00e1 visitante ilustre de la ciudad y a las 17 presentar\u00e1 el libro en el Colegio de M\u00e9dicos del Distrito 1.<\/p>\n","protected":false},"excerpt":{"rendered":"<p>Despu\u00e9s de su visita a Trenque Lauquen, el martes 19 de abril a las 13hs. el Concejo Deliberante de La Plata la declarar\u00e1 visitante ilustre de la ciudad y a las 17 presentar\u00e1 el libro en el Colegio de M\u00e9dicos del Distrito 1<\/p>\n","protected":false},"author":2,"featured_media":90747,"comment_status":"closed","ping_status":"open","sticky":false,"template":"","format":"standard","meta":{"footnotes":""},"categories":[48],"tags":[5792],"class_list":["post-90746","post","type-post","status-publish","format-standard","has-post-thumbnail","hentry","category-c2nota3","tag-regalias-al-hospital"],"yoast_head":"<!-- This site is optimized with the Yoast SEO plugin v23.4 - https:\/\/yoast.com\/wordpress\/plugins\/seo\/ -->\n<title>Marta Cohen presentar\u00e1 el lunes, en Trenque Lauquen: &quot;Un mundo en pandemia, lecciones y desaf\u00edos del coronavirus&quot; - Infoecos<\/title>\n<meta name=\"robots\" content=\"index, follow, max-snippet:-1, max-image-preview:large, max-video-preview:-1\" \/>\n<link rel=\"canonical\" href=\"https:\/\/infoecos.com.ar\/index.php\/marta-cohen-presentara-el-lunes-en-trenque-lauquen-un-mundo-en-pandemia-lecciones-y-desafios-del-coronavirus\/\" \/>\n<meta property=\"og:locale\" content=\"es_ES\" \/>\n<meta property=\"og:type\" content=\"article\" \/>\n<meta property=\"og:title\" content=\"Marta Cohen presentar\u00e1 el lunes, en Trenque Lauquen: &quot;Un mundo en pandemia, lecciones y desaf\u00edos del coronavirus&quot; - Infoecos\" \/>\n<meta property=\"og:description\" content=\"Despu\u00e9s de su visita a Trenque Lauquen, el martes 19 de abril a las 13hs. el Concejo Deliberante de La Plata la declarar\u00e1 visitante ilustre de la ciudad y a las 17 presentar\u00e1 el libro en el Colegio de M\u00e9dicos del Distrito 1\" \/>\n<meta property=\"og:url\" content=\"https:\/\/infoecos.com.ar\/index.php\/marta-cohen-presentara-el-lunes-en-trenque-lauquen-un-mundo-en-pandemia-lecciones-y-desafios-del-coronavirus\/\" \/>\n<meta property=\"og:site_name\" content=\"Infoecos\" \/>\n<meta property=\"article:publisher\" content=\"https:\/\/www.facebook.com\/profile.php?id=100063200290284\" \/>\n<meta property=\"article:published_time\" content=\"2022-04-08T19:50:24+00:00\" \/>\n<meta property=\"article:modified_time\" content=\"2022-04-08T19:50:26+00:00\" \/>\n<meta property=\"og:image\" content=\"https:\/\/infoecos.com.ar\/wp-content\/uploads\/2022\/04\/Marta-Cohen.jpeg\" \/>\n\t<meta property=\"og:image:width\" content=\"1080\" \/>\n\t<meta property=\"og:image:height\" content=\"1080\" \/>\n\t<meta property=\"og:image:type\" content=\"image\/jpeg\" \/>\n<meta name=\"author\" content=\"Jorge Matheus\" \/>\n<meta name=\"twitter:card\" content=\"summary_large_image\" \/>\n<meta name=\"twitter:creator\" content=\"@infoecos\" \/>\n<meta name=\"twitter:site\" content=\"@infoecos\" \/>\n<meta name=\"twitter:label1\" content=\"Escrito por\" \/>\n\t<meta name=\"twitter:data1\" content=\"Jorge Matheus\" \/>\n\t<meta name=\"twitter:label2\" content=\"Tiempo de lectura\" \/>\n\t<meta name=\"twitter:data2\" content=\"1 minuto\" \/>\n<script type=\"application\/ld+json\" class=\"yoast-schema-graph\">{\"@context\":\"https:\/\/schema.org\",\"@graph\":[{\"@type\":\"Article\",\"@id\":\"https:\/\/infoecos.com.ar\/index.php\/marta-cohen-presentara-el-lunes-en-trenque-lauquen-un-mundo-en-pandemia-lecciones-y-desafios-del-coronavirus\/#article\",\"isPartOf\":{\"@id\":\"https:\/\/infoecos.com.ar\/index.php\/marta-cohen-presentara-el-lunes-en-trenque-lauquen-un-mundo-en-pandemia-lecciones-y-desafios-del-coronavirus\/\"},\"author\":{\"name\":\"Jorge Matheus\",\"@id\":\"https:\/\/infoecos.com.ar\/#\/schema\/person\/8f5ace5ce73b4b4aac4b7245aee6f191\"},\"headline\":\"Marta Cohen presentar\u00e1 el lunes, en Trenque Lauquen: \u00abUn mundo en pandemia, lecciones y desaf\u00edos del coronavirus\u00bb\",\"datePublished\":\"2022-04-08T19:50:24+00:00\",\"dateModified\":\"2022-04-08T19:50:26+00:00\",\"mainEntityOfPage\":{\"@id\":\"https:\/\/infoecos.com.ar\/index.php\/marta-cohen-presentara-el-lunes-en-trenque-lauquen-un-mundo-en-pandemia-lecciones-y-desafios-del-coronavirus\/\"},\"wordCount\":294,\"publisher\":{\"@id\":\"https:\/\/infoecos.com.ar\/#organization\"},\"image\":{\"@id\":\"https:\/\/infoecos.com.ar\/index.php\/marta-cohen-presentara-el-lunes-en-trenque-lauquen-un-mundo-en-pandemia-lecciones-y-desafios-del-coronavirus\/#primaryimage\"},\"thumbnailUrl\":\"https:\/\/infoecos.com.ar\/wp-content\/uploads\/2022\/04\/Marta-Cohen.jpeg\",\"keywords\":[\"REGAL\u00cdAS AL HOSPITAL\"],\"articleSection\":[\"C2 N3\"],\"inLanguage\":\"es\"},{\"@type\":\"WebPage\",\"@id\":\"https:\/\/infoecos.com.ar\/index.php\/marta-cohen-presentara-el-lunes-en-trenque-lauquen-un-mundo-en-pandemia-lecciones-y-desafios-del-coronavirus\/\",\"url\":\"https:\/\/infoecos.com.ar\/index.php\/marta-cohen-presentara-el-lunes-en-trenque-lauquen-un-mundo-en-pandemia-lecciones-y-desafios-del-coronavirus\/\",\"name\":\"Marta Cohen presentar\u00e1 el lunes, en Trenque Lauquen: \\\"Un mundo en pandemia, lecciones y desaf\u00edos del coronavirus\\\" - Infoecos\",\"isPartOf\":{\"@id\":\"https:\/\/infoecos.com.ar\/#website\"},\"primaryImageOfPage\":{\"@id\":\"https:\/\/infoecos.com.ar\/index.php\/marta-cohen-presentara-el-lunes-en-trenque-lauquen-un-mundo-en-pandemia-lecciones-y-desafios-del-coronavirus\/#primaryimage\"},\"image\":{\"@id\":\"https:\/\/infoecos.com.ar\/index.php\/marta-cohen-presentara-el-lunes-en-trenque-lauquen-un-mundo-en-pandemia-lecciones-y-desafios-del-coronavirus\/#primaryimage\"},\"thumbnailUrl\":\"https:\/\/infoecos.com.ar\/wp-content\/uploads\/2022\/04\/Marta-Cohen.jpeg\",\"datePublished\":\"2022-04-08T19:50:24+00:00\",\"dateModified\":\"2022-04-08T19:50:26+00:00\",\"breadcrumb\":{\"@id\":\"https:\/\/infoecos.com.ar\/index.php\/marta-cohen-presentara-el-lunes-en-trenque-lauquen-un-mundo-en-pandemia-lecciones-y-desafios-del-coronavirus\/#breadcrumb\"},\"inLanguage\":\"es\",\"potentialAction\":[{\"@type\":\"ReadAction\",\"target\":[\"https:\/\/infoecos.com.ar\/index.php\/marta-cohen-presentara-el-lunes-en-trenque-lauquen-un-mundo-en-pandemia-lecciones-y-desafios-del-coronavirus\/\"]}]},{\"@type\":\"ImageObject\",\"inLanguage\":\"es\",\"@id\":\"https:\/\/infoecos.com.ar\/index.php\/marta-cohen-presentara-el-lunes-en-trenque-lauquen-un-mundo-en-pandemia-lecciones-y-desafios-del-coronavirus\/#primaryimage\",\"url\":\"https:\/\/infoecos.com.ar\/wp-content\/uploads\/2022\/04\/Marta-Cohen.jpeg\",\"contentUrl\":\"https:\/\/infoecos.com.ar\/wp-content\/uploads\/2022\/04\/Marta-Cohen.jpeg\",\"width\":1080,\"height\":1080},{\"@type\":\"BreadcrumbList\",\"@id\":\"https:\/\/infoecos.com.ar\/index.php\/marta-cohen-presentara-el-lunes-en-trenque-lauquen-un-mundo-en-pandemia-lecciones-y-desafios-del-coronavirus\/#breadcrumb\",\"itemListElement\":[{\"@type\":\"ListItem\",\"position\":1,\"name\":\"Portada\",\"item\":\"https:\/\/infoecos.com.ar\/\"},{\"@type\":\"ListItem\",\"position\":2,\"name\":\"Marta Cohen presentar\u00e1 el lunes, en Trenque Lauquen: \u00abUn mundo en pandemia, lecciones y desaf\u00edos del coronavirus\u00bb\"}]},{\"@type\":\"WebSite\",\"@id\":\"https:\/\/infoecos.com.ar\/#website\",\"url\":\"https:\/\/infoecos.com.ar\/\",\"name\":\"Infoecos\",\"description\":\"Noticias de trenque lauquen y la zona\",\"publisher\":{\"@id\":\"https:\/\/infoecos.com.ar\/#organization\"},\"alternateName\":\"Noticias\",\"potentialAction\":[{\"@type\":\"SearchAction\",\"target\":{\"@type\":\"EntryPoint\",\"urlTemplate\":\"https:\/\/infoecos.com.ar\/?s={search_term_string}\"},\"query-input\":{\"@type\":\"PropertyValueSpecification\",\"valueRequired\":true,\"valueName\":\"search_term_string\"}}],\"inLanguage\":\"es\"},{\"@type\":\"Organization\",\"@id\":\"https:\/\/infoecos.com.ar\/#organization\",\"name\":\"Infoecos\",\"alternateName\":\"Noticias\",\"url\":\"https:\/\/infoecos.com.ar\/\",\"logo\":{\"@type\":\"ImageObject\",\"inLanguage\":\"es\",\"@id\":\"https:\/\/infoecos.com.ar\/#\/schema\/logo\/image\/\",\"url\":\"https:\/\/infoecos.com.ar\/wp-content\/uploads\/2024\/03\/cropped-logo.png\",\"contentUrl\":\"https:\/\/infoecos.com.ar\/wp-content\/uploads\/2024\/03\/cropped-logo.png\",\"width\":374,\"height\":90,\"caption\":\"Infoecos\"},\"image\":{\"@id\":\"https:\/\/infoecos.com.ar\/#\/schema\/logo\/image\/\"},\"sameAs\":[\"https:\/\/www.facebook.com\/profile.php?id=100063200290284\",\"https:\/\/x.com\/infoecos\"]},{\"@type\":\"Person\",\"@id\":\"https:\/\/infoecos.com.ar\/#\/schema\/person\/8f5ace5ce73b4b4aac4b7245aee6f191\",\"name\":\"Jorge Matheus\",\"url\":\"https:\/\/infoecos.com.ar\/index.php\/author\/jomatheus\/\"}]}<\/script>\n<!-- \/ Yoast SEO plugin. -->","yoast_head_json":{"title":"Marta Cohen presentar\u00e1 el lunes, en Trenque Lauquen: \"Un mundo en pandemia, lecciones y desaf\u00edos del coronavirus\" - Infoecos","robots":{"index":"index","follow":"follow","max-snippet":"max-snippet:-1","max-image-preview":"max-image-preview:large","max-video-preview":"max-video-preview:-1"},"canonical":"https:\/\/infoecos.com.ar\/index.php\/marta-cohen-presentara-el-lunes-en-trenque-lauquen-un-mundo-en-pandemia-lecciones-y-desafios-del-coronavirus\/","og_locale":"es_ES","og_type":"article","og_title":"Marta Cohen presentar\u00e1 el lunes, en Trenque Lauquen: \"Un mundo en pandemia, lecciones y desaf\u00edos del coronavirus\" - Infoecos","og_description":"Despu\u00e9s de su visita a Trenque Lauquen, el martes 19 de abril a las 13hs. el Concejo Deliberante de La Plata la declarar\u00e1 visitante ilustre de la ciudad y a las 17 presentar\u00e1 el libro en el Colegio de M\u00e9dicos del Distrito 1","og_url":"https:\/\/infoecos.com.ar\/index.php\/marta-cohen-presentara-el-lunes-en-trenque-lauquen-un-mundo-en-pandemia-lecciones-y-desafios-del-coronavirus\/","og_site_name":"Infoecos","article_publisher":"https:\/\/www.facebook.com\/profile.php?id=100063200290284","article_published_time":"2022-04-08T19:50:24+00:00","article_modified_time":"2022-04-08T19:50:26+00:00","og_image":[{"width":1080,"height":1080,"url":"https:\/\/infoecos.com.ar\/wp-content\/uploads\/2022\/04\/Marta-Cohen.jpeg","type":"image\/jpeg"}],"author":"Jorge Matheus","twitter_card":"summary_large_image","twitter_creator":"@infoecos","twitter_site":"@infoecos","twitter_misc":{"Escrito por":"Jorge Matheus","Tiempo de lectura":"1 minuto"},"schema":{"@context":"https:\/\/schema.org","@graph":[{"@type":"Article","@id":"https:\/\/infoecos.com.ar\/index.php\/marta-cohen-presentara-el-lunes-en-trenque-lauquen-un-mundo-en-pandemia-lecciones-y-desafios-del-coronavirus\/#article","isPartOf":{"@id":"https:\/\/infoecos.com.ar\/index.php\/marta-cohen-presentara-el-lunes-en-trenque-lauquen-un-mundo-en-pandemia-lecciones-y-desafios-del-coronavirus\/"},"author":{"name":"Jorge Matheus","@id":"https:\/\/infoecos.com.ar\/#\/schema\/person\/8f5ace5ce73b4b4aac4b7245aee6f191"},"headline":"Marta Cohen presentar\u00e1 el lunes, en Trenque Lauquen: \u00abUn mundo en pandemia, lecciones y desaf\u00edos del coronavirus\u00bb","datePublished":"2022-04-08T19:50:24+00:00","dateModified":"2022-04-08T19:50:26+00:00","mainEntityOfPage":{"@id":"https:\/\/infoecos.com.ar\/index.php\/marta-cohen-presentara-el-lunes-en-trenque-lauquen-un-mundo-en-pandemia-lecciones-y-desafios-del-coronavirus\/"},"wordCount":294,"publisher":{"@id":"https:\/\/infoecos.com.ar\/#organization"},"image":{"@id":"https:\/\/infoecos.com.ar\/index.php\/marta-cohen-presentara-el-lunes-en-trenque-lauquen-un-mundo-en-pandemia-lecciones-y-desafios-del-coronavirus\/#primaryimage"},"thumbnailUrl":"https:\/\/infoecos.com.ar\/wp-content\/uploads\/2022\/04\/Marta-Cohen.jpeg","keywords":["REGAL\u00cdAS AL HOSPITAL"],"articleSection":["C2 N3"],"inLanguage":"es"},{"@type":"WebPage","@id":"https:\/\/infoecos.com.ar\/index.php\/marta-cohen-presentara-el-lunes-en-trenque-lauquen-un-mundo-en-pandemia-lecciones-y-desafios-del-coronavirus\/","url":"https:\/\/infoecos.com.ar\/index.php\/marta-cohen-presentara-el-lunes-en-trenque-lauquen-un-mundo-en-pandemia-lecciones-y-desafios-del-coronavirus\/","name":"Marta Cohen presentar\u00e1 el lunes, en Trenque Lauquen: \"Un mundo en pandemia, lecciones y desaf\u00edos del coronavirus\" - Infoecos","isPartOf":{"@id":"https:\/\/infoecos.com.ar\/#website"},"primaryImageOfPage":{"@id":"https:\/\/infoecos.com.ar\/index.php\/marta-cohen-presentara-el-lunes-en-trenque-lauquen-un-mundo-en-pandemia-lecciones-y-desafios-del-coronavirus\/#primaryimage"},"image":{"@id":"https:\/\/infoecos.com.ar\/index.php\/marta-cohen-presentara-el-lunes-en-trenque-lauquen-un-mundo-en-pandemia-lecciones-y-desafios-del-coronavirus\/#primaryimage"},"thumbnailUrl":"https:\/\/infoecos.com.ar\/wp-content\/uploads\/2022\/04\/Marta-Cohen.jpeg","datePublished":"2022-04-08T19:50:24+00:00","dateModified":"2022-04-08T19:50:26+00:00","breadcrumb":{"@id":"https:\/\/infoecos.com.ar\/index.php\/marta-cohen-presentara-el-lunes-en-trenque-lauquen-un-mundo-en-pandemia-lecciones-y-desafios-del-coronavirus\/#breadcrumb"},"inLanguage":"es","potentialAction":[{"@type":"ReadAction","target":["https:\/\/infoecos.com.ar\/index.php\/marta-cohen-presentara-el-lunes-en-trenque-lauquen-un-mundo-en-pandemia-lecciones-y-desafios-del-coronavirus\/"]}]},{"@type":"ImageObject","inLanguage":"es","@id":"https:\/\/infoecos.com.ar\/index.php\/marta-cohen-presentara-el-lunes-en-trenque-lauquen-un-mundo-en-pandemia-lecciones-y-desafios-del-coronavirus\/#primaryimage","url":"https:\/\/infoecos.com.ar\/wp-content\/uploads\/2022\/04\/Marta-Cohen.jpeg","contentUrl":"https:\/\/infoecos.com.ar\/wp-content\/uploads\/2022\/04\/Marta-Cohen.jpeg","width":1080,"height":1080},{"@type":"BreadcrumbList","@id":"https:\/\/infoecos.com.ar\/index.php\/marta-cohen-presentara-el-lunes-en-trenque-lauquen-un-mundo-en-pandemia-lecciones-y-desafios-del-coronavirus\/#breadcrumb","itemListElement":[{"@type":"ListItem","position":1,"name":"Portada","item":"https:\/\/infoecos.com.ar\/"},{"@type":"ListItem","position":2,"name":"Marta Cohen presentar\u00e1 el lunes, en Trenque Lauquen: \u00abUn mundo en pandemia, lecciones y desaf\u00edos del coronavirus\u00bb"}]},{"@type":"WebSite","@id":"https:\/\/infoecos.com.ar\/#website","url":"https:\/\/infoecos.com.ar\/","name":"Infoecos","description":"Noticias de trenque lauquen y la zona","publisher":{"@id":"https:\/\/infoecos.com.ar\/#organization"},"alternateName":"Noticias","potentialAction":[{"@type":"SearchAction","target":{"@type":"EntryPoint","urlTemplate":"https:\/\/infoecos.com.ar\/?s={search_term_string}"},"query-input":{"@type":"PropertyValueSpecification","valueRequired":true,"valueName":"search_term_string"}}],"inLanguage":"es"},{"@type":"Organization","@id":"https:\/\/infoecos.com.ar\/#organization","name":"Infoecos","alternateName":"Noticias","url":"https:\/\/infoecos.com.ar\/","logo":{"@type":"ImageObject","inLanguage":"es","@id":"https:\/\/infoecos.com.ar\/#\/schema\/logo\/image\/","url":"https:\/\/infoecos.com.ar\/wp-content\/uploads\/2024\/03\/cropped-logo.png","contentUrl":"https:\/\/infoecos.com.ar\/wp-content\/uploads\/2024\/03\/cropped-logo.png","width":374,"height":90,"caption":"Infoecos"},"image":{"@id":"https:\/\/infoecos.com.ar\/#\/schema\/logo\/image\/"},"sameAs":["https:\/\/www.facebook.com\/profile.php?id=100063200290284","https:\/\/x.com\/infoecos"]},{"@type":"Person","@id":"https:\/\/infoecos.com.ar\/#\/schema\/person\/8f5ace5ce73b4b4aac4b7245aee6f191","name":"Jorge Matheus","url":"https:\/\/infoecos.com.ar\/index.php\/author\/jomatheus\/"}]}},"featured_image_urls":{"full":["https:\/\/infoecos.com.ar\/wp-content\/uploads\/2022\/04\/Marta-Cohen.jpeg",1080,1080,false],"thumbnail":["https:\/\/infoecos.com.ar\/wp-content\/uploads\/2022\/04\/Marta-Cohen-150x150.jpeg",150,150,true],"medium":["https:\/\/infoecos.com.ar\/wp-content\/uploads\/2022\/04\/Marta-Cohen-460x460.jpeg",460,460,true],"medium_large":["https:\/\/infoecos.com.ar\/wp-content\/uploads\/2022\/04\/Marta-Cohen-768x768.jpeg",640,640,true],"large":["https:\/\/infoecos.com.ar\/wp-content\/uploads\/2022\/04\/Marta-Cohen-920x920.jpeg",640,640,true],"1536x1536":["https:\/\/infoecos.com.ar\/wp-content\/uploads\/2022\/04\/Marta-Cohen.jpeg",1080,1080,false],"2048x2048":["https:\/\/infoecos.com.ar\/wp-content\/uploads\/2022\/04\/Marta-Cohen.jpeg",1080,1080,false],"covernews-slider-full":["https:\/\/infoecos.com.ar\/wp-content\/uploads\/2022\/04\/Marta-Cohen-1080x1020.jpeg",757,715,true],"covernews-slider-center":["https:\/\/infoecos.com.ar\/wp-content\/uploads\/2022\/04\/Marta-Cohen-936x897.jpeg",522,500,true],"covernews-featured":["https:\/\/infoecos.com.ar\/wp-content\/uploads\/2022\/04\/Marta-Cohen-1024x1024.jpeg",1024,1024,true],"covernews-medium":["https:\/\/infoecos.com.ar\/wp-content\/uploads\/2022\/04\/Marta-Cohen-720x380.jpeg",540,285,true],"covernews-medium-square":["https:\/\/infoecos.com.ar\/wp-content\/uploads\/2022\/04\/Marta-Cohen-675x450.jpeg",375,250,true]},"author_info":{"info":["Jorge Matheus"]},"category_info":"<a href=\"https:\/\/infoecos.com.ar\/index.php\/category\/c2nota3\/\" rel=\"category tag\">C2 N3<\/a>","tag_info":"C2 N3","comment_count":"0","_links":{"self":[{"href":"https:\/\/infoecos.com.ar\/index.php\/wp-json\/wp\/v2\/posts\/90746"}],"collection":[{"href":"https:\/\/infoecos.com.ar\/index.php\/wp-json\/wp\/v2\/posts"}],"about":[{"href":"https:\/\/infoecos.com.ar\/index.php\/wp-json\/wp\/v2\/types\/post"}],"author":[{"embeddable":true,"href":"https:\/\/infoecos.com.ar\/index.php\/wp-json\/wp\/v2\/users\/2"}],"replies":[{"embeddable":true,"href":"https:\/\/infoecos.com.ar\/index.php\/wp-json\/wp\/v2\/comments?post=90746"}],"version-history":[{"count":1,"href":"https:\/\/infoecos.com.ar\/index.php\/wp-json\/wp\/v2\/posts\/90746\/revisions"}],"predecessor-version":[{"id":90748,"href":"https:\/\/infoecos.com.ar\/index.php\/wp-json\/wp\/v2\/posts\/90746\/revisions\/90748"}],"wp:featuredmedia":[{"embeddable":true,"href":"https:\/\/infoecos.com.ar\/index.php\/wp-json\/wp\/v2\/media\/90747"}],"wp:attachment":[{"href":"https:\/\/infoecos.com.ar\/index.php\/wp-json\/wp\/v2\/media?parent=90746"}],"wp:term":[{"taxonomy":"category","embeddable":true,"href":"https:\/\/infoecos.com.ar\/index.php\/wp-json\/wp\/v2\/categories?post=90746"},{"taxonomy":"post_tag","embeddable":true,"href":"https:\/\/infoecos.com.ar\/index.php\/wp-json\/wp\/v2\/tags?post=90746"}],"curies":[{"name":"wp","href":"https:\/\/api.w.org\/{rel}","templated":true}]}}