{"id":90800,"date":"2022-04-11T20:40:31","date_gmt":"2022-04-11T23:40:31","guid":{"rendered":"http:\/\/infoecos.com.ar\/?p=90800"},"modified":"2022-04-13T00:52:19","modified_gmt":"2022-04-13T03:52:19","slug":"sobre-el-asesinato-de-lucio-perpetrado-el-ano-anterior-tenebroso-relato-de-su-abuelo","status":"publish","type":"post","link":"https:\/\/infoecos.com.ar\/index.php\/sobre-el-asesinato-de-lucio-perpetrado-el-ano-anterior-tenebroso-relato-de-su-abuelo\/","title":{"rendered":"Sobre el asesinato de Luc\u00edo, perpetrado el a\u00f1o anterior, tenebroso relato de su abuelo"},"content":{"rendered":"\n<p>El abuelo de Lucio, Ram\u00f3n Dupuy, revel\u00f3 que las pericias realizadas a los dibujos que el nene hac\u00eda (figuras de caras sin ojos y cuerpos sin piernas) indicaban situaciones que no quer\u00eda ver y abusos que sufr\u00eda.<\/p>\n\n\n\n<p>Esas pericias y el informe ya est\u00e1n integrados a la causa penal del caso Lucio, el nene asesinado el 25 de noviembre de 2021 despu\u00e9s de una fuerte golpiza, un crimen por el que est\u00e1n detenidas su madre, Magdalena \u201cMagui\u201d Esp\u00f3sito Valenti (24), y su pareja, Abigail P\u00e1ez (27).<\/p>\n\n\n\n<div class=\"wp-block-image\"><figure class=\"aligncenter size-large is-resized\"><img loading=\"lazy\" decoding=\"async\" src=\"http:\/\/infoecos.com.ar\/wp-content\/uploads\/2022\/04\/familia_lucio_dupuy-920x690.jpg\" alt=\"\" class=\"wp-image-90801\" width=\"584\" height=\"438\" srcset=\"https:\/\/infoecos.com.ar\/wp-content\/uploads\/2022\/04\/familia_lucio_dupuy-920x690.jpg 920w, https:\/\/infoecos.com.ar\/wp-content\/uploads\/2022\/04\/familia_lucio_dupuy-460x345.jpg 460w, https:\/\/infoecos.com.ar\/wp-content\/uploads\/2022\/04\/familia_lucio_dupuy-768x576.jpg 768w, https:\/\/infoecos.com.ar\/wp-content\/uploads\/2022\/04\/familia_lucio_dupuy-1536x1152.jpg 1536w, https:\/\/infoecos.com.ar\/wp-content\/uploads\/2022\/04\/familia_lucio_dupuy-1024x768.jpg 1024w, https:\/\/infoecos.com.ar\/wp-content\/uploads\/2022\/04\/familia_lucio_dupuy.jpg 1600w\" sizes=\"(max-width: 584px) 100vw, 584px\" \/><\/figure><\/div>\n\n\n\n<p>Ram\u00f3n Dupuy cont\u00f3 la informaci\u00f3n que le brind\u00f3 el abogado de la familia Jos\u00e9 Mario Aguerrido. \u00abSe hab\u00edan llevado los dibujitos del jard\u00edn. Las pericias que han hecho los que saben, dicen que Lucito a trav\u00e9s de sus dibujos se expresaba\u00bb, cont\u00f3 el abuelo paterno.<\/p>\n\n\n\n<p>Y detall\u00f3: \u00abHac\u00eda sus dibujos sin ojos por cosas que no quer\u00eda ver, o (cosas) que le hicieron ver y no quer\u00eda ver. Y dibujos sin piernas por las violaciones que sufri\u00f3 durante mucho tiempo\u201d, relat\u00f3.<\/p>\n\n\n\n<p>\u201cPor esos hac\u00eda dibujitos sin piernas y dibujitos sin ojos. Son la mayor\u00eda de los que se secuestraron en el jard\u00edn\u201d, afirm\u00f3. \u201cLa maestra se tendr\u00eda que haber dado cuenta. Pero bueno, ahora ya es tarde\u201d, reclam\u00f3 el abuelo del nene.<\/p>\n\n\n\n<p>\u201cNadie se dio cuenta que un nene de 5 a\u00f1os se expresaba as\u00ed con los dibujos\u201d, afirm\u00f3.<\/p>\n\n\n\n<p>La madre de Lucio est\u00e1 detenida en San Luis, junto a su novia, ambas acusadas del crimen del chiquito de 5 a\u00f1os.<br>La madre de Lucio est\u00e1 detenida en San Luis, junto a su novia, ambas acusadas del crimen del chiquito de 5 a\u00f1os.<\/p>\n\n\n\n<p>Los dibujos fueron hechos por Lucio durante un per\u00edodo de casi un a\u00f1o y medio, que abarc\u00f3 el paso por la sala jard\u00edn de 4 y 5 a\u00f1os, los dos atravesados por la pandemia. La Fiscal\u00eda de Investigaciones Administrativas inici\u00f3 sumarios para analizar alg\u00fan tipo de responsabilidad a las maestras de Lucio.<\/p>\n\n\n\n<p>Las pericias fueron realizadas por la psicologa Lorena Ruggero (especializada en psicolog\u00eda jur\u00eddica). Uno de los peritos oficiales de la causa, el psic\u00f3logo Ignacio Dalgallarondo adhiri\u00f3 a esas conclusiones.<\/p>\n\n\n\n<div class=\"wp-block-image\"><figure class=\"aligncenter size-large is-resized\"><img loading=\"lazy\" decoding=\"async\" src=\"http:\/\/infoecos.com.ar\/wp-content\/uploads\/2022\/04\/lucio-dupuy-asesinato-920x518.jpg\" alt=\"\" class=\"wp-image-90802\" width=\"595\" height=\"334\" srcset=\"https:\/\/infoecos.com.ar\/wp-content\/uploads\/2022\/04\/lucio-dupuy-asesinato-920x518.jpg 920w, https:\/\/infoecos.com.ar\/wp-content\/uploads\/2022\/04\/lucio-dupuy-asesinato-460x259.jpg 460w, https:\/\/infoecos.com.ar\/wp-content\/uploads\/2022\/04\/lucio-dupuy-asesinato-768x432.jpg 768w, https:\/\/infoecos.com.ar\/wp-content\/uploads\/2022\/04\/lucio-dupuy-asesinato.jpg 1000w\" sizes=\"(max-width: 595px) 100vw, 595px\" \/><\/figure><\/div>\n\n\n\n<p>Dalgalarrondo integra el equipo conformado por los fiscales Walter Martos, Marcos Sacco y Ver\u00f3nica Ferrero, que llevan adelante la acusaci\u00f3n fiscal.<\/p>\n\n\n\n<p>Aguerrido -el abogado querellante que representa a la familia Dupuy- explic\u00f3 que \u201cel informe da cuenta que, los dibujos, son de un ni\u00f1o sufriente y gritando gr\u00e1ficamente\u201d. La pericia dice que el nene \u201cenuncia con sus tachones, borroneos y colores lo que no pod\u00eda o no se animaba a verbalizar\u201d.<\/p>\n\n\n\n<p>El informe sostiene que Lucio \u201cno encontr\u00f3 interlocutores que lo escuchen o descifren en lo que s\u00ed dec\u00eda dibujando\u201d. Ese informe tiene 14 p\u00e1ginas. Utiliza los dibujos de Lucio en el jard\u00edn y analiza individualmente algunos.<\/p>\n\n\n\n<p>\u201cLa pericia -le dijo Aguerrido a El Diario- concluye que en los dibujos se registran signos observables que son indicadores que permiten inferir abuso sexual infantil por parte de su entorno familiar m\u00e1s pr\u00f3ximo\u201d.<\/p>\n\n\n\n<p>La psic\u00f3loga Ruggero sostuvo que -afirmaciones que comparti\u00f3 el sic\u00f3logo Dalgalarrondo, que integra el equipo fiscal- la producci\u00f3n gr\u00e1fica analizada \u201cse encuentra plagada de vivencias abusivas, violentas en general, independiente que sea de connotaci\u00f3n sexual\u201d.<\/p>\n\n\n\n<p>El abogado Aguerrido sostiene la hip\u00f3tesis que el asesinato de Lucio fue un \u201ccrimen de odio\u201d.<\/p>\n\n\n\n<p>La autopsia realizada sobre el cuerpo de Lucio Dupuy revel\u00f3 que sufri\u00f3 abuso sexual. Presentaba hematomas (de golpes en la espalda y la cadera), mordeduras y quemaduras de vieja data. Adem\u00e1s se comprob\u00f3 que ten\u00eda varios ingresos a los hospitales y centros de atenci\u00f3n de Santa Rosa y General Pico. Una de las atenciones fue por la quebradura de la mu\u00f1eca: la madre dijo que se hab\u00eda caido de la bicicleta.<\/p>\n\n\n\n<p><strong>Fuente: eldiariodelapampa.com.ar<\/strong><\/p>\n","protected":false},"excerpt":{"rendered":"<p>El abuelo de Lucio revel\u00f3 que las pericias realizadas a los dibujos que el nene hac\u00eda indicaban situaciones que no quer\u00eda ver y abusos que sufr\u00eda<\/p>\n","protected":false},"author":2,"featured_media":90801,"comment_status":"closed","ping_status":"open","sticky":false,"template":"","format":"standard","meta":{"footnotes":""},"categories":[1326],"tags":[5797],"class_list":["post-90800","post","type-post","status-publish","format-standard","has-post-thumbnail","hentry","category-c2nota6","tag-el-diario-de-la-pampa"],"yoast_head":"<!-- This site is optimized with the Yoast SEO plugin v23.4 - https:\/\/yoast.com\/wordpress\/plugins\/seo\/ -->\n<title>Sobre el asesinato de Luc\u00edo, perpetrado el a\u00f1o anterior, tenebroso relato de su abuelo - Infoecos<\/title>\n<meta name=\"robots\" content=\"index, follow, max-snippet:-1, max-image-preview:large, max-video-preview:-1\" \/>\n<link rel=\"canonical\" href=\"https:\/\/infoecos.com.ar\/index.php\/sobre-el-asesinato-de-lucio-perpetrado-el-ano-anterior-tenebroso-relato-de-su-abuelo\/\" \/>\n<meta property=\"og:locale\" content=\"es_ES\" \/>\n<meta property=\"og:type\" content=\"article\" \/>\n<meta property=\"og:title\" content=\"Sobre el asesinato de Luc\u00edo, perpetrado el a\u00f1o anterior, tenebroso relato de su abuelo - Infoecos\" \/>\n<meta property=\"og:description\" content=\"El abuelo de Lucio revel\u00f3 que las pericias realizadas a los dibujos que el nene hac\u00eda indicaban situaciones que no quer\u00eda ver y abusos que sufr\u00eda\" \/>\n<meta property=\"og:url\" content=\"https:\/\/infoecos.com.ar\/index.php\/sobre-el-asesinato-de-lucio-perpetrado-el-ano-anterior-tenebroso-relato-de-su-abuelo\/\" \/>\n<meta property=\"og:site_name\" content=\"Infoecos\" \/>\n<meta property=\"article:publisher\" content=\"https:\/\/www.facebook.com\/profile.php?id=100063200290284\" \/>\n<meta property=\"article:published_time\" content=\"2022-04-11T23:40:31+00:00\" \/>\n<meta property=\"article:modified_time\" content=\"2022-04-13T03:52:19+00:00\" \/>\n<meta property=\"og:image\" content=\"https:\/\/infoecos.com.ar\/wp-content\/uploads\/2022\/04\/familia_lucio_dupuy.jpg\" \/>\n\t<meta property=\"og:image:width\" content=\"1600\" \/>\n\t<meta property=\"og:image:height\" content=\"1200\" \/>\n\t<meta property=\"og:image:type\" content=\"image\/jpeg\" \/>\n<meta name=\"author\" content=\"Jorge Matheus\" \/>\n<meta name=\"twitter:card\" content=\"summary_large_image\" \/>\n<meta name=\"twitter:creator\" content=\"@infoecos\" \/>\n<meta name=\"twitter:site\" content=\"@infoecos\" \/>\n<meta name=\"twitter:label1\" content=\"Escrito por\" \/>\n\t<meta name=\"twitter:data1\" content=\"Jorge Matheus\" \/>\n\t<meta name=\"twitter:label2\" content=\"Tiempo de lectura\" \/>\n\t<meta name=\"twitter:data2\" content=\"3 minutos\" \/>\n<script type=\"application\/ld+json\" class=\"yoast-schema-graph\">{\"@context\":\"https:\/\/schema.org\",\"@graph\":[{\"@type\":\"Article\",\"@id\":\"https:\/\/infoecos.com.ar\/index.php\/sobre-el-asesinato-de-lucio-perpetrado-el-ano-anterior-tenebroso-relato-de-su-abuelo\/#article\",\"isPartOf\":{\"@id\":\"https:\/\/infoecos.com.ar\/index.php\/sobre-el-asesinato-de-lucio-perpetrado-el-ano-anterior-tenebroso-relato-de-su-abuelo\/\"},\"author\":{\"name\":\"Jorge Matheus\",\"@id\":\"https:\/\/infoecos.com.ar\/#\/schema\/person\/8f5ace5ce73b4b4aac4b7245aee6f191\"},\"headline\":\"Sobre el asesinato de Luc\u00edo, perpetrado el a\u00f1o anterior, tenebroso relato de su abuelo\",\"datePublished\":\"2022-04-11T23:40:31+00:00\",\"dateModified\":\"2022-04-13T03:52:19+00:00\",\"mainEntityOfPage\":{\"@id\":\"https:\/\/infoecos.com.ar\/index.php\/sobre-el-asesinato-de-lucio-perpetrado-el-ano-anterior-tenebroso-relato-de-su-abuelo\/\"},\"wordCount\":677,\"publisher\":{\"@id\":\"https:\/\/infoecos.com.ar\/#organization\"},\"image\":{\"@id\":\"https:\/\/infoecos.com.ar\/index.php\/sobre-el-asesinato-de-lucio-perpetrado-el-ano-anterior-tenebroso-relato-de-su-abuelo\/#primaryimage\"},\"thumbnailUrl\":\"https:\/\/infoecos.com.ar\/wp-content\/uploads\/2022\/04\/familia_lucio_dupuy.jpg\",\"keywords\":[\"EL DIARIO DE LA PAMPA\"],\"articleSection\":[\"C2 N6\"],\"inLanguage\":\"es\"},{\"@type\":\"WebPage\",\"@id\":\"https:\/\/infoecos.com.ar\/index.php\/sobre-el-asesinato-de-lucio-perpetrado-el-ano-anterior-tenebroso-relato-de-su-abuelo\/\",\"url\":\"https:\/\/infoecos.com.ar\/index.php\/sobre-el-asesinato-de-lucio-perpetrado-el-ano-anterior-tenebroso-relato-de-su-abuelo\/\",\"name\":\"Sobre el asesinato de Luc\u00edo, perpetrado el a\u00f1o anterior, tenebroso relato de su abuelo - Infoecos\",\"isPartOf\":{\"@id\":\"https:\/\/infoecos.com.ar\/#website\"},\"primaryImageOfPage\":{\"@id\":\"https:\/\/infoecos.com.ar\/index.php\/sobre-el-asesinato-de-lucio-perpetrado-el-ano-anterior-tenebroso-relato-de-su-abuelo\/#primaryimage\"},\"image\":{\"@id\":\"https:\/\/infoecos.com.ar\/index.php\/sobre-el-asesinato-de-lucio-perpetrado-el-ano-anterior-tenebroso-relato-de-su-abuelo\/#primaryimage\"},\"thumbnailUrl\":\"https:\/\/infoecos.com.ar\/wp-content\/uploads\/2022\/04\/familia_lucio_dupuy.jpg\",\"datePublished\":\"2022-04-11T23:40:31+00:00\",\"dateModified\":\"2022-04-13T03:52:19+00:00\",\"breadcrumb\":{\"@id\":\"https:\/\/infoecos.com.ar\/index.php\/sobre-el-asesinato-de-lucio-perpetrado-el-ano-anterior-tenebroso-relato-de-su-abuelo\/#breadcrumb\"},\"inLanguage\":\"es\",\"potentialAction\":[{\"@type\":\"ReadAction\",\"target\":[\"https:\/\/infoecos.com.ar\/index.php\/sobre-el-asesinato-de-lucio-perpetrado-el-ano-anterior-tenebroso-relato-de-su-abuelo\/\"]}]},{\"@type\":\"ImageObject\",\"inLanguage\":\"es\",\"@id\":\"https:\/\/infoecos.com.ar\/index.php\/sobre-el-asesinato-de-lucio-perpetrado-el-ano-anterior-tenebroso-relato-de-su-abuelo\/#primaryimage\",\"url\":\"https:\/\/infoecos.com.ar\/wp-content\/uploads\/2022\/04\/familia_lucio_dupuy.jpg\",\"contentUrl\":\"https:\/\/infoecos.com.ar\/wp-content\/uploads\/2022\/04\/familia_lucio_dupuy.jpg\",\"width\":1600,\"height\":1200},{\"@type\":\"BreadcrumbList\",\"@id\":\"https:\/\/infoecos.com.ar\/index.php\/sobre-el-asesinato-de-lucio-perpetrado-el-ano-anterior-tenebroso-relato-de-su-abuelo\/#breadcrumb\",\"itemListElement\":[{\"@type\":\"ListItem\",\"position\":1,\"name\":\"Portada\",\"item\":\"https:\/\/infoecos.com.ar\/\"},{\"@type\":\"ListItem\",\"position\":2,\"name\":\"Sobre el asesinato de Luc\u00edo, perpetrado el a\u00f1o anterior, tenebroso relato de su abuelo\"}]},{\"@type\":\"WebSite\",\"@id\":\"https:\/\/infoecos.com.ar\/#website\",\"url\":\"https:\/\/infoecos.com.ar\/\",\"name\":\"Infoecos\",\"description\":\"Noticias de trenque lauquen y la zona\",\"publisher\":{\"@id\":\"https:\/\/infoecos.com.ar\/#organization\"},\"alternateName\":\"Noticias\",\"potentialAction\":[{\"@type\":\"SearchAction\",\"target\":{\"@type\":\"EntryPoint\",\"urlTemplate\":\"https:\/\/infoecos.com.ar\/?s={search_term_string}\"},\"query-input\":{\"@type\":\"PropertyValueSpecification\",\"valueRequired\":true,\"valueName\":\"search_term_string\"}}],\"inLanguage\":\"es\"},{\"@type\":\"Organization\",\"@id\":\"https:\/\/infoecos.com.ar\/#organization\",\"name\":\"Infoecos\",\"alternateName\":\"Noticias\",\"url\":\"https:\/\/infoecos.com.ar\/\",\"logo\":{\"@type\":\"ImageObject\",\"inLanguage\":\"es\",\"@id\":\"https:\/\/infoecos.com.ar\/#\/schema\/logo\/image\/\",\"url\":\"https:\/\/infoecos.com.ar\/wp-content\/uploads\/2024\/03\/cropped-logo.png\",\"contentUrl\":\"https:\/\/infoecos.com.ar\/wp-content\/uploads\/2024\/03\/cropped-logo.png\",\"width\":374,\"height\":90,\"caption\":\"Infoecos\"},\"image\":{\"@id\":\"https:\/\/infoecos.com.ar\/#\/schema\/logo\/image\/\"},\"sameAs\":[\"https:\/\/www.facebook.com\/profile.php?id=100063200290284\",\"https:\/\/x.com\/infoecos\"]},{\"@type\":\"Person\",\"@id\":\"https:\/\/infoecos.com.ar\/#\/schema\/person\/8f5ace5ce73b4b4aac4b7245aee6f191\",\"name\":\"Jorge Matheus\",\"url\":\"https:\/\/infoecos.com.ar\/index.php\/author\/jomatheus\/\"}]}<\/script>\n<!-- \/ Yoast SEO plugin. -->","yoast_head_json":{"title":"Sobre el asesinato de Luc\u00edo, perpetrado el a\u00f1o anterior, tenebroso relato de su abuelo - Infoecos","robots":{"index":"index","follow":"follow","max-snippet":"max-snippet:-1","max-image-preview":"max-image-preview:large","max-video-preview":"max-video-preview:-1"},"canonical":"https:\/\/infoecos.com.ar\/index.php\/sobre-el-asesinato-de-lucio-perpetrado-el-ano-anterior-tenebroso-relato-de-su-abuelo\/","og_locale":"es_ES","og_type":"article","og_title":"Sobre el asesinato de Luc\u00edo, perpetrado el a\u00f1o anterior, tenebroso relato de su abuelo - Infoecos","og_description":"El abuelo de Lucio revel\u00f3 que las pericias realizadas a los dibujos que el nene hac\u00eda indicaban situaciones que no quer\u00eda ver y abusos que sufr\u00eda","og_url":"https:\/\/infoecos.com.ar\/index.php\/sobre-el-asesinato-de-lucio-perpetrado-el-ano-anterior-tenebroso-relato-de-su-abuelo\/","og_site_name":"Infoecos","article_publisher":"https:\/\/www.facebook.com\/profile.php?id=100063200290284","article_published_time":"2022-04-11T23:40:31+00:00","article_modified_time":"2022-04-13T03:52:19+00:00","og_image":[{"width":1600,"height":1200,"url":"https:\/\/infoecos.com.ar\/wp-content\/uploads\/2022\/04\/familia_lucio_dupuy.jpg","type":"image\/jpeg"}],"author":"Jorge Matheus","twitter_card":"summary_large_image","twitter_creator":"@infoecos","twitter_site":"@infoecos","twitter_misc":{"Escrito por":"Jorge Matheus","Tiempo de lectura":"3 minutos"},"schema":{"@context":"https:\/\/schema.org","@graph":[{"@type":"Article","@id":"https:\/\/infoecos.com.ar\/index.php\/sobre-el-asesinato-de-lucio-perpetrado-el-ano-anterior-tenebroso-relato-de-su-abuelo\/#article","isPartOf":{"@id":"https:\/\/infoecos.com.ar\/index.php\/sobre-el-asesinato-de-lucio-perpetrado-el-ano-anterior-tenebroso-relato-de-su-abuelo\/"},"author":{"name":"Jorge Matheus","@id":"https:\/\/infoecos.com.ar\/#\/schema\/person\/8f5ace5ce73b4b4aac4b7245aee6f191"},"headline":"Sobre el asesinato de Luc\u00edo, perpetrado el a\u00f1o anterior, tenebroso relato de su abuelo","datePublished":"2022-04-11T23:40:31+00:00","dateModified":"2022-04-13T03:52:19+00:00","mainEntityOfPage":{"@id":"https:\/\/infoecos.com.ar\/index.php\/sobre-el-asesinato-de-lucio-perpetrado-el-ano-anterior-tenebroso-relato-de-su-abuelo\/"},"wordCount":677,"publisher":{"@id":"https:\/\/infoecos.com.ar\/#organization"},"image":{"@id":"https:\/\/infoecos.com.ar\/index.php\/sobre-el-asesinato-de-lucio-perpetrado-el-ano-anterior-tenebroso-relato-de-su-abuelo\/#primaryimage"},"thumbnailUrl":"https:\/\/infoecos.com.ar\/wp-content\/uploads\/2022\/04\/familia_lucio_dupuy.jpg","keywords":["EL DIARIO DE LA PAMPA"],"articleSection":["C2 N6"],"inLanguage":"es"},{"@type":"WebPage","@id":"https:\/\/infoecos.com.ar\/index.php\/sobre-el-asesinato-de-lucio-perpetrado-el-ano-anterior-tenebroso-relato-de-su-abuelo\/","url":"https:\/\/infoecos.com.ar\/index.php\/sobre-el-asesinato-de-lucio-perpetrado-el-ano-anterior-tenebroso-relato-de-su-abuelo\/","name":"Sobre el asesinato de Luc\u00edo, perpetrado el a\u00f1o anterior, tenebroso relato de su abuelo - Infoecos","isPartOf":{"@id":"https:\/\/infoecos.com.ar\/#website"},"primaryImageOfPage":{"@id":"https:\/\/infoecos.com.ar\/index.php\/sobre-el-asesinato-de-lucio-perpetrado-el-ano-anterior-tenebroso-relato-de-su-abuelo\/#primaryimage"},"image":{"@id":"https:\/\/infoecos.com.ar\/index.php\/sobre-el-asesinato-de-lucio-perpetrado-el-ano-anterior-tenebroso-relato-de-su-abuelo\/#primaryimage"},"thumbnailUrl":"https:\/\/infoecos.com.ar\/wp-content\/uploads\/2022\/04\/familia_lucio_dupuy.jpg","datePublished":"2022-04-11T23:40:31+00:00","dateModified":"2022-04-13T03:52:19+00:00","breadcrumb":{"@id":"https:\/\/infoecos.com.ar\/index.php\/sobre-el-asesinato-de-lucio-perpetrado-el-ano-anterior-tenebroso-relato-de-su-abuelo\/#breadcrumb"},"inLanguage":"es","potentialAction":[{"@type":"ReadAction","target":["https:\/\/infoecos.com.ar\/index.php\/sobre-el-asesinato-de-lucio-perpetrado-el-ano-anterior-tenebroso-relato-de-su-abuelo\/"]}]},{"@type":"ImageObject","inLanguage":"es","@id":"https:\/\/infoecos.com.ar\/index.php\/sobre-el-asesinato-de-lucio-perpetrado-el-ano-anterior-tenebroso-relato-de-su-abuelo\/#primaryimage","url":"https:\/\/infoecos.com.ar\/wp-content\/uploads\/2022\/04\/familia_lucio_dupuy.jpg","contentUrl":"https:\/\/infoecos.com.ar\/wp-content\/uploads\/2022\/04\/familia_lucio_dupuy.jpg","width":1600,"height":1200},{"@type":"BreadcrumbList","@id":"https:\/\/infoecos.com.ar\/index.php\/sobre-el-asesinato-de-lucio-perpetrado-el-ano-anterior-tenebroso-relato-de-su-abuelo\/#breadcrumb","itemListElement":[{"@type":"ListItem","position":1,"name":"Portada","item":"https:\/\/infoecos.com.ar\/"},{"@type":"ListItem","position":2,"name":"Sobre el asesinato de Luc\u00edo, perpetrado el a\u00f1o anterior, tenebroso relato de su abuelo"}]},{"@type":"WebSite","@id":"https:\/\/infoecos.com.ar\/#website","url":"https:\/\/infoecos.com.ar\/","name":"Infoecos","description":"Noticias de trenque lauquen y la zona","publisher":{"@id":"https:\/\/infoecos.com.ar\/#organization"},"alternateName":"Noticias","potentialAction":[{"@type":"SearchAction","target":{"@type":"EntryPoint","urlTemplate":"https:\/\/infoecos.com.ar\/?s={search_term_string}"},"query-input":{"@type":"PropertyValueSpecification","valueRequired":true,"valueName":"search_term_string"}}],"inLanguage":"es"},{"@type":"Organization","@id":"https:\/\/infoecos.com.ar\/#organization","name":"Infoecos","alternateName":"Noticias","url":"https:\/\/infoecos.com.ar\/","logo":{"@type":"ImageObject","inLanguage":"es","@id":"https:\/\/infoecos.com.ar\/#\/schema\/logo\/image\/","url":"https:\/\/infoecos.com.ar\/wp-content\/uploads\/2024\/03\/cropped-logo.png","contentUrl":"https:\/\/infoecos.com.ar\/wp-content\/uploads\/2024\/03\/cropped-logo.png","width":374,"height":90,"caption":"Infoecos"},"image":{"@id":"https:\/\/infoecos.com.ar\/#\/schema\/logo\/image\/"},"sameAs":["https:\/\/www.facebook.com\/profile.php?id=100063200290284","https:\/\/x.com\/infoecos"]},{"@type":"Person","@id":"https:\/\/infoecos.com.ar\/#\/schema\/person\/8f5ace5ce73b4b4aac4b7245aee6f191","name":"Jorge Matheus","url":"https:\/\/infoecos.com.ar\/index.php\/author\/jomatheus\/"}]}},"featured_image_urls":{"full":["https:\/\/infoecos.com.ar\/wp-content\/uploads\/2022\/04\/familia_lucio_dupuy.jpg",1600,1200,false],"thumbnail":["https:\/\/infoecos.com.ar\/wp-content\/uploads\/2022\/04\/familia_lucio_dupuy-150x150.jpg",150,150,true],"medium":["https:\/\/infoecos.com.ar\/wp-content\/uploads\/2022\/04\/familia_lucio_dupuy-460x345.jpg",460,345,true],"medium_large":["https:\/\/infoecos.com.ar\/wp-content\/uploads\/2022\/04\/familia_lucio_dupuy-768x576.jpg",640,480,true],"large":["https:\/\/infoecos.com.ar\/wp-content\/uploads\/2022\/04\/familia_lucio_dupuy-920x690.jpg",640,480,true],"1536x1536":["https:\/\/infoecos.com.ar\/wp-content\/uploads\/2022\/04\/familia_lucio_dupuy-1536x1152.jpg",1536,1152,true],"2048x2048":["https:\/\/infoecos.com.ar\/wp-content\/uploads\/2022\/04\/familia_lucio_dupuy.jpg",1600,1200,false],"covernews-slider-full":["https:\/\/infoecos.com.ar\/wp-content\/uploads\/2022\/04\/familia_lucio_dupuy-1536x1020.jpg",1077,715,true],"covernews-slider-center":["https:\/\/infoecos.com.ar\/wp-content\/uploads\/2022\/04\/familia_lucio_dupuy-936x897.jpg",522,500,true],"covernews-featured":["https:\/\/infoecos.com.ar\/wp-content\/uploads\/2022\/04\/familia_lucio_dupuy-1024x768.jpg",1024,768,true],"covernews-medium":["https:\/\/infoecos.com.ar\/wp-content\/uploads\/2022\/04\/familia_lucio_dupuy-720x380.jpg",540,285,true],"covernews-medium-square":["https:\/\/infoecos.com.ar\/wp-content\/uploads\/2022\/04\/familia_lucio_dupuy-675x450.jpg",375,250,true]},"author_info":{"info":["Jorge Matheus"]},"category_info":"<a href=\"https:\/\/infoecos.com.ar\/index.php\/category\/c2nota6\/\" rel=\"category tag\">C2 N6<\/a>","tag_info":"C2 N6","comment_count":"0","_links":{"self":[{"href":"https:\/\/infoecos.com.ar\/index.php\/wp-json\/wp\/v2\/posts\/90800"}],"collection":[{"href":"https:\/\/infoecos.com.ar\/index.php\/wp-json\/wp\/v2\/posts"}],"about":[{"href":"https:\/\/infoecos.com.ar\/index.php\/wp-json\/wp\/v2\/types\/post"}],"author":[{"embeddable":true,"href":"https:\/\/infoecos.com.ar\/index.php\/wp-json\/wp\/v2\/users\/2"}],"replies":[{"embeddable":true,"href":"https:\/\/infoecos.com.ar\/index.php\/wp-json\/wp\/v2\/comments?post=90800"}],"version-history":[{"count":2,"href":"https:\/\/infoecos.com.ar\/index.php\/wp-json\/wp\/v2\/posts\/90800\/revisions"}],"predecessor-version":[{"id":90805,"href":"https:\/\/infoecos.com.ar\/index.php\/wp-json\/wp\/v2\/posts\/90800\/revisions\/90805"}],"wp:featuredmedia":[{"embeddable":true,"href":"https:\/\/infoecos.com.ar\/index.php\/wp-json\/wp\/v2\/media\/90801"}],"wp:attachment":[{"href":"https:\/\/infoecos.com.ar\/index.php\/wp-json\/wp\/v2\/media?parent=90800"}],"wp:term":[{"taxonomy":"category","embeddable":true,"href":"https:\/\/infoecos.com.ar\/index.php\/wp-json\/wp\/v2\/categories?post=90800"},{"taxonomy":"post_tag","embeddable":true,"href":"https:\/\/infoecos.com.ar\/index.php\/wp-json\/wp\/v2\/tags?post=90800"}],"curies":[{"name":"wp","href":"https:\/\/api.w.org\/{rel}","templated":true}]}}