{"id":90814,"date":"2022-04-11T23:51:06","date_gmt":"2022-04-12T02:51:06","guid":{"rendered":"http:\/\/infoecos.com.ar\/?p=90814"},"modified":"2022-04-13T00:52:57","modified_gmt":"2022-04-13T03:52:57","slug":"marta-cohen-la-pandemia-no-ha-terminado-vamos-a-tener-mas-olas","status":"publish","type":"post","link":"https:\/\/infoecos.com.ar\/index.php\/marta-cohen-la-pandemia-no-ha-terminado-vamos-a-tener-mas-olas\/","title":{"rendered":"Marta Cohen: \u00abla pandemia no ha terminado, vamos a tener m\u00e1s olas\u00bb"},"content":{"rendered":"\n<p>La m\u00e9dica pat\u00f3loga trenquelauquense, Dra. Marta Cohen, present\u00f3 su libro <strong>\u201c<em>Un mundo en pandemia. Lecciones y desaf\u00edos del coronavirus<\/em>\u201d<\/strong>, uno de los hechos destacados del mes de abril que forma parte de las actividades programadas para celebrar el 146\u00ba aniversario de la fundaci\u00f3n de Trenque Lauquen.<\/p>\n\n\n\n<div class=\"wp-block-image\"><figure class=\"aligncenter size-large is-resized\"><img loading=\"lazy\" decoding=\"async\" src=\"http:\/\/infoecos.com.ar\/wp-content\/uploads\/2022\/04\/278204956_357675169737180_4059854762678907982_n-1-920x518.jpg\" alt=\"\" class=\"wp-image-90815\" width=\"633\" height=\"355\" srcset=\"https:\/\/infoecos.com.ar\/wp-content\/uploads\/2022\/04\/278204956_357675169737180_4059854762678907982_n-1-920x518.jpg 920w, https:\/\/infoecos.com.ar\/wp-content\/uploads\/2022\/04\/278204956_357675169737180_4059854762678907982_n-1-460x259.jpg 460w, https:\/\/infoecos.com.ar\/wp-content\/uploads\/2022\/04\/278204956_357675169737180_4059854762678907982_n-1-768x432.jpg 768w, https:\/\/infoecos.com.ar\/wp-content\/uploads\/2022\/04\/278204956_357675169737180_4059854762678907982_n-1-1536x864.jpg 1536w, https:\/\/infoecos.com.ar\/wp-content\/uploads\/2022\/04\/278204956_357675169737180_4059854762678907982_n-1-1024x576.jpg 1024w, https:\/\/infoecos.com.ar\/wp-content\/uploads\/2022\/04\/278204956_357675169737180_4059854762678907982_n-1.jpg 1600w\" sizes=\"(max-width: 633px) 100vw, 633px\" \/><figcaption>Marta Cohen<\/figcaption><\/figure><\/div>\n\n\n\n<p>Del acto participaron el Intendente municipal, Miguel Fern\u00e1ndez, quien estuvo acompa\u00f1ado por su se\u00f1ora esposa, Dra. Isabel Fern\u00e1ndez; el diputado provincial Valent\u00edn Miranda; el presidente del Honorable Concejo Deliberante, Alberto Rodr\u00edguez Mera, y concejales; familiares de Marta \u2013su pap\u00e1, sus dos hermanas y el hermano- , y amigos\/as, entre ellos la profesora de piano Marisa Mestre -quien pronunci\u00f3 unas sentidas palabras-; funcionarios municipales; representantes de instituciones y vecinos\/as.<\/p>\n\n\n\n<p>El libro, publicado por Editorial Marea, y en el que la prestigiosa m\u00e9dica cuenta con el aporte de una de sus hermanas, \u201cCaly\u201d Cohen -comunicadora social y coach ontol\u00f3gico- y de dos periodistas platenses, brinda detalles del camino transitado y la experiencia que su involucramiento le ha dejado durante la pandemia.<\/p>\n\n\n\n<div class=\"wp-block-image\"><figure class=\"aligncenter size-large is-resized\"><img loading=\"lazy\" decoding=\"async\" src=\"http:\/\/infoecos.com.ar\/wp-content\/uploads\/2022\/04\/278199798_357683839736313_5355342248489645779_n-690x920.jpg\" alt=\"\" class=\"wp-image-90816\" width=\"434\" height=\"578\" srcset=\"https:\/\/infoecos.com.ar\/wp-content\/uploads\/2022\/04\/278199798_357683839736313_5355342248489645779_n-690x920.jpg 690w, https:\/\/infoecos.com.ar\/wp-content\/uploads\/2022\/04\/278199798_357683839736313_5355342248489645779_n-345x460.jpg 345w, https:\/\/infoecos.com.ar\/wp-content\/uploads\/2022\/04\/278199798_357683839736313_5355342248489645779_n-768x1024.jpg 768w, https:\/\/infoecos.com.ar\/wp-content\/uploads\/2022\/04\/278199798_357683839736313_5355342248489645779_n-1152x1536.jpg 1152w, https:\/\/infoecos.com.ar\/wp-content\/uploads\/2022\/04\/278199798_357683839736313_5355342248489645779_n-1024x1365.jpg 1024w, https:\/\/infoecos.com.ar\/wp-content\/uploads\/2022\/04\/278199798_357683839736313_5355342248489645779_n.jpg 1200w\" sizes=\"(max-width: 434px) 100vw, 434px\" \/><figcaption>Marta Cohen y su padre<\/figcaption><\/figure><\/div>\n\n\n\n<p>Marta ha decidido que un porcentaje de las regal\u00edas por la venta del libro sean donadas a la Sala de Pediatr\u00eda del Hospital Municipal Dr. Pedro T Orellana, de nuestra ciudad, que en homenaje a los 100 a\u00f1os de vida de su padre desde el pasado 31 de agosto lleva por nombre Ram\u00f3n Cohen Souza, primer pediatra de la ciudad junto a su fallecida esposa, la Dra. Elsa Victoria Bossi\u00e9.<\/p>\n\n\n\n<p>Antes de firmar algunos ejemplares de su libro, la Dra. Marta Cohen, brind\u00f3 detalles de su publicaci\u00f3n y agradeci\u00f3 a todos los que pasaron por su vida y colaboraron para que pudiera llegar hasta ac\u00e1.<\/p>\n\n\n\n<div class=\"wp-block-image\"><figure class=\"aligncenter size-large is-resized\"><img loading=\"lazy\" decoding=\"async\" src=\"http:\/\/infoecos.com.ar\/wp-content\/uploads\/2022\/04\/278352555_357684136402950_4300215294561607260_n-1-920x518.jpg\" alt=\"\" class=\"wp-image-90817\" width=\"548\" height=\"308\" srcset=\"https:\/\/infoecos.com.ar\/wp-content\/uploads\/2022\/04\/278352555_357684136402950_4300215294561607260_n-1-920x518.jpg 920w, https:\/\/infoecos.com.ar\/wp-content\/uploads\/2022\/04\/278352555_357684136402950_4300215294561607260_n-1-460x259.jpg 460w, https:\/\/infoecos.com.ar\/wp-content\/uploads\/2022\/04\/278352555_357684136402950_4300215294561607260_n-1-768x432.jpg 768w, https:\/\/infoecos.com.ar\/wp-content\/uploads\/2022\/04\/278352555_357684136402950_4300215294561607260_n-1-1536x864.jpg 1536w, https:\/\/infoecos.com.ar\/wp-content\/uploads\/2022\/04\/278352555_357684136402950_4300215294561607260_n-1-1024x576.jpg 1024w, https:\/\/infoecos.com.ar\/wp-content\/uploads\/2022\/04\/278352555_357684136402950_4300215294561607260_n-1.jpg 1920w\" sizes=\"(max-width: 548px) 100vw, 548px\" \/><figcaption>Libro Marta Cohen<\/figcaption><\/figure><\/div>\n\n\n\n<p>\u201cCuando me preguntaron a qui\u00e9n quer\u00eda invitar, alguien de mi infancia, ten\u00eda que ser Marisa (Mestre) porque es verdad, fue una parte importante de mi vida, yo estudiaba cinco o seis horas diarias y pienso que el d\u00eda que me jubile quiero volver a la m\u00fasica porque es contenedora\u201d, manifest\u00f3.<\/p>\n\n\n\n<p>\u201cYo escucho radio cl\u00e1sica a la ma\u00f1ana cuando voy al hospital y me doy cuenta que era buena pianista porque practicaba seis horas diarias, yo no era naturalmente talentosa, y fue ah\u00ed cuando decid\u00ed estudiar otra cosa\u201d, subray\u00f3 Cohen.<\/p>\n\n\n\n<div class=\"wp-block-image\"><figure class=\"aligncenter size-large is-resized\"><img loading=\"lazy\" decoding=\"async\" src=\"http:\/\/infoecos.com.ar\/wp-content\/uploads\/2022\/04\/278231366_357683779736319_8477213769023046529_n-920x518.jpg\" alt=\"\" class=\"wp-image-90818\" width=\"548\" height=\"308\" srcset=\"https:\/\/infoecos.com.ar\/wp-content\/uploads\/2022\/04\/278231366_357683779736319_8477213769023046529_n-920x518.jpg 920w, https:\/\/infoecos.com.ar\/wp-content\/uploads\/2022\/04\/278231366_357683779736319_8477213769023046529_n-460x259.jpg 460w, https:\/\/infoecos.com.ar\/wp-content\/uploads\/2022\/04\/278231366_357683779736319_8477213769023046529_n-768x432.jpg 768w, https:\/\/infoecos.com.ar\/wp-content\/uploads\/2022\/04\/278231366_357683779736319_8477213769023046529_n-1536x864.jpg 1536w, https:\/\/infoecos.com.ar\/wp-content\/uploads\/2022\/04\/278231366_357683779736319_8477213769023046529_n-1024x576.jpg 1024w, https:\/\/infoecos.com.ar\/wp-content\/uploads\/2022\/04\/278231366_357683779736319_8477213769023046529_n.jpg 1600w\" sizes=\"(max-width: 548px) 100vw, 548px\" \/><figcaption>Marta Cohen y Miguel Feern\u00e1ndez<\/figcaption><\/figure><\/div>\n\n\n\n<p>En este aspecto record\u00f3 que \u201cla sabidur\u00eda de mi mam\u00e1 me llev\u00f3 a hacer un test vocacional que desemboc\u00f3 en la medicina, y yo creo que la vida es como un rompecabezas y miro para atr\u00e1s y me pregunto por qu\u00e9 puse estas cosas juntas y por qu\u00e9 estoy ac\u00e1, y uno tiene que ver los movimientos que pasaron en la vida de cada uno de nosotros, que a veces son tan sutiles, y que nos llevan a donde estamos\u201d.<\/p>\n\n\n\n<p>Tras agradecer al Intendente Fern\u00e1ndez por la posibilidad de presentar el libro en Trenque Lauquen, dijo que \u201cen definitiva es un libro para la ciudad\u201d y agradeci\u00f3 a toda la comunidad que \u201cme acompa\u00f1\u00f3 tanto\u201d.<\/p>\n\n\n\n<p>\u201cAhora estamos ac\u00e1, la pandemia no ha terminado, vamos a tener m\u00e1s olas, \u00d3micron Xe estar\u00e1 pronto ac\u00e1 como est\u00e1 ahora azotando a Europa\u201d, alert\u00f3 la m\u00e9dica, quien agradeci\u00f3 a todos los que la apoyaron y le permitieron \u201cgenerar la fortaleza necesaria en mi para poder comunicar sobre la evoluci\u00f3n cotidiana de la pandemia tratando de informar la verdad, enfrentando a los descre\u00eddos de la existencia y a las Fake News, para poder calmar la ansiedad que siempre genera lo desconocido\u201d.<\/p>\n\n\n\n<div class=\"wp-block-image\"><figure class=\"aligncenter size-large is-resized\"><img loading=\"lazy\" decoding=\"async\" src=\"http:\/\/infoecos.com.ar\/wp-content\/uploads\/2022\/04\/278248254_357684099736287_3671679768143126789_n-920x518.jpg\" alt=\"\" class=\"wp-image-90819\" width=\"573\" height=\"322\" srcset=\"https:\/\/infoecos.com.ar\/wp-content\/uploads\/2022\/04\/278248254_357684099736287_3671679768143126789_n-920x518.jpg 920w, https:\/\/infoecos.com.ar\/wp-content\/uploads\/2022\/04\/278248254_357684099736287_3671679768143126789_n-460x259.jpg 460w, https:\/\/infoecos.com.ar\/wp-content\/uploads\/2022\/04\/278248254_357684099736287_3671679768143126789_n-768x432.jpg 768w, https:\/\/infoecos.com.ar\/wp-content\/uploads\/2022\/04\/278248254_357684099736287_3671679768143126789_n-1536x864.jpg 1536w, https:\/\/infoecos.com.ar\/wp-content\/uploads\/2022\/04\/278248254_357684099736287_3671679768143126789_n-1024x576.jpg 1024w, https:\/\/infoecos.com.ar\/wp-content\/uploads\/2022\/04\/278248254_357684099736287_3671679768143126789_n.jpg 1920w\" sizes=\"(max-width: 573px) 100vw, 573px\" \/><figcaption>Marta Cohen libro<\/figcaption><\/figure><\/div>\n\n\n\n<p>Tambi\u00e9n se\u00f1al\u00f3 que con su trabajo de divulgaci\u00f3n cient\u00edfica trat\u00f3 de \u201calertar sobre el desarrollo del virus y de los nuevos descubrimientos cient\u00edficos, que permitieron el desarrollo de test diagn\u00f3sticos, vacunas y tratamientos\u201d.<\/p>\n\n\n\n<p>Acerca de su libro, dijo que \u201ces el resultado del trabajo en equipo junto a mi hermana Caly\u201d, destacando su el impulso que le dio como comunicadora cient\u00edfica durante la pandemia.<\/p>\n\n\n\n<p>\u201cEn marzo del 2020 ella (Caly) vio en m\u00ed lo que yo misma no acababa de darme cuenta y es que mi avidez en la b\u00fasqueda de informaci\u00f3n cient\u00edfica y veraz, que pod\u00eda resumir de manera clara, era importante a medida que la ciencia empezaba a descifrar la pandemia\u201d, record\u00f3.<\/p>\n\n\n\n<p>\u201cNunca avizor\u00e9 este desenlace, poder estar escribiendo un libro y poder donarlo a la sala de Pediatr\u00eda del Hospital de Trenque Lauquen, en honor a mi padre y a mi mam\u00e1\u201d, coment\u00f3.<\/p>\n\n\n\n<div class=\"wp-block-image\"><figure class=\"aligncenter size-large is-resized\"><img loading=\"lazy\" decoding=\"async\" src=\"http:\/\/infoecos.com.ar\/wp-content\/uploads\/2022\/04\/277796277_357683699736327_8820105681993031925_n-920x518.jpg\" alt=\"\" class=\"wp-image-90820\" width=\"620\" height=\"348\" srcset=\"https:\/\/infoecos.com.ar\/wp-content\/uploads\/2022\/04\/277796277_357683699736327_8820105681993031925_n-920x518.jpg 920w, https:\/\/infoecos.com.ar\/wp-content\/uploads\/2022\/04\/277796277_357683699736327_8820105681993031925_n-460x259.jpg 460w, https:\/\/infoecos.com.ar\/wp-content\/uploads\/2022\/04\/277796277_357683699736327_8820105681993031925_n-768x432.jpg 768w, https:\/\/infoecos.com.ar\/wp-content\/uploads\/2022\/04\/277796277_357683699736327_8820105681993031925_n-1536x864.jpg 1536w, https:\/\/infoecos.com.ar\/wp-content\/uploads\/2022\/04\/277796277_357683699736327_8820105681993031925_n-1024x576.jpg 1024w, https:\/\/infoecos.com.ar\/wp-content\/uploads\/2022\/04\/277796277_357683699736327_8820105681993031925_n.jpg 1600w\" sizes=\"(max-width: 620px) 100vw, 620px\" \/><figcaption>Marta Cohen con Marisa Mestre<\/figcaption><\/figure><\/div>\n\n\n\n<p>Tras recordar c\u00f3mo surgi\u00f3 su trabajo de divulgaci\u00f3n, que la llevaron a dar hasta 25 entrevistas por d\u00eda, reforzando su compromiso social, naci\u00f3 la idea de escribir este libro, que adem\u00e1s aborda la post pandemia.<\/p>\n\n\n\n<p>En este marco destac\u00f3 el trabajo de los periodistas platenses de larga trayectoria que colaboraron con el libro: Sandra Di Luca y Pablo Morosi, ambos con dilatada trayectoria y experiencia.<\/p>\n\n\n\n<p>\u201cUna de las caracter\u00edsticas del libro es que tiene la impronta de mi vida y entrelaza el desarrollo de la pandemia Covid-19 con la historia de otras pandemias, con aspectos de mi vida personal y profesional y con Trenque Lauquen, La Plata, Ciudad del Cabo y Sheffield, todas ciudades importantes en mi vida\u201d, subray\u00f3.<\/p>\n\n\n\n<div class=\"wp-block-image\"><figure class=\"aligncenter size-large is-resized\"><img loading=\"lazy\" decoding=\"async\" src=\"http:\/\/infoecos.com.ar\/wp-content\/uploads\/2022\/04\/278238297_357683646402999_7280464397644117821_n-920x518.jpg\" alt=\"\" class=\"wp-image-90821\" width=\"646\" height=\"363\" srcset=\"https:\/\/infoecos.com.ar\/wp-content\/uploads\/2022\/04\/278238297_357683646402999_7280464397644117821_n-920x518.jpg 920w, https:\/\/infoecos.com.ar\/wp-content\/uploads\/2022\/04\/278238297_357683646402999_7280464397644117821_n-460x259.jpg 460w, https:\/\/infoecos.com.ar\/wp-content\/uploads\/2022\/04\/278238297_357683646402999_7280464397644117821_n-768x432.jpg 768w, https:\/\/infoecos.com.ar\/wp-content\/uploads\/2022\/04\/278238297_357683646402999_7280464397644117821_n-1536x864.jpg 1536w, https:\/\/infoecos.com.ar\/wp-content\/uploads\/2022\/04\/278238297_357683646402999_7280464397644117821_n-1024x576.jpg 1024w, https:\/\/infoecos.com.ar\/wp-content\/uploads\/2022\/04\/278238297_357683646402999_7280464397644117821_n.jpg 1600w\" sizes=\"(max-width: 646px) 100vw, 646px\" \/><figcaption>Marta Cohen presentaci\u00f3n de su libro<\/figcaption><\/figure><\/div>\n\n\n\n<p>Tras destacar y agradecer a todos los que pasaron por su vida y la ayudaron a llegar hasta ac\u00e1, especialmente a su padre, Ram\u00f3n y a su mam\u00e1 Elsa, Marta, se refiri\u00f3 a Trenque Lauquen, \u201cla ciudad que me vio nacer, dio eje a mi vida, agradezco profundamente a esta comunidad que siempre brind\u00f3 su apoyo incondicional a mis padres, cuando arribaron en 1960 como los primeros pediatras de una ciudad peque\u00f1a, que siempre aspir\u00f3 a m\u00e1s y se convirti\u00f3 en un faro del oeste bonaerense, al Colegio Nacional que me nutri\u00f3 con educaci\u00f3n y valores humanos, a la Biblioteca P\u00fablica Rivadavia, que me brind\u00f3 acceso a la lectura inagotable de novelas a las que devoraba en mi adolescencia, las clases de piano, la familia y los amigos, que son el remanso que visito en mis sue\u00f1os\u201d.<\/p>\n\n\n\n<p>Tambi\u00e9n agradeci\u00f3 a la Facultad de Medicina de la Universidad de La Plata, y a la educaci\u00f3n p\u00fablica y en especial a su esposo e hijos, y a Teresa (ni\u00f1era y abuela postiza de sus hijos).<\/p>\n\n\n\n<p>Asimismo, consider\u00f3 que donar parte de las regal\u00edas del libro a la sala de Pediatr\u00eda del Hospital, \u201ces devolver algo a mi ciudad que tanto me dio a mi y a mi familia\u201d.<\/p>\n\n\n\n<div class=\"wp-block-image\"><figure class=\"aligncenter size-large is-resized\"><img loading=\"lazy\" decoding=\"async\" src=\"http:\/\/infoecos.com.ar\/wp-content\/uploads\/2022\/04\/278262308_357683926402971_5698523598436603933_n-920x518.jpg\" alt=\"\" class=\"wp-image-90822\" width=\"680\" height=\"382\" srcset=\"https:\/\/infoecos.com.ar\/wp-content\/uploads\/2022\/04\/278262308_357683926402971_5698523598436603933_n-920x518.jpg 920w, https:\/\/infoecos.com.ar\/wp-content\/uploads\/2022\/04\/278262308_357683926402971_5698523598436603933_n-460x259.jpg 460w, https:\/\/infoecos.com.ar\/wp-content\/uploads\/2022\/04\/278262308_357683926402971_5698523598436603933_n-768x432.jpg 768w, https:\/\/infoecos.com.ar\/wp-content\/uploads\/2022\/04\/278262308_357683926402971_5698523598436603933_n-1536x864.jpg 1536w, https:\/\/infoecos.com.ar\/wp-content\/uploads\/2022\/04\/278262308_357683926402971_5698523598436603933_n-1024x576.jpg 1024w, https:\/\/infoecos.com.ar\/wp-content\/uploads\/2022\/04\/278262308_357683926402971_5698523598436603933_n.jpg 1600w\" sizes=\"(max-width: 680px) 100vw, 680px\" \/><figcaption>Marta Cohen con vecinas en la presentaci\u00f3n de su libro<\/figcaption><\/figure><\/div>\n\n\n\n<p>A continuaci\u00f3n, brind\u00f3 detalles de su libro, que est\u00e1 conformado en cap\u00edtulos, titul\u00e1ndose el primero \u201cSala de Espera\u201d, que es una presentaci\u00f3n de su persona como divulgadora cient\u00edfica y remarcando los motivos que la llevaron a escribir el libro.<\/p>\n\n\n\n<p>El segundo cap\u00edtulo se titula \u201cHistoria Cl\u00ednica\u201d y se refiere a distintos aspectos de la pandemia y a contestar preguntar tales como, si fue una sorpresa para el mundo de la ciencia y c\u00f3mo surgi\u00f3 la enfermedad.<\/p>\n\n\n\n<p>Respecto del cap\u00edtulo n\u00b0 3 titulado, \u201cEmergencias sociales\u201d, adelant\u00f3 que gira en torno a las pandemias y epidemias en la Argentina, y en el an\u00e1lisis hist\u00f3rico de las mismas y el cap\u00edtulo cuatro \u201cPandemia, Covid-19\u201d se basa en el impacto que la pandemia tuvo sobre los sistemas de salud, incluye las primeras reacciones y la cronolog\u00eda de la pandemia, entre otros aspectos.<\/p>\n\n\n\n<p>Tambi\u00e9n se\u00f1al\u00f3 que el cap\u00edtulo 5 se denomina \u201cParte m\u00e9dico\u201d y se refiere a los casos, cuarentenas, medidas, protocolos y aforos, el equilibrio entre la responsabilidad individual y social, entre otros puntos. En tanto el cap\u00edtulo 6 se denomina \u201cTratamiento\u201d, y se centra \u201cen lo que nos deja la pandemia como aprendizajes y lecciones\u201d marcando los errores y los problemas que se tuvieron que enfrentar, apelando a estar atentos para que esto no vuelva a repetirse.<\/p>\n\n\n\n<p>Adem\u00e1s, y sobre el \u00faltimo cap\u00edtulo denominado \u201cLa Postpandemia\u201d, Marta dijo que \u201canaliza el escenario de la postpandemia, las prioridades y las urgencias\u201d y apela a la necesidad de establecer \u201cuna eficaz vigilancia epidemiol\u00f3gica global, la optimizaci\u00f3n de las vacunas, cambios en la vida cotidiana, h\u00e1bitos y costumbres, y la cultura de la resiliencia que es vivir una nueva normalidad\u201d.<\/p>\n\n\n\n<figure class=\"wp-block-gallery columns-3 is-cropped wp-block-gallery-1 is-layout-flex wp-block-gallery-is-layout-flex\"><ul class=\"blocks-gallery-grid\"><li class=\"blocks-gallery-item\"><figure><img loading=\"lazy\" decoding=\"async\" width=\"920\" height=\"518\" src=\"http:\/\/infoecos.com.ar\/wp-content\/uploads\/2022\/04\/278168690_357683813069649_6087183894060574794_n-920x518.jpg\" alt=\"\" data-id=\"90823\" data-full-url=\"http:\/\/infoecos.com.ar\/wp-content\/uploads\/2022\/04\/278168690_357683813069649_6087183894060574794_n.jpg\" data-link=\"http:\/\/infoecos.com.ar\/?attachment_id=90823\" class=\"wp-image-90823\" srcset=\"https:\/\/infoecos.com.ar\/wp-content\/uploads\/2022\/04\/278168690_357683813069649_6087183894060574794_n-920x518.jpg 920w, https:\/\/infoecos.com.ar\/wp-content\/uploads\/2022\/04\/278168690_357683813069649_6087183894060574794_n-460x259.jpg 460w, https:\/\/infoecos.com.ar\/wp-content\/uploads\/2022\/04\/278168690_357683813069649_6087183894060574794_n-768x432.jpg 768w, https:\/\/infoecos.com.ar\/wp-content\/uploads\/2022\/04\/278168690_357683813069649_6087183894060574794_n-1536x864.jpg 1536w, https:\/\/infoecos.com.ar\/wp-content\/uploads\/2022\/04\/278168690_357683813069649_6087183894060574794_n-1024x576.jpg 1024w, https:\/\/infoecos.com.ar\/wp-content\/uploads\/2022\/04\/278168690_357683813069649_6087183894060574794_n.jpg 1600w\" sizes=\"(max-width: 920px) 100vw, 920px\" \/><\/figure><\/li><li class=\"blocks-gallery-item\"><figure><img loading=\"lazy\" decoding=\"async\" width=\"920\" height=\"518\" src=\"http:\/\/infoecos.com.ar\/wp-content\/uploads\/2022\/04\/278170914_357683553069675_5476954758875483373_n-1-920x518.jpg\" alt=\"\" data-id=\"90824\" data-full-url=\"http:\/\/infoecos.com.ar\/wp-content\/uploads\/2022\/04\/278170914_357683553069675_5476954758875483373_n-1.jpg\" data-link=\"http:\/\/infoecos.com.ar\/?attachment_id=90824\" class=\"wp-image-90824\" srcset=\"https:\/\/infoecos.com.ar\/wp-content\/uploads\/2022\/04\/278170914_357683553069675_5476954758875483373_n-1-920x518.jpg 920w, https:\/\/infoecos.com.ar\/wp-content\/uploads\/2022\/04\/278170914_357683553069675_5476954758875483373_n-1-460x259.jpg 460w, https:\/\/infoecos.com.ar\/wp-content\/uploads\/2022\/04\/278170914_357683553069675_5476954758875483373_n-1-768x432.jpg 768w, https:\/\/infoecos.com.ar\/wp-content\/uploads\/2022\/04\/278170914_357683553069675_5476954758875483373_n-1-1536x864.jpg 1536w, https:\/\/infoecos.com.ar\/wp-content\/uploads\/2022\/04\/278170914_357683553069675_5476954758875483373_n-1-1024x576.jpg 1024w, https:\/\/infoecos.com.ar\/wp-content\/uploads\/2022\/04\/278170914_357683553069675_5476954758875483373_n-1.jpg 1920w\" sizes=\"(max-width: 920px) 100vw, 920px\" \/><\/figure><\/li><li class=\"blocks-gallery-item\"><figure><img loading=\"lazy\" decoding=\"async\" width=\"920\" height=\"518\" src=\"http:\/\/infoecos.com.ar\/wp-content\/uploads\/2022\/04\/278174620_357684006402963_2181919698189501636_n-920x518.jpg\" alt=\"\" data-id=\"90826\" data-full-url=\"http:\/\/infoecos.com.ar\/wp-content\/uploads\/2022\/04\/278174620_357684006402963_2181919698189501636_n.jpg\" data-link=\"http:\/\/infoecos.com.ar\/?attachment_id=90826\" class=\"wp-image-90826\" srcset=\"https:\/\/infoecos.com.ar\/wp-content\/uploads\/2022\/04\/278174620_357684006402963_2181919698189501636_n-920x518.jpg 920w, https:\/\/infoecos.com.ar\/wp-content\/uploads\/2022\/04\/278174620_357684006402963_2181919698189501636_n-460x259.jpg 460w, https:\/\/infoecos.com.ar\/wp-content\/uploads\/2022\/04\/278174620_357684006402963_2181919698189501636_n-768x432.jpg 768w, https:\/\/infoecos.com.ar\/wp-content\/uploads\/2022\/04\/278174620_357684006402963_2181919698189501636_n-1536x864.jpg 1536w, https:\/\/infoecos.com.ar\/wp-content\/uploads\/2022\/04\/278174620_357684006402963_2181919698189501636_n-1024x576.jpg 1024w, https:\/\/infoecos.com.ar\/wp-content\/uploads\/2022\/04\/278174620_357684006402963_2181919698189501636_n.jpg 1920w\" sizes=\"(max-width: 920px) 100vw, 920px\" \/><\/figure><\/li><li class=\"blocks-gallery-item\"><figure><img loading=\"lazy\" decoding=\"async\" width=\"920\" height=\"518\" src=\"http:\/\/infoecos.com.ar\/wp-content\/uploads\/2022\/04\/278178073_357683956402968_5305494758022497275_n-920x518.jpg\" alt=\"\" data-id=\"90827\" data-full-url=\"http:\/\/infoecos.com.ar\/wp-content\/uploads\/2022\/04\/278178073_357683956402968_5305494758022497275_n.jpg\" data-link=\"http:\/\/infoecos.com.ar\/?attachment_id=90827\" class=\"wp-image-90827\" srcset=\"https:\/\/infoecos.com.ar\/wp-content\/uploads\/2022\/04\/278178073_357683956402968_5305494758022497275_n-920x518.jpg 920w, https:\/\/infoecos.com.ar\/wp-content\/uploads\/2022\/04\/278178073_357683956402968_5305494758022497275_n-460x259.jpg 460w, https:\/\/infoecos.com.ar\/wp-content\/uploads\/2022\/04\/278178073_357683956402968_5305494758022497275_n-768x432.jpg 768w, https:\/\/infoecos.com.ar\/wp-content\/uploads\/2022\/04\/278178073_357683956402968_5305494758022497275_n-1536x864.jpg 1536w, https:\/\/infoecos.com.ar\/wp-content\/uploads\/2022\/04\/278178073_357683956402968_5305494758022497275_n-1024x576.jpg 1024w, https:\/\/infoecos.com.ar\/wp-content\/uploads\/2022\/04\/278178073_357683956402968_5305494758022497275_n.jpg 1920w\" sizes=\"(max-width: 920px) 100vw, 920px\" \/><\/figure><\/li><li class=\"blocks-gallery-item\"><figure><img loading=\"lazy\" decoding=\"async\" width=\"920\" height=\"518\" src=\"http:\/\/infoecos.com.ar\/wp-content\/uploads\/2022\/04\/278190859_357684043069626_8848053712975213399_n-920x518.jpg\" alt=\"\" data-id=\"90828\" data-full-url=\"http:\/\/infoecos.com.ar\/wp-content\/uploads\/2022\/04\/278190859_357684043069626_8848053712975213399_n.jpg\" data-link=\"http:\/\/infoecos.com.ar\/?attachment_id=90828\" class=\"wp-image-90828\" srcset=\"https:\/\/infoecos.com.ar\/wp-content\/uploads\/2022\/04\/278190859_357684043069626_8848053712975213399_n-920x518.jpg 920w, https:\/\/infoecos.com.ar\/wp-content\/uploads\/2022\/04\/278190859_357684043069626_8848053712975213399_n-460x259.jpg 460w, https:\/\/infoecos.com.ar\/wp-content\/uploads\/2022\/04\/278190859_357684043069626_8848053712975213399_n-768x432.jpg 768w, https:\/\/infoecos.com.ar\/wp-content\/uploads\/2022\/04\/278190859_357684043069626_8848053712975213399_n-1536x864.jpg 1536w, https:\/\/infoecos.com.ar\/wp-content\/uploads\/2022\/04\/278190859_357684043069626_8848053712975213399_n-1024x576.jpg 1024w, https:\/\/infoecos.com.ar\/wp-content\/uploads\/2022\/04\/278190859_357684043069626_8848053712975213399_n.jpg 1920w\" sizes=\"(max-width: 920px) 100vw, 920px\" \/><\/figure><\/li><li class=\"blocks-gallery-item\"><figure><img loading=\"lazy\" decoding=\"async\" width=\"690\" height=\"920\" src=\"http:\/\/infoecos.com.ar\/wp-content\/uploads\/2022\/04\/278199798_357683839736313_5355342248489645779_n-2-690x920.jpg\" alt=\"\" data-id=\"90830\" data-full-url=\"http:\/\/infoecos.com.ar\/wp-content\/uploads\/2022\/04\/278199798_357683839736313_5355342248489645779_n-2.jpg\" data-link=\"http:\/\/infoecos.com.ar\/?attachment_id=90830\" class=\"wp-image-90830\" srcset=\"https:\/\/infoecos.com.ar\/wp-content\/uploads\/2022\/04\/278199798_357683839736313_5355342248489645779_n-2-690x920.jpg 690w, https:\/\/infoecos.com.ar\/wp-content\/uploads\/2022\/04\/278199798_357683839736313_5355342248489645779_n-2-345x460.jpg 345w, https:\/\/infoecos.com.ar\/wp-content\/uploads\/2022\/04\/278199798_357683839736313_5355342248489645779_n-2-768x1024.jpg 768w, https:\/\/infoecos.com.ar\/wp-content\/uploads\/2022\/04\/278199798_357683839736313_5355342248489645779_n-2-1152x1536.jpg 1152w, https:\/\/infoecos.com.ar\/wp-content\/uploads\/2022\/04\/278199798_357683839736313_5355342248489645779_n-2-1024x1365.jpg 1024w, https:\/\/infoecos.com.ar\/wp-content\/uploads\/2022\/04\/278199798_357683839736313_5355342248489645779_n-2.jpg 1200w\" sizes=\"(max-width: 690px) 100vw, 690px\" \/><\/figure><\/li><li class=\"blocks-gallery-item\"><figure><img loading=\"lazy\" decoding=\"async\" width=\"920\" height=\"518\" src=\"http:\/\/infoecos.com.ar\/wp-content\/uploads\/2022\/04\/278201104_357683899736307_7479086985642999795_n-920x518.jpg\" alt=\"\" data-id=\"90831\" data-full-url=\"http:\/\/infoecos.com.ar\/wp-content\/uploads\/2022\/04\/278201104_357683899736307_7479086985642999795_n.jpg\" data-link=\"http:\/\/infoecos.com.ar\/?attachment_id=90831\" class=\"wp-image-90831\" srcset=\"https:\/\/infoecos.com.ar\/wp-content\/uploads\/2022\/04\/278201104_357683899736307_7479086985642999795_n-920x518.jpg 920w, https:\/\/infoecos.com.ar\/wp-content\/uploads\/2022\/04\/278201104_357683899736307_7479086985642999795_n-460x259.jpg 460w, https:\/\/infoecos.com.ar\/wp-content\/uploads\/2022\/04\/278201104_357683899736307_7479086985642999795_n-768x432.jpg 768w, https:\/\/infoecos.com.ar\/wp-content\/uploads\/2022\/04\/278201104_357683899736307_7479086985642999795_n-1536x864.jpg 1536w, https:\/\/infoecos.com.ar\/wp-content\/uploads\/2022\/04\/278201104_357683899736307_7479086985642999795_n-1024x576.jpg 1024w, https:\/\/infoecos.com.ar\/wp-content\/uploads\/2022\/04\/278201104_357683899736307_7479086985642999795_n.jpg 1920w\" sizes=\"(max-width: 920px) 100vw, 920px\" \/><\/figure><\/li><li class=\"blocks-gallery-item\"><figure><img loading=\"lazy\" decoding=\"async\" width=\"920\" height=\"518\" src=\"http:\/\/infoecos.com.ar\/wp-content\/uploads\/2022\/04\/278204956_357675169737180_4059854762678907982_n-920x518.jpg\" alt=\"\" data-id=\"90834\" data-full-url=\"http:\/\/infoecos.com.ar\/wp-content\/uploads\/2022\/04\/278204956_357675169737180_4059854762678907982_n.jpg\" data-link=\"http:\/\/infoecos.com.ar\/?attachment_id=90834\" class=\"wp-image-90834\" srcset=\"https:\/\/infoecos.com.ar\/wp-content\/uploads\/2022\/04\/278204956_357675169737180_4059854762678907982_n-920x518.jpg 920w, https:\/\/infoecos.com.ar\/wp-content\/uploads\/2022\/04\/278204956_357675169737180_4059854762678907982_n-460x259.jpg 460w, https:\/\/infoecos.com.ar\/wp-content\/uploads\/2022\/04\/278204956_357675169737180_4059854762678907982_n-768x432.jpg 768w, https:\/\/infoecos.com.ar\/wp-content\/uploads\/2022\/04\/278204956_357675169737180_4059854762678907982_n-1536x864.jpg 1536w, https:\/\/infoecos.com.ar\/wp-content\/uploads\/2022\/04\/278204956_357675169737180_4059854762678907982_n-1024x576.jpg 1024w, https:\/\/infoecos.com.ar\/wp-content\/uploads\/2022\/04\/278204956_357675169737180_4059854762678907982_n.jpg 1600w\" sizes=\"(max-width: 920px) 100vw, 920px\" \/><\/figure><\/li><li class=\"blocks-gallery-item\"><figure><img loading=\"lazy\" decoding=\"async\" width=\"920\" height=\"518\" src=\"http:\/\/infoecos.com.ar\/wp-content\/uploads\/2022\/04\/278231366_357683779736319_8477213769023046529_n-1-920x518.jpg\" alt=\"\" data-id=\"90835\" data-full-url=\"http:\/\/infoecos.com.ar\/wp-content\/uploads\/2022\/04\/278231366_357683779736319_8477213769023046529_n-1.jpg\" data-link=\"http:\/\/infoecos.com.ar\/?attachment_id=90835\" class=\"wp-image-90835\" srcset=\"https:\/\/infoecos.com.ar\/wp-content\/uploads\/2022\/04\/278231366_357683779736319_8477213769023046529_n-1-920x518.jpg 920w, https:\/\/infoecos.com.ar\/wp-content\/uploads\/2022\/04\/278231366_357683779736319_8477213769023046529_n-1-460x259.jpg 460w, https:\/\/infoecos.com.ar\/wp-content\/uploads\/2022\/04\/278231366_357683779736319_8477213769023046529_n-1-768x432.jpg 768w, https:\/\/infoecos.com.ar\/wp-content\/uploads\/2022\/04\/278231366_357683779736319_8477213769023046529_n-1-1536x864.jpg 1536w, https:\/\/infoecos.com.ar\/wp-content\/uploads\/2022\/04\/278231366_357683779736319_8477213769023046529_n-1-1024x576.jpg 1024w, https:\/\/infoecos.com.ar\/wp-content\/uploads\/2022\/04\/278231366_357683779736319_8477213769023046529_n-1.jpg 1600w\" sizes=\"(max-width: 920px) 100vw, 920px\" \/><\/figure><\/li><li class=\"blocks-gallery-item\"><figure><img loading=\"lazy\" decoding=\"async\" width=\"920\" height=\"518\" src=\"http:\/\/infoecos.com.ar\/wp-content\/uploads\/2022\/04\/278238297_357683646402999_7280464397644117821_n-1-920x518.jpg\" alt=\"\" data-id=\"90836\" data-full-url=\"http:\/\/infoecos.com.ar\/wp-content\/uploads\/2022\/04\/278238297_357683646402999_7280464397644117821_n-1.jpg\" data-link=\"http:\/\/infoecos.com.ar\/?attachment_id=90836\" class=\"wp-image-90836\" srcset=\"https:\/\/infoecos.com.ar\/wp-content\/uploads\/2022\/04\/278238297_357683646402999_7280464397644117821_n-1-920x518.jpg 920w, https:\/\/infoecos.com.ar\/wp-content\/uploads\/2022\/04\/278238297_357683646402999_7280464397644117821_n-1-460x259.jpg 460w, https:\/\/infoecos.com.ar\/wp-content\/uploads\/2022\/04\/278238297_357683646402999_7280464397644117821_n-1-768x432.jpg 768w, https:\/\/infoecos.com.ar\/wp-content\/uploads\/2022\/04\/278238297_357683646402999_7280464397644117821_n-1-1536x864.jpg 1536w, https:\/\/infoecos.com.ar\/wp-content\/uploads\/2022\/04\/278238297_357683646402999_7280464397644117821_n-1-1024x576.jpg 1024w, https:\/\/infoecos.com.ar\/wp-content\/uploads\/2022\/04\/278238297_357683646402999_7280464397644117821_n-1.jpg 1600w\" sizes=\"(max-width: 920px) 100vw, 920px\" \/><\/figure><\/li><li class=\"blocks-gallery-item\"><figure><img loading=\"lazy\" decoding=\"async\" width=\"920\" height=\"518\" src=\"http:\/\/infoecos.com.ar\/wp-content\/uploads\/2022\/04\/278248254_357684099736287_3671679768143126789_n-1-920x518.jpg\" alt=\"\" data-id=\"90838\" data-full-url=\"http:\/\/infoecos.com.ar\/wp-content\/uploads\/2022\/04\/278248254_357684099736287_3671679768143126789_n-1.jpg\" data-link=\"http:\/\/infoecos.com.ar\/?attachment_id=90838\" class=\"wp-image-90838\" srcset=\"https:\/\/infoecos.com.ar\/wp-content\/uploads\/2022\/04\/278248254_357684099736287_3671679768143126789_n-1-920x518.jpg 920w, https:\/\/infoecos.com.ar\/wp-content\/uploads\/2022\/04\/278248254_357684099736287_3671679768143126789_n-1-460x259.jpg 460w, https:\/\/infoecos.com.ar\/wp-content\/uploads\/2022\/04\/278248254_357684099736287_3671679768143126789_n-1-768x432.jpg 768w, https:\/\/infoecos.com.ar\/wp-content\/uploads\/2022\/04\/278248254_357684099736287_3671679768143126789_n-1-1536x864.jpg 1536w, https:\/\/infoecos.com.ar\/wp-content\/uploads\/2022\/04\/278248254_357684099736287_3671679768143126789_n-1-1024x576.jpg 1024w, https:\/\/infoecos.com.ar\/wp-content\/uploads\/2022\/04\/278248254_357684099736287_3671679768143126789_n-1.jpg 1920w\" sizes=\"(max-width: 920px) 100vw, 920px\" \/><\/figure><\/li><li class=\"blocks-gallery-item\"><figure><img loading=\"lazy\" decoding=\"async\" width=\"920\" height=\"518\" src=\"http:\/\/infoecos.com.ar\/wp-content\/uploads\/2022\/04\/278262308_357683926402971_5698523598436603933_n-1-920x518.jpg\" alt=\"\" data-id=\"90839\" data-full-url=\"http:\/\/infoecos.com.ar\/wp-content\/uploads\/2022\/04\/278262308_357683926402971_5698523598436603933_n-1.jpg\" data-link=\"http:\/\/infoecos.com.ar\/?attachment_id=90839\" class=\"wp-image-90839\" srcset=\"https:\/\/infoecos.com.ar\/wp-content\/uploads\/2022\/04\/278262308_357683926402971_5698523598436603933_n-1-920x518.jpg 920w, https:\/\/infoecos.com.ar\/wp-content\/uploads\/2022\/04\/278262308_357683926402971_5698523598436603933_n-1-460x259.jpg 460w, https:\/\/infoecos.com.ar\/wp-content\/uploads\/2022\/04\/278262308_357683926402971_5698523598436603933_n-1-768x432.jpg 768w, https:\/\/infoecos.com.ar\/wp-content\/uploads\/2022\/04\/278262308_357683926402971_5698523598436603933_n-1-1536x864.jpg 1536w, https:\/\/infoecos.com.ar\/wp-content\/uploads\/2022\/04\/278262308_357683926402971_5698523598436603933_n-1-1024x576.jpg 1024w, https:\/\/infoecos.com.ar\/wp-content\/uploads\/2022\/04\/278262308_357683926402971_5698523598436603933_n-1.jpg 1600w\" sizes=\"(max-width: 920px) 100vw, 920px\" \/><\/figure><\/li><li class=\"blocks-gallery-item\"><figure><img loading=\"lazy\" decoding=\"async\" width=\"920\" height=\"518\" src=\"http:\/\/infoecos.com.ar\/wp-content\/uploads\/2022\/04\/278275767_357683573069673_7292701637138353516_n-1-920x518.jpg\" alt=\"\" data-id=\"90840\" data-full-url=\"http:\/\/infoecos.com.ar\/wp-content\/uploads\/2022\/04\/278275767_357683573069673_7292701637138353516_n-1.jpg\" data-link=\"http:\/\/infoecos.com.ar\/?attachment_id=90840\" class=\"wp-image-90840\" srcset=\"https:\/\/infoecos.com.ar\/wp-content\/uploads\/2022\/04\/278275767_357683573069673_7292701637138353516_n-1-920x518.jpg 920w, https:\/\/infoecos.com.ar\/wp-content\/uploads\/2022\/04\/278275767_357683573069673_7292701637138353516_n-1-460x259.jpg 460w, https:\/\/infoecos.com.ar\/wp-content\/uploads\/2022\/04\/278275767_357683573069673_7292701637138353516_n-1-768x432.jpg 768w, https:\/\/infoecos.com.ar\/wp-content\/uploads\/2022\/04\/278275767_357683573069673_7292701637138353516_n-1-1536x864.jpg 1536w, https:\/\/infoecos.com.ar\/wp-content\/uploads\/2022\/04\/278275767_357683573069673_7292701637138353516_n-1-1024x576.jpg 1024w, https:\/\/infoecos.com.ar\/wp-content\/uploads\/2022\/04\/278275767_357683573069673_7292701637138353516_n-1.jpg 1920w\" sizes=\"(max-width: 920px) 100vw, 920px\" \/><\/figure><\/li><li class=\"blocks-gallery-item\"><figure><img loading=\"lazy\" decoding=\"async\" width=\"920\" height=\"518\" src=\"http:\/\/infoecos.com.ar\/wp-content\/uploads\/2022\/04\/278352555_357684136402950_4300215294561607260_n-920x518.jpg\" alt=\"\" data-id=\"90843\" data-full-url=\"http:\/\/infoecos.com.ar\/wp-content\/uploads\/2022\/04\/278352555_357684136402950_4300215294561607260_n.jpg\" data-link=\"http:\/\/infoecos.com.ar\/?attachment_id=90843\" class=\"wp-image-90843\" srcset=\"https:\/\/infoecos.com.ar\/wp-content\/uploads\/2022\/04\/278352555_357684136402950_4300215294561607260_n-920x518.jpg 920w, https:\/\/infoecos.com.ar\/wp-content\/uploads\/2022\/04\/278352555_357684136402950_4300215294561607260_n-460x259.jpg 460w, https:\/\/infoecos.com.ar\/wp-content\/uploads\/2022\/04\/278352555_357684136402950_4300215294561607260_n-768x432.jpg 768w, https:\/\/infoecos.com.ar\/wp-content\/uploads\/2022\/04\/278352555_357684136402950_4300215294561607260_n-1536x864.jpg 1536w, https:\/\/infoecos.com.ar\/wp-content\/uploads\/2022\/04\/278352555_357684136402950_4300215294561607260_n-1024x576.jpg 1024w, https:\/\/infoecos.com.ar\/wp-content\/uploads\/2022\/04\/278352555_357684136402950_4300215294561607260_n.jpg 1920w\" sizes=\"(max-width: 920px) 100vw, 920px\" \/><\/figure><\/li><li class=\"blocks-gallery-item\"><figure><img loading=\"lazy\" decoding=\"async\" width=\"920\" height=\"518\" src=\"http:\/\/infoecos.com.ar\/wp-content\/uploads\/2022\/04\/278370769_357683616403002_2989562345180777306_n-920x518.jpg\" alt=\"\" data-id=\"90844\" data-full-url=\"http:\/\/infoecos.com.ar\/wp-content\/uploads\/2022\/04\/278370769_357683616403002_2989562345180777306_n.jpg\" data-link=\"http:\/\/infoecos.com.ar\/?attachment_id=90844\" class=\"wp-image-90844\" srcset=\"https:\/\/infoecos.com.ar\/wp-content\/uploads\/2022\/04\/278370769_357683616403002_2989562345180777306_n-920x518.jpg 920w, https:\/\/infoecos.com.ar\/wp-content\/uploads\/2022\/04\/278370769_357683616403002_2989562345180777306_n-460x259.jpg 460w, https:\/\/infoecos.com.ar\/wp-content\/uploads\/2022\/04\/278370769_357683616403002_2989562345180777306_n-768x432.jpg 768w, https:\/\/infoecos.com.ar\/wp-content\/uploads\/2022\/04\/278370769_357683616403002_2989562345180777306_n-1536x864.jpg 1536w, https:\/\/infoecos.com.ar\/wp-content\/uploads\/2022\/04\/278370769_357683616403002_2989562345180777306_n-1024x576.jpg 1024w, https:\/\/infoecos.com.ar\/wp-content\/uploads\/2022\/04\/278370769_357683616403002_2989562345180777306_n.jpg 1600w\" sizes=\"(max-width: 920px) 100vw, 920px\" \/><\/figure><\/li><li class=\"blocks-gallery-item\"><figure><img loading=\"lazy\" decoding=\"async\" width=\"920\" height=\"518\" src=\"http:\/\/infoecos.com.ar\/wp-content\/uploads\/2022\/04\/278380223_357683753069655_4774124148099917610_n-920x518.jpg\" alt=\"\" data-id=\"90845\" data-full-url=\"http:\/\/infoecos.com.ar\/wp-content\/uploads\/2022\/04\/278380223_357683753069655_4774124148099917610_n.jpg\" data-link=\"http:\/\/infoecos.com.ar\/?attachment_id=90845\" class=\"wp-image-90845\" srcset=\"https:\/\/infoecos.com.ar\/wp-content\/uploads\/2022\/04\/278380223_357683753069655_4774124148099917610_n-920x518.jpg 920w, https:\/\/infoecos.com.ar\/wp-content\/uploads\/2022\/04\/278380223_357683753069655_4774124148099917610_n-460x259.jpg 460w, https:\/\/infoecos.com.ar\/wp-content\/uploads\/2022\/04\/278380223_357683753069655_4774124148099917610_n-768x432.jpg 768w, https:\/\/infoecos.com.ar\/wp-content\/uploads\/2022\/04\/278380223_357683753069655_4774124148099917610_n-1536x864.jpg 1536w, https:\/\/infoecos.com.ar\/wp-content\/uploads\/2022\/04\/278380223_357683753069655_4774124148099917610_n-1024x576.jpg 1024w, https:\/\/infoecos.com.ar\/wp-content\/uploads\/2022\/04\/278380223_357683753069655_4774124148099917610_n.jpg 1920w\" sizes=\"(max-width: 920px) 100vw, 920px\" \/><\/figure><\/li><li class=\"blocks-gallery-item\"><figure><img loading=\"lazy\" decoding=\"async\" width=\"920\" height=\"518\" src=\"http:\/\/infoecos.com.ar\/wp-content\/uploads\/2022\/04\/278399345_357683673069663_875595566614064947_n-920x518.jpg\" alt=\"\" data-id=\"90846\" data-full-url=\"http:\/\/infoecos.com.ar\/wp-content\/uploads\/2022\/04\/278399345_357683673069663_875595566614064947_n.jpg\" data-link=\"http:\/\/infoecos.com.ar\/?attachment_id=90846\" class=\"wp-image-90846\" srcset=\"https:\/\/infoecos.com.ar\/wp-content\/uploads\/2022\/04\/278399345_357683673069663_875595566614064947_n-920x518.jpg 920w, https:\/\/infoecos.com.ar\/wp-content\/uploads\/2022\/04\/278399345_357683673069663_875595566614064947_n-460x259.jpg 460w, https:\/\/infoecos.com.ar\/wp-content\/uploads\/2022\/04\/278399345_357683673069663_875595566614064947_n-768x432.jpg 768w, https:\/\/infoecos.com.ar\/wp-content\/uploads\/2022\/04\/278399345_357683673069663_875595566614064947_n-1536x864.jpg 1536w, https:\/\/infoecos.com.ar\/wp-content\/uploads\/2022\/04\/278399345_357683673069663_875595566614064947_n-1024x576.jpg 1024w, https:\/\/infoecos.com.ar\/wp-content\/uploads\/2022\/04\/278399345_357683673069663_875595566614064947_n.jpg 1600w\" sizes=\"(max-width: 920px) 100vw, 920px\" \/><\/figure><\/li><\/ul><\/figure>\n\n\n\n<p><\/p>\n","protected":false},"excerpt":{"rendered":"<p>La m\u00e9dica pat\u00f3loga trenquelauquense, Dra. Marta Cohen, present\u00f3 su libro \u201cUn mundo en pandemia. Lecciones&#8230;<\/p>\n","protected":false},"author":2,"featured_media":90815,"comment_status":"closed","ping_status":"open","sticky":false,"template":"","format":"standard","meta":{"footnotes":""},"categories":[1614],"tags":[5800],"class_list":["post-90814","post","type-post","status-publish","format-standard","has-post-thumbnail","hentry","category-c2nota7","tag-presento-su-libro-en-t-lauquen"],"yoast_head":"<!-- This site is optimized with the Yoast SEO plugin v23.4 - https:\/\/yoast.com\/wordpress\/plugins\/seo\/ -->\n<title>Marta Cohen: &quot;la pandemia no ha terminado, vamos a tener m\u00e1s olas&quot; - Infoecos<\/title>\n<meta name=\"robots\" content=\"index, follow, max-snippet:-1, max-image-preview:large, max-video-preview:-1\" \/>\n<link rel=\"canonical\" href=\"https:\/\/infoecos.com.ar\/index.php\/marta-cohen-la-pandemia-no-ha-terminado-vamos-a-tener-mas-olas\/\" \/>\n<meta property=\"og:locale\" content=\"es_ES\" \/>\n<meta property=\"og:type\" content=\"article\" \/>\n<meta property=\"og:title\" content=\"Marta Cohen: &quot;la pandemia no ha terminado, vamos a tener m\u00e1s olas&quot; - Infoecos\" \/>\n<meta property=\"og:description\" content=\"La m\u00e9dica pat\u00f3loga trenquelauquense, Dra. Marta Cohen, present\u00f3 su libro \u201cUn mundo en pandemia. Lecciones...\" \/>\n<meta property=\"og:url\" content=\"https:\/\/infoecos.com.ar\/index.php\/marta-cohen-la-pandemia-no-ha-terminado-vamos-a-tener-mas-olas\/\" \/>\n<meta property=\"og:site_name\" content=\"Infoecos\" \/>\n<meta property=\"article:publisher\" content=\"https:\/\/www.facebook.com\/profile.php?id=100063200290284\" \/>\n<meta property=\"article:published_time\" content=\"2022-04-12T02:51:06+00:00\" \/>\n<meta property=\"article:modified_time\" content=\"2022-04-13T03:52:57+00:00\" \/>\n<meta property=\"og:image\" content=\"https:\/\/infoecos.com.ar\/wp-content\/uploads\/2022\/04\/278204956_357675169737180_4059854762678907982_n-1.jpg\" \/>\n\t<meta property=\"og:image:width\" content=\"1600\" \/>\n\t<meta property=\"og:image:height\" content=\"900\" \/>\n\t<meta property=\"og:image:type\" content=\"image\/jpeg\" \/>\n<meta name=\"author\" content=\"Jorge Matheus\" \/>\n<meta name=\"twitter:card\" content=\"summary_large_image\" \/>\n<meta name=\"twitter:creator\" content=\"@infoecos\" \/>\n<meta name=\"twitter:site\" content=\"@infoecos\" \/>\n<meta name=\"twitter:label1\" content=\"Escrito por\" \/>\n\t<meta name=\"twitter:data1\" content=\"Jorge Matheus\" \/>\n\t<meta name=\"twitter:label2\" content=\"Tiempo de lectura\" \/>\n\t<meta name=\"twitter:data2\" content=\"7 minutos\" \/>\n<script type=\"application\/ld+json\" class=\"yoast-schema-graph\">{\"@context\":\"https:\/\/schema.org\",\"@graph\":[{\"@type\":\"Article\",\"@id\":\"https:\/\/infoecos.com.ar\/index.php\/marta-cohen-la-pandemia-no-ha-terminado-vamos-a-tener-mas-olas\/#article\",\"isPartOf\":{\"@id\":\"https:\/\/infoecos.com.ar\/index.php\/marta-cohen-la-pandemia-no-ha-terminado-vamos-a-tener-mas-olas\/\"},\"author\":{\"name\":\"Jorge Matheus\",\"@id\":\"https:\/\/infoecos.com.ar\/#\/schema\/person\/8f5ace5ce73b4b4aac4b7245aee6f191\"},\"headline\":\"Marta Cohen: \u00abla pandemia no ha terminado, vamos a tener m\u00e1s olas\u00bb\",\"datePublished\":\"2022-04-12T02:51:06+00:00\",\"dateModified\":\"2022-04-13T03:52:57+00:00\",\"mainEntityOfPage\":{\"@id\":\"https:\/\/infoecos.com.ar\/index.php\/marta-cohen-la-pandemia-no-ha-terminado-vamos-a-tener-mas-olas\/\"},\"wordCount\":1430,\"publisher\":{\"@id\":\"https:\/\/infoecos.com.ar\/#organization\"},\"image\":{\"@id\":\"https:\/\/infoecos.com.ar\/index.php\/marta-cohen-la-pandemia-no-ha-terminado-vamos-a-tener-mas-olas\/#primaryimage\"},\"thumbnailUrl\":\"https:\/\/infoecos.com.ar\/wp-content\/uploads\/2022\/04\/278204956_357675169737180_4059854762678907982_n-1.jpg\",\"keywords\":[\"PRESENT\u00d3 SU LIBRO EN T.LAUQUEN\"],\"articleSection\":[\"C2 N7\"],\"inLanguage\":\"es\"},{\"@type\":\"WebPage\",\"@id\":\"https:\/\/infoecos.com.ar\/index.php\/marta-cohen-la-pandemia-no-ha-terminado-vamos-a-tener-mas-olas\/\",\"url\":\"https:\/\/infoecos.com.ar\/index.php\/marta-cohen-la-pandemia-no-ha-terminado-vamos-a-tener-mas-olas\/\",\"name\":\"Marta Cohen: \\\"la pandemia no ha terminado, vamos a tener m\u00e1s olas\\\" - Infoecos\",\"isPartOf\":{\"@id\":\"https:\/\/infoecos.com.ar\/#website\"},\"primaryImageOfPage\":{\"@id\":\"https:\/\/infoecos.com.ar\/index.php\/marta-cohen-la-pandemia-no-ha-terminado-vamos-a-tener-mas-olas\/#primaryimage\"},\"image\":{\"@id\":\"https:\/\/infoecos.com.ar\/index.php\/marta-cohen-la-pandemia-no-ha-terminado-vamos-a-tener-mas-olas\/#primaryimage\"},\"thumbnailUrl\":\"https:\/\/infoecos.com.ar\/wp-content\/uploads\/2022\/04\/278204956_357675169737180_4059854762678907982_n-1.jpg\",\"datePublished\":\"2022-04-12T02:51:06+00:00\",\"dateModified\":\"2022-04-13T03:52:57+00:00\",\"breadcrumb\":{\"@id\":\"https:\/\/infoecos.com.ar\/index.php\/marta-cohen-la-pandemia-no-ha-terminado-vamos-a-tener-mas-olas\/#breadcrumb\"},\"inLanguage\":\"es\",\"potentialAction\":[{\"@type\":\"ReadAction\",\"target\":[\"https:\/\/infoecos.com.ar\/index.php\/marta-cohen-la-pandemia-no-ha-terminado-vamos-a-tener-mas-olas\/\"]}]},{\"@type\":\"ImageObject\",\"inLanguage\":\"es\",\"@id\":\"https:\/\/infoecos.com.ar\/index.php\/marta-cohen-la-pandemia-no-ha-terminado-vamos-a-tener-mas-olas\/#primaryimage\",\"url\":\"https:\/\/infoecos.com.ar\/wp-content\/uploads\/2022\/04\/278204956_357675169737180_4059854762678907982_n-1.jpg\",\"contentUrl\":\"https:\/\/infoecos.com.ar\/wp-content\/uploads\/2022\/04\/278204956_357675169737180_4059854762678907982_n-1.jpg\",\"width\":1600,\"height\":900},{\"@type\":\"BreadcrumbList\",\"@id\":\"https:\/\/infoecos.com.ar\/index.php\/marta-cohen-la-pandemia-no-ha-terminado-vamos-a-tener-mas-olas\/#breadcrumb\",\"itemListElement\":[{\"@type\":\"ListItem\",\"position\":1,\"name\":\"Portada\",\"item\":\"https:\/\/infoecos.com.ar\/\"},{\"@type\":\"ListItem\",\"position\":2,\"name\":\"Marta Cohen: \u00abla pandemia no ha terminado, vamos a tener m\u00e1s olas\u00bb\"}]},{\"@type\":\"WebSite\",\"@id\":\"https:\/\/infoecos.com.ar\/#website\",\"url\":\"https:\/\/infoecos.com.ar\/\",\"name\":\"Infoecos\",\"description\":\"Noticias de trenque lauquen y la zona\",\"publisher\":{\"@id\":\"https:\/\/infoecos.com.ar\/#organization\"},\"alternateName\":\"Noticias\",\"potentialAction\":[{\"@type\":\"SearchAction\",\"target\":{\"@type\":\"EntryPoint\",\"urlTemplate\":\"https:\/\/infoecos.com.ar\/?s={search_term_string}\"},\"query-input\":{\"@type\":\"PropertyValueSpecification\",\"valueRequired\":true,\"valueName\":\"search_term_string\"}}],\"inLanguage\":\"es\"},{\"@type\":\"Organization\",\"@id\":\"https:\/\/infoecos.com.ar\/#organization\",\"name\":\"Infoecos\",\"alternateName\":\"Noticias\",\"url\":\"https:\/\/infoecos.com.ar\/\",\"logo\":{\"@type\":\"ImageObject\",\"inLanguage\":\"es\",\"@id\":\"https:\/\/infoecos.com.ar\/#\/schema\/logo\/image\/\",\"url\":\"https:\/\/infoecos.com.ar\/wp-content\/uploads\/2024\/03\/cropped-logo.png\",\"contentUrl\":\"https:\/\/infoecos.com.ar\/wp-content\/uploads\/2024\/03\/cropped-logo.png\",\"width\":374,\"height\":90,\"caption\":\"Infoecos\"},\"image\":{\"@id\":\"https:\/\/infoecos.com.ar\/#\/schema\/logo\/image\/\"},\"sameAs\":[\"https:\/\/www.facebook.com\/profile.php?id=100063200290284\",\"https:\/\/x.com\/infoecos\"]},{\"@type\":\"Person\",\"@id\":\"https:\/\/infoecos.com.ar\/#\/schema\/person\/8f5ace5ce73b4b4aac4b7245aee6f191\",\"name\":\"Jorge Matheus\",\"url\":\"https:\/\/infoecos.com.ar\/index.php\/author\/jomatheus\/\"}]}<\/script>\n<!-- \/ Yoast SEO plugin. -->","yoast_head_json":{"title":"Marta Cohen: \"la pandemia no ha terminado, vamos a tener m\u00e1s olas\" - Infoecos","robots":{"index":"index","follow":"follow","max-snippet":"max-snippet:-1","max-image-preview":"max-image-preview:large","max-video-preview":"max-video-preview:-1"},"canonical":"https:\/\/infoecos.com.ar\/index.php\/marta-cohen-la-pandemia-no-ha-terminado-vamos-a-tener-mas-olas\/","og_locale":"es_ES","og_type":"article","og_title":"Marta Cohen: \"la pandemia no ha terminado, vamos a tener m\u00e1s olas\" - Infoecos","og_description":"La m\u00e9dica pat\u00f3loga trenquelauquense, Dra. Marta Cohen, present\u00f3 su libro \u201cUn mundo en pandemia. Lecciones...","og_url":"https:\/\/infoecos.com.ar\/index.php\/marta-cohen-la-pandemia-no-ha-terminado-vamos-a-tener-mas-olas\/","og_site_name":"Infoecos","article_publisher":"https:\/\/www.facebook.com\/profile.php?id=100063200290284","article_published_time":"2022-04-12T02:51:06+00:00","article_modified_time":"2022-04-13T03:52:57+00:00","og_image":[{"width":1600,"height":900,"url":"https:\/\/infoecos.com.ar\/wp-content\/uploads\/2022\/04\/278204956_357675169737180_4059854762678907982_n-1.jpg","type":"image\/jpeg"}],"author":"Jorge Matheus","twitter_card":"summary_large_image","twitter_creator":"@infoecos","twitter_site":"@infoecos","twitter_misc":{"Escrito por":"Jorge Matheus","Tiempo de lectura":"7 minutos"},"schema":{"@context":"https:\/\/schema.org","@graph":[{"@type":"Article","@id":"https:\/\/infoecos.com.ar\/index.php\/marta-cohen-la-pandemia-no-ha-terminado-vamos-a-tener-mas-olas\/#article","isPartOf":{"@id":"https:\/\/infoecos.com.ar\/index.php\/marta-cohen-la-pandemia-no-ha-terminado-vamos-a-tener-mas-olas\/"},"author":{"name":"Jorge Matheus","@id":"https:\/\/infoecos.com.ar\/#\/schema\/person\/8f5ace5ce73b4b4aac4b7245aee6f191"},"headline":"Marta Cohen: \u00abla pandemia no ha terminado, vamos a tener m\u00e1s olas\u00bb","datePublished":"2022-04-12T02:51:06+00:00","dateModified":"2022-04-13T03:52:57+00:00","mainEntityOfPage":{"@id":"https:\/\/infoecos.com.ar\/index.php\/marta-cohen-la-pandemia-no-ha-terminado-vamos-a-tener-mas-olas\/"},"wordCount":1430,"publisher":{"@id":"https:\/\/infoecos.com.ar\/#organization"},"image":{"@id":"https:\/\/infoecos.com.ar\/index.php\/marta-cohen-la-pandemia-no-ha-terminado-vamos-a-tener-mas-olas\/#primaryimage"},"thumbnailUrl":"https:\/\/infoecos.com.ar\/wp-content\/uploads\/2022\/04\/278204956_357675169737180_4059854762678907982_n-1.jpg","keywords":["PRESENT\u00d3 SU LIBRO EN T.LAUQUEN"],"articleSection":["C2 N7"],"inLanguage":"es"},{"@type":"WebPage","@id":"https:\/\/infoecos.com.ar\/index.php\/marta-cohen-la-pandemia-no-ha-terminado-vamos-a-tener-mas-olas\/","url":"https:\/\/infoecos.com.ar\/index.php\/marta-cohen-la-pandemia-no-ha-terminado-vamos-a-tener-mas-olas\/","name":"Marta Cohen: \"la pandemia no ha terminado, vamos a tener m\u00e1s olas\" - Infoecos","isPartOf":{"@id":"https:\/\/infoecos.com.ar\/#website"},"primaryImageOfPage":{"@id":"https:\/\/infoecos.com.ar\/index.php\/marta-cohen-la-pandemia-no-ha-terminado-vamos-a-tener-mas-olas\/#primaryimage"},"image":{"@id":"https:\/\/infoecos.com.ar\/index.php\/marta-cohen-la-pandemia-no-ha-terminado-vamos-a-tener-mas-olas\/#primaryimage"},"thumbnailUrl":"https:\/\/infoecos.com.ar\/wp-content\/uploads\/2022\/04\/278204956_357675169737180_4059854762678907982_n-1.jpg","datePublished":"2022-04-12T02:51:06+00:00","dateModified":"2022-04-13T03:52:57+00:00","breadcrumb":{"@id":"https:\/\/infoecos.com.ar\/index.php\/marta-cohen-la-pandemia-no-ha-terminado-vamos-a-tener-mas-olas\/#breadcrumb"},"inLanguage":"es","potentialAction":[{"@type":"ReadAction","target":["https:\/\/infoecos.com.ar\/index.php\/marta-cohen-la-pandemia-no-ha-terminado-vamos-a-tener-mas-olas\/"]}]},{"@type":"ImageObject","inLanguage":"es","@id":"https:\/\/infoecos.com.ar\/index.php\/marta-cohen-la-pandemia-no-ha-terminado-vamos-a-tener-mas-olas\/#primaryimage","url":"https:\/\/infoecos.com.ar\/wp-content\/uploads\/2022\/04\/278204956_357675169737180_4059854762678907982_n-1.jpg","contentUrl":"https:\/\/infoecos.com.ar\/wp-content\/uploads\/2022\/04\/278204956_357675169737180_4059854762678907982_n-1.jpg","width":1600,"height":900},{"@type":"BreadcrumbList","@id":"https:\/\/infoecos.com.ar\/index.php\/marta-cohen-la-pandemia-no-ha-terminado-vamos-a-tener-mas-olas\/#breadcrumb","itemListElement":[{"@type":"ListItem","position":1,"name":"Portada","item":"https:\/\/infoecos.com.ar\/"},{"@type":"ListItem","position":2,"name":"Marta Cohen: \u00abla pandemia no ha terminado, vamos a tener m\u00e1s olas\u00bb"}]},{"@type":"WebSite","@id":"https:\/\/infoecos.com.ar\/#website","url":"https:\/\/infoecos.com.ar\/","name":"Infoecos","description":"Noticias de trenque lauquen y la zona","publisher":{"@id":"https:\/\/infoecos.com.ar\/#organization"},"alternateName":"Noticias","potentialAction":[{"@type":"SearchAction","target":{"@type":"EntryPoint","urlTemplate":"https:\/\/infoecos.com.ar\/?s={search_term_string}"},"query-input":{"@type":"PropertyValueSpecification","valueRequired":true,"valueName":"search_term_string"}}],"inLanguage":"es"},{"@type":"Organization","@id":"https:\/\/infoecos.com.ar\/#organization","name":"Infoecos","alternateName":"Noticias","url":"https:\/\/infoecos.com.ar\/","logo":{"@type":"ImageObject","inLanguage":"es","@id":"https:\/\/infoecos.com.ar\/#\/schema\/logo\/image\/","url":"https:\/\/infoecos.com.ar\/wp-content\/uploads\/2024\/03\/cropped-logo.png","contentUrl":"https:\/\/infoecos.com.ar\/wp-content\/uploads\/2024\/03\/cropped-logo.png","width":374,"height":90,"caption":"Infoecos"},"image":{"@id":"https:\/\/infoecos.com.ar\/#\/schema\/logo\/image\/"},"sameAs":["https:\/\/www.facebook.com\/profile.php?id=100063200290284","https:\/\/x.com\/infoecos"]},{"@type":"Person","@id":"https:\/\/infoecos.com.ar\/#\/schema\/person\/8f5ace5ce73b4b4aac4b7245aee6f191","name":"Jorge Matheus","url":"https:\/\/infoecos.com.ar\/index.php\/author\/jomatheus\/"}]}},"featured_image_urls":{"full":["https:\/\/infoecos.com.ar\/wp-content\/uploads\/2022\/04\/278204956_357675169737180_4059854762678907982_n-1.jpg",1600,900,false],"thumbnail":["https:\/\/infoecos.com.ar\/wp-content\/uploads\/2022\/04\/278204956_357675169737180_4059854762678907982_n-1-150x150.jpg",150,150,true],"medium":["https:\/\/infoecos.com.ar\/wp-content\/uploads\/2022\/04\/278204956_357675169737180_4059854762678907982_n-1-460x259.jpg",460,259,true],"medium_large":["https:\/\/infoecos.com.ar\/wp-content\/uploads\/2022\/04\/278204956_357675169737180_4059854762678907982_n-1-768x432.jpg",640,360,true],"large":["https:\/\/infoecos.com.ar\/wp-content\/uploads\/2022\/04\/278204956_357675169737180_4059854762678907982_n-1-920x518.jpg",640,360,true],"1536x1536":["https:\/\/infoecos.com.ar\/wp-content\/uploads\/2022\/04\/278204956_357675169737180_4059854762678907982_n-1-1536x864.jpg",1536,864,true],"2048x2048":["https:\/\/infoecos.com.ar\/wp-content\/uploads\/2022\/04\/278204956_357675169737180_4059854762678907982_n-1.jpg",1600,900,false],"covernews-slider-full":["https:\/\/infoecos.com.ar\/wp-content\/uploads\/2022\/04\/278204956_357675169737180_4059854762678907982_n-1-1536x900.jpg",1115,653,true],"covernews-slider-center":["https:\/\/infoecos.com.ar\/wp-content\/uploads\/2022\/04\/278204956_357675169737180_4059854762678907982_n-1-936x897.jpg",522,500,true],"covernews-featured":["https:\/\/infoecos.com.ar\/wp-content\/uploads\/2022\/04\/278204956_357675169737180_4059854762678907982_n-1-1024x576.jpg",1024,576,true],"covernews-medium":["https:\/\/infoecos.com.ar\/wp-content\/uploads\/2022\/04\/278204956_357675169737180_4059854762678907982_n-1-720x380.jpg",540,285,true],"covernews-medium-square":["https:\/\/infoecos.com.ar\/wp-content\/uploads\/2022\/04\/278204956_357675169737180_4059854762678907982_n-1-675x450.jpg",375,250,true]},"author_info":{"info":["Jorge Matheus"]},"category_info":"<a href=\"https:\/\/infoecos.com.ar\/index.php\/category\/c2nota7\/\" rel=\"category tag\">C2 N7<\/a>","tag_info":"C2 N7","comment_count":"0","_links":{"self":[{"href":"https:\/\/infoecos.com.ar\/index.php\/wp-json\/wp\/v2\/posts\/90814"}],"collection":[{"href":"https:\/\/infoecos.com.ar\/index.php\/wp-json\/wp\/v2\/posts"}],"about":[{"href":"https:\/\/infoecos.com.ar\/index.php\/wp-json\/wp\/v2\/types\/post"}],"author":[{"embeddable":true,"href":"https:\/\/infoecos.com.ar\/index.php\/wp-json\/wp\/v2\/users\/2"}],"replies":[{"embeddable":true,"href":"https:\/\/infoecos.com.ar\/index.php\/wp-json\/wp\/v2\/comments?post=90814"}],"version-history":[{"count":1,"href":"https:\/\/infoecos.com.ar\/index.php\/wp-json\/wp\/v2\/posts\/90814\/revisions"}],"predecessor-version":[{"id":90847,"href":"https:\/\/infoecos.com.ar\/index.php\/wp-json\/wp\/v2\/posts\/90814\/revisions\/90847"}],"wp:featuredmedia":[{"embeddable":true,"href":"https:\/\/infoecos.com.ar\/index.php\/wp-json\/wp\/v2\/media\/90815"}],"wp:attachment":[{"href":"https:\/\/infoecos.com.ar\/index.php\/wp-json\/wp\/v2\/media?parent=90814"}],"wp:term":[{"taxonomy":"category","embeddable":true,"href":"https:\/\/infoecos.com.ar\/index.php\/wp-json\/wp\/v2\/categories?post=90814"},{"taxonomy":"post_tag","embeddable":true,"href":"https:\/\/infoecos.com.ar\/index.php\/wp-json\/wp\/v2\/tags?post=90814"}],"curies":[{"name":"wp","href":"https:\/\/api.w.org\/{rel}","templated":true}]}}