{"id":90859,"date":"2022-04-12T00:23:37","date_gmt":"2022-04-12T03:23:37","guid":{"rendered":"http:\/\/infoecos.com.ar\/?p=90859"},"modified":"2022-04-13T00:50:12","modified_gmt":"2022-04-13T03:50:12","slug":"absa-incorporo-3-nuevos-pozos-para-mejorar-el-servicio-de-agua-en-salliquelo","status":"publish","type":"post","link":"https:\/\/infoecos.com.ar\/index.php\/absa-incorporo-3-nuevos-pozos-para-mejorar-el-servicio-de-agua-en-salliquelo\/","title":{"rendered":"ABSA incorpor\u00f3 3 nuevos pozos para mejorar el servicio de agua en Salliquel\u00f3"},"content":{"rendered":"\n<p>ABSA incorpor\u00f3 3 nuevos pozos que aportan un total de m\u00e1s de 60 metros c\u00fabicos por hora al servicio de agua de Salliquel\u00f3, generando una mejora en el servicio a m\u00e1s de 8000 habitantes.<\/p>\n\n\n\n<div class=\"wp-block-image\"><figure class=\"aligncenter size-large is-resized\"><img loading=\"lazy\" decoding=\"async\" src=\"http:\/\/infoecos.com.ar\/wp-content\/uploads\/20181205130044_c80b25a2e6153b3d22472ddefcaa02d7-920x549.jpg\" alt=\"\" class=\"wp-image-51236\" width=\"657\" height=\"392\"\/><figcaption>ABSA<\/figcaption><\/figure><\/div>\n\n\n\n<p>Estas obras han sido ejecutadas e inspeccionadas por ABSA en el marco del Plan de perforaciones repartidas dentro del \u00e1rea de concesi\u00f3n y financiadas por el ENHOSA con m\u00e1s de 1.000 millones de pesos.<\/p>\n\n\n\n<p>Con la puesta en marcha de estas 3 perforaciones, que se conectan directamente a la red, se genera una mejora cuantitativa sobre el servicio de agua. <\/p>\n\n\n\n<p>En Salliquel\u00f3 las 3 nuevas perforaciones que ya aportan su caudal a la red se encuentran: 2 de ellas sobre calle Coronel Villegas; y la otra en calle Padre Martos entre Padre Ra\u00fal Marchese y camino rural.<\/p>\n\n\n\n<div class=\"wp-block-image\"><figure class=\"aligncenter size-large\"><img decoding=\"async\" src=\"http:\/\/infoecos.com.ar\/wp-content\/uploads\/20161212202916_salliquelo.jpg\" alt=\"\" class=\"wp-image-49047\"\/><figcaption>Salliquel\u00f3 &#8211; Cartel identificatorio estaci\u00f3n<\/figcaption><\/figure><\/div>\n","protected":false},"excerpt":{"rendered":"<p>Estas obras han sido ejecutadas e inspeccionadas por ABSA en el marco del Plan de perforaciones repartidas dentro del \u00e1rea de concesi\u00f3n y financiadas por el ENHOSA<\/p>\n","protected":false},"author":2,"featured_media":14678,"comment_status":"closed","ping_status":"open","sticky":false,"template":"","format":"standard","meta":{"footnotes":""},"categories":[41],"tags":[5804],"class_list":["post-90859","post","type-post","status-publish","format-standard","has-post-thumbnail","hentry","category-inferior2","tag-inversion-publica"],"yoast_head":"<!-- This site is optimized with the Yoast SEO plugin v23.4 - https:\/\/yoast.com\/wordpress\/plugins\/seo\/ -->\n<title>ABSA incorpor\u00f3 3 nuevos pozos para mejorar el servicio de agua en Salliquel\u00f3 - Infoecos<\/title>\n<meta name=\"robots\" content=\"index, follow, max-snippet:-1, max-image-preview:large, max-video-preview:-1\" \/>\n<link rel=\"canonical\" href=\"https:\/\/infoecos.com.ar\/index.php\/absa-incorporo-3-nuevos-pozos-para-mejorar-el-servicio-de-agua-en-salliquelo\/\" \/>\n<meta property=\"og:locale\" content=\"es_ES\" \/>\n<meta property=\"og:type\" content=\"article\" \/>\n<meta property=\"og:title\" content=\"ABSA incorpor\u00f3 3 nuevos pozos para mejorar el servicio de agua en Salliquel\u00f3 - Infoecos\" \/>\n<meta property=\"og:description\" content=\"Estas obras han sido ejecutadas e inspeccionadas por ABSA en el marco del Plan de perforaciones repartidas dentro del \u00e1rea de concesi\u00f3n y financiadas por el ENHOSA\" \/>\n<meta property=\"og:url\" content=\"https:\/\/infoecos.com.ar\/index.php\/absa-incorporo-3-nuevos-pozos-para-mejorar-el-servicio-de-agua-en-salliquelo\/\" \/>\n<meta property=\"og:site_name\" content=\"Infoecos\" \/>\n<meta property=\"article:publisher\" content=\"https:\/\/www.facebook.com\/profile.php?id=100063200290284\" \/>\n<meta property=\"article:published_time\" content=\"2022-04-12T03:23:37+00:00\" \/>\n<meta property=\"article:modified_time\" content=\"2022-04-13T03:50:12+00:00\" \/>\n<meta property=\"og:image\" content=\"https:\/\/infoecos.com.ar\/wp-content\/uploads\/3821280.jpg\" \/>\n\t<meta property=\"og:image:width\" content=\"472\" \/>\n\t<meta property=\"og:image:height\" content=\"316\" \/>\n\t<meta property=\"og:image:type\" content=\"image\/jpeg\" \/>\n<meta name=\"author\" content=\"Jorge Matheus\" \/>\n<meta name=\"twitter:card\" content=\"summary_large_image\" \/>\n<meta name=\"twitter:creator\" content=\"@infoecos\" \/>\n<meta name=\"twitter:site\" content=\"@infoecos\" \/>\n<meta name=\"twitter:label1\" content=\"Escrito por\" \/>\n\t<meta name=\"twitter:data1\" content=\"Jorge Matheus\" \/>\n\t<meta name=\"twitter:label2\" content=\"Tiempo de lectura\" \/>\n\t<meta name=\"twitter:data2\" content=\"1 minuto\" \/>\n<script type=\"application\/ld+json\" class=\"yoast-schema-graph\">{\"@context\":\"https:\/\/schema.org\",\"@graph\":[{\"@type\":\"Article\",\"@id\":\"https:\/\/infoecos.com.ar\/index.php\/absa-incorporo-3-nuevos-pozos-para-mejorar-el-servicio-de-agua-en-salliquelo\/#article\",\"isPartOf\":{\"@id\":\"https:\/\/infoecos.com.ar\/index.php\/absa-incorporo-3-nuevos-pozos-para-mejorar-el-servicio-de-agua-en-salliquelo\/\"},\"author\":{\"name\":\"Jorge Matheus\",\"@id\":\"https:\/\/infoecos.com.ar\/#\/schema\/person\/8f5ace5ce73b4b4aac4b7245aee6f191\"},\"headline\":\"ABSA incorpor\u00f3 3 nuevos pozos para mejorar el servicio de agua en Salliquel\u00f3\",\"datePublished\":\"2022-04-12T03:23:37+00:00\",\"dateModified\":\"2022-04-13T03:50:12+00:00\",\"mainEntityOfPage\":{\"@id\":\"https:\/\/infoecos.com.ar\/index.php\/absa-incorporo-3-nuevos-pozos-para-mejorar-el-servicio-de-agua-en-salliquelo\/\"},\"wordCount\":149,\"publisher\":{\"@id\":\"https:\/\/infoecos.com.ar\/#organization\"},\"image\":{\"@id\":\"https:\/\/infoecos.com.ar\/index.php\/absa-incorporo-3-nuevos-pozos-para-mejorar-el-servicio-de-agua-en-salliquelo\/#primaryimage\"},\"thumbnailUrl\":\"\",\"keywords\":[\"INVERSI\u00d3N P\u00daBLICA\"],\"articleSection\":[\"Bloque inferior - 2\"],\"inLanguage\":\"es\"},{\"@type\":\"WebPage\",\"@id\":\"https:\/\/infoecos.com.ar\/index.php\/absa-incorporo-3-nuevos-pozos-para-mejorar-el-servicio-de-agua-en-salliquelo\/\",\"url\":\"https:\/\/infoecos.com.ar\/index.php\/absa-incorporo-3-nuevos-pozos-para-mejorar-el-servicio-de-agua-en-salliquelo\/\",\"name\":\"ABSA incorpor\u00f3 3 nuevos pozos para mejorar el servicio de agua en Salliquel\u00f3 - Infoecos\",\"isPartOf\":{\"@id\":\"https:\/\/infoecos.com.ar\/#website\"},\"primaryImageOfPage\":{\"@id\":\"https:\/\/infoecos.com.ar\/index.php\/absa-incorporo-3-nuevos-pozos-para-mejorar-el-servicio-de-agua-en-salliquelo\/#primaryimage\"},\"image\":{\"@id\":\"https:\/\/infoecos.com.ar\/index.php\/absa-incorporo-3-nuevos-pozos-para-mejorar-el-servicio-de-agua-en-salliquelo\/#primaryimage\"},\"thumbnailUrl\":\"\",\"datePublished\":\"2022-04-12T03:23:37+00:00\",\"dateModified\":\"2022-04-13T03:50:12+00:00\",\"breadcrumb\":{\"@id\":\"https:\/\/infoecos.com.ar\/index.php\/absa-incorporo-3-nuevos-pozos-para-mejorar-el-servicio-de-agua-en-salliquelo\/#breadcrumb\"},\"inLanguage\":\"es\",\"potentialAction\":[{\"@type\":\"ReadAction\",\"target\":[\"https:\/\/infoecos.com.ar\/index.php\/absa-incorporo-3-nuevos-pozos-para-mejorar-el-servicio-de-agua-en-salliquelo\/\"]}]},{\"@type\":\"ImageObject\",\"inLanguage\":\"es\",\"@id\":\"https:\/\/infoecos.com.ar\/index.php\/absa-incorporo-3-nuevos-pozos-para-mejorar-el-servicio-de-agua-en-salliquelo\/#primaryimage\",\"url\":\"\",\"contentUrl\":\"\"},{\"@type\":\"BreadcrumbList\",\"@id\":\"https:\/\/infoecos.com.ar\/index.php\/absa-incorporo-3-nuevos-pozos-para-mejorar-el-servicio-de-agua-en-salliquelo\/#breadcrumb\",\"itemListElement\":[{\"@type\":\"ListItem\",\"position\":1,\"name\":\"Portada\",\"item\":\"https:\/\/infoecos.com.ar\/\"},{\"@type\":\"ListItem\",\"position\":2,\"name\":\"ABSA incorpor\u00f3 3 nuevos pozos para mejorar el servicio de agua en Salliquel\u00f3\"}]},{\"@type\":\"WebSite\",\"@id\":\"https:\/\/infoecos.com.ar\/#website\",\"url\":\"https:\/\/infoecos.com.ar\/\",\"name\":\"Infoecos\",\"description\":\"Noticias de trenque lauquen y la zona\",\"publisher\":{\"@id\":\"https:\/\/infoecos.com.ar\/#organization\"},\"alternateName\":\"Noticias\",\"potentialAction\":[{\"@type\":\"SearchAction\",\"target\":{\"@type\":\"EntryPoint\",\"urlTemplate\":\"https:\/\/infoecos.com.ar\/?s={search_term_string}\"},\"query-input\":{\"@type\":\"PropertyValueSpecification\",\"valueRequired\":true,\"valueName\":\"search_term_string\"}}],\"inLanguage\":\"es\"},{\"@type\":\"Organization\",\"@id\":\"https:\/\/infoecos.com.ar\/#organization\",\"name\":\"Infoecos\",\"alternateName\":\"Noticias\",\"url\":\"https:\/\/infoecos.com.ar\/\",\"logo\":{\"@type\":\"ImageObject\",\"inLanguage\":\"es\",\"@id\":\"https:\/\/infoecos.com.ar\/#\/schema\/logo\/image\/\",\"url\":\"https:\/\/infoecos.com.ar\/wp-content\/uploads\/2024\/03\/cropped-logo.png\",\"contentUrl\":\"https:\/\/infoecos.com.ar\/wp-content\/uploads\/2024\/03\/cropped-logo.png\",\"width\":374,\"height\":90,\"caption\":\"Infoecos\"},\"image\":{\"@id\":\"https:\/\/infoecos.com.ar\/#\/schema\/logo\/image\/\"},\"sameAs\":[\"https:\/\/www.facebook.com\/profile.php?id=100063200290284\",\"https:\/\/x.com\/infoecos\"]},{\"@type\":\"Person\",\"@id\":\"https:\/\/infoecos.com.ar\/#\/schema\/person\/8f5ace5ce73b4b4aac4b7245aee6f191\",\"name\":\"Jorge Matheus\",\"url\":\"https:\/\/infoecos.com.ar\/index.php\/author\/jomatheus\/\"}]}<\/script>\n<!-- \/ Yoast SEO plugin. -->","yoast_head_json":{"title":"ABSA incorpor\u00f3 3 nuevos pozos para mejorar el servicio de agua en Salliquel\u00f3 - Infoecos","robots":{"index":"index","follow":"follow","max-snippet":"max-snippet:-1","max-image-preview":"max-image-preview:large","max-video-preview":"max-video-preview:-1"},"canonical":"https:\/\/infoecos.com.ar\/index.php\/absa-incorporo-3-nuevos-pozos-para-mejorar-el-servicio-de-agua-en-salliquelo\/","og_locale":"es_ES","og_type":"article","og_title":"ABSA incorpor\u00f3 3 nuevos pozos para mejorar el servicio de agua en Salliquel\u00f3 - Infoecos","og_description":"Estas obras han sido ejecutadas e inspeccionadas por ABSA en el marco del Plan de perforaciones repartidas dentro del \u00e1rea de concesi\u00f3n y financiadas por el ENHOSA","og_url":"https:\/\/infoecos.com.ar\/index.php\/absa-incorporo-3-nuevos-pozos-para-mejorar-el-servicio-de-agua-en-salliquelo\/","og_site_name":"Infoecos","article_publisher":"https:\/\/www.facebook.com\/profile.php?id=100063200290284","article_published_time":"2022-04-12T03:23:37+00:00","article_modified_time":"2022-04-13T03:50:12+00:00","og_image":[{"width":472,"height":316,"url":"https:\/\/infoecos.com.ar\/wp-content\/uploads\/3821280.jpg","type":"image\/jpeg"}],"author":"Jorge Matheus","twitter_card":"summary_large_image","twitter_creator":"@infoecos","twitter_site":"@infoecos","twitter_misc":{"Escrito por":"Jorge Matheus","Tiempo de lectura":"1 minuto"},"schema":{"@context":"https:\/\/schema.org","@graph":[{"@type":"Article","@id":"https:\/\/infoecos.com.ar\/index.php\/absa-incorporo-3-nuevos-pozos-para-mejorar-el-servicio-de-agua-en-salliquelo\/#article","isPartOf":{"@id":"https:\/\/infoecos.com.ar\/index.php\/absa-incorporo-3-nuevos-pozos-para-mejorar-el-servicio-de-agua-en-salliquelo\/"},"author":{"name":"Jorge Matheus","@id":"https:\/\/infoecos.com.ar\/#\/schema\/person\/8f5ace5ce73b4b4aac4b7245aee6f191"},"headline":"ABSA incorpor\u00f3 3 nuevos pozos para mejorar el servicio de agua en Salliquel\u00f3","datePublished":"2022-04-12T03:23:37+00:00","dateModified":"2022-04-13T03:50:12+00:00","mainEntityOfPage":{"@id":"https:\/\/infoecos.com.ar\/index.php\/absa-incorporo-3-nuevos-pozos-para-mejorar-el-servicio-de-agua-en-salliquelo\/"},"wordCount":149,"publisher":{"@id":"https:\/\/infoecos.com.ar\/#organization"},"image":{"@id":"https:\/\/infoecos.com.ar\/index.php\/absa-incorporo-3-nuevos-pozos-para-mejorar-el-servicio-de-agua-en-salliquelo\/#primaryimage"},"thumbnailUrl":"","keywords":["INVERSI\u00d3N P\u00daBLICA"],"articleSection":["Bloque inferior - 2"],"inLanguage":"es"},{"@type":"WebPage","@id":"https:\/\/infoecos.com.ar\/index.php\/absa-incorporo-3-nuevos-pozos-para-mejorar-el-servicio-de-agua-en-salliquelo\/","url":"https:\/\/infoecos.com.ar\/index.php\/absa-incorporo-3-nuevos-pozos-para-mejorar-el-servicio-de-agua-en-salliquelo\/","name":"ABSA incorpor\u00f3 3 nuevos pozos para mejorar el servicio de agua en Salliquel\u00f3 - Infoecos","isPartOf":{"@id":"https:\/\/infoecos.com.ar\/#website"},"primaryImageOfPage":{"@id":"https:\/\/infoecos.com.ar\/index.php\/absa-incorporo-3-nuevos-pozos-para-mejorar-el-servicio-de-agua-en-salliquelo\/#primaryimage"},"image":{"@id":"https:\/\/infoecos.com.ar\/index.php\/absa-incorporo-3-nuevos-pozos-para-mejorar-el-servicio-de-agua-en-salliquelo\/#primaryimage"},"thumbnailUrl":"","datePublished":"2022-04-12T03:23:37+00:00","dateModified":"2022-04-13T03:50:12+00:00","breadcrumb":{"@id":"https:\/\/infoecos.com.ar\/index.php\/absa-incorporo-3-nuevos-pozos-para-mejorar-el-servicio-de-agua-en-salliquelo\/#breadcrumb"},"inLanguage":"es","potentialAction":[{"@type":"ReadAction","target":["https:\/\/infoecos.com.ar\/index.php\/absa-incorporo-3-nuevos-pozos-para-mejorar-el-servicio-de-agua-en-salliquelo\/"]}]},{"@type":"ImageObject","inLanguage":"es","@id":"https:\/\/infoecos.com.ar\/index.php\/absa-incorporo-3-nuevos-pozos-para-mejorar-el-servicio-de-agua-en-salliquelo\/#primaryimage","url":"","contentUrl":""},{"@type":"BreadcrumbList","@id":"https:\/\/infoecos.com.ar\/index.php\/absa-incorporo-3-nuevos-pozos-para-mejorar-el-servicio-de-agua-en-salliquelo\/#breadcrumb","itemListElement":[{"@type":"ListItem","position":1,"name":"Portada","item":"https:\/\/infoecos.com.ar\/"},{"@type":"ListItem","position":2,"name":"ABSA incorpor\u00f3 3 nuevos pozos para mejorar el servicio de agua en Salliquel\u00f3"}]},{"@type":"WebSite","@id":"https:\/\/infoecos.com.ar\/#website","url":"https:\/\/infoecos.com.ar\/","name":"Infoecos","description":"Noticias de trenque lauquen y la zona","publisher":{"@id":"https:\/\/infoecos.com.ar\/#organization"},"alternateName":"Noticias","potentialAction":[{"@type":"SearchAction","target":{"@type":"EntryPoint","urlTemplate":"https:\/\/infoecos.com.ar\/?s={search_term_string}"},"query-input":{"@type":"PropertyValueSpecification","valueRequired":true,"valueName":"search_term_string"}}],"inLanguage":"es"},{"@type":"Organization","@id":"https:\/\/infoecos.com.ar\/#organization","name":"Infoecos","alternateName":"Noticias","url":"https:\/\/infoecos.com.ar\/","logo":{"@type":"ImageObject","inLanguage":"es","@id":"https:\/\/infoecos.com.ar\/#\/schema\/logo\/image\/","url":"https:\/\/infoecos.com.ar\/wp-content\/uploads\/2024\/03\/cropped-logo.png","contentUrl":"https:\/\/infoecos.com.ar\/wp-content\/uploads\/2024\/03\/cropped-logo.png","width":374,"height":90,"caption":"Infoecos"},"image":{"@id":"https:\/\/infoecos.com.ar\/#\/schema\/logo\/image\/"},"sameAs":["https:\/\/www.facebook.com\/profile.php?id=100063200290284","https:\/\/x.com\/infoecos"]},{"@type":"Person","@id":"https:\/\/infoecos.com.ar\/#\/schema\/person\/8f5ace5ce73b4b4aac4b7245aee6f191","name":"Jorge Matheus","url":"https:\/\/infoecos.com.ar\/index.php\/author\/jomatheus\/"}]}},"featured_image_urls":{"full":"","thumbnail":"","medium":"","medium_large":"","large":"","1536x1536":"","2048x2048":"","covernews-slider-full":"","covernews-slider-center":"","covernews-featured":"","covernews-medium":"","covernews-medium-square":""},"author_info":{"info":["Jorge Matheus"]},"category_info":"<a href=\"https:\/\/infoecos.com.ar\/index.php\/category\/inferior2\/\" rel=\"category tag\">Bloque inferior - 2<\/a>","tag_info":"Bloque inferior - 2","comment_count":"0","_links":{"self":[{"href":"https:\/\/infoecos.com.ar\/index.php\/wp-json\/wp\/v2\/posts\/90859"}],"collection":[{"href":"https:\/\/infoecos.com.ar\/index.php\/wp-json\/wp\/v2\/posts"}],"about":[{"href":"https:\/\/infoecos.com.ar\/index.php\/wp-json\/wp\/v2\/types\/post"}],"author":[{"embeddable":true,"href":"https:\/\/infoecos.com.ar\/index.php\/wp-json\/wp\/v2\/users\/2"}],"replies":[{"embeddable":true,"href":"https:\/\/infoecos.com.ar\/index.php\/wp-json\/wp\/v2\/comments?post=90859"}],"version-history":[{"count":1,"href":"https:\/\/infoecos.com.ar\/index.php\/wp-json\/wp\/v2\/posts\/90859\/revisions"}],"predecessor-version":[{"id":90860,"href":"https:\/\/infoecos.com.ar\/index.php\/wp-json\/wp\/v2\/posts\/90859\/revisions\/90860"}],"wp:featuredmedia":[{"embeddable":true,"href":"https:\/\/infoecos.com.ar\/index.php\/wp-json\/"}],"wp:attachment":[{"href":"https:\/\/infoecos.com.ar\/index.php\/wp-json\/wp\/v2\/media?parent=90859"}],"wp:term":[{"taxonomy":"category","embeddable":true,"href":"https:\/\/infoecos.com.ar\/index.php\/wp-json\/wp\/v2\/categories?post=90859"},{"taxonomy":"post_tag","embeddable":true,"href":"https:\/\/infoecos.com.ar\/index.php\/wp-json\/wp\/v2\/tags?post=90859"}],"curies":[{"name":"wp","href":"https:\/\/api.w.org\/{rel}","templated":true}]}}