{"id":91040,"date":"2022-04-16T21:08:14","date_gmt":"2022-04-17T00:08:14","guid":{"rendered":"http:\/\/infoecos.com.ar\/?p=91040"},"modified":"2022-04-16T21:10:01","modified_gmt":"2022-04-17T00:10:01","slug":"jonatan-castellano-el-mejor-tiempo-en-el-autodromo-de-toay-para-este-domingo-del-turismo-carretera","status":"publish","type":"post","link":"https:\/\/infoecos.com.ar\/index.php\/jonatan-castellano-el-mejor-tiempo-en-el-autodromo-de-toay-para-este-domingo-del-turismo-carretera\/","title":{"rendered":"Turismo Carretera en Toay: Jonatan Castellano el mejor tiempo para este domingo ante una multitud"},"content":{"rendered":"\n<p>Jonatan Castellano estableci\u00f3 un tiempo de 1;14.483 para convertirse en la referencia de una clasificaci\u00f3n ajustada para la prueba de este domingo en el Aut\u00f3dromo de Toay. El segundo mejor tiempo lo estableci\u00f3 con su Ford el entrerriano Mariano Werner (que qued\u00f3 a 57 mil\u00e9simas de Castellano), pero la recarga de seis d\u00e9cimas por el cambio de motor lo releg\u00f3.<\/p>\n\n\n\n<figure class=\"wp-block-image size-large\"><img loading=\"lazy\" decoding=\"async\" width=\"920\" height=\"613\" src=\"http:\/\/infoecos.com.ar\/wp-content\/uploads\/2022\/04\/castellanopinchito1111-1170x780-1-920x613.jpg\" alt=\"\" class=\"wp-image-91041\" srcset=\"https:\/\/infoecos.com.ar\/wp-content\/uploads\/2022\/04\/castellanopinchito1111-1170x780-1-920x613.jpg 920w, https:\/\/infoecos.com.ar\/wp-content\/uploads\/2022\/04\/castellanopinchito1111-1170x780-1-460x307.jpg 460w, https:\/\/infoecos.com.ar\/wp-content\/uploads\/2022\/04\/castellanopinchito1111-1170x780-1-768x512.jpg 768w, https:\/\/infoecos.com.ar\/wp-content\/uploads\/2022\/04\/castellanopinchito1111-1170x780-1-1024x683.jpg 1024w, https:\/\/infoecos.com.ar\/wp-content\/uploads\/2022\/04\/castellanopinchito1111-1170x780-1-675x450.jpg 675w, https:\/\/infoecos.com.ar\/wp-content\/uploads\/2022\/04\/castellanopinchito1111-1170x780-1.jpg 1170w\" sizes=\"(max-width: 920px) 100vw, 920px\" \/><figcaption>Jonatan Castellano<\/figcaption><\/figure>\n\n\n\n<p>Esa posici\u00f3n, entonces, la hered\u00f3 Agust\u00edn Canapino, con el Chervolet el JP Carrera. Detr\u00e1s del arrecife\u00f1o se posicionaron dos pilotos de Torino: Juan Cruz Benvenuti (Trotta Racing Team) y Leonel Pern\u00eda (Las Toscas Racing), respectivamente.<\/p>\n\n\n\n<p>Juan Bautista de Benedictis, que hab\u00eda sido el m\u00e1s veloz del segundo entrenamiento con el Ford del Mart\u00ednez Competici\u00f3n, concluy\u00f3 sexto. El listado de los diez mejores lo completaron Santiago Mangoni (Chevrolet), Josito Di Palma (Ford), Mat\u00edas Rossi (en su mejor clasificaci\u00f3n con Toyota), Iv\u00e1n Ramos (Dodge) y Marcelo Agrelo (Torino).<\/p>\n\n\n\n<p>Este domingo, en la primera serie, se medir\u00e1n Castellano y Pern\u00eda, lo propio har\u00e1n en la segunda bater\u00eda Canapino y De Benedictis, mientras que en la tercera serie largar\u00e1n a la par Benvenuti y Mangoni.<\/p>\n\n\n\n<figure class=\"wp-block-image size-large\"><img loading=\"lazy\" decoding=\"async\" width=\"920\" height=\"920\" src=\"http:\/\/infoecos.com.ar\/wp-content\/uploads\/2022\/04\/278544109_3043549559292642_240837925340362296_n-920x920.jpg\" alt=\"\" class=\"wp-image-91042\" srcset=\"https:\/\/infoecos.com.ar\/wp-content\/uploads\/2022\/04\/278544109_3043549559292642_240837925340362296_n-920x920.jpg 920w, https:\/\/infoecos.com.ar\/wp-content\/uploads\/2022\/04\/278544109_3043549559292642_240837925340362296_n-460x460.jpg 460w, https:\/\/infoecos.com.ar\/wp-content\/uploads\/2022\/04\/278544109_3043549559292642_240837925340362296_n-150x150.jpg 150w, https:\/\/infoecos.com.ar\/wp-content\/uploads\/2022\/04\/278544109_3043549559292642_240837925340362296_n-768x768.jpg 768w, https:\/\/infoecos.com.ar\/wp-content\/uploads\/2022\/04\/278544109_3043549559292642_240837925340362296_n-1024x1024.jpg 1024w, https:\/\/infoecos.com.ar\/wp-content\/uploads\/2022\/04\/278544109_3043549559292642_240837925340362296_n.jpg 1080w\" sizes=\"(max-width: 920px) 100vw, 920px\" \/><figcaption>Una de las coupe Chevy que utiliz\u00f3 Ortelli en su incursi\u00f3n en el Turismo Carretera<\/figcaption><\/figure>\n\n\n\n<p>Con el recargo, Werner cay\u00f3 a la 24\u00b0 colocaci\u00f3n. Guillermo Ortelli, en su carrera despedida, clasific\u00f3 35\u00b0 y ma\u00f1ana disputar\u00e1 su competencia n\u00famero 408 en la historia de la categor\u00eda.<\/p>\n\n\n\n<p>Castellano, por su parte, se alz\u00f3 con su sexta pole position en sus 250 carreras disputadas en la categor\u00eda. Este domingo las series comenzar\u00e1n a las 9.40hs y la final (especial y a 30 vueltas) tendr\u00e1 inicio a las 13.15hs.<\/p>\n","protected":false},"excerpt":{"rendered":"<p>Guillermo Ortelli, en su carrera despedida, clasific\u00f3 35\u00b0 y ma\u00f1ana disputar\u00e1 su competencia n\u00famero 408 en la historia de la categor\u00eda<\/p>\n","protected":false},"author":2,"featured_media":91041,"comment_status":"closed","ping_status":"open","sticky":false,"template":"","format":"standard","meta":{"footnotes":""},"categories":[28],"tags":[5832],"class_list":["post-91040","post","type-post","status-publish","format-standard","has-post-thumbnail","hentry","category-c1nota1","tag-ortelli-35-todino-16-alaux-27"],"yoast_head":"<!-- This site is optimized with the Yoast SEO plugin v23.4 - https:\/\/yoast.com\/wordpress\/plugins\/seo\/ -->\n<title>Turismo Carretera en Toay: Jonatan Castellano el mejor tiempo para este domingo ante una multitud - Infoecos<\/title>\n<meta name=\"robots\" content=\"index, follow, max-snippet:-1, max-image-preview:large, max-video-preview:-1\" \/>\n<link rel=\"canonical\" href=\"https:\/\/infoecos.com.ar\/index.php\/jonatan-castellano-el-mejor-tiempo-en-el-autodromo-de-toay-para-este-domingo-del-turismo-carretera\/\" \/>\n<meta property=\"og:locale\" content=\"es_ES\" \/>\n<meta property=\"og:type\" content=\"article\" \/>\n<meta property=\"og:title\" content=\"Turismo Carretera en Toay: Jonatan Castellano el mejor tiempo para este domingo ante una multitud - Infoecos\" \/>\n<meta property=\"og:description\" content=\"Guillermo Ortelli, en su carrera despedida, clasific\u00f3 35\u00b0 y ma\u00f1ana disputar\u00e1 su competencia n\u00famero 408 en la historia de la categor\u00eda\" \/>\n<meta property=\"og:url\" content=\"https:\/\/infoecos.com.ar\/index.php\/jonatan-castellano-el-mejor-tiempo-en-el-autodromo-de-toay-para-este-domingo-del-turismo-carretera\/\" \/>\n<meta property=\"og:site_name\" content=\"Infoecos\" \/>\n<meta property=\"article:publisher\" content=\"https:\/\/www.facebook.com\/profile.php?id=100063200290284\" \/>\n<meta property=\"article:published_time\" content=\"2022-04-17T00:08:14+00:00\" \/>\n<meta property=\"article:modified_time\" content=\"2022-04-17T00:10:01+00:00\" \/>\n<meta property=\"og:image\" content=\"https:\/\/infoecos.com.ar\/wp-content\/uploads\/2022\/04\/castellanopinchito1111-1170x780-1.jpg\" \/>\n\t<meta property=\"og:image:width\" content=\"1170\" \/>\n\t<meta property=\"og:image:height\" content=\"780\" \/>\n\t<meta property=\"og:image:type\" content=\"image\/jpeg\" \/>\n<meta name=\"author\" content=\"Jorge Matheus\" \/>\n<meta name=\"twitter:card\" content=\"summary_large_image\" \/>\n<meta name=\"twitter:creator\" content=\"@infoecos\" \/>\n<meta name=\"twitter:site\" content=\"@infoecos\" \/>\n<meta name=\"twitter:label1\" content=\"Escrito por\" \/>\n\t<meta name=\"twitter:data1\" content=\"Jorge Matheus\" \/>\n\t<meta name=\"twitter:label2\" content=\"Tiempo de lectura\" \/>\n\t<meta name=\"twitter:data2\" content=\"1 minuto\" \/>\n<script type=\"application\/ld+json\" class=\"yoast-schema-graph\">{\"@context\":\"https:\/\/schema.org\",\"@graph\":[{\"@type\":\"Article\",\"@id\":\"https:\/\/infoecos.com.ar\/index.php\/jonatan-castellano-el-mejor-tiempo-en-el-autodromo-de-toay-para-este-domingo-del-turismo-carretera\/#article\",\"isPartOf\":{\"@id\":\"https:\/\/infoecos.com.ar\/index.php\/jonatan-castellano-el-mejor-tiempo-en-el-autodromo-de-toay-para-este-domingo-del-turismo-carretera\/\"},\"author\":{\"name\":\"Jorge Matheus\",\"@id\":\"https:\/\/infoecos.com.ar\/#\/schema\/person\/8f5ace5ce73b4b4aac4b7245aee6f191\"},\"headline\":\"Turismo Carretera en Toay: Jonatan Castellano el mejor tiempo para este domingo ante una multitud\",\"datePublished\":\"2022-04-17T00:08:14+00:00\",\"dateModified\":\"2022-04-17T00:10:01+00:00\",\"mainEntityOfPage\":{\"@id\":\"https:\/\/infoecos.com.ar\/index.php\/jonatan-castellano-el-mejor-tiempo-en-el-autodromo-de-toay-para-este-domingo-del-turismo-carretera\/\"},\"wordCount\":304,\"publisher\":{\"@id\":\"https:\/\/infoecos.com.ar\/#organization\"},\"image\":{\"@id\":\"https:\/\/infoecos.com.ar\/index.php\/jonatan-castellano-el-mejor-tiempo-en-el-autodromo-de-toay-para-este-domingo-del-turismo-carretera\/#primaryimage\"},\"thumbnailUrl\":\"https:\/\/infoecos.com.ar\/wp-content\/uploads\/2022\/04\/castellanopinchito1111-1170x780-1.jpg\",\"keywords\":[\"Ortelli 35\u00b0 - Todino 16\u00b0 - Alaux 27\u00b0\"],\"articleSection\":[\"C1 N1\"],\"inLanguage\":\"es\"},{\"@type\":\"WebPage\",\"@id\":\"https:\/\/infoecos.com.ar\/index.php\/jonatan-castellano-el-mejor-tiempo-en-el-autodromo-de-toay-para-este-domingo-del-turismo-carretera\/\",\"url\":\"https:\/\/infoecos.com.ar\/index.php\/jonatan-castellano-el-mejor-tiempo-en-el-autodromo-de-toay-para-este-domingo-del-turismo-carretera\/\",\"name\":\"Turismo Carretera en Toay: Jonatan Castellano el mejor tiempo para este domingo ante una multitud - Infoecos\",\"isPartOf\":{\"@id\":\"https:\/\/infoecos.com.ar\/#website\"},\"primaryImageOfPage\":{\"@id\":\"https:\/\/infoecos.com.ar\/index.php\/jonatan-castellano-el-mejor-tiempo-en-el-autodromo-de-toay-para-este-domingo-del-turismo-carretera\/#primaryimage\"},\"image\":{\"@id\":\"https:\/\/infoecos.com.ar\/index.php\/jonatan-castellano-el-mejor-tiempo-en-el-autodromo-de-toay-para-este-domingo-del-turismo-carretera\/#primaryimage\"},\"thumbnailUrl\":\"https:\/\/infoecos.com.ar\/wp-content\/uploads\/2022\/04\/castellanopinchito1111-1170x780-1.jpg\",\"datePublished\":\"2022-04-17T00:08:14+00:00\",\"dateModified\":\"2022-04-17T00:10:01+00:00\",\"breadcrumb\":{\"@id\":\"https:\/\/infoecos.com.ar\/index.php\/jonatan-castellano-el-mejor-tiempo-en-el-autodromo-de-toay-para-este-domingo-del-turismo-carretera\/#breadcrumb\"},\"inLanguage\":\"es\",\"potentialAction\":[{\"@type\":\"ReadAction\",\"target\":[\"https:\/\/infoecos.com.ar\/index.php\/jonatan-castellano-el-mejor-tiempo-en-el-autodromo-de-toay-para-este-domingo-del-turismo-carretera\/\"]}]},{\"@type\":\"ImageObject\",\"inLanguage\":\"es\",\"@id\":\"https:\/\/infoecos.com.ar\/index.php\/jonatan-castellano-el-mejor-tiempo-en-el-autodromo-de-toay-para-este-domingo-del-turismo-carretera\/#primaryimage\",\"url\":\"https:\/\/infoecos.com.ar\/wp-content\/uploads\/2022\/04\/castellanopinchito1111-1170x780-1.jpg\",\"contentUrl\":\"https:\/\/infoecos.com.ar\/wp-content\/uploads\/2022\/04\/castellanopinchito1111-1170x780-1.jpg\",\"width\":1170,\"height\":780},{\"@type\":\"BreadcrumbList\",\"@id\":\"https:\/\/infoecos.com.ar\/index.php\/jonatan-castellano-el-mejor-tiempo-en-el-autodromo-de-toay-para-este-domingo-del-turismo-carretera\/#breadcrumb\",\"itemListElement\":[{\"@type\":\"ListItem\",\"position\":1,\"name\":\"Portada\",\"item\":\"https:\/\/infoecos.com.ar\/\"},{\"@type\":\"ListItem\",\"position\":2,\"name\":\"Turismo Carretera en Toay: Jonatan Castellano el mejor tiempo para este domingo ante una multitud\"}]},{\"@type\":\"WebSite\",\"@id\":\"https:\/\/infoecos.com.ar\/#website\",\"url\":\"https:\/\/infoecos.com.ar\/\",\"name\":\"Infoecos\",\"description\":\"Noticias de trenque lauquen y la zona\",\"publisher\":{\"@id\":\"https:\/\/infoecos.com.ar\/#organization\"},\"alternateName\":\"Noticias\",\"potentialAction\":[{\"@type\":\"SearchAction\",\"target\":{\"@type\":\"EntryPoint\",\"urlTemplate\":\"https:\/\/infoecos.com.ar\/?s={search_term_string}\"},\"query-input\":{\"@type\":\"PropertyValueSpecification\",\"valueRequired\":true,\"valueName\":\"search_term_string\"}}],\"inLanguage\":\"es\"},{\"@type\":\"Organization\",\"@id\":\"https:\/\/infoecos.com.ar\/#organization\",\"name\":\"Infoecos\",\"alternateName\":\"Noticias\",\"url\":\"https:\/\/infoecos.com.ar\/\",\"logo\":{\"@type\":\"ImageObject\",\"inLanguage\":\"es\",\"@id\":\"https:\/\/infoecos.com.ar\/#\/schema\/logo\/image\/\",\"url\":\"https:\/\/infoecos.com.ar\/wp-content\/uploads\/2024\/03\/cropped-logo.png\",\"contentUrl\":\"https:\/\/infoecos.com.ar\/wp-content\/uploads\/2024\/03\/cropped-logo.png\",\"width\":374,\"height\":90,\"caption\":\"Infoecos\"},\"image\":{\"@id\":\"https:\/\/infoecos.com.ar\/#\/schema\/logo\/image\/\"},\"sameAs\":[\"https:\/\/www.facebook.com\/profile.php?id=100063200290284\",\"https:\/\/x.com\/infoecos\"]},{\"@type\":\"Person\",\"@id\":\"https:\/\/infoecos.com.ar\/#\/schema\/person\/8f5ace5ce73b4b4aac4b7245aee6f191\",\"name\":\"Jorge Matheus\",\"url\":\"https:\/\/infoecos.com.ar\/index.php\/author\/jomatheus\/\"}]}<\/script>\n<!-- \/ Yoast SEO plugin. -->","yoast_head_json":{"title":"Turismo Carretera en Toay: Jonatan Castellano el mejor tiempo para este domingo ante una multitud - Infoecos","robots":{"index":"index","follow":"follow","max-snippet":"max-snippet:-1","max-image-preview":"max-image-preview:large","max-video-preview":"max-video-preview:-1"},"canonical":"https:\/\/infoecos.com.ar\/index.php\/jonatan-castellano-el-mejor-tiempo-en-el-autodromo-de-toay-para-este-domingo-del-turismo-carretera\/","og_locale":"es_ES","og_type":"article","og_title":"Turismo Carretera en Toay: Jonatan Castellano el mejor tiempo para este domingo ante una multitud - Infoecos","og_description":"Guillermo Ortelli, en su carrera despedida, clasific\u00f3 35\u00b0 y ma\u00f1ana disputar\u00e1 su competencia n\u00famero 408 en la historia de la categor\u00eda","og_url":"https:\/\/infoecos.com.ar\/index.php\/jonatan-castellano-el-mejor-tiempo-en-el-autodromo-de-toay-para-este-domingo-del-turismo-carretera\/","og_site_name":"Infoecos","article_publisher":"https:\/\/www.facebook.com\/profile.php?id=100063200290284","article_published_time":"2022-04-17T00:08:14+00:00","article_modified_time":"2022-04-17T00:10:01+00:00","og_image":[{"width":1170,"height":780,"url":"https:\/\/infoecos.com.ar\/wp-content\/uploads\/2022\/04\/castellanopinchito1111-1170x780-1.jpg","type":"image\/jpeg"}],"author":"Jorge Matheus","twitter_card":"summary_large_image","twitter_creator":"@infoecos","twitter_site":"@infoecos","twitter_misc":{"Escrito por":"Jorge Matheus","Tiempo de lectura":"1 minuto"},"schema":{"@context":"https:\/\/schema.org","@graph":[{"@type":"Article","@id":"https:\/\/infoecos.com.ar\/index.php\/jonatan-castellano-el-mejor-tiempo-en-el-autodromo-de-toay-para-este-domingo-del-turismo-carretera\/#article","isPartOf":{"@id":"https:\/\/infoecos.com.ar\/index.php\/jonatan-castellano-el-mejor-tiempo-en-el-autodromo-de-toay-para-este-domingo-del-turismo-carretera\/"},"author":{"name":"Jorge Matheus","@id":"https:\/\/infoecos.com.ar\/#\/schema\/person\/8f5ace5ce73b4b4aac4b7245aee6f191"},"headline":"Turismo Carretera en Toay: Jonatan Castellano el mejor tiempo para este domingo ante una multitud","datePublished":"2022-04-17T00:08:14+00:00","dateModified":"2022-04-17T00:10:01+00:00","mainEntityOfPage":{"@id":"https:\/\/infoecos.com.ar\/index.php\/jonatan-castellano-el-mejor-tiempo-en-el-autodromo-de-toay-para-este-domingo-del-turismo-carretera\/"},"wordCount":304,"publisher":{"@id":"https:\/\/infoecos.com.ar\/#organization"},"image":{"@id":"https:\/\/infoecos.com.ar\/index.php\/jonatan-castellano-el-mejor-tiempo-en-el-autodromo-de-toay-para-este-domingo-del-turismo-carretera\/#primaryimage"},"thumbnailUrl":"https:\/\/infoecos.com.ar\/wp-content\/uploads\/2022\/04\/castellanopinchito1111-1170x780-1.jpg","keywords":["Ortelli 35\u00b0 - Todino 16\u00b0 - Alaux 27\u00b0"],"articleSection":["C1 N1"],"inLanguage":"es"},{"@type":"WebPage","@id":"https:\/\/infoecos.com.ar\/index.php\/jonatan-castellano-el-mejor-tiempo-en-el-autodromo-de-toay-para-este-domingo-del-turismo-carretera\/","url":"https:\/\/infoecos.com.ar\/index.php\/jonatan-castellano-el-mejor-tiempo-en-el-autodromo-de-toay-para-este-domingo-del-turismo-carretera\/","name":"Turismo Carretera en Toay: Jonatan Castellano el mejor tiempo para este domingo ante una multitud - Infoecos","isPartOf":{"@id":"https:\/\/infoecos.com.ar\/#website"},"primaryImageOfPage":{"@id":"https:\/\/infoecos.com.ar\/index.php\/jonatan-castellano-el-mejor-tiempo-en-el-autodromo-de-toay-para-este-domingo-del-turismo-carretera\/#primaryimage"},"image":{"@id":"https:\/\/infoecos.com.ar\/index.php\/jonatan-castellano-el-mejor-tiempo-en-el-autodromo-de-toay-para-este-domingo-del-turismo-carretera\/#primaryimage"},"thumbnailUrl":"https:\/\/infoecos.com.ar\/wp-content\/uploads\/2022\/04\/castellanopinchito1111-1170x780-1.jpg","datePublished":"2022-04-17T00:08:14+00:00","dateModified":"2022-04-17T00:10:01+00:00","breadcrumb":{"@id":"https:\/\/infoecos.com.ar\/index.php\/jonatan-castellano-el-mejor-tiempo-en-el-autodromo-de-toay-para-este-domingo-del-turismo-carretera\/#breadcrumb"},"inLanguage":"es","potentialAction":[{"@type":"ReadAction","target":["https:\/\/infoecos.com.ar\/index.php\/jonatan-castellano-el-mejor-tiempo-en-el-autodromo-de-toay-para-este-domingo-del-turismo-carretera\/"]}]},{"@type":"ImageObject","inLanguage":"es","@id":"https:\/\/infoecos.com.ar\/index.php\/jonatan-castellano-el-mejor-tiempo-en-el-autodromo-de-toay-para-este-domingo-del-turismo-carretera\/#primaryimage","url":"https:\/\/infoecos.com.ar\/wp-content\/uploads\/2022\/04\/castellanopinchito1111-1170x780-1.jpg","contentUrl":"https:\/\/infoecos.com.ar\/wp-content\/uploads\/2022\/04\/castellanopinchito1111-1170x780-1.jpg","width":1170,"height":780},{"@type":"BreadcrumbList","@id":"https:\/\/infoecos.com.ar\/index.php\/jonatan-castellano-el-mejor-tiempo-en-el-autodromo-de-toay-para-este-domingo-del-turismo-carretera\/#breadcrumb","itemListElement":[{"@type":"ListItem","position":1,"name":"Portada","item":"https:\/\/infoecos.com.ar\/"},{"@type":"ListItem","position":2,"name":"Turismo Carretera en Toay: Jonatan Castellano el mejor tiempo para este domingo ante una multitud"}]},{"@type":"WebSite","@id":"https:\/\/infoecos.com.ar\/#website","url":"https:\/\/infoecos.com.ar\/","name":"Infoecos","description":"Noticias de trenque lauquen y la zona","publisher":{"@id":"https:\/\/infoecos.com.ar\/#organization"},"alternateName":"Noticias","potentialAction":[{"@type":"SearchAction","target":{"@type":"EntryPoint","urlTemplate":"https:\/\/infoecos.com.ar\/?s={search_term_string}"},"query-input":{"@type":"PropertyValueSpecification","valueRequired":true,"valueName":"search_term_string"}}],"inLanguage":"es"},{"@type":"Organization","@id":"https:\/\/infoecos.com.ar\/#organization","name":"Infoecos","alternateName":"Noticias","url":"https:\/\/infoecos.com.ar\/","logo":{"@type":"ImageObject","inLanguage":"es","@id":"https:\/\/infoecos.com.ar\/#\/schema\/logo\/image\/","url":"https:\/\/infoecos.com.ar\/wp-content\/uploads\/2024\/03\/cropped-logo.png","contentUrl":"https:\/\/infoecos.com.ar\/wp-content\/uploads\/2024\/03\/cropped-logo.png","width":374,"height":90,"caption":"Infoecos"},"image":{"@id":"https:\/\/infoecos.com.ar\/#\/schema\/logo\/image\/"},"sameAs":["https:\/\/www.facebook.com\/profile.php?id=100063200290284","https:\/\/x.com\/infoecos"]},{"@type":"Person","@id":"https:\/\/infoecos.com.ar\/#\/schema\/person\/8f5ace5ce73b4b4aac4b7245aee6f191","name":"Jorge Matheus","url":"https:\/\/infoecos.com.ar\/index.php\/author\/jomatheus\/"}]}},"featured_image_urls":{"full":["https:\/\/infoecos.com.ar\/wp-content\/uploads\/2022\/04\/castellanopinchito1111-1170x780-1.jpg",1170,780,false],"thumbnail":["https:\/\/infoecos.com.ar\/wp-content\/uploads\/2022\/04\/castellanopinchito1111-1170x780-1-150x150.jpg",150,150,true],"medium":["https:\/\/infoecos.com.ar\/wp-content\/uploads\/2022\/04\/castellanopinchito1111-1170x780-1-460x307.jpg",460,307,true],"medium_large":["https:\/\/infoecos.com.ar\/wp-content\/uploads\/2022\/04\/castellanopinchito1111-1170x780-1-768x512.jpg",640,427,true],"large":["https:\/\/infoecos.com.ar\/wp-content\/uploads\/2022\/04\/castellanopinchito1111-1170x780-1-920x613.jpg",640,426,true],"1536x1536":["https:\/\/infoecos.com.ar\/wp-content\/uploads\/2022\/04\/castellanopinchito1111-1170x780-1.jpg",1170,780,false],"2048x2048":["https:\/\/infoecos.com.ar\/wp-content\/uploads\/2022\/04\/castellanopinchito1111-1170x780-1.jpg",1170,780,false],"covernews-slider-full":["https:\/\/infoecos.com.ar\/wp-content\/uploads\/2022\/04\/castellanopinchito1111-1170x780-1.jpg",1073,715,false],"covernews-slider-center":["https:\/\/infoecos.com.ar\/wp-content\/uploads\/2022\/04\/castellanopinchito1111-1170x780-1-936x780.jpg",600,500,true],"covernews-featured":["https:\/\/infoecos.com.ar\/wp-content\/uploads\/2022\/04\/castellanopinchito1111-1170x780-1-1024x683.jpg",1024,683,true],"covernews-medium":["https:\/\/infoecos.com.ar\/wp-content\/uploads\/2022\/04\/castellanopinchito1111-1170x780-1-720x380.jpg",540,285,true],"covernews-medium-square":["https:\/\/infoecos.com.ar\/wp-content\/uploads\/2022\/04\/castellanopinchito1111-1170x780-1-675x450.jpg",375,250,true]},"author_info":{"info":["Jorge Matheus"]},"category_info":"<a href=\"https:\/\/infoecos.com.ar\/index.php\/category\/c1nota1\/\" rel=\"category tag\">C1 N1<\/a>","tag_info":"C1 N1","comment_count":"0","_links":{"self":[{"href":"https:\/\/infoecos.com.ar\/index.php\/wp-json\/wp\/v2\/posts\/91040"}],"collection":[{"href":"https:\/\/infoecos.com.ar\/index.php\/wp-json\/wp\/v2\/posts"}],"about":[{"href":"https:\/\/infoecos.com.ar\/index.php\/wp-json\/wp\/v2\/types\/post"}],"author":[{"embeddable":true,"href":"https:\/\/infoecos.com.ar\/index.php\/wp-json\/wp\/v2\/users\/2"}],"replies":[{"embeddable":true,"href":"https:\/\/infoecos.com.ar\/index.php\/wp-json\/wp\/v2\/comments?post=91040"}],"version-history":[{"count":2,"href":"https:\/\/infoecos.com.ar\/index.php\/wp-json\/wp\/v2\/posts\/91040\/revisions"}],"predecessor-version":[{"id":91045,"href":"https:\/\/infoecos.com.ar\/index.php\/wp-json\/wp\/v2\/posts\/91040\/revisions\/91045"}],"wp:featuredmedia":[{"embeddable":true,"href":"https:\/\/infoecos.com.ar\/index.php\/wp-json\/wp\/v2\/media\/91041"}],"wp:attachment":[{"href":"https:\/\/infoecos.com.ar\/index.php\/wp-json\/wp\/v2\/media?parent=91040"}],"wp:term":[{"taxonomy":"category","embeddable":true,"href":"https:\/\/infoecos.com.ar\/index.php\/wp-json\/wp\/v2\/categories?post=91040"},{"taxonomy":"post_tag","embeddable":true,"href":"https:\/\/infoecos.com.ar\/index.php\/wp-json\/wp\/v2\/tags?post=91040"}],"curies":[{"name":"wp","href":"https:\/\/api.w.org\/{rel}","templated":true}]}}