{"id":91050,"date":"2022-04-16T21:42:53","date_gmt":"2022-04-17T00:42:53","guid":{"rendered":"http:\/\/infoecos.com.ar\/?p=91050"},"modified":"2022-04-21T19:41:45","modified_gmt":"2022-04-21T22:41:45","slug":"pablo-perez-zabala-palito-presentara-el-30-de-abril-su-nueva-obra-discografica-dejate-de-joder","status":"publish","type":"post","link":"https:\/\/infoecos.com.ar\/index.php\/pablo-perez-zabala-palito-presentara-el-30-de-abril-su-nueva-obra-discografica-dejate-de-joder\/","title":{"rendered":"Pablo P\u00e9rez Zabala (Palito) presentar\u00e1 el 30 de Abril su nueva obra discogr\u00e1fica: Dejate de Joder"},"content":{"rendered":"\n<p>La actividad cultural tambi\u00e9n est\u00e1 a full en los \u00faltimos tiempos en Trenque Lauquen. No solo ha sido la morigeraci\u00f3n de la pandemia, sino tambi\u00e9n la renovada puesta en marcha del Teatro Espa\u00f1ol. <\/p>\n\n\n\n<p>El pr\u00f3ximo s\u00e1bado 30 de Abril se presenta Pablo P\u00e9rez Zabala (Palito). De profesi\u00f3n m\u00e9dico, m\u00fasico de alma, presentar\u00e1 su nueva obra discogr\u00e1fica denominada \u00abDejate de Joder\u00bb. Ser\u00e1 a partir de las 21.30. A los artistas invitados se sumar\u00e1 su hermano, Juan Carlos, de reconocida trayectoria en el \u00e1mbito de la arquitectura en la ciudad de Buenos Aires, otros lugares del pa\u00eds e inclusive a nivel internacional. Con \u00e9l conformaban una banda en sus \u00e9pocas de estudiante. Volver\u00e1n a compartir escenario en forma p\u00fablica.<\/p>\n\n\n\n<div class=\"wp-block-image\"><figure class=\"aligncenter size-large\"><img loading=\"lazy\" decoding=\"async\" width=\"651\" height=\"920\" src=\"http:\/\/infoecos.com.ar\/wp-content\/uploads\/2022\/04\/277512618_5196622077027950_6287923499108460299_n-651x920.jpg\" alt=\"\" class=\"wp-image-91051\" srcset=\"https:\/\/infoecos.com.ar\/wp-content\/uploads\/2022\/04\/277512618_5196622077027950_6287923499108460299_n-651x920.jpg 651w, https:\/\/infoecos.com.ar\/wp-content\/uploads\/2022\/04\/277512618_5196622077027950_6287923499108460299_n-325x460.jpg 325w, https:\/\/infoecos.com.ar\/wp-content\/uploads\/2022\/04\/277512618_5196622077027950_6287923499108460299_n-768x1086.jpg 768w, https:\/\/infoecos.com.ar\/wp-content\/uploads\/2022\/04\/277512618_5196622077027950_6287923499108460299_n.jpg 843w\" sizes=\"(max-width: 651px) 100vw, 651px\" \/><\/figure><\/div>\n","protected":false},"excerpt":{"rendered":"<p>A los artistas invitados se sumar\u00e1 su hermano, Juan Carlos, de reconocida trayectoria en el \u00e1mbito de la arquitectura en la ciudad de Buenos Aires, otros lugares del pa\u00eds e inclusive a nivel internacional<\/p>\n","protected":false},"author":2,"featured_media":91054,"comment_status":"closed","ping_status":"open","sticky":false,"template":"","format":"standard","meta":{"footnotes":""},"categories":[43],"tags":[4208],"class_list":["post-91050","post","type-post","status-publish","format-standard","has-post-thumbnail","hentry","category-inferior4","tag-cultura-trenquelauquense"],"yoast_head":"<!-- This site is optimized with the Yoast SEO plugin v23.4 - https:\/\/yoast.com\/wordpress\/plugins\/seo\/ -->\n<title>Pablo P\u00e9rez Zabala (Palito) presentar\u00e1 el 30 de Abril su nueva obra discogr\u00e1fica: Dejate de Joder - Infoecos<\/title>\n<meta name=\"robots\" content=\"index, follow, max-snippet:-1, max-image-preview:large, max-video-preview:-1\" \/>\n<link rel=\"canonical\" href=\"https:\/\/infoecos.com.ar\/index.php\/pablo-perez-zabala-palito-presentara-el-30-de-abril-su-nueva-obra-discografica-dejate-de-joder\/\" \/>\n<meta property=\"og:locale\" content=\"es_ES\" \/>\n<meta property=\"og:type\" content=\"article\" \/>\n<meta property=\"og:title\" content=\"Pablo P\u00e9rez Zabala (Palito) presentar\u00e1 el 30 de Abril su nueva obra discogr\u00e1fica: Dejate de Joder - Infoecos\" \/>\n<meta property=\"og:description\" content=\"A los artistas invitados se sumar\u00e1 su hermano, Juan Carlos, de reconocida trayectoria en el \u00e1mbito de la arquitectura en la ciudad de Buenos Aires, otros lugares del pa\u00eds e inclusive a nivel internacional\" \/>\n<meta property=\"og:url\" content=\"https:\/\/infoecos.com.ar\/index.php\/pablo-perez-zabala-palito-presentara-el-30-de-abril-su-nueva-obra-discografica-dejate-de-joder\/\" \/>\n<meta property=\"og:site_name\" content=\"Infoecos\" \/>\n<meta property=\"article:publisher\" content=\"https:\/\/www.facebook.com\/profile.php?id=100063200290284\" \/>\n<meta property=\"article:published_time\" content=\"2022-04-17T00:42:53+00:00\" \/>\n<meta property=\"article:modified_time\" content=\"2022-04-21T22:41:45+00:00\" \/>\n<meta property=\"og:image\" content=\"https:\/\/infoecos.com.ar\/wp-content\/uploads\/2022\/04\/72703900_1168373130025712_7019515289532366848_n.jpg\" \/>\n\t<meta property=\"og:image:width\" content=\"1930\" \/>\n\t<meta property=\"og:image:height\" content=\"1285\" \/>\n\t<meta property=\"og:image:type\" content=\"image\/jpeg\" \/>\n<meta name=\"author\" content=\"Jorge Matheus\" \/>\n<meta name=\"twitter:card\" content=\"summary_large_image\" \/>\n<meta name=\"twitter:creator\" content=\"@infoecos\" \/>\n<meta name=\"twitter:site\" content=\"@infoecos\" \/>\n<meta name=\"twitter:label1\" content=\"Escrito por\" \/>\n\t<meta name=\"twitter:data1\" content=\"Jorge Matheus\" \/>\n\t<meta name=\"twitter:label2\" content=\"Tiempo de lectura\" \/>\n\t<meta name=\"twitter:data2\" content=\"1 minuto\" \/>\n<script type=\"application\/ld+json\" class=\"yoast-schema-graph\">{\"@context\":\"https:\/\/schema.org\",\"@graph\":[{\"@type\":\"Article\",\"@id\":\"https:\/\/infoecos.com.ar\/index.php\/pablo-perez-zabala-palito-presentara-el-30-de-abril-su-nueva-obra-discografica-dejate-de-joder\/#article\",\"isPartOf\":{\"@id\":\"https:\/\/infoecos.com.ar\/index.php\/pablo-perez-zabala-palito-presentara-el-30-de-abril-su-nueva-obra-discografica-dejate-de-joder\/\"},\"author\":{\"name\":\"Jorge Matheus\",\"@id\":\"https:\/\/infoecos.com.ar\/#\/schema\/person\/8f5ace5ce73b4b4aac4b7245aee6f191\"},\"headline\":\"Pablo P\u00e9rez Zabala (Palito) presentar\u00e1 el 30 de Abril su nueva obra discogr\u00e1fica: Dejate de Joder\",\"datePublished\":\"2022-04-17T00:42:53+00:00\",\"dateModified\":\"2022-04-21T22:41:45+00:00\",\"mainEntityOfPage\":{\"@id\":\"https:\/\/infoecos.com.ar\/index.php\/pablo-perez-zabala-palito-presentara-el-30-de-abril-su-nueva-obra-discografica-dejate-de-joder\/\"},\"wordCount\":146,\"publisher\":{\"@id\":\"https:\/\/infoecos.com.ar\/#organization\"},\"image\":{\"@id\":\"https:\/\/infoecos.com.ar\/index.php\/pablo-perez-zabala-palito-presentara-el-30-de-abril-su-nueva-obra-discografica-dejate-de-joder\/#primaryimage\"},\"thumbnailUrl\":\"https:\/\/infoecos.com.ar\/wp-content\/uploads\/2022\/04\/72703900_1168373130025712_7019515289532366848_n.jpg\",\"keywords\":[\"CULTURA TRENQUELAUQUENSE\"],\"articleSection\":[\"Bloque inferior - 4\"],\"inLanguage\":\"es\"},{\"@type\":\"WebPage\",\"@id\":\"https:\/\/infoecos.com.ar\/index.php\/pablo-perez-zabala-palito-presentara-el-30-de-abril-su-nueva-obra-discografica-dejate-de-joder\/\",\"url\":\"https:\/\/infoecos.com.ar\/index.php\/pablo-perez-zabala-palito-presentara-el-30-de-abril-su-nueva-obra-discografica-dejate-de-joder\/\",\"name\":\"Pablo P\u00e9rez Zabala (Palito) presentar\u00e1 el 30 de Abril su nueva obra discogr\u00e1fica: Dejate de Joder - Infoecos\",\"isPartOf\":{\"@id\":\"https:\/\/infoecos.com.ar\/#website\"},\"primaryImageOfPage\":{\"@id\":\"https:\/\/infoecos.com.ar\/index.php\/pablo-perez-zabala-palito-presentara-el-30-de-abril-su-nueva-obra-discografica-dejate-de-joder\/#primaryimage\"},\"image\":{\"@id\":\"https:\/\/infoecos.com.ar\/index.php\/pablo-perez-zabala-palito-presentara-el-30-de-abril-su-nueva-obra-discografica-dejate-de-joder\/#primaryimage\"},\"thumbnailUrl\":\"https:\/\/infoecos.com.ar\/wp-content\/uploads\/2022\/04\/72703900_1168373130025712_7019515289532366848_n.jpg\",\"datePublished\":\"2022-04-17T00:42:53+00:00\",\"dateModified\":\"2022-04-21T22:41:45+00:00\",\"breadcrumb\":{\"@id\":\"https:\/\/infoecos.com.ar\/index.php\/pablo-perez-zabala-palito-presentara-el-30-de-abril-su-nueva-obra-discografica-dejate-de-joder\/#breadcrumb\"},\"inLanguage\":\"es\",\"potentialAction\":[{\"@type\":\"ReadAction\",\"target\":[\"https:\/\/infoecos.com.ar\/index.php\/pablo-perez-zabala-palito-presentara-el-30-de-abril-su-nueva-obra-discografica-dejate-de-joder\/\"]}]},{\"@type\":\"ImageObject\",\"inLanguage\":\"es\",\"@id\":\"https:\/\/infoecos.com.ar\/index.php\/pablo-perez-zabala-palito-presentara-el-30-de-abril-su-nueva-obra-discografica-dejate-de-joder\/#primaryimage\",\"url\":\"https:\/\/infoecos.com.ar\/wp-content\/uploads\/2022\/04\/72703900_1168373130025712_7019515289532366848_n.jpg\",\"contentUrl\":\"https:\/\/infoecos.com.ar\/wp-content\/uploads\/2022\/04\/72703900_1168373130025712_7019515289532366848_n.jpg\",\"width\":1930,\"height\":1285},{\"@type\":\"BreadcrumbList\",\"@id\":\"https:\/\/infoecos.com.ar\/index.php\/pablo-perez-zabala-palito-presentara-el-30-de-abril-su-nueva-obra-discografica-dejate-de-joder\/#breadcrumb\",\"itemListElement\":[{\"@type\":\"ListItem\",\"position\":1,\"name\":\"Portada\",\"item\":\"https:\/\/infoecos.com.ar\/\"},{\"@type\":\"ListItem\",\"position\":2,\"name\":\"Pablo P\u00e9rez Zabala (Palito) presentar\u00e1 el 30 de Abril su nueva obra discogr\u00e1fica: Dejate de Joder\"}]},{\"@type\":\"WebSite\",\"@id\":\"https:\/\/infoecos.com.ar\/#website\",\"url\":\"https:\/\/infoecos.com.ar\/\",\"name\":\"Infoecos\",\"description\":\"Noticias de trenque lauquen y la zona\",\"publisher\":{\"@id\":\"https:\/\/infoecos.com.ar\/#organization\"},\"alternateName\":\"Noticias\",\"potentialAction\":[{\"@type\":\"SearchAction\",\"target\":{\"@type\":\"EntryPoint\",\"urlTemplate\":\"https:\/\/infoecos.com.ar\/?s={search_term_string}\"},\"query-input\":{\"@type\":\"PropertyValueSpecification\",\"valueRequired\":true,\"valueName\":\"search_term_string\"}}],\"inLanguage\":\"es\"},{\"@type\":\"Organization\",\"@id\":\"https:\/\/infoecos.com.ar\/#organization\",\"name\":\"Infoecos\",\"alternateName\":\"Noticias\",\"url\":\"https:\/\/infoecos.com.ar\/\",\"logo\":{\"@type\":\"ImageObject\",\"inLanguage\":\"es\",\"@id\":\"https:\/\/infoecos.com.ar\/#\/schema\/logo\/image\/\",\"url\":\"https:\/\/infoecos.com.ar\/wp-content\/uploads\/2024\/03\/cropped-logo.png\",\"contentUrl\":\"https:\/\/infoecos.com.ar\/wp-content\/uploads\/2024\/03\/cropped-logo.png\",\"width\":374,\"height\":90,\"caption\":\"Infoecos\"},\"image\":{\"@id\":\"https:\/\/infoecos.com.ar\/#\/schema\/logo\/image\/\"},\"sameAs\":[\"https:\/\/www.facebook.com\/profile.php?id=100063200290284\",\"https:\/\/x.com\/infoecos\"]},{\"@type\":\"Person\",\"@id\":\"https:\/\/infoecos.com.ar\/#\/schema\/person\/8f5ace5ce73b4b4aac4b7245aee6f191\",\"name\":\"Jorge Matheus\",\"url\":\"https:\/\/infoecos.com.ar\/index.php\/author\/jomatheus\/\"}]}<\/script>\n<!-- \/ Yoast SEO plugin. -->","yoast_head_json":{"title":"Pablo P\u00e9rez Zabala (Palito) presentar\u00e1 el 30 de Abril su nueva obra discogr\u00e1fica: Dejate de Joder - Infoecos","robots":{"index":"index","follow":"follow","max-snippet":"max-snippet:-1","max-image-preview":"max-image-preview:large","max-video-preview":"max-video-preview:-1"},"canonical":"https:\/\/infoecos.com.ar\/index.php\/pablo-perez-zabala-palito-presentara-el-30-de-abril-su-nueva-obra-discografica-dejate-de-joder\/","og_locale":"es_ES","og_type":"article","og_title":"Pablo P\u00e9rez Zabala (Palito) presentar\u00e1 el 30 de Abril su nueva obra discogr\u00e1fica: Dejate de Joder - Infoecos","og_description":"A los artistas invitados se sumar\u00e1 su hermano, Juan Carlos, de reconocida trayectoria en el \u00e1mbito de la arquitectura en la ciudad de Buenos Aires, otros lugares del pa\u00eds e inclusive a nivel internacional","og_url":"https:\/\/infoecos.com.ar\/index.php\/pablo-perez-zabala-palito-presentara-el-30-de-abril-su-nueva-obra-discografica-dejate-de-joder\/","og_site_name":"Infoecos","article_publisher":"https:\/\/www.facebook.com\/profile.php?id=100063200290284","article_published_time":"2022-04-17T00:42:53+00:00","article_modified_time":"2022-04-21T22:41:45+00:00","og_image":[{"width":1930,"height":1285,"url":"https:\/\/infoecos.com.ar\/wp-content\/uploads\/2022\/04\/72703900_1168373130025712_7019515289532366848_n.jpg","type":"image\/jpeg"}],"author":"Jorge Matheus","twitter_card":"summary_large_image","twitter_creator":"@infoecos","twitter_site":"@infoecos","twitter_misc":{"Escrito por":"Jorge Matheus","Tiempo de lectura":"1 minuto"},"schema":{"@context":"https:\/\/schema.org","@graph":[{"@type":"Article","@id":"https:\/\/infoecos.com.ar\/index.php\/pablo-perez-zabala-palito-presentara-el-30-de-abril-su-nueva-obra-discografica-dejate-de-joder\/#article","isPartOf":{"@id":"https:\/\/infoecos.com.ar\/index.php\/pablo-perez-zabala-palito-presentara-el-30-de-abril-su-nueva-obra-discografica-dejate-de-joder\/"},"author":{"name":"Jorge Matheus","@id":"https:\/\/infoecos.com.ar\/#\/schema\/person\/8f5ace5ce73b4b4aac4b7245aee6f191"},"headline":"Pablo P\u00e9rez Zabala (Palito) presentar\u00e1 el 30 de Abril su nueva obra discogr\u00e1fica: Dejate de Joder","datePublished":"2022-04-17T00:42:53+00:00","dateModified":"2022-04-21T22:41:45+00:00","mainEntityOfPage":{"@id":"https:\/\/infoecos.com.ar\/index.php\/pablo-perez-zabala-palito-presentara-el-30-de-abril-su-nueva-obra-discografica-dejate-de-joder\/"},"wordCount":146,"publisher":{"@id":"https:\/\/infoecos.com.ar\/#organization"},"image":{"@id":"https:\/\/infoecos.com.ar\/index.php\/pablo-perez-zabala-palito-presentara-el-30-de-abril-su-nueva-obra-discografica-dejate-de-joder\/#primaryimage"},"thumbnailUrl":"https:\/\/infoecos.com.ar\/wp-content\/uploads\/2022\/04\/72703900_1168373130025712_7019515289532366848_n.jpg","keywords":["CULTURA TRENQUELAUQUENSE"],"articleSection":["Bloque inferior - 4"],"inLanguage":"es"},{"@type":"WebPage","@id":"https:\/\/infoecos.com.ar\/index.php\/pablo-perez-zabala-palito-presentara-el-30-de-abril-su-nueva-obra-discografica-dejate-de-joder\/","url":"https:\/\/infoecos.com.ar\/index.php\/pablo-perez-zabala-palito-presentara-el-30-de-abril-su-nueva-obra-discografica-dejate-de-joder\/","name":"Pablo P\u00e9rez Zabala (Palito) presentar\u00e1 el 30 de Abril su nueva obra discogr\u00e1fica: Dejate de Joder - Infoecos","isPartOf":{"@id":"https:\/\/infoecos.com.ar\/#website"},"primaryImageOfPage":{"@id":"https:\/\/infoecos.com.ar\/index.php\/pablo-perez-zabala-palito-presentara-el-30-de-abril-su-nueva-obra-discografica-dejate-de-joder\/#primaryimage"},"image":{"@id":"https:\/\/infoecos.com.ar\/index.php\/pablo-perez-zabala-palito-presentara-el-30-de-abril-su-nueva-obra-discografica-dejate-de-joder\/#primaryimage"},"thumbnailUrl":"https:\/\/infoecos.com.ar\/wp-content\/uploads\/2022\/04\/72703900_1168373130025712_7019515289532366848_n.jpg","datePublished":"2022-04-17T00:42:53+00:00","dateModified":"2022-04-21T22:41:45+00:00","breadcrumb":{"@id":"https:\/\/infoecos.com.ar\/index.php\/pablo-perez-zabala-palito-presentara-el-30-de-abril-su-nueva-obra-discografica-dejate-de-joder\/#breadcrumb"},"inLanguage":"es","potentialAction":[{"@type":"ReadAction","target":["https:\/\/infoecos.com.ar\/index.php\/pablo-perez-zabala-palito-presentara-el-30-de-abril-su-nueva-obra-discografica-dejate-de-joder\/"]}]},{"@type":"ImageObject","inLanguage":"es","@id":"https:\/\/infoecos.com.ar\/index.php\/pablo-perez-zabala-palito-presentara-el-30-de-abril-su-nueva-obra-discografica-dejate-de-joder\/#primaryimage","url":"https:\/\/infoecos.com.ar\/wp-content\/uploads\/2022\/04\/72703900_1168373130025712_7019515289532366848_n.jpg","contentUrl":"https:\/\/infoecos.com.ar\/wp-content\/uploads\/2022\/04\/72703900_1168373130025712_7019515289532366848_n.jpg","width":1930,"height":1285},{"@type":"BreadcrumbList","@id":"https:\/\/infoecos.com.ar\/index.php\/pablo-perez-zabala-palito-presentara-el-30-de-abril-su-nueva-obra-discografica-dejate-de-joder\/#breadcrumb","itemListElement":[{"@type":"ListItem","position":1,"name":"Portada","item":"https:\/\/infoecos.com.ar\/"},{"@type":"ListItem","position":2,"name":"Pablo P\u00e9rez Zabala (Palito) presentar\u00e1 el 30 de Abril su nueva obra discogr\u00e1fica: Dejate de Joder"}]},{"@type":"WebSite","@id":"https:\/\/infoecos.com.ar\/#website","url":"https:\/\/infoecos.com.ar\/","name":"Infoecos","description":"Noticias de trenque lauquen y la zona","publisher":{"@id":"https:\/\/infoecos.com.ar\/#organization"},"alternateName":"Noticias","potentialAction":[{"@type":"SearchAction","target":{"@type":"EntryPoint","urlTemplate":"https:\/\/infoecos.com.ar\/?s={search_term_string}"},"query-input":{"@type":"PropertyValueSpecification","valueRequired":true,"valueName":"search_term_string"}}],"inLanguage":"es"},{"@type":"Organization","@id":"https:\/\/infoecos.com.ar\/#organization","name":"Infoecos","alternateName":"Noticias","url":"https:\/\/infoecos.com.ar\/","logo":{"@type":"ImageObject","inLanguage":"es","@id":"https:\/\/infoecos.com.ar\/#\/schema\/logo\/image\/","url":"https:\/\/infoecos.com.ar\/wp-content\/uploads\/2024\/03\/cropped-logo.png","contentUrl":"https:\/\/infoecos.com.ar\/wp-content\/uploads\/2024\/03\/cropped-logo.png","width":374,"height":90,"caption":"Infoecos"},"image":{"@id":"https:\/\/infoecos.com.ar\/#\/schema\/logo\/image\/"},"sameAs":["https:\/\/www.facebook.com\/profile.php?id=100063200290284","https:\/\/x.com\/infoecos"]},{"@type":"Person","@id":"https:\/\/infoecos.com.ar\/#\/schema\/person\/8f5ace5ce73b4b4aac4b7245aee6f191","name":"Jorge Matheus","url":"https:\/\/infoecos.com.ar\/index.php\/author\/jomatheus\/"}]}},"featured_image_urls":{"full":["https:\/\/infoecos.com.ar\/wp-content\/uploads\/2022\/04\/72703900_1168373130025712_7019515289532366848_n.jpg",1930,1285,false],"thumbnail":["https:\/\/infoecos.com.ar\/wp-content\/uploads\/2022\/04\/72703900_1168373130025712_7019515289532366848_n-150x150.jpg",150,150,true],"medium":["https:\/\/infoecos.com.ar\/wp-content\/uploads\/2022\/04\/72703900_1168373130025712_7019515289532366848_n-460x306.jpg",460,306,true],"medium_large":["https:\/\/infoecos.com.ar\/wp-content\/uploads\/2022\/04\/72703900_1168373130025712_7019515289532366848_n-768x511.jpg",640,426,true],"large":["https:\/\/infoecos.com.ar\/wp-content\/uploads\/2022\/04\/72703900_1168373130025712_7019515289532366848_n-920x613.jpg",640,426,true],"1536x1536":["https:\/\/infoecos.com.ar\/wp-content\/uploads\/2022\/04\/72703900_1168373130025712_7019515289532366848_n-1536x1023.jpg",1536,1023,true],"2048x2048":["https:\/\/infoecos.com.ar\/wp-content\/uploads\/2022\/04\/72703900_1168373130025712_7019515289532366848_n.jpg",1930,1285,false],"covernews-slider-full":["https:\/\/infoecos.com.ar\/wp-content\/uploads\/2022\/04\/72703900_1168373130025712_7019515289532366848_n-1536x1020.jpg",1077,715,true],"covernews-slider-center":["https:\/\/infoecos.com.ar\/wp-content\/uploads\/2022\/04\/72703900_1168373130025712_7019515289532366848_n-936x897.jpg",522,500,true],"covernews-featured":["https:\/\/infoecos.com.ar\/wp-content\/uploads\/2022\/04\/72703900_1168373130025712_7019515289532366848_n-1024x682.jpg",1024,682,true],"covernews-medium":["https:\/\/infoecos.com.ar\/wp-content\/uploads\/2022\/04\/72703900_1168373130025712_7019515289532366848_n-720x380.jpg",540,285,true],"covernews-medium-square":["https:\/\/infoecos.com.ar\/wp-content\/uploads\/2022\/04\/72703900_1168373130025712_7019515289532366848_n-675x450.jpg",375,250,true]},"author_info":{"info":["Jorge Matheus"]},"category_info":"<a href=\"https:\/\/infoecos.com.ar\/index.php\/category\/inferior4\/\" rel=\"category tag\">Bloque inferior - 4<\/a>","tag_info":"Bloque inferior - 4","comment_count":"0","_links":{"self":[{"href":"https:\/\/infoecos.com.ar\/index.php\/wp-json\/wp\/v2\/posts\/91050"}],"collection":[{"href":"https:\/\/infoecos.com.ar\/index.php\/wp-json\/wp\/v2\/posts"}],"about":[{"href":"https:\/\/infoecos.com.ar\/index.php\/wp-json\/wp\/v2\/types\/post"}],"author":[{"embeddable":true,"href":"https:\/\/infoecos.com.ar\/index.php\/wp-json\/wp\/v2\/users\/2"}],"replies":[{"embeddable":true,"href":"https:\/\/infoecos.com.ar\/index.php\/wp-json\/wp\/v2\/comments?post=91050"}],"version-history":[{"count":1,"href":"https:\/\/infoecos.com.ar\/index.php\/wp-json\/wp\/v2\/posts\/91050\/revisions"}],"predecessor-version":[{"id":91052,"href":"https:\/\/infoecos.com.ar\/index.php\/wp-json\/wp\/v2\/posts\/91050\/revisions\/91052"}],"wp:featuredmedia":[{"embeddable":true,"href":"https:\/\/infoecos.com.ar\/index.php\/wp-json\/wp\/v2\/media\/91054"}],"wp:attachment":[{"href":"https:\/\/infoecos.com.ar\/index.php\/wp-json\/wp\/v2\/media?parent=91050"}],"wp:term":[{"taxonomy":"category","embeddable":true,"href":"https:\/\/infoecos.com.ar\/index.php\/wp-json\/wp\/v2\/categories?post=91050"},{"taxonomy":"post_tag","embeddable":true,"href":"https:\/\/infoecos.com.ar\/index.php\/wp-json\/wp\/v2\/tags?post=91050"}],"curies":[{"name":"wp","href":"https:\/\/api.w.org\/{rel}","templated":true}]}}