{"id":91103,"date":"2022-04-17T16:43:27","date_gmt":"2022-04-17T19:43:27","guid":{"rendered":"http:\/\/infoecos.com.ar\/?p=91103"},"modified":"2022-04-18T19:04:25","modified_gmt":"2022-04-18T22:04:25","slug":"fallecieron-dos-conocidos-vecinos-de-trenque-lauquen-jorge-ruano-lobosco-y-jorge-george-sinclair","status":"publish","type":"post","link":"https:\/\/infoecos.com.ar\/index.php\/fallecieron-dos-conocidos-vecinos-de-trenque-lauquen-jorge-ruano-lobosco-y-jorge-george-sinclair\/","title":{"rendered":"Fallecieron dos conocidos vecinos de Trenque Lauquen: Jorge \u00abRuano\u00bb Lobosco y Jorge \u00abGeorge\u00bb Sinclair"},"content":{"rendered":"\n<p>Dos fallecimientos que pegan en los afectos de muchos sectores de la comunidad de Trenque Lauquen se produjeron este s\u00e1bado.<\/p>\n\n\n\n<div class=\"wp-block-image\"><figure class=\"aligncenter size-large is-resized\"><img loading=\"lazy\" decoding=\"async\" src=\"http:\/\/infoecos.com.ar\/wp-content\/uploads\/2022\/04\/cementerio.jpg\" alt=\"\" class=\"wp-image-91104\" width=\"586\" height=\"440\" srcset=\"https:\/\/infoecos.com.ar\/wp-content\/uploads\/2022\/04\/cementerio.jpg 480w, https:\/\/infoecos.com.ar\/wp-content\/uploads\/2022\/04\/cementerio-460x345.jpg 460w\" sizes=\"(max-width: 586px) 100vw, 586px\" \/><\/figure><\/div>\n\n\n\n<p>Impact\u00f3 sensiblemente la desaparici\u00f3n f\u00edsica de un conocido vecino de la barriada del club Tres Llantas. Se trata de Jorge \u00abRuano\u00bb Lobosco. Ten\u00eda 77 a\u00f1os. Sus restos fueron sepultados el domingo a las 11.30. Lobosco era de esos personajes que se granjean el afecto gracias a su compromiso con los amigos y vecinos. Simp\u00e1tico y varios tomos de an\u00e9cdotas ha dejado en la comunidad. Es el padre del conocido deportista y comerciante local, Javier Lobosco. <\/p>\n\n\n\n<p>En tanto, luego de haber estado internado en la ciudad de Buenos Aires, adonde hab\u00eda sido trasladado para una m\u00e1s compleja atenci\u00f3n, y ya en Trenque Lauquen, al padecer problemas de circulaci\u00f3n y Epoc, falleci\u00f3 el doctor Jorge \u00abGeorge\u00bb Sinclair. Ten\u00eda 76 a\u00f1os. Sus restos fueron sepultados, este domingo, a las 11 horas.<\/p>\n\n\n\n<p>Ampliamente conocido en el \u00e1mbito profesional y en la sociedad de la regi\u00f3n, Sinclair era el propietario de un centro de diagn\u00f3stico por im\u00e1genes aleda\u00f1o a la Cl\u00ednica Garc\u00eda Salinas, que integraba como uno de los miembros del directorio.<\/p>\n\n\n\n<p>La noticia sobre la muerte de los vecinos se divulg\u00f3 a trav\u00e9s de las redes sociales y tambi\u00e9n de la p\u00e1gina que posee la Cooperativa de Electricidad de Trenque Lauquen. <\/p>\n\n\n\n<p><\/p>\n","protected":false},"excerpt":{"rendered":"<p>La noticia sobre la muerte de los vecinos se divulg\u00f3 a trav\u00e9s de las redes sociales y tambi\u00e9n de la p\u00e1gina que posee la Cooperativa de Electricidad de Trenque Lauquen<\/p>\n","protected":false},"author":2,"featured_media":91105,"comment_status":"closed","ping_status":"open","sticky":false,"template":"","format":"standard","meta":{"footnotes":""},"categories":[43],"tags":[5839],"class_list":["post-91103","post","type-post","status-publish","format-standard","has-post-thumbnail","hentry","category-inferior4","tag-marcada-repercusion-social"],"yoast_head":"<!-- This site is optimized with the Yoast SEO plugin v23.4 - https:\/\/yoast.com\/wordpress\/plugins\/seo\/ -->\n<title>Fallecieron dos conocidos vecinos de Trenque Lauquen: Jorge &quot;Ruano&quot; Lobosco y Jorge &quot;George&quot; Sinclair - Infoecos<\/title>\n<meta name=\"robots\" content=\"index, follow, max-snippet:-1, max-image-preview:large, max-video-preview:-1\" \/>\n<link rel=\"canonical\" href=\"https:\/\/infoecos.com.ar\/index.php\/fallecieron-dos-conocidos-vecinos-de-trenque-lauquen-jorge-ruano-lobosco-y-jorge-george-sinclair\/\" \/>\n<meta property=\"og:locale\" content=\"es_ES\" \/>\n<meta property=\"og:type\" content=\"article\" \/>\n<meta property=\"og:title\" content=\"Fallecieron dos conocidos vecinos de Trenque Lauquen: Jorge &quot;Ruano&quot; Lobosco y Jorge &quot;George&quot; Sinclair - Infoecos\" \/>\n<meta property=\"og:description\" content=\"La noticia sobre la muerte de los vecinos se divulg\u00f3 a trav\u00e9s de las redes sociales y tambi\u00e9n de la p\u00e1gina que posee la Cooperativa de Electricidad de Trenque Lauquen\" \/>\n<meta property=\"og:url\" content=\"https:\/\/infoecos.com.ar\/index.php\/fallecieron-dos-conocidos-vecinos-de-trenque-lauquen-jorge-ruano-lobosco-y-jorge-george-sinclair\/\" \/>\n<meta property=\"og:site_name\" content=\"Infoecos\" \/>\n<meta property=\"article:publisher\" content=\"https:\/\/www.facebook.com\/profile.php?id=100063200290284\" \/>\n<meta property=\"article:published_time\" content=\"2022-04-17T19:43:27+00:00\" \/>\n<meta property=\"article:modified_time\" content=\"2022-04-18T22:04:25+00:00\" \/>\n<meta property=\"og:image\" content=\"https:\/\/infoecos.com.ar\/wp-content\/uploads\/2022\/04\/SalasVelatorias.jpg\" \/>\n\t<meta property=\"og:image:width\" content=\"350\" \/>\n\t<meta property=\"og:image:height\" content=\"263\" \/>\n\t<meta property=\"og:image:type\" content=\"image\/jpeg\" \/>\n<meta name=\"author\" content=\"Jorge Matheus\" \/>\n<meta name=\"twitter:card\" content=\"summary_large_image\" \/>\n<meta name=\"twitter:creator\" content=\"@infoecos\" \/>\n<meta name=\"twitter:site\" content=\"@infoecos\" \/>\n<meta name=\"twitter:label1\" content=\"Escrito por\" \/>\n\t<meta name=\"twitter:data1\" content=\"Jorge Matheus\" \/>\n\t<meta name=\"twitter:label2\" content=\"Tiempo de lectura\" \/>\n\t<meta name=\"twitter:data2\" content=\"1 minuto\" \/>\n<script type=\"application\/ld+json\" class=\"yoast-schema-graph\">{\"@context\":\"https:\/\/schema.org\",\"@graph\":[{\"@type\":\"Article\",\"@id\":\"https:\/\/infoecos.com.ar\/index.php\/fallecieron-dos-conocidos-vecinos-de-trenque-lauquen-jorge-ruano-lobosco-y-jorge-george-sinclair\/#article\",\"isPartOf\":{\"@id\":\"https:\/\/infoecos.com.ar\/index.php\/fallecieron-dos-conocidos-vecinos-de-trenque-lauquen-jorge-ruano-lobosco-y-jorge-george-sinclair\/\"},\"author\":{\"name\":\"Jorge Matheus\",\"@id\":\"https:\/\/infoecos.com.ar\/#\/schema\/person\/8f5ace5ce73b4b4aac4b7245aee6f191\"},\"headline\":\"Fallecieron dos conocidos vecinos de Trenque Lauquen: Jorge \u00abRuano\u00bb Lobosco y Jorge \u00abGeorge\u00bb Sinclair\",\"datePublished\":\"2022-04-17T19:43:27+00:00\",\"dateModified\":\"2022-04-18T22:04:25+00:00\",\"mainEntityOfPage\":{\"@id\":\"https:\/\/infoecos.com.ar\/index.php\/fallecieron-dos-conocidos-vecinos-de-trenque-lauquen-jorge-ruano-lobosco-y-jorge-george-sinclair\/\"},\"wordCount\":249,\"publisher\":{\"@id\":\"https:\/\/infoecos.com.ar\/#organization\"},\"image\":{\"@id\":\"https:\/\/infoecos.com.ar\/index.php\/fallecieron-dos-conocidos-vecinos-de-trenque-lauquen-jorge-ruano-lobosco-y-jorge-george-sinclair\/#primaryimage\"},\"thumbnailUrl\":\"https:\/\/infoecos.com.ar\/wp-content\/uploads\/2022\/04\/SalasVelatorias.jpg\",\"keywords\":[\"MARCADA REPERCUSI\u00d3N SOCIAL\"],\"articleSection\":[\"Bloque inferior - 4\"],\"inLanguage\":\"es\"},{\"@type\":\"WebPage\",\"@id\":\"https:\/\/infoecos.com.ar\/index.php\/fallecieron-dos-conocidos-vecinos-de-trenque-lauquen-jorge-ruano-lobosco-y-jorge-george-sinclair\/\",\"url\":\"https:\/\/infoecos.com.ar\/index.php\/fallecieron-dos-conocidos-vecinos-de-trenque-lauquen-jorge-ruano-lobosco-y-jorge-george-sinclair\/\",\"name\":\"Fallecieron dos conocidos vecinos de Trenque Lauquen: Jorge \\\"Ruano\\\" Lobosco y Jorge \\\"George\\\" Sinclair - Infoecos\",\"isPartOf\":{\"@id\":\"https:\/\/infoecos.com.ar\/#website\"},\"primaryImageOfPage\":{\"@id\":\"https:\/\/infoecos.com.ar\/index.php\/fallecieron-dos-conocidos-vecinos-de-trenque-lauquen-jorge-ruano-lobosco-y-jorge-george-sinclair\/#primaryimage\"},\"image\":{\"@id\":\"https:\/\/infoecos.com.ar\/index.php\/fallecieron-dos-conocidos-vecinos-de-trenque-lauquen-jorge-ruano-lobosco-y-jorge-george-sinclair\/#primaryimage\"},\"thumbnailUrl\":\"https:\/\/infoecos.com.ar\/wp-content\/uploads\/2022\/04\/SalasVelatorias.jpg\",\"datePublished\":\"2022-04-17T19:43:27+00:00\",\"dateModified\":\"2022-04-18T22:04:25+00:00\",\"breadcrumb\":{\"@id\":\"https:\/\/infoecos.com.ar\/index.php\/fallecieron-dos-conocidos-vecinos-de-trenque-lauquen-jorge-ruano-lobosco-y-jorge-george-sinclair\/#breadcrumb\"},\"inLanguage\":\"es\",\"potentialAction\":[{\"@type\":\"ReadAction\",\"target\":[\"https:\/\/infoecos.com.ar\/index.php\/fallecieron-dos-conocidos-vecinos-de-trenque-lauquen-jorge-ruano-lobosco-y-jorge-george-sinclair\/\"]}]},{\"@type\":\"ImageObject\",\"inLanguage\":\"es\",\"@id\":\"https:\/\/infoecos.com.ar\/index.php\/fallecieron-dos-conocidos-vecinos-de-trenque-lauquen-jorge-ruano-lobosco-y-jorge-george-sinclair\/#primaryimage\",\"url\":\"https:\/\/infoecos.com.ar\/wp-content\/uploads\/2022\/04\/SalasVelatorias.jpg\",\"contentUrl\":\"https:\/\/infoecos.com.ar\/wp-content\/uploads\/2022\/04\/SalasVelatorias.jpg\",\"width\":350,\"height\":263},{\"@type\":\"BreadcrumbList\",\"@id\":\"https:\/\/infoecos.com.ar\/index.php\/fallecieron-dos-conocidos-vecinos-de-trenque-lauquen-jorge-ruano-lobosco-y-jorge-george-sinclair\/#breadcrumb\",\"itemListElement\":[{\"@type\":\"ListItem\",\"position\":1,\"name\":\"Portada\",\"item\":\"https:\/\/infoecos.com.ar\/\"},{\"@type\":\"ListItem\",\"position\":2,\"name\":\"Fallecieron dos conocidos vecinos de Trenque Lauquen: Jorge \u00abRuano\u00bb Lobosco y Jorge \u00abGeorge\u00bb Sinclair\"}]},{\"@type\":\"WebSite\",\"@id\":\"https:\/\/infoecos.com.ar\/#website\",\"url\":\"https:\/\/infoecos.com.ar\/\",\"name\":\"Infoecos\",\"description\":\"Noticias de trenque lauquen y la zona\",\"publisher\":{\"@id\":\"https:\/\/infoecos.com.ar\/#organization\"},\"alternateName\":\"Noticias\",\"potentialAction\":[{\"@type\":\"SearchAction\",\"target\":{\"@type\":\"EntryPoint\",\"urlTemplate\":\"https:\/\/infoecos.com.ar\/?s={search_term_string}\"},\"query-input\":{\"@type\":\"PropertyValueSpecification\",\"valueRequired\":true,\"valueName\":\"search_term_string\"}}],\"inLanguage\":\"es\"},{\"@type\":\"Organization\",\"@id\":\"https:\/\/infoecos.com.ar\/#organization\",\"name\":\"Infoecos\",\"alternateName\":\"Noticias\",\"url\":\"https:\/\/infoecos.com.ar\/\",\"logo\":{\"@type\":\"ImageObject\",\"inLanguage\":\"es\",\"@id\":\"https:\/\/infoecos.com.ar\/#\/schema\/logo\/image\/\",\"url\":\"https:\/\/infoecos.com.ar\/wp-content\/uploads\/2024\/03\/cropped-logo.png\",\"contentUrl\":\"https:\/\/infoecos.com.ar\/wp-content\/uploads\/2024\/03\/cropped-logo.png\",\"width\":374,\"height\":90,\"caption\":\"Infoecos\"},\"image\":{\"@id\":\"https:\/\/infoecos.com.ar\/#\/schema\/logo\/image\/\"},\"sameAs\":[\"https:\/\/www.facebook.com\/profile.php?id=100063200290284\",\"https:\/\/x.com\/infoecos\"]},{\"@type\":\"Person\",\"@id\":\"https:\/\/infoecos.com.ar\/#\/schema\/person\/8f5ace5ce73b4b4aac4b7245aee6f191\",\"name\":\"Jorge Matheus\",\"url\":\"https:\/\/infoecos.com.ar\/index.php\/author\/jomatheus\/\"}]}<\/script>\n<!-- \/ Yoast SEO plugin. -->","yoast_head_json":{"title":"Fallecieron dos conocidos vecinos de Trenque Lauquen: Jorge \"Ruano\" Lobosco y Jorge \"George\" Sinclair - Infoecos","robots":{"index":"index","follow":"follow","max-snippet":"max-snippet:-1","max-image-preview":"max-image-preview:large","max-video-preview":"max-video-preview:-1"},"canonical":"https:\/\/infoecos.com.ar\/index.php\/fallecieron-dos-conocidos-vecinos-de-trenque-lauquen-jorge-ruano-lobosco-y-jorge-george-sinclair\/","og_locale":"es_ES","og_type":"article","og_title":"Fallecieron dos conocidos vecinos de Trenque Lauquen: Jorge \"Ruano\" Lobosco y Jorge \"George\" Sinclair - Infoecos","og_description":"La noticia sobre la muerte de los vecinos se divulg\u00f3 a trav\u00e9s de las redes sociales y tambi\u00e9n de la p\u00e1gina que posee la Cooperativa de Electricidad de Trenque Lauquen","og_url":"https:\/\/infoecos.com.ar\/index.php\/fallecieron-dos-conocidos-vecinos-de-trenque-lauquen-jorge-ruano-lobosco-y-jorge-george-sinclair\/","og_site_name":"Infoecos","article_publisher":"https:\/\/www.facebook.com\/profile.php?id=100063200290284","article_published_time":"2022-04-17T19:43:27+00:00","article_modified_time":"2022-04-18T22:04:25+00:00","og_image":[{"width":350,"height":263,"url":"https:\/\/infoecos.com.ar\/wp-content\/uploads\/2022\/04\/SalasVelatorias.jpg","type":"image\/jpeg"}],"author":"Jorge Matheus","twitter_card":"summary_large_image","twitter_creator":"@infoecos","twitter_site":"@infoecos","twitter_misc":{"Escrito por":"Jorge Matheus","Tiempo de lectura":"1 minuto"},"schema":{"@context":"https:\/\/schema.org","@graph":[{"@type":"Article","@id":"https:\/\/infoecos.com.ar\/index.php\/fallecieron-dos-conocidos-vecinos-de-trenque-lauquen-jorge-ruano-lobosco-y-jorge-george-sinclair\/#article","isPartOf":{"@id":"https:\/\/infoecos.com.ar\/index.php\/fallecieron-dos-conocidos-vecinos-de-trenque-lauquen-jorge-ruano-lobosco-y-jorge-george-sinclair\/"},"author":{"name":"Jorge Matheus","@id":"https:\/\/infoecos.com.ar\/#\/schema\/person\/8f5ace5ce73b4b4aac4b7245aee6f191"},"headline":"Fallecieron dos conocidos vecinos de Trenque Lauquen: Jorge \u00abRuano\u00bb Lobosco y Jorge \u00abGeorge\u00bb Sinclair","datePublished":"2022-04-17T19:43:27+00:00","dateModified":"2022-04-18T22:04:25+00:00","mainEntityOfPage":{"@id":"https:\/\/infoecos.com.ar\/index.php\/fallecieron-dos-conocidos-vecinos-de-trenque-lauquen-jorge-ruano-lobosco-y-jorge-george-sinclair\/"},"wordCount":249,"publisher":{"@id":"https:\/\/infoecos.com.ar\/#organization"},"image":{"@id":"https:\/\/infoecos.com.ar\/index.php\/fallecieron-dos-conocidos-vecinos-de-trenque-lauquen-jorge-ruano-lobosco-y-jorge-george-sinclair\/#primaryimage"},"thumbnailUrl":"https:\/\/infoecos.com.ar\/wp-content\/uploads\/2022\/04\/SalasVelatorias.jpg","keywords":["MARCADA REPERCUSI\u00d3N SOCIAL"],"articleSection":["Bloque inferior - 4"],"inLanguage":"es"},{"@type":"WebPage","@id":"https:\/\/infoecos.com.ar\/index.php\/fallecieron-dos-conocidos-vecinos-de-trenque-lauquen-jorge-ruano-lobosco-y-jorge-george-sinclair\/","url":"https:\/\/infoecos.com.ar\/index.php\/fallecieron-dos-conocidos-vecinos-de-trenque-lauquen-jorge-ruano-lobosco-y-jorge-george-sinclair\/","name":"Fallecieron dos conocidos vecinos de Trenque Lauquen: Jorge \"Ruano\" Lobosco y Jorge \"George\" Sinclair - Infoecos","isPartOf":{"@id":"https:\/\/infoecos.com.ar\/#website"},"primaryImageOfPage":{"@id":"https:\/\/infoecos.com.ar\/index.php\/fallecieron-dos-conocidos-vecinos-de-trenque-lauquen-jorge-ruano-lobosco-y-jorge-george-sinclair\/#primaryimage"},"image":{"@id":"https:\/\/infoecos.com.ar\/index.php\/fallecieron-dos-conocidos-vecinos-de-trenque-lauquen-jorge-ruano-lobosco-y-jorge-george-sinclair\/#primaryimage"},"thumbnailUrl":"https:\/\/infoecos.com.ar\/wp-content\/uploads\/2022\/04\/SalasVelatorias.jpg","datePublished":"2022-04-17T19:43:27+00:00","dateModified":"2022-04-18T22:04:25+00:00","breadcrumb":{"@id":"https:\/\/infoecos.com.ar\/index.php\/fallecieron-dos-conocidos-vecinos-de-trenque-lauquen-jorge-ruano-lobosco-y-jorge-george-sinclair\/#breadcrumb"},"inLanguage":"es","potentialAction":[{"@type":"ReadAction","target":["https:\/\/infoecos.com.ar\/index.php\/fallecieron-dos-conocidos-vecinos-de-trenque-lauquen-jorge-ruano-lobosco-y-jorge-george-sinclair\/"]}]},{"@type":"ImageObject","inLanguage":"es","@id":"https:\/\/infoecos.com.ar\/index.php\/fallecieron-dos-conocidos-vecinos-de-trenque-lauquen-jorge-ruano-lobosco-y-jorge-george-sinclair\/#primaryimage","url":"https:\/\/infoecos.com.ar\/wp-content\/uploads\/2022\/04\/SalasVelatorias.jpg","contentUrl":"https:\/\/infoecos.com.ar\/wp-content\/uploads\/2022\/04\/SalasVelatorias.jpg","width":350,"height":263},{"@type":"BreadcrumbList","@id":"https:\/\/infoecos.com.ar\/index.php\/fallecieron-dos-conocidos-vecinos-de-trenque-lauquen-jorge-ruano-lobosco-y-jorge-george-sinclair\/#breadcrumb","itemListElement":[{"@type":"ListItem","position":1,"name":"Portada","item":"https:\/\/infoecos.com.ar\/"},{"@type":"ListItem","position":2,"name":"Fallecieron dos conocidos vecinos de Trenque Lauquen: Jorge \u00abRuano\u00bb Lobosco y Jorge \u00abGeorge\u00bb Sinclair"}]},{"@type":"WebSite","@id":"https:\/\/infoecos.com.ar\/#website","url":"https:\/\/infoecos.com.ar\/","name":"Infoecos","description":"Noticias de trenque lauquen y la zona","publisher":{"@id":"https:\/\/infoecos.com.ar\/#organization"},"alternateName":"Noticias","potentialAction":[{"@type":"SearchAction","target":{"@type":"EntryPoint","urlTemplate":"https:\/\/infoecos.com.ar\/?s={search_term_string}"},"query-input":{"@type":"PropertyValueSpecification","valueRequired":true,"valueName":"search_term_string"}}],"inLanguage":"es"},{"@type":"Organization","@id":"https:\/\/infoecos.com.ar\/#organization","name":"Infoecos","alternateName":"Noticias","url":"https:\/\/infoecos.com.ar\/","logo":{"@type":"ImageObject","inLanguage":"es","@id":"https:\/\/infoecos.com.ar\/#\/schema\/logo\/image\/","url":"https:\/\/infoecos.com.ar\/wp-content\/uploads\/2024\/03\/cropped-logo.png","contentUrl":"https:\/\/infoecos.com.ar\/wp-content\/uploads\/2024\/03\/cropped-logo.png","width":374,"height":90,"caption":"Infoecos"},"image":{"@id":"https:\/\/infoecos.com.ar\/#\/schema\/logo\/image\/"},"sameAs":["https:\/\/www.facebook.com\/profile.php?id=100063200290284","https:\/\/x.com\/infoecos"]},{"@type":"Person","@id":"https:\/\/infoecos.com.ar\/#\/schema\/person\/8f5ace5ce73b4b4aac4b7245aee6f191","name":"Jorge Matheus","url":"https:\/\/infoecos.com.ar\/index.php\/author\/jomatheus\/"}]}},"featured_image_urls":{"full":["https:\/\/infoecos.com.ar\/wp-content\/uploads\/2022\/04\/SalasVelatorias.jpg",350,263,false],"thumbnail":["https:\/\/infoecos.com.ar\/wp-content\/uploads\/2022\/04\/SalasVelatorias-150x150.jpg",150,150,true],"medium":["https:\/\/infoecos.com.ar\/wp-content\/uploads\/2022\/04\/SalasVelatorias.jpg",350,263,false],"medium_large":["https:\/\/infoecos.com.ar\/wp-content\/uploads\/2022\/04\/SalasVelatorias.jpg",350,263,false],"large":["https:\/\/infoecos.com.ar\/wp-content\/uploads\/2022\/04\/SalasVelatorias.jpg",350,263,false],"1536x1536":["https:\/\/infoecos.com.ar\/wp-content\/uploads\/2022\/04\/SalasVelatorias.jpg",350,263,false],"2048x2048":["https:\/\/infoecos.com.ar\/wp-content\/uploads\/2022\/04\/SalasVelatorias.jpg",350,263,false],"covernews-slider-full":["https:\/\/infoecos.com.ar\/wp-content\/uploads\/2022\/04\/SalasVelatorias.jpg",350,263,false],"covernews-slider-center":["https:\/\/infoecos.com.ar\/wp-content\/uploads\/2022\/04\/SalasVelatorias.jpg",350,263,false],"covernews-featured":["https:\/\/infoecos.com.ar\/wp-content\/uploads\/2022\/04\/SalasVelatorias.jpg",350,263,false],"covernews-medium":["https:\/\/infoecos.com.ar\/wp-content\/uploads\/2022\/04\/SalasVelatorias.jpg",350,263,false],"covernews-medium-square":["https:\/\/infoecos.com.ar\/wp-content\/uploads\/2022\/04\/SalasVelatorias.jpg",333,250,false]},"author_info":{"info":["Jorge Matheus"]},"category_info":"<a href=\"https:\/\/infoecos.com.ar\/index.php\/category\/inferior4\/\" rel=\"category tag\">Bloque inferior - 4<\/a>","tag_info":"Bloque inferior - 4","comment_count":"0","_links":{"self":[{"href":"https:\/\/infoecos.com.ar\/index.php\/wp-json\/wp\/v2\/posts\/91103"}],"collection":[{"href":"https:\/\/infoecos.com.ar\/index.php\/wp-json\/wp\/v2\/posts"}],"about":[{"href":"https:\/\/infoecos.com.ar\/index.php\/wp-json\/wp\/v2\/types\/post"}],"author":[{"embeddable":true,"href":"https:\/\/infoecos.com.ar\/index.php\/wp-json\/wp\/v2\/users\/2"}],"replies":[{"embeddable":true,"href":"https:\/\/infoecos.com.ar\/index.php\/wp-json\/wp\/v2\/comments?post=91103"}],"version-history":[{"count":1,"href":"https:\/\/infoecos.com.ar\/index.php\/wp-json\/wp\/v2\/posts\/91103\/revisions"}],"predecessor-version":[{"id":91106,"href":"https:\/\/infoecos.com.ar\/index.php\/wp-json\/wp\/v2\/posts\/91103\/revisions\/91106"}],"wp:featuredmedia":[{"embeddable":true,"href":"https:\/\/infoecos.com.ar\/index.php\/wp-json\/wp\/v2\/media\/91105"}],"wp:attachment":[{"href":"https:\/\/infoecos.com.ar\/index.php\/wp-json\/wp\/v2\/media?parent=91103"}],"wp:term":[{"taxonomy":"category","embeddable":true,"href":"https:\/\/infoecos.com.ar\/index.php\/wp-json\/wp\/v2\/categories?post=91103"},{"taxonomy":"post_tag","embeddable":true,"href":"https:\/\/infoecos.com.ar\/index.php\/wp-json\/wp\/v2\/tags?post=91103"}],"curies":[{"name":"wp","href":"https:\/\/api.w.org\/{rel}","templated":true}]}}