{"id":91230,"date":"2022-04-18T17:58:51","date_gmt":"2022-04-18T20:58:51","guid":{"rendered":"http:\/\/infoecos.com.ar\/?p=91230"},"modified":"2022-04-21T00:45:49","modified_gmt":"2022-04-21T03:45:49","slug":"fernandez-y-miranda-se-reuniran-con-autoridades-del-banco-nacion-buscan-evitar-el-cierre-de-la-gerencia-zonal","status":"publish","type":"post","link":"https:\/\/infoecos.com.ar\/index.php\/fernandez-y-miranda-se-reuniran-con-autoridades-del-banco-nacion-buscan-evitar-el-cierre-de-la-gerencia-zonal\/","title":{"rendered":"Fern\u00e1ndez y Miranda se reunir\u00e1n con autoridades del Banco Naci\u00f3n: buscan evitar el cierre de la Gerencia Zonal"},"content":{"rendered":"\n<p>El intendente municipal de Trenque Lauquen, Miguel Fern\u00e1ndez, y el diputado provincial Valent\u00edn Miranda ser\u00e1n recibidos por las autoridades del Banco de la Naci\u00f3n Argentina. Se hablar\u00e1 de la continuidad o no de la Gerencia Zonal de la entidad en esta ciudad del oeste de la provincia de Buenos Aires.<\/p>\n\n\n\n<p>La m\u00e1xima autoridad comunal y el legislador oficialista solicitar\u00e1n reconsideren la decisi\u00f3n adoptada y manifestar su oposici\u00f3n a la medida.<\/p>\n\n\n\n<div class=\"wp-block-image\"><figure class=\"aligncenter size-large is-resized\"><img loading=\"lazy\" decoding=\"async\" src=\"http:\/\/infoecos.com.ar\/wp-content\/uploads\/2022\/04\/Banco-Nacion-1-920x613.jpg\" alt=\"\" class=\"wp-image-90530\" width=\"616\" height=\"410\" srcset=\"https:\/\/infoecos.com.ar\/wp-content\/uploads\/2022\/04\/Banco-Nacion-1-920x613.jpg 920w, https:\/\/infoecos.com.ar\/wp-content\/uploads\/2022\/04\/Banco-Nacion-1-460x307.jpg 460w, https:\/\/infoecos.com.ar\/wp-content\/uploads\/2022\/04\/Banco-Nacion-1-768x512.jpg 768w, https:\/\/infoecos.com.ar\/wp-content\/uploads\/2022\/04\/Banco-Nacion-1-1024x683.jpg 1024w, https:\/\/infoecos.com.ar\/wp-content\/uploads\/2022\/04\/Banco-Nacion-1-675x450.jpg 675w, https:\/\/infoecos.com.ar\/wp-content\/uploads\/2022\/04\/Banco-Nacion-1.jpg 1170w\" sizes=\"(max-width: 616px) 100vw, 616px\" \/><\/figure><\/div>\n\n\n\n<p>A las gestiones del Jefe comunal y del Diputado se han sumado distintas instituciones y organizaciones de la comunidad (C\u00e1mara de Industria y Comercio, Colegio de Abogados del Departamento Judicial Trenque Lauquen, Sociedad Rural, Colegio de Arquitectos y representantes de varios gremios, entre otras) preocupadas porque de efectivizarse la mencionada resoluci\u00f3n ver\u00edan dificultado su v\u00ednculo cotidiano con el banco, ya que en el caso de la Sucursal Trenque Lauquen quedar\u00eda asignada a la Gerencia Regional de Jun\u00edn.<\/p>\n\n\n\n<p>La realizaci\u00f3n de la reuni\u00f3n del intendente Fern\u00e1ndez y del diputado Miranda con las autoridades de Banco Naci\u00f3n fue comunicada por el secretario de Gesti\u00f3n y Planificaci\u00f3n P\u00fablica municipal, Mart\u00edn Borraz\u00e1s, a miembros de las distintas entidades locales en el marco de una reuni\u00f3n que por esta problem\u00e1tica se llev\u00f3 a cabo el mi\u00e9rcoles pasado en instalaciones de la C\u00e1mara de Comercio e Industria de Trenque Lauquen, ocasi\u00f3n en que se resolvi\u00f3 elaborar un nuevo comunicado dirigido a las autoridades del BNA y firmado por casi la totalidad de entidades intermedias de nuestra ciudad que ser\u00e1 entregado por el intendente Fern\u00e1ndez a las autoridades del Banco el jueves durante el encuentro previsto.<\/p>\n","protected":false},"excerpt":{"rendered":"<p>A las gestiones del Jefe comunal y del Diputado se han sumado distintas instituciones y organizaciones de la comunidad (C\u00e1mara de Industria y Comercio, Colegio de Abogados del Departamento Judicial Trenque Lauquen, Sociedad Rural, Colegio de Arquitectos y representantes de varios gremios, entre otras) <\/p>\n","protected":false},"author":2,"featured_media":90530,"comment_status":"closed","ping_status":"open","sticky":false,"template":"","format":"standard","meta":{"footnotes":""},"categories":[1323],"tags":[5871],"class_list":["post-91230","post","type-post","status-publish","format-standard","has-post-thumbnail","hentry","category-c2nota5","tag-hoy"],"yoast_head":"<!-- This site is optimized with the Yoast SEO plugin v23.4 - https:\/\/yoast.com\/wordpress\/plugins\/seo\/ -->\n<title>Fern\u00e1ndez y Miranda se reunir\u00e1n con autoridades del Banco Naci\u00f3n: buscan evitar el cierre de la Gerencia Zonal - Infoecos<\/title>\n<meta name=\"robots\" content=\"index, follow, max-snippet:-1, max-image-preview:large, max-video-preview:-1\" \/>\n<link rel=\"canonical\" href=\"https:\/\/infoecos.com.ar\/index.php\/fernandez-y-miranda-se-reuniran-con-autoridades-del-banco-nacion-buscan-evitar-el-cierre-de-la-gerencia-zonal\/\" \/>\n<meta property=\"og:locale\" content=\"es_ES\" \/>\n<meta property=\"og:type\" content=\"article\" \/>\n<meta property=\"og:title\" content=\"Fern\u00e1ndez y Miranda se reunir\u00e1n con autoridades del Banco Naci\u00f3n: buscan evitar el cierre de la Gerencia Zonal - Infoecos\" \/>\n<meta property=\"og:description\" content=\"A las gestiones del Jefe comunal y del Diputado se han sumado distintas instituciones y organizaciones de la comunidad (C\u00e1mara de Industria y Comercio, Colegio de Abogados del Departamento Judicial Trenque Lauquen, Sociedad Rural, Colegio de Arquitectos y representantes de varios gremios, entre otras)\" \/>\n<meta property=\"og:url\" content=\"https:\/\/infoecos.com.ar\/index.php\/fernandez-y-miranda-se-reuniran-con-autoridades-del-banco-nacion-buscan-evitar-el-cierre-de-la-gerencia-zonal\/\" \/>\n<meta property=\"og:site_name\" content=\"Infoecos\" \/>\n<meta property=\"article:publisher\" content=\"https:\/\/www.facebook.com\/profile.php?id=100063200290284\" \/>\n<meta property=\"article:published_time\" content=\"2022-04-18T20:58:51+00:00\" \/>\n<meta property=\"article:modified_time\" content=\"2022-04-21T03:45:49+00:00\" \/>\n<meta property=\"og:image\" content=\"https:\/\/infoecos.com.ar\/wp-content\/uploads\/2022\/04\/Banco-Nacion-1.jpg\" \/>\n\t<meta property=\"og:image:width\" content=\"1170\" \/>\n\t<meta property=\"og:image:height\" content=\"780\" \/>\n\t<meta property=\"og:image:type\" content=\"image\/jpeg\" \/>\n<meta name=\"author\" content=\"Jorge Matheus\" \/>\n<meta name=\"twitter:card\" content=\"summary_large_image\" \/>\n<meta name=\"twitter:creator\" content=\"@infoecos\" \/>\n<meta name=\"twitter:site\" content=\"@infoecos\" \/>\n<meta name=\"twitter:label1\" content=\"Escrito por\" \/>\n\t<meta name=\"twitter:data1\" content=\"Jorge Matheus\" \/>\n\t<meta name=\"twitter:label2\" content=\"Tiempo de lectura\" \/>\n\t<meta name=\"twitter:data2\" content=\"1 minuto\" \/>\n<script type=\"application\/ld+json\" class=\"yoast-schema-graph\">{\"@context\":\"https:\/\/schema.org\",\"@graph\":[{\"@type\":\"Article\",\"@id\":\"https:\/\/infoecos.com.ar\/index.php\/fernandez-y-miranda-se-reuniran-con-autoridades-del-banco-nacion-buscan-evitar-el-cierre-de-la-gerencia-zonal\/#article\",\"isPartOf\":{\"@id\":\"https:\/\/infoecos.com.ar\/index.php\/fernandez-y-miranda-se-reuniran-con-autoridades-del-banco-nacion-buscan-evitar-el-cierre-de-la-gerencia-zonal\/\"},\"author\":{\"name\":\"Jorge Matheus\",\"@id\":\"https:\/\/infoecos.com.ar\/#\/schema\/person\/8f5ace5ce73b4b4aac4b7245aee6f191\"},\"headline\":\"Fern\u00e1ndez y Miranda se reunir\u00e1n con autoridades del Banco Naci\u00f3n: buscan evitar el cierre de la Gerencia Zonal\",\"datePublished\":\"2022-04-18T20:58:51+00:00\",\"dateModified\":\"2022-04-21T03:45:49+00:00\",\"mainEntityOfPage\":{\"@id\":\"https:\/\/infoecos.com.ar\/index.php\/fernandez-y-miranda-se-reuniran-con-autoridades-del-banco-nacion-buscan-evitar-el-cierre-de-la-gerencia-zonal\/\"},\"wordCount\":309,\"publisher\":{\"@id\":\"https:\/\/infoecos.com.ar\/#organization\"},\"image\":{\"@id\":\"https:\/\/infoecos.com.ar\/index.php\/fernandez-y-miranda-se-reuniran-con-autoridades-del-banco-nacion-buscan-evitar-el-cierre-de-la-gerencia-zonal\/#primaryimage\"},\"thumbnailUrl\":\"https:\/\/infoecos.com.ar\/wp-content\/uploads\/2022\/04\/Banco-Nacion-1.jpg\",\"keywords\":[\"hoy\"],\"articleSection\":[\"C2 N5\"],\"inLanguage\":\"es\"},{\"@type\":\"WebPage\",\"@id\":\"https:\/\/infoecos.com.ar\/index.php\/fernandez-y-miranda-se-reuniran-con-autoridades-del-banco-nacion-buscan-evitar-el-cierre-de-la-gerencia-zonal\/\",\"url\":\"https:\/\/infoecos.com.ar\/index.php\/fernandez-y-miranda-se-reuniran-con-autoridades-del-banco-nacion-buscan-evitar-el-cierre-de-la-gerencia-zonal\/\",\"name\":\"Fern\u00e1ndez y Miranda se reunir\u00e1n con autoridades del Banco Naci\u00f3n: buscan evitar el cierre de la Gerencia Zonal - Infoecos\",\"isPartOf\":{\"@id\":\"https:\/\/infoecos.com.ar\/#website\"},\"primaryImageOfPage\":{\"@id\":\"https:\/\/infoecos.com.ar\/index.php\/fernandez-y-miranda-se-reuniran-con-autoridades-del-banco-nacion-buscan-evitar-el-cierre-de-la-gerencia-zonal\/#primaryimage\"},\"image\":{\"@id\":\"https:\/\/infoecos.com.ar\/index.php\/fernandez-y-miranda-se-reuniran-con-autoridades-del-banco-nacion-buscan-evitar-el-cierre-de-la-gerencia-zonal\/#primaryimage\"},\"thumbnailUrl\":\"https:\/\/infoecos.com.ar\/wp-content\/uploads\/2022\/04\/Banco-Nacion-1.jpg\",\"datePublished\":\"2022-04-18T20:58:51+00:00\",\"dateModified\":\"2022-04-21T03:45:49+00:00\",\"breadcrumb\":{\"@id\":\"https:\/\/infoecos.com.ar\/index.php\/fernandez-y-miranda-se-reuniran-con-autoridades-del-banco-nacion-buscan-evitar-el-cierre-de-la-gerencia-zonal\/#breadcrumb\"},\"inLanguage\":\"es\",\"potentialAction\":[{\"@type\":\"ReadAction\",\"target\":[\"https:\/\/infoecos.com.ar\/index.php\/fernandez-y-miranda-se-reuniran-con-autoridades-del-banco-nacion-buscan-evitar-el-cierre-de-la-gerencia-zonal\/\"]}]},{\"@type\":\"ImageObject\",\"inLanguage\":\"es\",\"@id\":\"https:\/\/infoecos.com.ar\/index.php\/fernandez-y-miranda-se-reuniran-con-autoridades-del-banco-nacion-buscan-evitar-el-cierre-de-la-gerencia-zonal\/#primaryimage\",\"url\":\"https:\/\/infoecos.com.ar\/wp-content\/uploads\/2022\/04\/Banco-Nacion-1.jpg\",\"contentUrl\":\"https:\/\/infoecos.com.ar\/wp-content\/uploads\/2022\/04\/Banco-Nacion-1.jpg\",\"width\":1170,\"height\":780},{\"@type\":\"BreadcrumbList\",\"@id\":\"https:\/\/infoecos.com.ar\/index.php\/fernandez-y-miranda-se-reuniran-con-autoridades-del-banco-nacion-buscan-evitar-el-cierre-de-la-gerencia-zonal\/#breadcrumb\",\"itemListElement\":[{\"@type\":\"ListItem\",\"position\":1,\"name\":\"Portada\",\"item\":\"https:\/\/infoecos.com.ar\/\"},{\"@type\":\"ListItem\",\"position\":2,\"name\":\"Fern\u00e1ndez y Miranda se reunir\u00e1n con autoridades del Banco Naci\u00f3n: buscan evitar el cierre de la Gerencia Zonal\"}]},{\"@type\":\"WebSite\",\"@id\":\"https:\/\/infoecos.com.ar\/#website\",\"url\":\"https:\/\/infoecos.com.ar\/\",\"name\":\"Infoecos\",\"description\":\"Noticias de trenque lauquen y la zona\",\"publisher\":{\"@id\":\"https:\/\/infoecos.com.ar\/#organization\"},\"alternateName\":\"Noticias\",\"potentialAction\":[{\"@type\":\"SearchAction\",\"target\":{\"@type\":\"EntryPoint\",\"urlTemplate\":\"https:\/\/infoecos.com.ar\/?s={search_term_string}\"},\"query-input\":{\"@type\":\"PropertyValueSpecification\",\"valueRequired\":true,\"valueName\":\"search_term_string\"}}],\"inLanguage\":\"es\"},{\"@type\":\"Organization\",\"@id\":\"https:\/\/infoecos.com.ar\/#organization\",\"name\":\"Infoecos\",\"alternateName\":\"Noticias\",\"url\":\"https:\/\/infoecos.com.ar\/\",\"logo\":{\"@type\":\"ImageObject\",\"inLanguage\":\"es\",\"@id\":\"https:\/\/infoecos.com.ar\/#\/schema\/logo\/image\/\",\"url\":\"https:\/\/infoecos.com.ar\/wp-content\/uploads\/2024\/03\/cropped-logo.png\",\"contentUrl\":\"https:\/\/infoecos.com.ar\/wp-content\/uploads\/2024\/03\/cropped-logo.png\",\"width\":374,\"height\":90,\"caption\":\"Infoecos\"},\"image\":{\"@id\":\"https:\/\/infoecos.com.ar\/#\/schema\/logo\/image\/\"},\"sameAs\":[\"https:\/\/www.facebook.com\/profile.php?id=100063200290284\",\"https:\/\/x.com\/infoecos\"]},{\"@type\":\"Person\",\"@id\":\"https:\/\/infoecos.com.ar\/#\/schema\/person\/8f5ace5ce73b4b4aac4b7245aee6f191\",\"name\":\"Jorge Matheus\",\"url\":\"https:\/\/infoecos.com.ar\/index.php\/author\/jomatheus\/\"}]}<\/script>\n<!-- \/ Yoast SEO plugin. -->","yoast_head_json":{"title":"Fern\u00e1ndez y Miranda se reunir\u00e1n con autoridades del Banco Naci\u00f3n: buscan evitar el cierre de la Gerencia Zonal - Infoecos","robots":{"index":"index","follow":"follow","max-snippet":"max-snippet:-1","max-image-preview":"max-image-preview:large","max-video-preview":"max-video-preview:-1"},"canonical":"https:\/\/infoecos.com.ar\/index.php\/fernandez-y-miranda-se-reuniran-con-autoridades-del-banco-nacion-buscan-evitar-el-cierre-de-la-gerencia-zonal\/","og_locale":"es_ES","og_type":"article","og_title":"Fern\u00e1ndez y Miranda se reunir\u00e1n con autoridades del Banco Naci\u00f3n: buscan evitar el cierre de la Gerencia Zonal - Infoecos","og_description":"A las gestiones del Jefe comunal y del Diputado se han sumado distintas instituciones y organizaciones de la comunidad (C\u00e1mara de Industria y Comercio, Colegio de Abogados del Departamento Judicial Trenque Lauquen, Sociedad Rural, Colegio de Arquitectos y representantes de varios gremios, entre otras)","og_url":"https:\/\/infoecos.com.ar\/index.php\/fernandez-y-miranda-se-reuniran-con-autoridades-del-banco-nacion-buscan-evitar-el-cierre-de-la-gerencia-zonal\/","og_site_name":"Infoecos","article_publisher":"https:\/\/www.facebook.com\/profile.php?id=100063200290284","article_published_time":"2022-04-18T20:58:51+00:00","article_modified_time":"2022-04-21T03:45:49+00:00","og_image":[{"width":1170,"height":780,"url":"https:\/\/infoecos.com.ar\/wp-content\/uploads\/2022\/04\/Banco-Nacion-1.jpg","type":"image\/jpeg"}],"author":"Jorge Matheus","twitter_card":"summary_large_image","twitter_creator":"@infoecos","twitter_site":"@infoecos","twitter_misc":{"Escrito por":"Jorge Matheus","Tiempo de lectura":"1 minuto"},"schema":{"@context":"https:\/\/schema.org","@graph":[{"@type":"Article","@id":"https:\/\/infoecos.com.ar\/index.php\/fernandez-y-miranda-se-reuniran-con-autoridades-del-banco-nacion-buscan-evitar-el-cierre-de-la-gerencia-zonal\/#article","isPartOf":{"@id":"https:\/\/infoecos.com.ar\/index.php\/fernandez-y-miranda-se-reuniran-con-autoridades-del-banco-nacion-buscan-evitar-el-cierre-de-la-gerencia-zonal\/"},"author":{"name":"Jorge Matheus","@id":"https:\/\/infoecos.com.ar\/#\/schema\/person\/8f5ace5ce73b4b4aac4b7245aee6f191"},"headline":"Fern\u00e1ndez y Miranda se reunir\u00e1n con autoridades del Banco Naci\u00f3n: buscan evitar el cierre de la Gerencia Zonal","datePublished":"2022-04-18T20:58:51+00:00","dateModified":"2022-04-21T03:45:49+00:00","mainEntityOfPage":{"@id":"https:\/\/infoecos.com.ar\/index.php\/fernandez-y-miranda-se-reuniran-con-autoridades-del-banco-nacion-buscan-evitar-el-cierre-de-la-gerencia-zonal\/"},"wordCount":309,"publisher":{"@id":"https:\/\/infoecos.com.ar\/#organization"},"image":{"@id":"https:\/\/infoecos.com.ar\/index.php\/fernandez-y-miranda-se-reuniran-con-autoridades-del-banco-nacion-buscan-evitar-el-cierre-de-la-gerencia-zonal\/#primaryimage"},"thumbnailUrl":"https:\/\/infoecos.com.ar\/wp-content\/uploads\/2022\/04\/Banco-Nacion-1.jpg","keywords":["hoy"],"articleSection":["C2 N5"],"inLanguage":"es"},{"@type":"WebPage","@id":"https:\/\/infoecos.com.ar\/index.php\/fernandez-y-miranda-se-reuniran-con-autoridades-del-banco-nacion-buscan-evitar-el-cierre-de-la-gerencia-zonal\/","url":"https:\/\/infoecos.com.ar\/index.php\/fernandez-y-miranda-se-reuniran-con-autoridades-del-banco-nacion-buscan-evitar-el-cierre-de-la-gerencia-zonal\/","name":"Fern\u00e1ndez y Miranda se reunir\u00e1n con autoridades del Banco Naci\u00f3n: buscan evitar el cierre de la Gerencia Zonal - Infoecos","isPartOf":{"@id":"https:\/\/infoecos.com.ar\/#website"},"primaryImageOfPage":{"@id":"https:\/\/infoecos.com.ar\/index.php\/fernandez-y-miranda-se-reuniran-con-autoridades-del-banco-nacion-buscan-evitar-el-cierre-de-la-gerencia-zonal\/#primaryimage"},"image":{"@id":"https:\/\/infoecos.com.ar\/index.php\/fernandez-y-miranda-se-reuniran-con-autoridades-del-banco-nacion-buscan-evitar-el-cierre-de-la-gerencia-zonal\/#primaryimage"},"thumbnailUrl":"https:\/\/infoecos.com.ar\/wp-content\/uploads\/2022\/04\/Banco-Nacion-1.jpg","datePublished":"2022-04-18T20:58:51+00:00","dateModified":"2022-04-21T03:45:49+00:00","breadcrumb":{"@id":"https:\/\/infoecos.com.ar\/index.php\/fernandez-y-miranda-se-reuniran-con-autoridades-del-banco-nacion-buscan-evitar-el-cierre-de-la-gerencia-zonal\/#breadcrumb"},"inLanguage":"es","potentialAction":[{"@type":"ReadAction","target":["https:\/\/infoecos.com.ar\/index.php\/fernandez-y-miranda-se-reuniran-con-autoridades-del-banco-nacion-buscan-evitar-el-cierre-de-la-gerencia-zonal\/"]}]},{"@type":"ImageObject","inLanguage":"es","@id":"https:\/\/infoecos.com.ar\/index.php\/fernandez-y-miranda-se-reuniran-con-autoridades-del-banco-nacion-buscan-evitar-el-cierre-de-la-gerencia-zonal\/#primaryimage","url":"https:\/\/infoecos.com.ar\/wp-content\/uploads\/2022\/04\/Banco-Nacion-1.jpg","contentUrl":"https:\/\/infoecos.com.ar\/wp-content\/uploads\/2022\/04\/Banco-Nacion-1.jpg","width":1170,"height":780},{"@type":"BreadcrumbList","@id":"https:\/\/infoecos.com.ar\/index.php\/fernandez-y-miranda-se-reuniran-con-autoridades-del-banco-nacion-buscan-evitar-el-cierre-de-la-gerencia-zonal\/#breadcrumb","itemListElement":[{"@type":"ListItem","position":1,"name":"Portada","item":"https:\/\/infoecos.com.ar\/"},{"@type":"ListItem","position":2,"name":"Fern\u00e1ndez y Miranda se reunir\u00e1n con autoridades del Banco Naci\u00f3n: buscan evitar el cierre de la Gerencia Zonal"}]},{"@type":"WebSite","@id":"https:\/\/infoecos.com.ar\/#website","url":"https:\/\/infoecos.com.ar\/","name":"Infoecos","description":"Noticias de trenque lauquen y la zona","publisher":{"@id":"https:\/\/infoecos.com.ar\/#organization"},"alternateName":"Noticias","potentialAction":[{"@type":"SearchAction","target":{"@type":"EntryPoint","urlTemplate":"https:\/\/infoecos.com.ar\/?s={search_term_string}"},"query-input":{"@type":"PropertyValueSpecification","valueRequired":true,"valueName":"search_term_string"}}],"inLanguage":"es"},{"@type":"Organization","@id":"https:\/\/infoecos.com.ar\/#organization","name":"Infoecos","alternateName":"Noticias","url":"https:\/\/infoecos.com.ar\/","logo":{"@type":"ImageObject","inLanguage":"es","@id":"https:\/\/infoecos.com.ar\/#\/schema\/logo\/image\/","url":"https:\/\/infoecos.com.ar\/wp-content\/uploads\/2024\/03\/cropped-logo.png","contentUrl":"https:\/\/infoecos.com.ar\/wp-content\/uploads\/2024\/03\/cropped-logo.png","width":374,"height":90,"caption":"Infoecos"},"image":{"@id":"https:\/\/infoecos.com.ar\/#\/schema\/logo\/image\/"},"sameAs":["https:\/\/www.facebook.com\/profile.php?id=100063200290284","https:\/\/x.com\/infoecos"]},{"@type":"Person","@id":"https:\/\/infoecos.com.ar\/#\/schema\/person\/8f5ace5ce73b4b4aac4b7245aee6f191","name":"Jorge Matheus","url":"https:\/\/infoecos.com.ar\/index.php\/author\/jomatheus\/"}]}},"featured_image_urls":{"full":["https:\/\/infoecos.com.ar\/wp-content\/uploads\/2022\/04\/Banco-Nacion-1.jpg",1170,780,false],"thumbnail":["https:\/\/infoecos.com.ar\/wp-content\/uploads\/2022\/04\/Banco-Nacion-1-150x150.jpg",150,150,true],"medium":["https:\/\/infoecos.com.ar\/wp-content\/uploads\/2022\/04\/Banco-Nacion-1-460x307.jpg",460,307,true],"medium_large":["https:\/\/infoecos.com.ar\/wp-content\/uploads\/2022\/04\/Banco-Nacion-1-768x512.jpg",640,427,true],"large":["https:\/\/infoecos.com.ar\/wp-content\/uploads\/2022\/04\/Banco-Nacion-1-920x613.jpg",640,426,true],"1536x1536":["https:\/\/infoecos.com.ar\/wp-content\/uploads\/2022\/04\/Banco-Nacion-1.jpg",1170,780,false],"2048x2048":["https:\/\/infoecos.com.ar\/wp-content\/uploads\/2022\/04\/Banco-Nacion-1.jpg",1170,780,false],"covernews-slider-full":["https:\/\/infoecos.com.ar\/wp-content\/uploads\/2022\/04\/Banco-Nacion-1.jpg",1073,715,false],"covernews-slider-center":["https:\/\/infoecos.com.ar\/wp-content\/uploads\/2022\/04\/Banco-Nacion-1-936x780.jpg",600,500,true],"covernews-featured":["https:\/\/infoecos.com.ar\/wp-content\/uploads\/2022\/04\/Banco-Nacion-1-1024x683.jpg",1024,683,true],"covernews-medium":["https:\/\/infoecos.com.ar\/wp-content\/uploads\/2022\/04\/Banco-Nacion-1-720x380.jpg",540,285,true],"covernews-medium-square":["https:\/\/infoecos.com.ar\/wp-content\/uploads\/2022\/04\/Banco-Nacion-1-675x450.jpg",375,250,true]},"author_info":{"info":["Jorge Matheus"]},"category_info":"<a href=\"https:\/\/infoecos.com.ar\/index.php\/category\/c2nota5\/\" rel=\"category tag\">C2 N5<\/a>","tag_info":"C2 N5","comment_count":"0","_links":{"self":[{"href":"https:\/\/infoecos.com.ar\/index.php\/wp-json\/wp\/v2\/posts\/91230"}],"collection":[{"href":"https:\/\/infoecos.com.ar\/index.php\/wp-json\/wp\/v2\/posts"}],"about":[{"href":"https:\/\/infoecos.com.ar\/index.php\/wp-json\/wp\/v2\/types\/post"}],"author":[{"embeddable":true,"href":"https:\/\/infoecos.com.ar\/index.php\/wp-json\/wp\/v2\/users\/2"}],"replies":[{"embeddable":true,"href":"https:\/\/infoecos.com.ar\/index.php\/wp-json\/wp\/v2\/comments?post=91230"}],"version-history":[{"count":1,"href":"https:\/\/infoecos.com.ar\/index.php\/wp-json\/wp\/v2\/posts\/91230\/revisions"}],"predecessor-version":[{"id":91231,"href":"https:\/\/infoecos.com.ar\/index.php\/wp-json\/wp\/v2\/posts\/91230\/revisions\/91231"}],"wp:featuredmedia":[{"embeddable":true,"href":"https:\/\/infoecos.com.ar\/index.php\/wp-json\/wp\/v2\/media\/90530"}],"wp:attachment":[{"href":"https:\/\/infoecos.com.ar\/index.php\/wp-json\/wp\/v2\/media?parent=91230"}],"wp:term":[{"taxonomy":"category","embeddable":true,"href":"https:\/\/infoecos.com.ar\/index.php\/wp-json\/wp\/v2\/categories?post=91230"},{"taxonomy":"post_tag","embeddable":true,"href":"https:\/\/infoecos.com.ar\/index.php\/wp-json\/wp\/v2\/tags?post=91230"}],"curies":[{"name":"wp","href":"https:\/\/api.w.org\/{rel}","templated":true}]}}