{"id":91290,"date":"2022-04-19T19:17:23","date_gmt":"2022-04-19T22:17:23","guid":{"rendered":"http:\/\/infoecos.com.ar\/?p=91290"},"modified":"2022-04-21T00:44:50","modified_gmt":"2022-04-21T03:44:50","slug":"kicillof-le-pidio-una-mano-a-los-intendentes-de-la-provincia-y-fue-durisimo-con-macri","status":"publish","type":"post","link":"https:\/\/infoecos.com.ar\/index.php\/kicillof-le-pidio-una-mano-a-los-intendentes-de-la-provincia-y-fue-durisimo-con-macri\/","title":{"rendered":"Kicillof le pidi\u00f3 \u00abuna mano\u00bb a los intendentes de la provincia y fue dur\u00edsimo con Macri"},"content":{"rendered":"\n<p>El gobernador Axel Kicillof le pidi\u00f3 \u201cuna mano\u201d a los intendentes de toda la provincia de Buenos Aires para cuidar \u201cel bolsillo de la gente\u201d en medio de la suba de precios que el \u00faltimo marzo se expres\u00f3 con un 6,7% de inflaci\u00f3n oficial.<\/p>\n\n\n\n<p>\u201cYo le dir\u00eda a todos los intendentes de toda la provincia, para no personalizar, que den una mano, que le cuiden el bolsillo a la gente, basta de \u00b4blablabla\u00b4\u201d, dijo Kicillof en Mar del Plata a donde concurri\u00f3 para participar de la apertura del Congreso Nacional de Delegados de la Uni\u00f3n Obrera Metal\u00fargica (UOM).<\/p>\n\n\n\n<p>Kicillof record\u00f3 que el gobierno de Mauricio Macri \u201ctuvimos 53% puntos de inflaci\u00f3n y cuando dej\u00f3 de emitir fue para no prestarle plata a la gente, las restricciones y los ajustes, eso que le gusta tanto liquida a la gente\u201d.<\/p>\n\n\n\n<div class=\"wp-block-image\"><figure class=\"aligncenter size-large is-resized\"><img loading=\"lazy\" decoding=\"async\" src=\"http:\/\/infoecos.com.ar\/wp-content\/uploads\/2022\/04\/kicillof-uom-mar-del-plata-prensa-pba-90349_600x3-920x483.jpg\" alt=\"\" class=\"wp-image-91291\" width=\"697\" height=\"365\" srcset=\"https:\/\/infoecos.com.ar\/wp-content\/uploads\/2022\/04\/kicillof-uom-mar-del-plata-prensa-pba-90349_600x3-920x483.jpg 920w, https:\/\/infoecos.com.ar\/wp-content\/uploads\/2022\/04\/kicillof-uom-mar-del-plata-prensa-pba-90349_600x3-460x242.jpg 460w, https:\/\/infoecos.com.ar\/wp-content\/uploads\/2022\/04\/kicillof-uom-mar-del-plata-prensa-pba-90349_600x3-768x403.jpg 768w, https:\/\/infoecos.com.ar\/wp-content\/uploads\/2022\/04\/kicillof-uom-mar-del-plata-prensa-pba-90349_600x3.jpg 1000w\" sizes=\"(max-width: 697px) 100vw, 697px\" \/><figcaption>Kicillof en la UOM Mar del Plata <\/figcaption><\/figure><\/div>\n\n\n\n<p>\u201cSi hicieron una autocr\u00edtica estoy dispuesto a escuchar. Pero lo escuch\u00e9 a Macri y dijo que va hacer los mimos m\u00e1s r\u00e1pido. Esto quiere decir que nos va a liquidar en dos a\u00f1os y no en cuatro\u201d, apunt\u00f3 seg\u00fan difundi\u00f3 el portal local El Marplatense.<\/p>\n\n\n\n<p>En declaraciones a medios locales, el Gobernador tambi\u00e9n dijo adem\u00e1s que \u201cnecesitamos asegurar que el crecimiento sea inclusivo, que se vea en los salarios\u201d y \u201cque llegue absolutamente a todos\u201d.<\/p>\n\n\n\n<p>\u201cNo alcanza con crecer. Tiene que estar la gente adentro. Cuando el crecimiento excluye tiene pies de barro, y no se puede sostener en lo social. Si la riqueza crece en manos de unos pocos, no lo va a aceptar naturalmente el pueblo\u201d, agreg\u00f3.<\/p>\n\n\n\n<div class=\"wp-block-image\"><figure class=\"aligncenter size-large\"><img loading=\"lazy\" decoding=\"async\" width=\"679\" height=\"453\" src=\"http:\/\/infoecos.com.ar\/wp-content\/uploads\/2022\/04\/FQutIp3XsAAgUAn.jpg\" alt=\"\" class=\"wp-image-91292\" srcset=\"https:\/\/infoecos.com.ar\/wp-content\/uploads\/2022\/04\/FQutIp3XsAAgUAn.jpg 679w, https:\/\/infoecos.com.ar\/wp-content\/uploads\/2022\/04\/FQutIp3XsAAgUAn-460x307.jpg 460w, https:\/\/infoecos.com.ar\/wp-content\/uploads\/2022\/04\/FQutIp3XsAAgUAn-675x450.jpg 675w\" sizes=\"(max-width: 679px) 100vw, 679px\" \/><\/figure><\/div>\n\n\n\n<p>Kicillof particip\u00f3 del congreso de la UOM junto al secretario general del gremio, Abel Furl\u00e1n, y al ex titular del gremio, Antonio Cal\u00f3. Adem\u00e1s, estuvieron presentes la ministra de Trabajo provincial, Mara Ruiz Malec; el ministro de Producci\u00f3n, Ciencia e Innovaci\u00f3n Tecnol\u00f3gica, Augusto Costa; y la subsecretaria de Pol\u00edticas de G\u00e9nero y Diversidad Sexual, Luc\u00eda Portos.<\/p>\n\n\n\n<p>En ese marco, el Gobernador destac\u00f3 que \u201cdespu\u00e9s de que durante 12 a\u00f1os se multiplicaran los obreros metal\u00fargicos hasta alcanzar los 250 mil afiliados en la UOM\u201d y que en su momento \u201clas pol\u00edticas de endeudamiento y ca\u00edda del salario real los hicieron descender hasta los 170 mil\u201d.<\/p>\n\n\n\n<p>\u201cEl crecimiento debe verse reflejado en los salarios, en el incremento del empleo y en la calidad de vida de los sectores que a\u00fan no tienen acceso a un trabajo formal\u201d, sostuvo Kicillof.|<\/p>\n\n\n\n<figure class=\"wp-block-embed is-type-rich is-provider-twitter wp-block-embed-twitter\"><div class=\"wp-block-embed__wrapper\">\n<blockquote class=\"twitter-tweet\" data-width=\"550\" data-dnt=\"true\"><p lang=\"es\" dir=\"ltr\">En el marco del Congreso celebramos adem\u00e1s la creaci\u00f3n de la primera Subsecretar\u00eda de Mujeres, G\u00e9nero y Diversidad de la UOM.<br><br>Desde la Provincia acompa\u00f1amos este anuncio hist\u00f3rico que refleja el \u00e9xito del movimiento de mujeres en la pelea por sus derechos. <a href=\"https:\/\/t.co\/dPa92AWDBS\">pic.twitter.com\/dPa92AWDBS<\/a><\/p>&mdash; Axel Kicillof (@Kicillofok) <a href=\"https:\/\/twitter.com\/Kicillofok\/status\/1516496941298896904?ref_src=twsrc%5Etfw\">April 19, 2022<\/a><\/blockquote><script async src=\"https:\/\/platform.twitter.com\/widgets.js\" charset=\"utf-8\"><\/script>\n<\/div><\/figure>\n\n\n\n<figure class=\"wp-block-embed is-type-rich is-provider-twitter wp-block-embed-twitter\"><div class=\"wp-block-embed__wrapper\">\n<blockquote class=\"twitter-tweet\" data-width=\"550\" data-dnt=\"true\"><p lang=\"es\" dir=\"ltr\">Es una alegr\u00eda participar de la apertura del Congreso de la <a href=\"https:\/\/twitter.com\/hashtag\/UOM?src=hash&amp;ref_src=twsrc%5Etfw\">#UOM<\/a> en <a href=\"https:\/\/twitter.com\/hashtag\/MarDelPlata?src=hash&amp;ref_src=twsrc%5Etfw\">#MarDelPlata<\/a>, junto a Abel Furl\u00e1n, Antonio Cal\u00f3 y la nueva comisi\u00f3n directiva.<br><br>El aumento de sus afiliados demuestra que los ejes de nuestro modelo econ\u00f3mico son la industrializaci\u00f3n y el desarrollo inclusivo. <a href=\"https:\/\/t.co\/ksvsY3I0mg\">pic.twitter.com\/ksvsY3I0mg<\/a><\/p>&mdash; Axel Kicillof (@Kicillofok) <a href=\"https:\/\/twitter.com\/Kicillofok\/status\/1516496921665359888?ref_src=twsrc%5Etfw\">April 19, 2022<\/a><\/blockquote><script async src=\"https:\/\/platform.twitter.com\/widgets.js\" charset=\"utf-8\"><\/script>\n<\/div><\/figure>\n","protected":false},"excerpt":{"rendered":"<p>Kicillof particip\u00f3 del congreso de la UOM junto al secretario general del gremio, Abel Furl\u00e1n, y al ex titular del gremio, Antonio Cal\u00f3. Adem\u00e1s, estuvieron presentes la ministra de Trabajo provincial, Mara Ruiz Malec; el ministro de Producci\u00f3n, Ciencia e Innovaci\u00f3n Tecnol\u00f3gica, Augusto Costa; y la subsecretaria de Pol\u00edticas de G\u00e9nero y Diversidad Sexual, Luc\u00eda Portos<\/p>\n","protected":false},"author":2,"featured_media":91293,"comment_status":"closed","ping_status":"open","sticky":false,"template":"","format":"standard","meta":{"footnotes":""},"categories":[43],"tags":[5870],"class_list":["post-91290","post","type-post","status-publish","format-standard","has-post-thumbnail","hentry","category-inferior4","tag-en-mar-del-plata"],"yoast_head":"<!-- This site is optimized with the Yoast SEO plugin v23.4 - https:\/\/yoast.com\/wordpress\/plugins\/seo\/ -->\n<title>Kicillof le pidi\u00f3 &quot;una mano&quot; a los intendentes de la provincia y fue dur\u00edsimo con Macri - Infoecos<\/title>\n<meta name=\"robots\" content=\"index, follow, max-snippet:-1, max-image-preview:large, max-video-preview:-1\" \/>\n<link rel=\"canonical\" href=\"https:\/\/infoecos.com.ar\/index.php\/kicillof-le-pidio-una-mano-a-los-intendentes-de-la-provincia-y-fue-durisimo-con-macri\/\" \/>\n<meta property=\"og:locale\" content=\"es_ES\" \/>\n<meta property=\"og:type\" content=\"article\" \/>\n<meta property=\"og:title\" content=\"Kicillof le pidi\u00f3 &quot;una mano&quot; a los intendentes de la provincia y fue dur\u00edsimo con Macri - Infoecos\" \/>\n<meta property=\"og:description\" content=\"Kicillof particip\u00f3 del congreso de la UOM junto al secretario general del gremio, Abel Furl\u00e1n, y al ex titular del gremio, Antonio Cal\u00f3. Adem\u00e1s, estuvieron presentes la ministra de Trabajo provincial, Mara Ruiz Malec; el ministro de Producci\u00f3n, Ciencia e Innovaci\u00f3n Tecnol\u00f3gica, Augusto Costa; y la subsecretaria de Pol\u00edticas de G\u00e9nero y Diversidad Sexual, Luc\u00eda Portos\" \/>\n<meta property=\"og:url\" content=\"https:\/\/infoecos.com.ar\/index.php\/kicillof-le-pidio-una-mano-a-los-intendentes-de-la-provincia-y-fue-durisimo-con-macri\/\" \/>\n<meta property=\"og:site_name\" content=\"Infoecos\" \/>\n<meta property=\"article:publisher\" content=\"https:\/\/www.facebook.com\/profile.php?id=100063200290284\" \/>\n<meta property=\"article:published_time\" content=\"2022-04-19T22:17:23+00:00\" \/>\n<meta property=\"article:modified_time\" content=\"2022-04-21T03:44:50+00:00\" \/>\n<meta property=\"og:image\" content=\"https:\/\/infoecos.com.ar\/wp-content\/uploads\/2022\/04\/FQuswkGXoAgAB9f.jpg\" \/>\n\t<meta property=\"og:image:width\" content=\"680\" \/>\n\t<meta property=\"og:image:height\" content=\"453\" \/>\n\t<meta property=\"og:image:type\" content=\"image\/jpeg\" \/>\n<meta name=\"author\" content=\"Jorge Matheus\" \/>\n<meta name=\"twitter:card\" content=\"summary_large_image\" \/>\n<meta name=\"twitter:creator\" content=\"@infoecos\" \/>\n<meta name=\"twitter:site\" content=\"@infoecos\" \/>\n<meta name=\"twitter:label1\" content=\"Escrito por\" \/>\n\t<meta name=\"twitter:data1\" content=\"Jorge Matheus\" \/>\n\t<meta name=\"twitter:label2\" content=\"Tiempo de lectura\" \/>\n\t<meta name=\"twitter:data2\" content=\"2 minutos\" \/>\n<script type=\"application\/ld+json\" class=\"yoast-schema-graph\">{\"@context\":\"https:\/\/schema.org\",\"@graph\":[{\"@type\":\"Article\",\"@id\":\"https:\/\/infoecos.com.ar\/index.php\/kicillof-le-pidio-una-mano-a-los-intendentes-de-la-provincia-y-fue-durisimo-con-macri\/#article\",\"isPartOf\":{\"@id\":\"https:\/\/infoecos.com.ar\/index.php\/kicillof-le-pidio-una-mano-a-los-intendentes-de-la-provincia-y-fue-durisimo-con-macri\/\"},\"author\":{\"name\":\"Jorge Matheus\",\"@id\":\"https:\/\/infoecos.com.ar\/#\/schema\/person\/8f5ace5ce73b4b4aac4b7245aee6f191\"},\"headline\":\"Kicillof le pidi\u00f3 \u00abuna mano\u00bb a los intendentes de la provincia y fue dur\u00edsimo con Macri\",\"datePublished\":\"2022-04-19T22:17:23+00:00\",\"dateModified\":\"2022-04-21T03:44:50+00:00\",\"mainEntityOfPage\":{\"@id\":\"https:\/\/infoecos.com.ar\/index.php\/kicillof-le-pidio-una-mano-a-los-intendentes-de-la-provincia-y-fue-durisimo-con-macri\/\"},\"wordCount\":449,\"publisher\":{\"@id\":\"https:\/\/infoecos.com.ar\/#organization\"},\"image\":{\"@id\":\"https:\/\/infoecos.com.ar\/index.php\/kicillof-le-pidio-una-mano-a-los-intendentes-de-la-provincia-y-fue-durisimo-con-macri\/#primaryimage\"},\"thumbnailUrl\":\"https:\/\/infoecos.com.ar\/wp-content\/uploads\/2022\/04\/FQuswkGXoAgAB9f.jpg\",\"keywords\":[\"EN MAR DEL PLATA\"],\"articleSection\":[\"Bloque inferior - 4\"],\"inLanguage\":\"es\"},{\"@type\":\"WebPage\",\"@id\":\"https:\/\/infoecos.com.ar\/index.php\/kicillof-le-pidio-una-mano-a-los-intendentes-de-la-provincia-y-fue-durisimo-con-macri\/\",\"url\":\"https:\/\/infoecos.com.ar\/index.php\/kicillof-le-pidio-una-mano-a-los-intendentes-de-la-provincia-y-fue-durisimo-con-macri\/\",\"name\":\"Kicillof le pidi\u00f3 \\\"una mano\\\" a los intendentes de la provincia y fue dur\u00edsimo con Macri - Infoecos\",\"isPartOf\":{\"@id\":\"https:\/\/infoecos.com.ar\/#website\"},\"primaryImageOfPage\":{\"@id\":\"https:\/\/infoecos.com.ar\/index.php\/kicillof-le-pidio-una-mano-a-los-intendentes-de-la-provincia-y-fue-durisimo-con-macri\/#primaryimage\"},\"image\":{\"@id\":\"https:\/\/infoecos.com.ar\/index.php\/kicillof-le-pidio-una-mano-a-los-intendentes-de-la-provincia-y-fue-durisimo-con-macri\/#primaryimage\"},\"thumbnailUrl\":\"https:\/\/infoecos.com.ar\/wp-content\/uploads\/2022\/04\/FQuswkGXoAgAB9f.jpg\",\"datePublished\":\"2022-04-19T22:17:23+00:00\",\"dateModified\":\"2022-04-21T03:44:50+00:00\",\"breadcrumb\":{\"@id\":\"https:\/\/infoecos.com.ar\/index.php\/kicillof-le-pidio-una-mano-a-los-intendentes-de-la-provincia-y-fue-durisimo-con-macri\/#breadcrumb\"},\"inLanguage\":\"es\",\"potentialAction\":[{\"@type\":\"ReadAction\",\"target\":[\"https:\/\/infoecos.com.ar\/index.php\/kicillof-le-pidio-una-mano-a-los-intendentes-de-la-provincia-y-fue-durisimo-con-macri\/\"]}]},{\"@type\":\"ImageObject\",\"inLanguage\":\"es\",\"@id\":\"https:\/\/infoecos.com.ar\/index.php\/kicillof-le-pidio-una-mano-a-los-intendentes-de-la-provincia-y-fue-durisimo-con-macri\/#primaryimage\",\"url\":\"https:\/\/infoecos.com.ar\/wp-content\/uploads\/2022\/04\/FQuswkGXoAgAB9f.jpg\",\"contentUrl\":\"https:\/\/infoecos.com.ar\/wp-content\/uploads\/2022\/04\/FQuswkGXoAgAB9f.jpg\",\"width\":680,\"height\":453},{\"@type\":\"BreadcrumbList\",\"@id\":\"https:\/\/infoecos.com.ar\/index.php\/kicillof-le-pidio-una-mano-a-los-intendentes-de-la-provincia-y-fue-durisimo-con-macri\/#breadcrumb\",\"itemListElement\":[{\"@type\":\"ListItem\",\"position\":1,\"name\":\"Portada\",\"item\":\"https:\/\/infoecos.com.ar\/\"},{\"@type\":\"ListItem\",\"position\":2,\"name\":\"Kicillof le pidi\u00f3 \u00abuna mano\u00bb a los intendentes de la provincia y fue dur\u00edsimo con Macri\"}]},{\"@type\":\"WebSite\",\"@id\":\"https:\/\/infoecos.com.ar\/#website\",\"url\":\"https:\/\/infoecos.com.ar\/\",\"name\":\"Infoecos\",\"description\":\"Noticias de trenque lauquen y la zona\",\"publisher\":{\"@id\":\"https:\/\/infoecos.com.ar\/#organization\"},\"alternateName\":\"Noticias\",\"potentialAction\":[{\"@type\":\"SearchAction\",\"target\":{\"@type\":\"EntryPoint\",\"urlTemplate\":\"https:\/\/infoecos.com.ar\/?s={search_term_string}\"},\"query-input\":{\"@type\":\"PropertyValueSpecification\",\"valueRequired\":true,\"valueName\":\"search_term_string\"}}],\"inLanguage\":\"es\"},{\"@type\":\"Organization\",\"@id\":\"https:\/\/infoecos.com.ar\/#organization\",\"name\":\"Infoecos\",\"alternateName\":\"Noticias\",\"url\":\"https:\/\/infoecos.com.ar\/\",\"logo\":{\"@type\":\"ImageObject\",\"inLanguage\":\"es\",\"@id\":\"https:\/\/infoecos.com.ar\/#\/schema\/logo\/image\/\",\"url\":\"https:\/\/infoecos.com.ar\/wp-content\/uploads\/2024\/03\/cropped-logo.png\",\"contentUrl\":\"https:\/\/infoecos.com.ar\/wp-content\/uploads\/2024\/03\/cropped-logo.png\",\"width\":374,\"height\":90,\"caption\":\"Infoecos\"},\"image\":{\"@id\":\"https:\/\/infoecos.com.ar\/#\/schema\/logo\/image\/\"},\"sameAs\":[\"https:\/\/www.facebook.com\/profile.php?id=100063200290284\",\"https:\/\/x.com\/infoecos\"]},{\"@type\":\"Person\",\"@id\":\"https:\/\/infoecos.com.ar\/#\/schema\/person\/8f5ace5ce73b4b4aac4b7245aee6f191\",\"name\":\"Jorge Matheus\",\"url\":\"https:\/\/infoecos.com.ar\/index.php\/author\/jomatheus\/\"}]}<\/script>\n<!-- \/ Yoast SEO plugin. -->","yoast_head_json":{"title":"Kicillof le pidi\u00f3 \"una mano\" a los intendentes de la provincia y fue dur\u00edsimo con Macri - Infoecos","robots":{"index":"index","follow":"follow","max-snippet":"max-snippet:-1","max-image-preview":"max-image-preview:large","max-video-preview":"max-video-preview:-1"},"canonical":"https:\/\/infoecos.com.ar\/index.php\/kicillof-le-pidio-una-mano-a-los-intendentes-de-la-provincia-y-fue-durisimo-con-macri\/","og_locale":"es_ES","og_type":"article","og_title":"Kicillof le pidi\u00f3 \"una mano\" a los intendentes de la provincia y fue dur\u00edsimo con Macri - Infoecos","og_description":"Kicillof particip\u00f3 del congreso de la UOM junto al secretario general del gremio, Abel Furl\u00e1n, y al ex titular del gremio, Antonio Cal\u00f3. Adem\u00e1s, estuvieron presentes la ministra de Trabajo provincial, Mara Ruiz Malec; el ministro de Producci\u00f3n, Ciencia e Innovaci\u00f3n Tecnol\u00f3gica, Augusto Costa; y la subsecretaria de Pol\u00edticas de G\u00e9nero y Diversidad Sexual, Luc\u00eda Portos","og_url":"https:\/\/infoecos.com.ar\/index.php\/kicillof-le-pidio-una-mano-a-los-intendentes-de-la-provincia-y-fue-durisimo-con-macri\/","og_site_name":"Infoecos","article_publisher":"https:\/\/www.facebook.com\/profile.php?id=100063200290284","article_published_time":"2022-04-19T22:17:23+00:00","article_modified_time":"2022-04-21T03:44:50+00:00","og_image":[{"width":680,"height":453,"url":"https:\/\/infoecos.com.ar\/wp-content\/uploads\/2022\/04\/FQuswkGXoAgAB9f.jpg","type":"image\/jpeg"}],"author":"Jorge Matheus","twitter_card":"summary_large_image","twitter_creator":"@infoecos","twitter_site":"@infoecos","twitter_misc":{"Escrito por":"Jorge Matheus","Tiempo de lectura":"2 minutos"},"schema":{"@context":"https:\/\/schema.org","@graph":[{"@type":"Article","@id":"https:\/\/infoecos.com.ar\/index.php\/kicillof-le-pidio-una-mano-a-los-intendentes-de-la-provincia-y-fue-durisimo-con-macri\/#article","isPartOf":{"@id":"https:\/\/infoecos.com.ar\/index.php\/kicillof-le-pidio-una-mano-a-los-intendentes-de-la-provincia-y-fue-durisimo-con-macri\/"},"author":{"name":"Jorge Matheus","@id":"https:\/\/infoecos.com.ar\/#\/schema\/person\/8f5ace5ce73b4b4aac4b7245aee6f191"},"headline":"Kicillof le pidi\u00f3 \u00abuna mano\u00bb a los intendentes de la provincia y fue dur\u00edsimo con Macri","datePublished":"2022-04-19T22:17:23+00:00","dateModified":"2022-04-21T03:44:50+00:00","mainEntityOfPage":{"@id":"https:\/\/infoecos.com.ar\/index.php\/kicillof-le-pidio-una-mano-a-los-intendentes-de-la-provincia-y-fue-durisimo-con-macri\/"},"wordCount":449,"publisher":{"@id":"https:\/\/infoecos.com.ar\/#organization"},"image":{"@id":"https:\/\/infoecos.com.ar\/index.php\/kicillof-le-pidio-una-mano-a-los-intendentes-de-la-provincia-y-fue-durisimo-con-macri\/#primaryimage"},"thumbnailUrl":"https:\/\/infoecos.com.ar\/wp-content\/uploads\/2022\/04\/FQuswkGXoAgAB9f.jpg","keywords":["EN MAR DEL PLATA"],"articleSection":["Bloque inferior - 4"],"inLanguage":"es"},{"@type":"WebPage","@id":"https:\/\/infoecos.com.ar\/index.php\/kicillof-le-pidio-una-mano-a-los-intendentes-de-la-provincia-y-fue-durisimo-con-macri\/","url":"https:\/\/infoecos.com.ar\/index.php\/kicillof-le-pidio-una-mano-a-los-intendentes-de-la-provincia-y-fue-durisimo-con-macri\/","name":"Kicillof le pidi\u00f3 \"una mano\" a los intendentes de la provincia y fue dur\u00edsimo con Macri - Infoecos","isPartOf":{"@id":"https:\/\/infoecos.com.ar\/#website"},"primaryImageOfPage":{"@id":"https:\/\/infoecos.com.ar\/index.php\/kicillof-le-pidio-una-mano-a-los-intendentes-de-la-provincia-y-fue-durisimo-con-macri\/#primaryimage"},"image":{"@id":"https:\/\/infoecos.com.ar\/index.php\/kicillof-le-pidio-una-mano-a-los-intendentes-de-la-provincia-y-fue-durisimo-con-macri\/#primaryimage"},"thumbnailUrl":"https:\/\/infoecos.com.ar\/wp-content\/uploads\/2022\/04\/FQuswkGXoAgAB9f.jpg","datePublished":"2022-04-19T22:17:23+00:00","dateModified":"2022-04-21T03:44:50+00:00","breadcrumb":{"@id":"https:\/\/infoecos.com.ar\/index.php\/kicillof-le-pidio-una-mano-a-los-intendentes-de-la-provincia-y-fue-durisimo-con-macri\/#breadcrumb"},"inLanguage":"es","potentialAction":[{"@type":"ReadAction","target":["https:\/\/infoecos.com.ar\/index.php\/kicillof-le-pidio-una-mano-a-los-intendentes-de-la-provincia-y-fue-durisimo-con-macri\/"]}]},{"@type":"ImageObject","inLanguage":"es","@id":"https:\/\/infoecos.com.ar\/index.php\/kicillof-le-pidio-una-mano-a-los-intendentes-de-la-provincia-y-fue-durisimo-con-macri\/#primaryimage","url":"https:\/\/infoecos.com.ar\/wp-content\/uploads\/2022\/04\/FQuswkGXoAgAB9f.jpg","contentUrl":"https:\/\/infoecos.com.ar\/wp-content\/uploads\/2022\/04\/FQuswkGXoAgAB9f.jpg","width":680,"height":453},{"@type":"BreadcrumbList","@id":"https:\/\/infoecos.com.ar\/index.php\/kicillof-le-pidio-una-mano-a-los-intendentes-de-la-provincia-y-fue-durisimo-con-macri\/#breadcrumb","itemListElement":[{"@type":"ListItem","position":1,"name":"Portada","item":"https:\/\/infoecos.com.ar\/"},{"@type":"ListItem","position":2,"name":"Kicillof le pidi\u00f3 \u00abuna mano\u00bb a los intendentes de la provincia y fue dur\u00edsimo con Macri"}]},{"@type":"WebSite","@id":"https:\/\/infoecos.com.ar\/#website","url":"https:\/\/infoecos.com.ar\/","name":"Infoecos","description":"Noticias de trenque lauquen y la zona","publisher":{"@id":"https:\/\/infoecos.com.ar\/#organization"},"alternateName":"Noticias","potentialAction":[{"@type":"SearchAction","target":{"@type":"EntryPoint","urlTemplate":"https:\/\/infoecos.com.ar\/?s={search_term_string}"},"query-input":{"@type":"PropertyValueSpecification","valueRequired":true,"valueName":"search_term_string"}}],"inLanguage":"es"},{"@type":"Organization","@id":"https:\/\/infoecos.com.ar\/#organization","name":"Infoecos","alternateName":"Noticias","url":"https:\/\/infoecos.com.ar\/","logo":{"@type":"ImageObject","inLanguage":"es","@id":"https:\/\/infoecos.com.ar\/#\/schema\/logo\/image\/","url":"https:\/\/infoecos.com.ar\/wp-content\/uploads\/2024\/03\/cropped-logo.png","contentUrl":"https:\/\/infoecos.com.ar\/wp-content\/uploads\/2024\/03\/cropped-logo.png","width":374,"height":90,"caption":"Infoecos"},"image":{"@id":"https:\/\/infoecos.com.ar\/#\/schema\/logo\/image\/"},"sameAs":["https:\/\/www.facebook.com\/profile.php?id=100063200290284","https:\/\/x.com\/infoecos"]},{"@type":"Person","@id":"https:\/\/infoecos.com.ar\/#\/schema\/person\/8f5ace5ce73b4b4aac4b7245aee6f191","name":"Jorge Matheus","url":"https:\/\/infoecos.com.ar\/index.php\/author\/jomatheus\/"}]}},"featured_image_urls":{"full":["https:\/\/infoecos.com.ar\/wp-content\/uploads\/2022\/04\/FQuswkGXoAgAB9f.jpg",680,453,false],"thumbnail":["https:\/\/infoecos.com.ar\/wp-content\/uploads\/2022\/04\/FQuswkGXoAgAB9f-150x150.jpg",150,150,true],"medium":["https:\/\/infoecos.com.ar\/wp-content\/uploads\/2022\/04\/FQuswkGXoAgAB9f-460x306.jpg",460,306,true],"medium_large":["https:\/\/infoecos.com.ar\/wp-content\/uploads\/2022\/04\/FQuswkGXoAgAB9f.jpg",640,426,false],"large":["https:\/\/infoecos.com.ar\/wp-content\/uploads\/2022\/04\/FQuswkGXoAgAB9f.jpg",640,426,false],"1536x1536":["https:\/\/infoecos.com.ar\/wp-content\/uploads\/2022\/04\/FQuswkGXoAgAB9f.jpg",680,453,false],"2048x2048":["https:\/\/infoecos.com.ar\/wp-content\/uploads\/2022\/04\/FQuswkGXoAgAB9f.jpg",680,453,false],"covernews-slider-full":["https:\/\/infoecos.com.ar\/wp-content\/uploads\/2022\/04\/FQuswkGXoAgAB9f.jpg",680,453,false],"covernews-slider-center":["https:\/\/infoecos.com.ar\/wp-content\/uploads\/2022\/04\/FQuswkGXoAgAB9f.jpg",680,453,false],"covernews-featured":["https:\/\/infoecos.com.ar\/wp-content\/uploads\/2022\/04\/FQuswkGXoAgAB9f.jpg",680,453,false],"covernews-medium":["https:\/\/infoecos.com.ar\/wp-content\/uploads\/2022\/04\/FQuswkGXoAgAB9f-680x380.jpg",540,302,true],"covernews-medium-square":["https:\/\/infoecos.com.ar\/wp-content\/uploads\/2022\/04\/FQuswkGXoAgAB9f-675x450.jpg",375,250,true]},"author_info":{"info":["Jorge Matheus"]},"category_info":"<a href=\"https:\/\/infoecos.com.ar\/index.php\/category\/inferior4\/\" rel=\"category tag\">Bloque inferior - 4<\/a>","tag_info":"Bloque inferior - 4","comment_count":"0","_links":{"self":[{"href":"https:\/\/infoecos.com.ar\/index.php\/wp-json\/wp\/v2\/posts\/91290"}],"collection":[{"href":"https:\/\/infoecos.com.ar\/index.php\/wp-json\/wp\/v2\/posts"}],"about":[{"href":"https:\/\/infoecos.com.ar\/index.php\/wp-json\/wp\/v2\/types\/post"}],"author":[{"embeddable":true,"href":"https:\/\/infoecos.com.ar\/index.php\/wp-json\/wp\/v2\/users\/2"}],"replies":[{"embeddable":true,"href":"https:\/\/infoecos.com.ar\/index.php\/wp-json\/wp\/v2\/comments?post=91290"}],"version-history":[{"count":1,"href":"https:\/\/infoecos.com.ar\/index.php\/wp-json\/wp\/v2\/posts\/91290\/revisions"}],"predecessor-version":[{"id":91294,"href":"https:\/\/infoecos.com.ar\/index.php\/wp-json\/wp\/v2\/posts\/91290\/revisions\/91294"}],"wp:featuredmedia":[{"embeddable":true,"href":"https:\/\/infoecos.com.ar\/index.php\/wp-json\/wp\/v2\/media\/91293"}],"wp:attachment":[{"href":"https:\/\/infoecos.com.ar\/index.php\/wp-json\/wp\/v2\/media?parent=91290"}],"wp:term":[{"taxonomy":"category","embeddable":true,"href":"https:\/\/infoecos.com.ar\/index.php\/wp-json\/wp\/v2\/categories?post=91290"},{"taxonomy":"post_tag","embeddable":true,"href":"https:\/\/infoecos.com.ar\/index.php\/wp-json\/wp\/v2\/tags?post=91290"}],"curies":[{"name":"wp","href":"https:\/\/api.w.org\/{rel}","templated":true}]}}