{"id":91300,"date":"2022-04-19T20:09:07","date_gmt":"2022-04-19T23:09:07","guid":{"rendered":"http:\/\/infoecos.com.ar\/?p=91300"},"modified":"2022-04-21T00:43:11","modified_gmt":"2022-04-21T03:43:11","slug":"presagio-preocupante-del-titular-de-la-asociacion-de-propietarios-de-carnicerias-alberto-williams","status":"publish","type":"post","link":"https:\/\/infoecos.com.ar\/index.php\/presagio-preocupante-del-titular-de-la-asociacion-de-propietarios-de-carnicerias-alberto-williams\/","title":{"rendered":"Presagio preocupante del titular de la Asociaci\u00f3n de Propietarios de Carnicer\u00edas, Alberto Williams"},"content":{"rendered":"\n<p>El titular de la&nbsp;Asociaci\u00f3n de Propietarios de Carnicer\u00edas, <strong>Alberto Williams<\/strong>, sostuvo que \u201cen una semana la media res nos aument\u00f3 m\u00e1s de 100 pesos por kilo, por lo que a\u00fan no entendemos qu\u00e9 espera el Gobierno para controlar estos precios tambi\u00e9n m\u00e1s all\u00e1 de los grandes supermercados\u201d.<\/p>\n\n\n\n<figure class=\"wp-block-audio\"><audio controls src=\"http:\/\/infoecos.com.ar\/wp-content\/uploads\/2022\/04\/20220418-Alberto-Williams.mp3\"><\/audio><\/figure>\n\n\n\n<p>En di\u00e1logo con&nbsp;<strong>Radio La Plata (FM 90.9)<\/strong>, Williams remarc\u00f3: \u201cLas exportaciones no pueden estar abiertas porque va a seguir pasando esto; primero hay que apuntar a fortalecer el consumo interno, y despu\u00e9s exportar lo que sobre. Es mentira que Argentina sea un pa\u00eds que est\u00e1 listo para alimentar a 400 millones de personas, si hoy no somos 45 millones y no podemos alimentarlos a todos\u201d.<\/p>\n\n\n\n<p>\u201cNosotros insistimos en que debe haber una mesa grande, integrada por todos los actores, para llegar a un acuerdo por m\u00e1s que cueste y aportar entre todos. No como ahora, que la mesa de enlace si no es atendida por el Presidente no est\u00e1 dispuesta a reunirse con nadie\u201d, insisti\u00f3 el referente de los propietarios carniceros.<\/p>\n\n\n\n<div class=\"wp-block-image\"><figure class=\"aligncenter size-large\"><img loading=\"lazy\" decoding=\"async\" width=\"768\" height=\"427\" src=\"http:\/\/infoecos.com.ar\/wp-content\/uploads\/2022\/04\/Carnicerias-768x427-1.png\" alt=\"\" class=\"wp-image-91302\" srcset=\"https:\/\/infoecos.com.ar\/wp-content\/uploads\/2022\/04\/Carnicerias-768x427-1.png 768w, https:\/\/infoecos.com.ar\/wp-content\/uploads\/2022\/04\/Carnicerias-768x427-1-460x256.png 460w\" sizes=\"(max-width: 768px) 100vw, 768px\" \/><\/figure><\/div>\n\n\n\n<p>Acerca del futuro del rubro alimenticio en el corto plazo, Williams concluy\u00f3 que \u201cno se ve un posible camino que nos demuestre que est\u00e1n luchando de verdad contra la inflaci\u00f3n\u201d, y agreg\u00f3: \u201cAc\u00e1 lo que necesitamos es que venga alguien y se ponga duro con los que se tienen que poner duros. Si no se toman las medidas que se tienen que tomar, en 20 d\u00edas esto se va a descontrolar\u201d.<\/p>\n","protected":false},"excerpt":{"rendered":"<p>\u201cAc\u00e1 lo que necesitamos es que venga alguien y se ponga duro con los que se tienen que poner duros. Si no se toman las medidas que se tienen que tomar, en 20 d\u00edas esto se va a descontrolar\u201d, manifest\u00f3<\/p>\n","protected":false},"author":2,"featured_media":91302,"comment_status":"closed","ping_status":"open","sticky":false,"template":"","format":"standard","meta":{"footnotes":""},"categories":[1327,42],"tags":[2984],"class_list":["post-91300","post","type-post","status-publish","format-standard","has-post-thumbnail","hentry","category-audio","category-inferior3","tag-declaraciones-a-radio-la-plata"],"yoast_head":"<!-- This site is optimized with the Yoast SEO plugin v23.4 - https:\/\/yoast.com\/wordpress\/plugins\/seo\/ -->\n<title>Presagio preocupante del titular de la Asociaci\u00f3n de Propietarios de Carnicer\u00edas, Alberto Williams - Infoecos<\/title>\n<meta name=\"robots\" content=\"index, follow, max-snippet:-1, max-image-preview:large, max-video-preview:-1\" \/>\n<link rel=\"canonical\" href=\"https:\/\/infoecos.com.ar\/index.php\/presagio-preocupante-del-titular-de-la-asociacion-de-propietarios-de-carnicerias-alberto-williams\/\" \/>\n<meta property=\"og:locale\" content=\"es_ES\" \/>\n<meta property=\"og:type\" content=\"article\" \/>\n<meta property=\"og:title\" content=\"Presagio preocupante del titular de la Asociaci\u00f3n de Propietarios de Carnicer\u00edas, Alberto Williams - Infoecos\" \/>\n<meta property=\"og:description\" content=\"\u201cAc\u00e1 lo que necesitamos es que venga alguien y se ponga duro con los que se tienen que poner duros. Si no se toman las medidas que se tienen que tomar, en 20 d\u00edas esto se va a descontrolar\u201d, manifest\u00f3\" \/>\n<meta property=\"og:url\" content=\"https:\/\/infoecos.com.ar\/index.php\/presagio-preocupante-del-titular-de-la-asociacion-de-propietarios-de-carnicerias-alberto-williams\/\" \/>\n<meta property=\"og:site_name\" content=\"Infoecos\" \/>\n<meta property=\"article:publisher\" content=\"https:\/\/www.facebook.com\/profile.php?id=100063200290284\" \/>\n<meta property=\"article:published_time\" content=\"2022-04-19T23:09:07+00:00\" \/>\n<meta property=\"article:modified_time\" content=\"2022-04-21T03:43:11+00:00\" \/>\n<meta property=\"og:image\" content=\"https:\/\/infoecos.com.ar\/wp-content\/uploads\/2022\/04\/Carnicerias-768x427-1.png\" \/>\n\t<meta property=\"og:image:width\" content=\"768\" \/>\n\t<meta property=\"og:image:height\" content=\"427\" \/>\n\t<meta property=\"og:image:type\" content=\"image\/png\" \/>\n<meta name=\"author\" content=\"Jorge Matheus\" \/>\n<meta name=\"twitter:card\" content=\"summary_large_image\" \/>\n<meta name=\"twitter:creator\" content=\"@infoecos\" \/>\n<meta name=\"twitter:site\" content=\"@infoecos\" \/>\n<meta name=\"twitter:label1\" content=\"Escrito por\" \/>\n\t<meta name=\"twitter:data1\" content=\"Jorge Matheus\" \/>\n\t<meta name=\"twitter:label2\" content=\"Tiempo de lectura\" \/>\n\t<meta name=\"twitter:data2\" content=\"1 minuto\" \/>\n<script type=\"application\/ld+json\" class=\"yoast-schema-graph\">{\"@context\":\"https:\/\/schema.org\",\"@graph\":[{\"@type\":\"Article\",\"@id\":\"https:\/\/infoecos.com.ar\/index.php\/presagio-preocupante-del-titular-de-la-asociacion-de-propietarios-de-carnicerias-alberto-williams\/#article\",\"isPartOf\":{\"@id\":\"https:\/\/infoecos.com.ar\/index.php\/presagio-preocupante-del-titular-de-la-asociacion-de-propietarios-de-carnicerias-alberto-williams\/\"},\"author\":{\"name\":\"Jorge Matheus\",\"@id\":\"https:\/\/infoecos.com.ar\/#\/schema\/person\/8f5ace5ce73b4b4aac4b7245aee6f191\"},\"headline\":\"Presagio preocupante del titular de la Asociaci\u00f3n de Propietarios de Carnicer\u00edas, Alberto Williams\",\"datePublished\":\"2022-04-19T23:09:07+00:00\",\"dateModified\":\"2022-04-21T03:43:11+00:00\",\"mainEntityOfPage\":{\"@id\":\"https:\/\/infoecos.com.ar\/index.php\/presagio-preocupante-del-titular-de-la-asociacion-de-propietarios-de-carnicerias-alberto-williams\/\"},\"wordCount\":266,\"publisher\":{\"@id\":\"https:\/\/infoecos.com.ar\/#organization\"},\"image\":{\"@id\":\"https:\/\/infoecos.com.ar\/index.php\/presagio-preocupante-del-titular-de-la-asociacion-de-propietarios-de-carnicerias-alberto-williams\/#primaryimage\"},\"thumbnailUrl\":\"https:\/\/infoecos.com.ar\/wp-content\/uploads\/2022\/04\/Carnicerias-768x427-1.png\",\"keywords\":[\"DECLARACIONES A RADIO LA PLATA\"],\"articleSection\":[\"Audio\",\"Bloque inferior - 3\"],\"inLanguage\":\"es\"},{\"@type\":\"WebPage\",\"@id\":\"https:\/\/infoecos.com.ar\/index.php\/presagio-preocupante-del-titular-de-la-asociacion-de-propietarios-de-carnicerias-alberto-williams\/\",\"url\":\"https:\/\/infoecos.com.ar\/index.php\/presagio-preocupante-del-titular-de-la-asociacion-de-propietarios-de-carnicerias-alberto-williams\/\",\"name\":\"Presagio preocupante del titular de la Asociaci\u00f3n de Propietarios de Carnicer\u00edas, Alberto Williams - Infoecos\",\"isPartOf\":{\"@id\":\"https:\/\/infoecos.com.ar\/#website\"},\"primaryImageOfPage\":{\"@id\":\"https:\/\/infoecos.com.ar\/index.php\/presagio-preocupante-del-titular-de-la-asociacion-de-propietarios-de-carnicerias-alberto-williams\/#primaryimage\"},\"image\":{\"@id\":\"https:\/\/infoecos.com.ar\/index.php\/presagio-preocupante-del-titular-de-la-asociacion-de-propietarios-de-carnicerias-alberto-williams\/#primaryimage\"},\"thumbnailUrl\":\"https:\/\/infoecos.com.ar\/wp-content\/uploads\/2022\/04\/Carnicerias-768x427-1.png\",\"datePublished\":\"2022-04-19T23:09:07+00:00\",\"dateModified\":\"2022-04-21T03:43:11+00:00\",\"breadcrumb\":{\"@id\":\"https:\/\/infoecos.com.ar\/index.php\/presagio-preocupante-del-titular-de-la-asociacion-de-propietarios-de-carnicerias-alberto-williams\/#breadcrumb\"},\"inLanguage\":\"es\",\"potentialAction\":[{\"@type\":\"ReadAction\",\"target\":[\"https:\/\/infoecos.com.ar\/index.php\/presagio-preocupante-del-titular-de-la-asociacion-de-propietarios-de-carnicerias-alberto-williams\/\"]}]},{\"@type\":\"ImageObject\",\"inLanguage\":\"es\",\"@id\":\"https:\/\/infoecos.com.ar\/index.php\/presagio-preocupante-del-titular-de-la-asociacion-de-propietarios-de-carnicerias-alberto-williams\/#primaryimage\",\"url\":\"https:\/\/infoecos.com.ar\/wp-content\/uploads\/2022\/04\/Carnicerias-768x427-1.png\",\"contentUrl\":\"https:\/\/infoecos.com.ar\/wp-content\/uploads\/2022\/04\/Carnicerias-768x427-1.png\",\"width\":768,\"height\":427},{\"@type\":\"BreadcrumbList\",\"@id\":\"https:\/\/infoecos.com.ar\/index.php\/presagio-preocupante-del-titular-de-la-asociacion-de-propietarios-de-carnicerias-alberto-williams\/#breadcrumb\",\"itemListElement\":[{\"@type\":\"ListItem\",\"position\":1,\"name\":\"Portada\",\"item\":\"https:\/\/infoecos.com.ar\/\"},{\"@type\":\"ListItem\",\"position\":2,\"name\":\"Presagio preocupante del titular de la Asociaci\u00f3n de Propietarios de Carnicer\u00edas, Alberto Williams\"}]},{\"@type\":\"WebSite\",\"@id\":\"https:\/\/infoecos.com.ar\/#website\",\"url\":\"https:\/\/infoecos.com.ar\/\",\"name\":\"Infoecos\",\"description\":\"Noticias de trenque lauquen y la zona\",\"publisher\":{\"@id\":\"https:\/\/infoecos.com.ar\/#organization\"},\"alternateName\":\"Noticias\",\"potentialAction\":[{\"@type\":\"SearchAction\",\"target\":{\"@type\":\"EntryPoint\",\"urlTemplate\":\"https:\/\/infoecos.com.ar\/?s={search_term_string}\"},\"query-input\":{\"@type\":\"PropertyValueSpecification\",\"valueRequired\":true,\"valueName\":\"search_term_string\"}}],\"inLanguage\":\"es\"},{\"@type\":\"Organization\",\"@id\":\"https:\/\/infoecos.com.ar\/#organization\",\"name\":\"Infoecos\",\"alternateName\":\"Noticias\",\"url\":\"https:\/\/infoecos.com.ar\/\",\"logo\":{\"@type\":\"ImageObject\",\"inLanguage\":\"es\",\"@id\":\"https:\/\/infoecos.com.ar\/#\/schema\/logo\/image\/\",\"url\":\"https:\/\/infoecos.com.ar\/wp-content\/uploads\/2024\/03\/cropped-logo.png\",\"contentUrl\":\"https:\/\/infoecos.com.ar\/wp-content\/uploads\/2024\/03\/cropped-logo.png\",\"width\":374,\"height\":90,\"caption\":\"Infoecos\"},\"image\":{\"@id\":\"https:\/\/infoecos.com.ar\/#\/schema\/logo\/image\/\"},\"sameAs\":[\"https:\/\/www.facebook.com\/profile.php?id=100063200290284\",\"https:\/\/x.com\/infoecos\"]},{\"@type\":\"Person\",\"@id\":\"https:\/\/infoecos.com.ar\/#\/schema\/person\/8f5ace5ce73b4b4aac4b7245aee6f191\",\"name\":\"Jorge Matheus\",\"url\":\"https:\/\/infoecos.com.ar\/index.php\/author\/jomatheus\/\"}]}<\/script>\n<!-- \/ Yoast SEO plugin. -->","yoast_head_json":{"title":"Presagio preocupante del titular de la Asociaci\u00f3n de Propietarios de Carnicer\u00edas, Alberto Williams - Infoecos","robots":{"index":"index","follow":"follow","max-snippet":"max-snippet:-1","max-image-preview":"max-image-preview:large","max-video-preview":"max-video-preview:-1"},"canonical":"https:\/\/infoecos.com.ar\/index.php\/presagio-preocupante-del-titular-de-la-asociacion-de-propietarios-de-carnicerias-alberto-williams\/","og_locale":"es_ES","og_type":"article","og_title":"Presagio preocupante del titular de la Asociaci\u00f3n de Propietarios de Carnicer\u00edas, Alberto Williams - Infoecos","og_description":"\u201cAc\u00e1 lo que necesitamos es que venga alguien y se ponga duro con los que se tienen que poner duros. Si no se toman las medidas que se tienen que tomar, en 20 d\u00edas esto se va a descontrolar\u201d, manifest\u00f3","og_url":"https:\/\/infoecos.com.ar\/index.php\/presagio-preocupante-del-titular-de-la-asociacion-de-propietarios-de-carnicerias-alberto-williams\/","og_site_name":"Infoecos","article_publisher":"https:\/\/www.facebook.com\/profile.php?id=100063200290284","article_published_time":"2022-04-19T23:09:07+00:00","article_modified_time":"2022-04-21T03:43:11+00:00","og_image":[{"width":768,"height":427,"url":"https:\/\/infoecos.com.ar\/wp-content\/uploads\/2022\/04\/Carnicerias-768x427-1.png","type":"image\/png"}],"author":"Jorge Matheus","twitter_card":"summary_large_image","twitter_creator":"@infoecos","twitter_site":"@infoecos","twitter_misc":{"Escrito por":"Jorge Matheus","Tiempo de lectura":"1 minuto"},"schema":{"@context":"https:\/\/schema.org","@graph":[{"@type":"Article","@id":"https:\/\/infoecos.com.ar\/index.php\/presagio-preocupante-del-titular-de-la-asociacion-de-propietarios-de-carnicerias-alberto-williams\/#article","isPartOf":{"@id":"https:\/\/infoecos.com.ar\/index.php\/presagio-preocupante-del-titular-de-la-asociacion-de-propietarios-de-carnicerias-alberto-williams\/"},"author":{"name":"Jorge Matheus","@id":"https:\/\/infoecos.com.ar\/#\/schema\/person\/8f5ace5ce73b4b4aac4b7245aee6f191"},"headline":"Presagio preocupante del titular de la Asociaci\u00f3n de Propietarios de Carnicer\u00edas, Alberto Williams","datePublished":"2022-04-19T23:09:07+00:00","dateModified":"2022-04-21T03:43:11+00:00","mainEntityOfPage":{"@id":"https:\/\/infoecos.com.ar\/index.php\/presagio-preocupante-del-titular-de-la-asociacion-de-propietarios-de-carnicerias-alberto-williams\/"},"wordCount":266,"publisher":{"@id":"https:\/\/infoecos.com.ar\/#organization"},"image":{"@id":"https:\/\/infoecos.com.ar\/index.php\/presagio-preocupante-del-titular-de-la-asociacion-de-propietarios-de-carnicerias-alberto-williams\/#primaryimage"},"thumbnailUrl":"https:\/\/infoecos.com.ar\/wp-content\/uploads\/2022\/04\/Carnicerias-768x427-1.png","keywords":["DECLARACIONES A RADIO LA PLATA"],"articleSection":["Audio","Bloque inferior - 3"],"inLanguage":"es"},{"@type":"WebPage","@id":"https:\/\/infoecos.com.ar\/index.php\/presagio-preocupante-del-titular-de-la-asociacion-de-propietarios-de-carnicerias-alberto-williams\/","url":"https:\/\/infoecos.com.ar\/index.php\/presagio-preocupante-del-titular-de-la-asociacion-de-propietarios-de-carnicerias-alberto-williams\/","name":"Presagio preocupante del titular de la Asociaci\u00f3n de Propietarios de Carnicer\u00edas, Alberto Williams - Infoecos","isPartOf":{"@id":"https:\/\/infoecos.com.ar\/#website"},"primaryImageOfPage":{"@id":"https:\/\/infoecos.com.ar\/index.php\/presagio-preocupante-del-titular-de-la-asociacion-de-propietarios-de-carnicerias-alberto-williams\/#primaryimage"},"image":{"@id":"https:\/\/infoecos.com.ar\/index.php\/presagio-preocupante-del-titular-de-la-asociacion-de-propietarios-de-carnicerias-alberto-williams\/#primaryimage"},"thumbnailUrl":"https:\/\/infoecos.com.ar\/wp-content\/uploads\/2022\/04\/Carnicerias-768x427-1.png","datePublished":"2022-04-19T23:09:07+00:00","dateModified":"2022-04-21T03:43:11+00:00","breadcrumb":{"@id":"https:\/\/infoecos.com.ar\/index.php\/presagio-preocupante-del-titular-de-la-asociacion-de-propietarios-de-carnicerias-alberto-williams\/#breadcrumb"},"inLanguage":"es","potentialAction":[{"@type":"ReadAction","target":["https:\/\/infoecos.com.ar\/index.php\/presagio-preocupante-del-titular-de-la-asociacion-de-propietarios-de-carnicerias-alberto-williams\/"]}]},{"@type":"ImageObject","inLanguage":"es","@id":"https:\/\/infoecos.com.ar\/index.php\/presagio-preocupante-del-titular-de-la-asociacion-de-propietarios-de-carnicerias-alberto-williams\/#primaryimage","url":"https:\/\/infoecos.com.ar\/wp-content\/uploads\/2022\/04\/Carnicerias-768x427-1.png","contentUrl":"https:\/\/infoecos.com.ar\/wp-content\/uploads\/2022\/04\/Carnicerias-768x427-1.png","width":768,"height":427},{"@type":"BreadcrumbList","@id":"https:\/\/infoecos.com.ar\/index.php\/presagio-preocupante-del-titular-de-la-asociacion-de-propietarios-de-carnicerias-alberto-williams\/#breadcrumb","itemListElement":[{"@type":"ListItem","position":1,"name":"Portada","item":"https:\/\/infoecos.com.ar\/"},{"@type":"ListItem","position":2,"name":"Presagio preocupante del titular de la Asociaci\u00f3n de Propietarios de Carnicer\u00edas, Alberto Williams"}]},{"@type":"WebSite","@id":"https:\/\/infoecos.com.ar\/#website","url":"https:\/\/infoecos.com.ar\/","name":"Infoecos","description":"Noticias de trenque lauquen y la zona","publisher":{"@id":"https:\/\/infoecos.com.ar\/#organization"},"alternateName":"Noticias","potentialAction":[{"@type":"SearchAction","target":{"@type":"EntryPoint","urlTemplate":"https:\/\/infoecos.com.ar\/?s={search_term_string}"},"query-input":{"@type":"PropertyValueSpecification","valueRequired":true,"valueName":"search_term_string"}}],"inLanguage":"es"},{"@type":"Organization","@id":"https:\/\/infoecos.com.ar\/#organization","name":"Infoecos","alternateName":"Noticias","url":"https:\/\/infoecos.com.ar\/","logo":{"@type":"ImageObject","inLanguage":"es","@id":"https:\/\/infoecos.com.ar\/#\/schema\/logo\/image\/","url":"https:\/\/infoecos.com.ar\/wp-content\/uploads\/2024\/03\/cropped-logo.png","contentUrl":"https:\/\/infoecos.com.ar\/wp-content\/uploads\/2024\/03\/cropped-logo.png","width":374,"height":90,"caption":"Infoecos"},"image":{"@id":"https:\/\/infoecos.com.ar\/#\/schema\/logo\/image\/"},"sameAs":["https:\/\/www.facebook.com\/profile.php?id=100063200290284","https:\/\/x.com\/infoecos"]},{"@type":"Person","@id":"https:\/\/infoecos.com.ar\/#\/schema\/person\/8f5ace5ce73b4b4aac4b7245aee6f191","name":"Jorge Matheus","url":"https:\/\/infoecos.com.ar\/index.php\/author\/jomatheus\/"}]}},"featured_image_urls":{"full":["https:\/\/infoecos.com.ar\/wp-content\/uploads\/2022\/04\/Carnicerias-768x427-1.png",768,427,false],"thumbnail":["https:\/\/infoecos.com.ar\/wp-content\/uploads\/2022\/04\/Carnicerias-768x427-1-150x150.png",150,150,true],"medium":["https:\/\/infoecos.com.ar\/wp-content\/uploads\/2022\/04\/Carnicerias-768x427-1-460x256.png",460,256,true],"medium_large":["https:\/\/infoecos.com.ar\/wp-content\/uploads\/2022\/04\/Carnicerias-768x427-1.png",640,356,false],"large":["https:\/\/infoecos.com.ar\/wp-content\/uploads\/2022\/04\/Carnicerias-768x427-1.png",640,356,false],"1536x1536":["https:\/\/infoecos.com.ar\/wp-content\/uploads\/2022\/04\/Carnicerias-768x427-1.png",768,427,false],"2048x2048":["https:\/\/infoecos.com.ar\/wp-content\/uploads\/2022\/04\/Carnicerias-768x427-1.png",768,427,false],"covernews-slider-full":["https:\/\/infoecos.com.ar\/wp-content\/uploads\/2022\/04\/Carnicerias-768x427-1.png",768,427,false],"covernews-slider-center":["https:\/\/infoecos.com.ar\/wp-content\/uploads\/2022\/04\/Carnicerias-768x427-1.png",768,427,false],"covernews-featured":["https:\/\/infoecos.com.ar\/wp-content\/uploads\/2022\/04\/Carnicerias-768x427-1.png",768,427,false],"covernews-medium":["https:\/\/infoecos.com.ar\/wp-content\/uploads\/2022\/04\/Carnicerias-768x427-1-720x380.png",540,285,true],"covernews-medium-square":["https:\/\/infoecos.com.ar\/wp-content\/uploads\/2022\/04\/Carnicerias-768x427-1-675x427.png",395,250,true]},"author_info":{"info":["Jorge Matheus"]},"category_info":"<a href=\"https:\/\/infoecos.com.ar\/index.php\/category\/audio\/\" rel=\"category tag\">Audio<\/a> <a href=\"https:\/\/infoecos.com.ar\/index.php\/category\/inferior3\/\" rel=\"category tag\">Bloque inferior - 3<\/a>","tag_info":"Bloque inferior - 3","comment_count":"0","_links":{"self":[{"href":"https:\/\/infoecos.com.ar\/index.php\/wp-json\/wp\/v2\/posts\/91300"}],"collection":[{"href":"https:\/\/infoecos.com.ar\/index.php\/wp-json\/wp\/v2\/posts"}],"about":[{"href":"https:\/\/infoecos.com.ar\/index.php\/wp-json\/wp\/v2\/types\/post"}],"author":[{"embeddable":true,"href":"https:\/\/infoecos.com.ar\/index.php\/wp-json\/wp\/v2\/users\/2"}],"replies":[{"embeddable":true,"href":"https:\/\/infoecos.com.ar\/index.php\/wp-json\/wp\/v2\/comments?post=91300"}],"version-history":[{"count":2,"href":"https:\/\/infoecos.com.ar\/index.php\/wp-json\/wp\/v2\/posts\/91300\/revisions"}],"predecessor-version":[{"id":91349,"href":"https:\/\/infoecos.com.ar\/index.php\/wp-json\/wp\/v2\/posts\/91300\/revisions\/91349"}],"wp:featuredmedia":[{"embeddable":true,"href":"https:\/\/infoecos.com.ar\/index.php\/wp-json\/wp\/v2\/media\/91302"}],"wp:attachment":[{"href":"https:\/\/infoecos.com.ar\/index.php\/wp-json\/wp\/v2\/media?parent=91300"}],"wp:term":[{"taxonomy":"category","embeddable":true,"href":"https:\/\/infoecos.com.ar\/index.php\/wp-json\/wp\/v2\/categories?post=91300"},{"taxonomy":"post_tag","embeddable":true,"href":"https:\/\/infoecos.com.ar\/index.php\/wp-json\/wp\/v2\/tags?post=91300"}],"curies":[{"name":"wp","href":"https:\/\/api.w.org\/{rel}","templated":true}]}}