{"id":91304,"date":"2022-04-19T21:41:43","date_gmt":"2022-04-20T00:41:43","guid":{"rendered":"http:\/\/infoecos.com.ar\/?p=91304"},"modified":"2022-04-21T00:42:51","modified_gmt":"2022-04-21T03:42:51","slug":"se-inicio-la-etapa-final-del-proceso-de-conversion-al-gas-natural-en-general-villegas","status":"publish","type":"post","link":"https:\/\/infoecos.com.ar\/index.php\/se-inicio-la-etapa-final-del-proceso-de-conversion-al-gas-natural-en-general-villegas\/","title":{"rendered":"Se inici\u00f3 la etapa final del proceso de conversi\u00f3n al gas natural en General Villegas"},"content":{"rendered":"\n<p>Camuzzi dio inicio a la etapa final del proceso de conversi\u00f3n en General Villegas. <\/p>\n\n\n\n<p>Los t\u00e9cnicos asignados al operativo estar\u00e1n visitando por \u00faltima vez la totalidad de las instalaciones, para verificar el correcto funcionamiento de todos de los artefactos, y obtener as\u00ed la conformidad de los usuarios por los trabajos realizados. Es importante destacar que este procedimiento no tiene costo alguno para los villeguenses.<\/p>\n\n\n\n<div class=\"wp-block-image\"><figure class=\"aligncenter size-large is-resized\"><img loading=\"lazy\" decoding=\"async\" src=\"http:\/\/infoecos.com.ar\/wp-content\/uploads\/Camuzzi-960x640-920x613.jpg\" alt=\"\" class=\"wp-image-48393\" width=\"643\" height=\"428\"\/><figcaption>Gasoducto<\/figcaption><\/figure><\/div>\n\n\n\n<p>Esta etapa final requiere que los agentes asistan nuevamente a cada uno de los m\u00e1s de 3.000 hogares conectados a la red para realizar los trabajos finales de conversi\u00f3n, y que puedan utilizar todos sus artefactos con gas natural. Este procedimiento implica aproximadamente una hora de trabajo por vivienda.<\/p>\n\n\n\n<p>A su vez, la distribuidora recuerda a los propietarios de las 370 viviendas que a\u00fan no han permitido el ingreso de los t\u00e9cnicos, que pueden llamar al n\u00famero 3388 519708 y coordinar en forma inmediata y sin costo, la conversi\u00f3n de sus artefactos.<\/p>\n","protected":false},"excerpt":{"rendered":"<p>Esta etapa final requiere que los agentes asistan nuevamente a cada uno de los m\u00e1s de 3.000 hogares conectados a la red para realizar los trabajos finales de conversi\u00f3n, y que puedan utilizar todos sus artefactos con gas natural. Este procedimiento implica aproximadamente una hora de trabajo por vivienda<\/p>\n","protected":false},"author":2,"featured_media":91158,"comment_status":"closed","ping_status":"open","sticky":false,"template":"","format":"standard","meta":{"footnotes":""},"categories":[41],"tags":[5850],"class_list":["post-91304","post","type-post","status-publish","format-standard","has-post-thumbnail","hentry","category-inferior2","tag-informacion-de-camuzzi"],"yoast_head":"<!-- This site is optimized with the Yoast SEO plugin v23.4 - https:\/\/yoast.com\/wordpress\/plugins\/seo\/ -->\n<title>Se inici\u00f3 la etapa final del proceso de conversi\u00f3n al gas natural en General Villegas - Infoecos<\/title>\n<meta name=\"robots\" content=\"index, follow, max-snippet:-1, max-image-preview:large, max-video-preview:-1\" \/>\n<link rel=\"canonical\" href=\"https:\/\/infoecos.com.ar\/index.php\/se-inicio-la-etapa-final-del-proceso-de-conversion-al-gas-natural-en-general-villegas\/\" \/>\n<meta property=\"og:locale\" content=\"es_ES\" \/>\n<meta property=\"og:type\" content=\"article\" \/>\n<meta property=\"og:title\" content=\"Se inici\u00f3 la etapa final del proceso de conversi\u00f3n al gas natural en General Villegas - Infoecos\" \/>\n<meta property=\"og:description\" content=\"Esta etapa final requiere que los agentes asistan nuevamente a cada uno de los m\u00e1s de 3.000 hogares conectados a la red para realizar los trabajos finales de conversi\u00f3n, y que puedan utilizar todos sus artefactos con gas natural. Este procedimiento implica aproximadamente una hora de trabajo por vivienda\" \/>\n<meta property=\"og:url\" content=\"https:\/\/infoecos.com.ar\/index.php\/se-inicio-la-etapa-final-del-proceso-de-conversion-al-gas-natural-en-general-villegas\/\" \/>\n<meta property=\"og:site_name\" content=\"Infoecos\" \/>\n<meta property=\"article:publisher\" content=\"https:\/\/www.facebook.com\/profile.php?id=100063200290284\" \/>\n<meta property=\"article:published_time\" content=\"2022-04-20T00:41:43+00:00\" \/>\n<meta property=\"article:modified_time\" content=\"2022-04-21T03:42:51+00:00\" \/>\n<meta property=\"og:image\" content=\"https:\/\/infoecos.com.ar\/wp-content\/uploads\/2022\/04\/gas-9-de-julio.jpeg\" \/>\n\t<meta property=\"og:image:width\" content=\"700\" \/>\n\t<meta property=\"og:image:height\" content=\"467\" \/>\n\t<meta property=\"og:image:type\" content=\"image\/jpeg\" \/>\n<meta name=\"author\" content=\"Jorge Matheus\" \/>\n<meta name=\"twitter:card\" content=\"summary_large_image\" \/>\n<meta name=\"twitter:creator\" content=\"@infoecos\" \/>\n<meta name=\"twitter:site\" content=\"@infoecos\" \/>\n<meta name=\"twitter:label1\" content=\"Escrito por\" \/>\n\t<meta name=\"twitter:data1\" content=\"Jorge Matheus\" \/>\n\t<meta name=\"twitter:label2\" content=\"Tiempo de lectura\" \/>\n\t<meta name=\"twitter:data2\" content=\"1 minuto\" \/>\n<script type=\"application\/ld+json\" class=\"yoast-schema-graph\">{\"@context\":\"https:\/\/schema.org\",\"@graph\":[{\"@type\":\"Article\",\"@id\":\"https:\/\/infoecos.com.ar\/index.php\/se-inicio-la-etapa-final-del-proceso-de-conversion-al-gas-natural-en-general-villegas\/#article\",\"isPartOf\":{\"@id\":\"https:\/\/infoecos.com.ar\/index.php\/se-inicio-la-etapa-final-del-proceso-de-conversion-al-gas-natural-en-general-villegas\/\"},\"author\":{\"name\":\"Jorge Matheus\",\"@id\":\"https:\/\/infoecos.com.ar\/#\/schema\/person\/8f5ace5ce73b4b4aac4b7245aee6f191\"},\"headline\":\"Se inici\u00f3 la etapa final del proceso de conversi\u00f3n al gas natural en General Villegas\",\"datePublished\":\"2022-04-20T00:41:43+00:00\",\"dateModified\":\"2022-04-21T03:42:51+00:00\",\"mainEntityOfPage\":{\"@id\":\"https:\/\/infoecos.com.ar\/index.php\/se-inicio-la-etapa-final-del-proceso-de-conversion-al-gas-natural-en-general-villegas\/\"},\"wordCount\":178,\"publisher\":{\"@id\":\"https:\/\/infoecos.com.ar\/#organization\"},\"image\":{\"@id\":\"https:\/\/infoecos.com.ar\/index.php\/se-inicio-la-etapa-final-del-proceso-de-conversion-al-gas-natural-en-general-villegas\/#primaryimage\"},\"thumbnailUrl\":\"https:\/\/infoecos.com.ar\/wp-content\/uploads\/2022\/04\/gas-9-de-julio.jpeg\",\"keywords\":[\"informaci\u00f3n de camuzzi\"],\"articleSection\":[\"Bloque inferior - 2\"],\"inLanguage\":\"es\"},{\"@type\":\"WebPage\",\"@id\":\"https:\/\/infoecos.com.ar\/index.php\/se-inicio-la-etapa-final-del-proceso-de-conversion-al-gas-natural-en-general-villegas\/\",\"url\":\"https:\/\/infoecos.com.ar\/index.php\/se-inicio-la-etapa-final-del-proceso-de-conversion-al-gas-natural-en-general-villegas\/\",\"name\":\"Se inici\u00f3 la etapa final del proceso de conversi\u00f3n al gas natural en General Villegas - Infoecos\",\"isPartOf\":{\"@id\":\"https:\/\/infoecos.com.ar\/#website\"},\"primaryImageOfPage\":{\"@id\":\"https:\/\/infoecos.com.ar\/index.php\/se-inicio-la-etapa-final-del-proceso-de-conversion-al-gas-natural-en-general-villegas\/#primaryimage\"},\"image\":{\"@id\":\"https:\/\/infoecos.com.ar\/index.php\/se-inicio-la-etapa-final-del-proceso-de-conversion-al-gas-natural-en-general-villegas\/#primaryimage\"},\"thumbnailUrl\":\"https:\/\/infoecos.com.ar\/wp-content\/uploads\/2022\/04\/gas-9-de-julio.jpeg\",\"datePublished\":\"2022-04-20T00:41:43+00:00\",\"dateModified\":\"2022-04-21T03:42:51+00:00\",\"breadcrumb\":{\"@id\":\"https:\/\/infoecos.com.ar\/index.php\/se-inicio-la-etapa-final-del-proceso-de-conversion-al-gas-natural-en-general-villegas\/#breadcrumb\"},\"inLanguage\":\"es\",\"potentialAction\":[{\"@type\":\"ReadAction\",\"target\":[\"https:\/\/infoecos.com.ar\/index.php\/se-inicio-la-etapa-final-del-proceso-de-conversion-al-gas-natural-en-general-villegas\/\"]}]},{\"@type\":\"ImageObject\",\"inLanguage\":\"es\",\"@id\":\"https:\/\/infoecos.com.ar\/index.php\/se-inicio-la-etapa-final-del-proceso-de-conversion-al-gas-natural-en-general-villegas\/#primaryimage\",\"url\":\"https:\/\/infoecos.com.ar\/wp-content\/uploads\/2022\/04\/gas-9-de-julio.jpeg\",\"contentUrl\":\"https:\/\/infoecos.com.ar\/wp-content\/uploads\/2022\/04\/gas-9-de-julio.jpeg\",\"width\":700,\"height\":467},{\"@type\":\"BreadcrumbList\",\"@id\":\"https:\/\/infoecos.com.ar\/index.php\/se-inicio-la-etapa-final-del-proceso-de-conversion-al-gas-natural-en-general-villegas\/#breadcrumb\",\"itemListElement\":[{\"@type\":\"ListItem\",\"position\":1,\"name\":\"Portada\",\"item\":\"https:\/\/infoecos.com.ar\/\"},{\"@type\":\"ListItem\",\"position\":2,\"name\":\"Se inici\u00f3 la etapa final del proceso de conversi\u00f3n al gas natural en General Villegas\"}]},{\"@type\":\"WebSite\",\"@id\":\"https:\/\/infoecos.com.ar\/#website\",\"url\":\"https:\/\/infoecos.com.ar\/\",\"name\":\"Infoecos\",\"description\":\"Noticias de trenque lauquen y la zona\",\"publisher\":{\"@id\":\"https:\/\/infoecos.com.ar\/#organization\"},\"alternateName\":\"Noticias\",\"potentialAction\":[{\"@type\":\"SearchAction\",\"target\":{\"@type\":\"EntryPoint\",\"urlTemplate\":\"https:\/\/infoecos.com.ar\/?s={search_term_string}\"},\"query-input\":{\"@type\":\"PropertyValueSpecification\",\"valueRequired\":true,\"valueName\":\"search_term_string\"}}],\"inLanguage\":\"es\"},{\"@type\":\"Organization\",\"@id\":\"https:\/\/infoecos.com.ar\/#organization\",\"name\":\"Infoecos\",\"alternateName\":\"Noticias\",\"url\":\"https:\/\/infoecos.com.ar\/\",\"logo\":{\"@type\":\"ImageObject\",\"inLanguage\":\"es\",\"@id\":\"https:\/\/infoecos.com.ar\/#\/schema\/logo\/image\/\",\"url\":\"https:\/\/infoecos.com.ar\/wp-content\/uploads\/2024\/03\/cropped-logo.png\",\"contentUrl\":\"https:\/\/infoecos.com.ar\/wp-content\/uploads\/2024\/03\/cropped-logo.png\",\"width\":374,\"height\":90,\"caption\":\"Infoecos\"},\"image\":{\"@id\":\"https:\/\/infoecos.com.ar\/#\/schema\/logo\/image\/\"},\"sameAs\":[\"https:\/\/www.facebook.com\/profile.php?id=100063200290284\",\"https:\/\/x.com\/infoecos\"]},{\"@type\":\"Person\",\"@id\":\"https:\/\/infoecos.com.ar\/#\/schema\/person\/8f5ace5ce73b4b4aac4b7245aee6f191\",\"name\":\"Jorge Matheus\",\"url\":\"https:\/\/infoecos.com.ar\/index.php\/author\/jomatheus\/\"}]}<\/script>\n<!-- \/ Yoast SEO plugin. -->","yoast_head_json":{"title":"Se inici\u00f3 la etapa final del proceso de conversi\u00f3n al gas natural en General Villegas - Infoecos","robots":{"index":"index","follow":"follow","max-snippet":"max-snippet:-1","max-image-preview":"max-image-preview:large","max-video-preview":"max-video-preview:-1"},"canonical":"https:\/\/infoecos.com.ar\/index.php\/se-inicio-la-etapa-final-del-proceso-de-conversion-al-gas-natural-en-general-villegas\/","og_locale":"es_ES","og_type":"article","og_title":"Se inici\u00f3 la etapa final del proceso de conversi\u00f3n al gas natural en General Villegas - Infoecos","og_description":"Esta etapa final requiere que los agentes asistan nuevamente a cada uno de los m\u00e1s de 3.000 hogares conectados a la red para realizar los trabajos finales de conversi\u00f3n, y que puedan utilizar todos sus artefactos con gas natural. Este procedimiento implica aproximadamente una hora de trabajo por vivienda","og_url":"https:\/\/infoecos.com.ar\/index.php\/se-inicio-la-etapa-final-del-proceso-de-conversion-al-gas-natural-en-general-villegas\/","og_site_name":"Infoecos","article_publisher":"https:\/\/www.facebook.com\/profile.php?id=100063200290284","article_published_time":"2022-04-20T00:41:43+00:00","article_modified_time":"2022-04-21T03:42:51+00:00","og_image":[{"width":700,"height":467,"url":"https:\/\/infoecos.com.ar\/wp-content\/uploads\/2022\/04\/gas-9-de-julio.jpeg","type":"image\/jpeg"}],"author":"Jorge Matheus","twitter_card":"summary_large_image","twitter_creator":"@infoecos","twitter_site":"@infoecos","twitter_misc":{"Escrito por":"Jorge Matheus","Tiempo de lectura":"1 minuto"},"schema":{"@context":"https:\/\/schema.org","@graph":[{"@type":"Article","@id":"https:\/\/infoecos.com.ar\/index.php\/se-inicio-la-etapa-final-del-proceso-de-conversion-al-gas-natural-en-general-villegas\/#article","isPartOf":{"@id":"https:\/\/infoecos.com.ar\/index.php\/se-inicio-la-etapa-final-del-proceso-de-conversion-al-gas-natural-en-general-villegas\/"},"author":{"name":"Jorge Matheus","@id":"https:\/\/infoecos.com.ar\/#\/schema\/person\/8f5ace5ce73b4b4aac4b7245aee6f191"},"headline":"Se inici\u00f3 la etapa final del proceso de conversi\u00f3n al gas natural en General Villegas","datePublished":"2022-04-20T00:41:43+00:00","dateModified":"2022-04-21T03:42:51+00:00","mainEntityOfPage":{"@id":"https:\/\/infoecos.com.ar\/index.php\/se-inicio-la-etapa-final-del-proceso-de-conversion-al-gas-natural-en-general-villegas\/"},"wordCount":178,"publisher":{"@id":"https:\/\/infoecos.com.ar\/#organization"},"image":{"@id":"https:\/\/infoecos.com.ar\/index.php\/se-inicio-la-etapa-final-del-proceso-de-conversion-al-gas-natural-en-general-villegas\/#primaryimage"},"thumbnailUrl":"https:\/\/infoecos.com.ar\/wp-content\/uploads\/2022\/04\/gas-9-de-julio.jpeg","keywords":["informaci\u00f3n de camuzzi"],"articleSection":["Bloque inferior - 2"],"inLanguage":"es"},{"@type":"WebPage","@id":"https:\/\/infoecos.com.ar\/index.php\/se-inicio-la-etapa-final-del-proceso-de-conversion-al-gas-natural-en-general-villegas\/","url":"https:\/\/infoecos.com.ar\/index.php\/se-inicio-la-etapa-final-del-proceso-de-conversion-al-gas-natural-en-general-villegas\/","name":"Se inici\u00f3 la etapa final del proceso de conversi\u00f3n al gas natural en General Villegas - Infoecos","isPartOf":{"@id":"https:\/\/infoecos.com.ar\/#website"},"primaryImageOfPage":{"@id":"https:\/\/infoecos.com.ar\/index.php\/se-inicio-la-etapa-final-del-proceso-de-conversion-al-gas-natural-en-general-villegas\/#primaryimage"},"image":{"@id":"https:\/\/infoecos.com.ar\/index.php\/se-inicio-la-etapa-final-del-proceso-de-conversion-al-gas-natural-en-general-villegas\/#primaryimage"},"thumbnailUrl":"https:\/\/infoecos.com.ar\/wp-content\/uploads\/2022\/04\/gas-9-de-julio.jpeg","datePublished":"2022-04-20T00:41:43+00:00","dateModified":"2022-04-21T03:42:51+00:00","breadcrumb":{"@id":"https:\/\/infoecos.com.ar\/index.php\/se-inicio-la-etapa-final-del-proceso-de-conversion-al-gas-natural-en-general-villegas\/#breadcrumb"},"inLanguage":"es","potentialAction":[{"@type":"ReadAction","target":["https:\/\/infoecos.com.ar\/index.php\/se-inicio-la-etapa-final-del-proceso-de-conversion-al-gas-natural-en-general-villegas\/"]}]},{"@type":"ImageObject","inLanguage":"es","@id":"https:\/\/infoecos.com.ar\/index.php\/se-inicio-la-etapa-final-del-proceso-de-conversion-al-gas-natural-en-general-villegas\/#primaryimage","url":"https:\/\/infoecos.com.ar\/wp-content\/uploads\/2022\/04\/gas-9-de-julio.jpeg","contentUrl":"https:\/\/infoecos.com.ar\/wp-content\/uploads\/2022\/04\/gas-9-de-julio.jpeg","width":700,"height":467},{"@type":"BreadcrumbList","@id":"https:\/\/infoecos.com.ar\/index.php\/se-inicio-la-etapa-final-del-proceso-de-conversion-al-gas-natural-en-general-villegas\/#breadcrumb","itemListElement":[{"@type":"ListItem","position":1,"name":"Portada","item":"https:\/\/infoecos.com.ar\/"},{"@type":"ListItem","position":2,"name":"Se inici\u00f3 la etapa final del proceso de conversi\u00f3n al gas natural en General Villegas"}]},{"@type":"WebSite","@id":"https:\/\/infoecos.com.ar\/#website","url":"https:\/\/infoecos.com.ar\/","name":"Infoecos","description":"Noticias de trenque lauquen y la zona","publisher":{"@id":"https:\/\/infoecos.com.ar\/#organization"},"alternateName":"Noticias","potentialAction":[{"@type":"SearchAction","target":{"@type":"EntryPoint","urlTemplate":"https:\/\/infoecos.com.ar\/?s={search_term_string}"},"query-input":{"@type":"PropertyValueSpecification","valueRequired":true,"valueName":"search_term_string"}}],"inLanguage":"es"},{"@type":"Organization","@id":"https:\/\/infoecos.com.ar\/#organization","name":"Infoecos","alternateName":"Noticias","url":"https:\/\/infoecos.com.ar\/","logo":{"@type":"ImageObject","inLanguage":"es","@id":"https:\/\/infoecos.com.ar\/#\/schema\/logo\/image\/","url":"https:\/\/infoecos.com.ar\/wp-content\/uploads\/2024\/03\/cropped-logo.png","contentUrl":"https:\/\/infoecos.com.ar\/wp-content\/uploads\/2024\/03\/cropped-logo.png","width":374,"height":90,"caption":"Infoecos"},"image":{"@id":"https:\/\/infoecos.com.ar\/#\/schema\/logo\/image\/"},"sameAs":["https:\/\/www.facebook.com\/profile.php?id=100063200290284","https:\/\/x.com\/infoecos"]},{"@type":"Person","@id":"https:\/\/infoecos.com.ar\/#\/schema\/person\/8f5ace5ce73b4b4aac4b7245aee6f191","name":"Jorge Matheus","url":"https:\/\/infoecos.com.ar\/index.php\/author\/jomatheus\/"}]}},"featured_image_urls":{"full":["https:\/\/infoecos.com.ar\/wp-content\/uploads\/2022\/04\/gas-9-de-julio.jpeg",700,467,false],"thumbnail":["https:\/\/infoecos.com.ar\/wp-content\/uploads\/2022\/04\/gas-9-de-julio-150x150.jpeg",150,150,true],"medium":["https:\/\/infoecos.com.ar\/wp-content\/uploads\/2022\/04\/gas-9-de-julio-460x307.jpeg",460,307,true],"medium_large":["https:\/\/infoecos.com.ar\/wp-content\/uploads\/2022\/04\/gas-9-de-julio.jpeg",640,427,false],"large":["https:\/\/infoecos.com.ar\/wp-content\/uploads\/2022\/04\/gas-9-de-julio.jpeg",640,427,false],"1536x1536":["https:\/\/infoecos.com.ar\/wp-content\/uploads\/2022\/04\/gas-9-de-julio.jpeg",700,467,false],"2048x2048":["https:\/\/infoecos.com.ar\/wp-content\/uploads\/2022\/04\/gas-9-de-julio.jpeg",700,467,false],"covernews-slider-full":["https:\/\/infoecos.com.ar\/wp-content\/uploads\/2022\/04\/gas-9-de-julio.jpeg",700,467,false],"covernews-slider-center":["https:\/\/infoecos.com.ar\/wp-content\/uploads\/2022\/04\/gas-9-de-julio.jpeg",700,467,false],"covernews-featured":["https:\/\/infoecos.com.ar\/wp-content\/uploads\/2022\/04\/gas-9-de-julio.jpeg",700,467,false],"covernews-medium":["https:\/\/infoecos.com.ar\/wp-content\/uploads\/2022\/04\/gas-9-de-julio-700x380.jpeg",540,293,true],"covernews-medium-square":["https:\/\/infoecos.com.ar\/wp-content\/uploads\/2022\/04\/gas-9-de-julio-675x450.jpeg",375,250,true]},"author_info":{"info":["Jorge Matheus"]},"category_info":"<a href=\"https:\/\/infoecos.com.ar\/index.php\/category\/inferior2\/\" rel=\"category tag\">Bloque inferior - 2<\/a>","tag_info":"Bloque inferior - 2","comment_count":"0","_links":{"self":[{"href":"https:\/\/infoecos.com.ar\/index.php\/wp-json\/wp\/v2\/posts\/91304"}],"collection":[{"href":"https:\/\/infoecos.com.ar\/index.php\/wp-json\/wp\/v2\/posts"}],"about":[{"href":"https:\/\/infoecos.com.ar\/index.php\/wp-json\/wp\/v2\/types\/post"}],"author":[{"embeddable":true,"href":"https:\/\/infoecos.com.ar\/index.php\/wp-json\/wp\/v2\/users\/2"}],"replies":[{"embeddable":true,"href":"https:\/\/infoecos.com.ar\/index.php\/wp-json\/wp\/v2\/comments?post=91304"}],"version-history":[{"count":1,"href":"https:\/\/infoecos.com.ar\/index.php\/wp-json\/wp\/v2\/posts\/91304\/revisions"}],"predecessor-version":[{"id":91305,"href":"https:\/\/infoecos.com.ar\/index.php\/wp-json\/wp\/v2\/posts\/91304\/revisions\/91305"}],"wp:featuredmedia":[{"embeddable":true,"href":"https:\/\/infoecos.com.ar\/index.php\/wp-json\/wp\/v2\/media\/91158"}],"wp:attachment":[{"href":"https:\/\/infoecos.com.ar\/index.php\/wp-json\/wp\/v2\/media?parent=91304"}],"wp:term":[{"taxonomy":"category","embeddable":true,"href":"https:\/\/infoecos.com.ar\/index.php\/wp-json\/wp\/v2\/categories?post=91304"},{"taxonomy":"post_tag","embeddable":true,"href":"https:\/\/infoecos.com.ar\/index.php\/wp-json\/wp\/v2\/tags?post=91304"}],"curies":[{"name":"wp","href":"https:\/\/api.w.org\/{rel}","templated":true}]}}