{"id":91323,"date":"2022-04-19T23:41:57","date_gmt":"2022-04-20T02:41:57","guid":{"rendered":"http:\/\/infoecos.com.ar\/?p=91323"},"modified":"2022-04-21T00:40:04","modified_gmt":"2022-04-21T03:40:04","slug":"las-subas-de-la-energia-electrica-y-gas-podrian-oscilar-entre-el-17-y-215-por-ciento","status":"publish","type":"post","link":"https:\/\/infoecos.com.ar\/index.php\/las-subas-de-la-energia-electrica-y-gas-podrian-oscilar-entre-el-17-y-215-por-ciento\/","title":{"rendered":"Las subas de la energ\u00eda el\u00e9ctrica y gas podr\u00edan oscilar entre el 17 y 21,5 por ciento"},"content":{"rendered":"\n<p>La secretar\u00eda de Energ\u00eda confirm\u00f3 que realizar\u00e1 audiencias p\u00fablicas los d\u00edas 10, 11 y 12 de mayo para avanzar con la aplicaci\u00f3n de nuevos aumentos en las tarifas de luz y gas, que tendr\u00e1n para la mayor\u00eda de la poblaci\u00f3n subas que ir\u00e1n del 17% al 21,5%.<\/p>\n\n\n\n<p>De este modo, el ministro de Econom\u00eda, Mart\u00edn Guzm\u00e1n, avanza, pese a las resistencias del kirchnerismo, con la idea de que este ajuste adicional de hasta 21,5% en gas y 17% en luz entre en vigencia a partir del 1\u00b0 de junio. Adem\u00e1s, seg\u00fan dejaron trascender desde el Gobierno, los incrementos no podr\u00e1n superar el 42,72% a lo largo de todo el a\u00f1o.<\/p>\n\n\n\n<div class=\"wp-block-image\"><figure class=\"aligncenter size-large is-resized\"><img loading=\"lazy\" decoding=\"async\" src=\"http:\/\/infoecos.com.ar\/wp-content\/uploads\/nota-1207745-habra-aumento-tarifas-electricidad-trenque-lauquen-544728-920x920.jpg\" alt=\"Energ\u00eda El\u00e9ctrica\" class=\"wp-image-21837\" width=\"478\" height=\"478\"\/><figcaption>Energ\u00eda El\u00e9ctrica (archivo)<\/figcaption><\/figure><\/div>\n\n\n\n<p>En tanto, los beneficiarios de la tarifa social no tendr\u00e1n mayores aumentos de gas durante este a\u00f1o y para los de la luz el retoque ser\u00e1 de 6%.&nbsp; A su vez, Energ\u00eda inform\u00f3 que el 10% de usuarios residenciales de los servicios de gas y de electricidad, con mayor capacidad de pago de la sociedad, dejar\u00e1 de recibir el beneficio de subsidio a la energ\u00eda, aunque no aclar\u00f3 a cu\u00e1nto llegar\u00e1 el aumento en ese caso.&nbsp;<\/p>\n\n\n\n<p>Las tres audiencias fueron convocadas a trav\u00e9s de las resoluciones 235\/2022, 236\/2022 y 237\/2022, publicadas este lunes en el Bolet\u00edn Oficial. Todas las audiencias comenzar\u00e1n a las 10 y se desarrollar\u00e1n de manera virtual, a trav\u00e9s de la plataforma \u201cWebex\u201d y los interesados podr\u00e1n seguirlas a trav\u00e9s de las redes sociales.<\/p>\n\n\n\n<p>La primera de las audiencias ser\u00e1 el 10 de mayo y tendr\u00e1 por objeto el \u201ctratamiento de los nuevos precios del gas natural en el Punto de Ingreso al Sistema de Transporte (PIST), aplicables a partir del 1\u00b0 de junio de 2022\u201d, de acuerdo con lo estipulado en la resoluci\u00f3n 237.<\/p>\n\n\n\n<p>En la resoluci\u00f3n 236 se convoca a la audiencia del 11 de mayo, en la que se pondr\u00e1 a consideraci\u00f3n el tratamiento de los nuevos valores del Precio Estacional de la Energ\u00eda El\u00e9ctrica (PEST), \u201caplicables a partir del 1\u00b0 de junio de 2022\u201d.<\/p>\n\n\n\n<p>Como hecho novedoso, se destaca en las convocatorias que la segmentaci\u00f3n de los incrementos tarifarios por la reducci\u00f3n de subsidios se considerar\u00e1 en una audiencia unificada para los servicios de gas natural y de energ\u00eda el\u00e9ctrica, respectivamente bajo las \u00f3rbitas de los entes nacionales reguladores del Gas (Enargas) y de la Electricidad (ENRE).<\/p>\n\n\n\n<div class=\"wp-block-image\"><figure class=\"aligncenter size-large is-resized\"><img loading=\"lazy\" decoding=\"async\" src=\"http:\/\/infoecos.com.ar\/wp-content\/uploads\/1475066332_168175_1475068250_noticia_normal-920x474.jpg\" alt=\"\" class=\"wp-image-43890\" width=\"482\" height=\"247\"\/><figcaption>Gas natural domiciliario<\/figcaption><\/figure><\/div>\n\n\n\n<p>En este caso, la convocatoria para la \u00faltima de las tres audiencias, a celebrarse el 12 de mayo, se concret\u00f3 mediante la resoluci\u00f3n 235, que dispuso que el encuentro ser\u00e1 para analizar el \u201ctratamiento de la implementaci\u00f3n de la segmentaci\u00f3n en el otorgamiento de los subsidios al precio de la energ\u00eda por parte del Estado Nacional a los usuarios de los servicios de gas natural y de energ\u00eda el\u00e9ctrica, para el bienio 2022-2023\u201d.<\/p>\n\n\n\n<p>En cuanto a la distribuci\u00f3n, el Enargas tiene un alcance nacional con nueve compa\u00f1\u00edas supervisadas, en tanto al ENRE s\u00f3lo le compete las empresas del \u00c1rea Metropolitana de Buenos Aires (Edenor y Edesur).<\/p>\n","protected":false},"excerpt":{"rendered":"<p>El ministro de Econom\u00eda, Mart\u00edn Guzm\u00e1n, avanza, pese a las resistencias del kirchnerismo, con la idea de que este ajuste adicional de hasta 21,5% en gas y 17% en luz entre en vigencia a partir del 1\u00b0 de junio<\/p>\n","protected":false},"author":2,"featured_media":25530,"comment_status":"closed","ping_status":"open","sticky":false,"template":"","format":"standard","meta":{"footnotes":""},"categories":[1326],"tags":[5855],"class_list":["post-91323","post","type-post","status-publish","format-standard","has-post-thumbnail","hentry","category-c2nota6","tag-audiencias-publicas"],"yoast_head":"<!-- This site is optimized with the Yoast SEO plugin v23.4 - https:\/\/yoast.com\/wordpress\/plugins\/seo\/ -->\n<title>Las subas de la energ\u00eda el\u00e9ctrica y gas podr\u00edan oscilar entre el 17 y 21,5 por ciento - Infoecos<\/title>\n<meta name=\"robots\" content=\"index, follow, max-snippet:-1, max-image-preview:large, max-video-preview:-1\" \/>\n<link rel=\"canonical\" href=\"https:\/\/infoecos.com.ar\/index.php\/las-subas-de-la-energia-electrica-y-gas-podrian-oscilar-entre-el-17-y-215-por-ciento\/\" \/>\n<meta property=\"og:locale\" content=\"es_ES\" \/>\n<meta property=\"og:type\" content=\"article\" \/>\n<meta property=\"og:title\" content=\"Las subas de la energ\u00eda el\u00e9ctrica y gas podr\u00edan oscilar entre el 17 y 21,5 por ciento - Infoecos\" \/>\n<meta property=\"og:description\" content=\"El ministro de Econom\u00eda, Mart\u00edn Guzm\u00e1n, avanza, pese a las resistencias del kirchnerismo, con la idea de que este ajuste adicional de hasta 21,5% en gas y 17% en luz entre en vigencia a partir del 1\u00b0 de junio\" \/>\n<meta property=\"og:url\" content=\"https:\/\/infoecos.com.ar\/index.php\/las-subas-de-la-energia-electrica-y-gas-podrian-oscilar-entre-el-17-y-215-por-ciento\/\" \/>\n<meta property=\"og:site_name\" content=\"Infoecos\" \/>\n<meta property=\"article:publisher\" content=\"https:\/\/www.facebook.com\/profile.php?id=100063200290284\" \/>\n<meta property=\"article:published_time\" content=\"2022-04-20T02:41:57+00:00\" \/>\n<meta property=\"article:modified_time\" content=\"2022-04-21T03:40:04+00:00\" \/>\n<meta property=\"og:image\" content=\"https:\/\/infoecos.com.ar\/wp-content\/uploads\/f620x0-142710_142728_0.jpg\" \/>\n\t<meta property=\"og:image:width\" content=\"620\" \/>\n\t<meta property=\"og:image:height\" content=\"413\" \/>\n\t<meta property=\"og:image:type\" content=\"image\/jpeg\" \/>\n<meta name=\"author\" content=\"Jorge Matheus\" \/>\n<meta name=\"twitter:card\" content=\"summary_large_image\" \/>\n<meta name=\"twitter:creator\" content=\"@infoecos\" \/>\n<meta name=\"twitter:site\" content=\"@infoecos\" \/>\n<meta name=\"twitter:label1\" content=\"Escrito por\" \/>\n\t<meta name=\"twitter:data1\" content=\"Jorge Matheus\" \/>\n\t<meta name=\"twitter:label2\" content=\"Tiempo de lectura\" \/>\n\t<meta name=\"twitter:data2\" content=\"3 minutos\" \/>\n<script type=\"application\/ld+json\" class=\"yoast-schema-graph\">{\"@context\":\"https:\/\/schema.org\",\"@graph\":[{\"@type\":\"Article\",\"@id\":\"https:\/\/infoecos.com.ar\/index.php\/las-subas-de-la-energia-electrica-y-gas-podrian-oscilar-entre-el-17-y-215-por-ciento\/#article\",\"isPartOf\":{\"@id\":\"https:\/\/infoecos.com.ar\/index.php\/las-subas-de-la-energia-electrica-y-gas-podrian-oscilar-entre-el-17-y-215-por-ciento\/\"},\"author\":{\"name\":\"Jorge Matheus\",\"@id\":\"https:\/\/infoecos.com.ar\/#\/schema\/person\/8f5ace5ce73b4b4aac4b7245aee6f191\"},\"headline\":\"Las subas de la energ\u00eda el\u00e9ctrica y gas podr\u00edan oscilar entre el 17 y 21,5 por ciento\",\"datePublished\":\"2022-04-20T02:41:57+00:00\",\"dateModified\":\"2022-04-21T03:40:04+00:00\",\"mainEntityOfPage\":{\"@id\":\"https:\/\/infoecos.com.ar\/index.php\/las-subas-de-la-energia-electrica-y-gas-podrian-oscilar-entre-el-17-y-215-por-ciento\/\"},\"wordCount\":539,\"publisher\":{\"@id\":\"https:\/\/infoecos.com.ar\/#organization\"},\"image\":{\"@id\":\"https:\/\/infoecos.com.ar\/index.php\/las-subas-de-la-energia-electrica-y-gas-podrian-oscilar-entre-el-17-y-215-por-ciento\/#primaryimage\"},\"thumbnailUrl\":\"\",\"keywords\":[\"AUDIENCIAS P\u00daBLICAS\"],\"articleSection\":[\"C2 N6\"],\"inLanguage\":\"es\"},{\"@type\":\"WebPage\",\"@id\":\"https:\/\/infoecos.com.ar\/index.php\/las-subas-de-la-energia-electrica-y-gas-podrian-oscilar-entre-el-17-y-215-por-ciento\/\",\"url\":\"https:\/\/infoecos.com.ar\/index.php\/las-subas-de-la-energia-electrica-y-gas-podrian-oscilar-entre-el-17-y-215-por-ciento\/\",\"name\":\"Las subas de la energ\u00eda el\u00e9ctrica y gas podr\u00edan oscilar entre el 17 y 21,5 por ciento - Infoecos\",\"isPartOf\":{\"@id\":\"https:\/\/infoecos.com.ar\/#website\"},\"primaryImageOfPage\":{\"@id\":\"https:\/\/infoecos.com.ar\/index.php\/las-subas-de-la-energia-electrica-y-gas-podrian-oscilar-entre-el-17-y-215-por-ciento\/#primaryimage\"},\"image\":{\"@id\":\"https:\/\/infoecos.com.ar\/index.php\/las-subas-de-la-energia-electrica-y-gas-podrian-oscilar-entre-el-17-y-215-por-ciento\/#primaryimage\"},\"thumbnailUrl\":\"\",\"datePublished\":\"2022-04-20T02:41:57+00:00\",\"dateModified\":\"2022-04-21T03:40:04+00:00\",\"breadcrumb\":{\"@id\":\"https:\/\/infoecos.com.ar\/index.php\/las-subas-de-la-energia-electrica-y-gas-podrian-oscilar-entre-el-17-y-215-por-ciento\/#breadcrumb\"},\"inLanguage\":\"es\",\"potentialAction\":[{\"@type\":\"ReadAction\",\"target\":[\"https:\/\/infoecos.com.ar\/index.php\/las-subas-de-la-energia-electrica-y-gas-podrian-oscilar-entre-el-17-y-215-por-ciento\/\"]}]},{\"@type\":\"ImageObject\",\"inLanguage\":\"es\",\"@id\":\"https:\/\/infoecos.com.ar\/index.php\/las-subas-de-la-energia-electrica-y-gas-podrian-oscilar-entre-el-17-y-215-por-ciento\/#primaryimage\",\"url\":\"\",\"contentUrl\":\"\"},{\"@type\":\"BreadcrumbList\",\"@id\":\"https:\/\/infoecos.com.ar\/index.php\/las-subas-de-la-energia-electrica-y-gas-podrian-oscilar-entre-el-17-y-215-por-ciento\/#breadcrumb\",\"itemListElement\":[{\"@type\":\"ListItem\",\"position\":1,\"name\":\"Portada\",\"item\":\"https:\/\/infoecos.com.ar\/\"},{\"@type\":\"ListItem\",\"position\":2,\"name\":\"Las subas de la energ\u00eda el\u00e9ctrica y gas podr\u00edan oscilar entre el 17 y 21,5 por ciento\"}]},{\"@type\":\"WebSite\",\"@id\":\"https:\/\/infoecos.com.ar\/#website\",\"url\":\"https:\/\/infoecos.com.ar\/\",\"name\":\"Infoecos\",\"description\":\"Noticias de trenque lauquen y la zona\",\"publisher\":{\"@id\":\"https:\/\/infoecos.com.ar\/#organization\"},\"alternateName\":\"Noticias\",\"potentialAction\":[{\"@type\":\"SearchAction\",\"target\":{\"@type\":\"EntryPoint\",\"urlTemplate\":\"https:\/\/infoecos.com.ar\/?s={search_term_string}\"},\"query-input\":{\"@type\":\"PropertyValueSpecification\",\"valueRequired\":true,\"valueName\":\"search_term_string\"}}],\"inLanguage\":\"es\"},{\"@type\":\"Organization\",\"@id\":\"https:\/\/infoecos.com.ar\/#organization\",\"name\":\"Infoecos\",\"alternateName\":\"Noticias\",\"url\":\"https:\/\/infoecos.com.ar\/\",\"logo\":{\"@type\":\"ImageObject\",\"inLanguage\":\"es\",\"@id\":\"https:\/\/infoecos.com.ar\/#\/schema\/logo\/image\/\",\"url\":\"https:\/\/infoecos.com.ar\/wp-content\/uploads\/2024\/03\/cropped-logo.png\",\"contentUrl\":\"https:\/\/infoecos.com.ar\/wp-content\/uploads\/2024\/03\/cropped-logo.png\",\"width\":374,\"height\":90,\"caption\":\"Infoecos\"},\"image\":{\"@id\":\"https:\/\/infoecos.com.ar\/#\/schema\/logo\/image\/\"},\"sameAs\":[\"https:\/\/www.facebook.com\/profile.php?id=100063200290284\",\"https:\/\/x.com\/infoecos\"]},{\"@type\":\"Person\",\"@id\":\"https:\/\/infoecos.com.ar\/#\/schema\/person\/8f5ace5ce73b4b4aac4b7245aee6f191\",\"name\":\"Jorge Matheus\",\"url\":\"https:\/\/infoecos.com.ar\/index.php\/author\/jomatheus\/\"}]}<\/script>\n<!-- \/ Yoast SEO plugin. -->","yoast_head_json":{"title":"Las subas de la energ\u00eda el\u00e9ctrica y gas podr\u00edan oscilar entre el 17 y 21,5 por ciento - Infoecos","robots":{"index":"index","follow":"follow","max-snippet":"max-snippet:-1","max-image-preview":"max-image-preview:large","max-video-preview":"max-video-preview:-1"},"canonical":"https:\/\/infoecos.com.ar\/index.php\/las-subas-de-la-energia-electrica-y-gas-podrian-oscilar-entre-el-17-y-215-por-ciento\/","og_locale":"es_ES","og_type":"article","og_title":"Las subas de la energ\u00eda el\u00e9ctrica y gas podr\u00edan oscilar entre el 17 y 21,5 por ciento - Infoecos","og_description":"El ministro de Econom\u00eda, Mart\u00edn Guzm\u00e1n, avanza, pese a las resistencias del kirchnerismo, con la idea de que este ajuste adicional de hasta 21,5% en gas y 17% en luz entre en vigencia a partir del 1\u00b0 de junio","og_url":"https:\/\/infoecos.com.ar\/index.php\/las-subas-de-la-energia-electrica-y-gas-podrian-oscilar-entre-el-17-y-215-por-ciento\/","og_site_name":"Infoecos","article_publisher":"https:\/\/www.facebook.com\/profile.php?id=100063200290284","article_published_time":"2022-04-20T02:41:57+00:00","article_modified_time":"2022-04-21T03:40:04+00:00","og_image":[{"width":620,"height":413,"url":"https:\/\/infoecos.com.ar\/wp-content\/uploads\/f620x0-142710_142728_0.jpg","type":"image\/jpeg"}],"author":"Jorge Matheus","twitter_card":"summary_large_image","twitter_creator":"@infoecos","twitter_site":"@infoecos","twitter_misc":{"Escrito por":"Jorge Matheus","Tiempo de lectura":"3 minutos"},"schema":{"@context":"https:\/\/schema.org","@graph":[{"@type":"Article","@id":"https:\/\/infoecos.com.ar\/index.php\/las-subas-de-la-energia-electrica-y-gas-podrian-oscilar-entre-el-17-y-215-por-ciento\/#article","isPartOf":{"@id":"https:\/\/infoecos.com.ar\/index.php\/las-subas-de-la-energia-electrica-y-gas-podrian-oscilar-entre-el-17-y-215-por-ciento\/"},"author":{"name":"Jorge Matheus","@id":"https:\/\/infoecos.com.ar\/#\/schema\/person\/8f5ace5ce73b4b4aac4b7245aee6f191"},"headline":"Las subas de la energ\u00eda el\u00e9ctrica y gas podr\u00edan oscilar entre el 17 y 21,5 por ciento","datePublished":"2022-04-20T02:41:57+00:00","dateModified":"2022-04-21T03:40:04+00:00","mainEntityOfPage":{"@id":"https:\/\/infoecos.com.ar\/index.php\/las-subas-de-la-energia-electrica-y-gas-podrian-oscilar-entre-el-17-y-215-por-ciento\/"},"wordCount":539,"publisher":{"@id":"https:\/\/infoecos.com.ar\/#organization"},"image":{"@id":"https:\/\/infoecos.com.ar\/index.php\/las-subas-de-la-energia-electrica-y-gas-podrian-oscilar-entre-el-17-y-215-por-ciento\/#primaryimage"},"thumbnailUrl":"","keywords":["AUDIENCIAS P\u00daBLICAS"],"articleSection":["C2 N6"],"inLanguage":"es"},{"@type":"WebPage","@id":"https:\/\/infoecos.com.ar\/index.php\/las-subas-de-la-energia-electrica-y-gas-podrian-oscilar-entre-el-17-y-215-por-ciento\/","url":"https:\/\/infoecos.com.ar\/index.php\/las-subas-de-la-energia-electrica-y-gas-podrian-oscilar-entre-el-17-y-215-por-ciento\/","name":"Las subas de la energ\u00eda el\u00e9ctrica y gas podr\u00edan oscilar entre el 17 y 21,5 por ciento - Infoecos","isPartOf":{"@id":"https:\/\/infoecos.com.ar\/#website"},"primaryImageOfPage":{"@id":"https:\/\/infoecos.com.ar\/index.php\/las-subas-de-la-energia-electrica-y-gas-podrian-oscilar-entre-el-17-y-215-por-ciento\/#primaryimage"},"image":{"@id":"https:\/\/infoecos.com.ar\/index.php\/las-subas-de-la-energia-electrica-y-gas-podrian-oscilar-entre-el-17-y-215-por-ciento\/#primaryimage"},"thumbnailUrl":"","datePublished":"2022-04-20T02:41:57+00:00","dateModified":"2022-04-21T03:40:04+00:00","breadcrumb":{"@id":"https:\/\/infoecos.com.ar\/index.php\/las-subas-de-la-energia-electrica-y-gas-podrian-oscilar-entre-el-17-y-215-por-ciento\/#breadcrumb"},"inLanguage":"es","potentialAction":[{"@type":"ReadAction","target":["https:\/\/infoecos.com.ar\/index.php\/las-subas-de-la-energia-electrica-y-gas-podrian-oscilar-entre-el-17-y-215-por-ciento\/"]}]},{"@type":"ImageObject","inLanguage":"es","@id":"https:\/\/infoecos.com.ar\/index.php\/las-subas-de-la-energia-electrica-y-gas-podrian-oscilar-entre-el-17-y-215-por-ciento\/#primaryimage","url":"","contentUrl":""},{"@type":"BreadcrumbList","@id":"https:\/\/infoecos.com.ar\/index.php\/las-subas-de-la-energia-electrica-y-gas-podrian-oscilar-entre-el-17-y-215-por-ciento\/#breadcrumb","itemListElement":[{"@type":"ListItem","position":1,"name":"Portada","item":"https:\/\/infoecos.com.ar\/"},{"@type":"ListItem","position":2,"name":"Las subas de la energ\u00eda el\u00e9ctrica y gas podr\u00edan oscilar entre el 17 y 21,5 por ciento"}]},{"@type":"WebSite","@id":"https:\/\/infoecos.com.ar\/#website","url":"https:\/\/infoecos.com.ar\/","name":"Infoecos","description":"Noticias de trenque lauquen y la zona","publisher":{"@id":"https:\/\/infoecos.com.ar\/#organization"},"alternateName":"Noticias","potentialAction":[{"@type":"SearchAction","target":{"@type":"EntryPoint","urlTemplate":"https:\/\/infoecos.com.ar\/?s={search_term_string}"},"query-input":{"@type":"PropertyValueSpecification","valueRequired":true,"valueName":"search_term_string"}}],"inLanguage":"es"},{"@type":"Organization","@id":"https:\/\/infoecos.com.ar\/#organization","name":"Infoecos","alternateName":"Noticias","url":"https:\/\/infoecos.com.ar\/","logo":{"@type":"ImageObject","inLanguage":"es","@id":"https:\/\/infoecos.com.ar\/#\/schema\/logo\/image\/","url":"https:\/\/infoecos.com.ar\/wp-content\/uploads\/2024\/03\/cropped-logo.png","contentUrl":"https:\/\/infoecos.com.ar\/wp-content\/uploads\/2024\/03\/cropped-logo.png","width":374,"height":90,"caption":"Infoecos"},"image":{"@id":"https:\/\/infoecos.com.ar\/#\/schema\/logo\/image\/"},"sameAs":["https:\/\/www.facebook.com\/profile.php?id=100063200290284","https:\/\/x.com\/infoecos"]},{"@type":"Person","@id":"https:\/\/infoecos.com.ar\/#\/schema\/person\/8f5ace5ce73b4b4aac4b7245aee6f191","name":"Jorge Matheus","url":"https:\/\/infoecos.com.ar\/index.php\/author\/jomatheus\/"}]}},"featured_image_urls":{"full":"","thumbnail":"","medium":"","medium_large":"","large":"","1536x1536":"","2048x2048":"","covernews-slider-full":"","covernews-slider-center":"","covernews-featured":"","covernews-medium":"","covernews-medium-square":""},"author_info":{"info":["Jorge Matheus"]},"category_info":"<a href=\"https:\/\/infoecos.com.ar\/index.php\/category\/c2nota6\/\" rel=\"category tag\">C2 N6<\/a>","tag_info":"C2 N6","comment_count":"0","_links":{"self":[{"href":"https:\/\/infoecos.com.ar\/index.php\/wp-json\/wp\/v2\/posts\/91323"}],"collection":[{"href":"https:\/\/infoecos.com.ar\/index.php\/wp-json\/wp\/v2\/posts"}],"about":[{"href":"https:\/\/infoecos.com.ar\/index.php\/wp-json\/wp\/v2\/types\/post"}],"author":[{"embeddable":true,"href":"https:\/\/infoecos.com.ar\/index.php\/wp-json\/wp\/v2\/users\/2"}],"replies":[{"embeddable":true,"href":"https:\/\/infoecos.com.ar\/index.php\/wp-json\/wp\/v2\/comments?post=91323"}],"version-history":[{"count":1,"href":"https:\/\/infoecos.com.ar\/index.php\/wp-json\/wp\/v2\/posts\/91323\/revisions"}],"predecessor-version":[{"id":91324,"href":"https:\/\/infoecos.com.ar\/index.php\/wp-json\/wp\/v2\/posts\/91323\/revisions\/91324"}],"wp:featuredmedia":[{"embeddable":true,"href":"https:\/\/infoecos.com.ar\/index.php\/wp-json\/"}],"wp:attachment":[{"href":"https:\/\/infoecos.com.ar\/index.php\/wp-json\/wp\/v2\/media?parent=91323"}],"wp:term":[{"taxonomy":"category","embeddable":true,"href":"https:\/\/infoecos.com.ar\/index.php\/wp-json\/wp\/v2\/categories?post=91323"},{"taxonomy":"post_tag","embeddable":true,"href":"https:\/\/infoecos.com.ar\/index.php\/wp-json\/wp\/v2\/tags?post=91323"}],"curies":[{"name":"wp","href":"https:\/\/api.w.org\/{rel}","templated":true}]}}