{"id":91325,"date":"2022-04-19T23:50:20","date_gmt":"2022-04-20T02:50:20","guid":{"rendered":"http:\/\/infoecos.com.ar\/?p=91325"},"modified":"2022-04-19T23:50:21","modified_gmt":"2022-04-20T02:50:21","slug":"la-mesa-de-enlace-agropecuaria-se-reunira-hoy-con-sergio-massa","status":"publish","type":"post","link":"https:\/\/infoecos.com.ar\/index.php\/la-mesa-de-enlace-agropecuaria-se-reunira-hoy-con-sergio-massa\/","title":{"rendered":"La Mesa de Enlace Agropecuaria se reunir\u00e1 hoy con Sergio Massa"},"content":{"rendered":"\n<p>La Mesa de Enlace se reunir\u00e1 hoy con el presidente de la C\u00e1mara baja, Sergio Massa.<\/p>\n\n\n\n<p>Seg\u00fan afirm\u00f3 el diario La Naci\u00f3n, el encuentro est\u00e1 previsto para las 18 en el mismo Congreso. Y, entre otros temas, las entidades de la Mesa de Enlace ir\u00e1n con la preocupaci\u00f3n por las retenciones.<\/p>\n\n\n\n<div class=\"wp-block-image\"><figure class=\"aligncenter size-large is-resized\"><img loading=\"lazy\" decoding=\"async\" src=\"http:\/\/infoecos.com.ar\/wp-content\/uploads\/2020\/11\/fachada_informe-920x613.jpg\" alt=\"\" class=\"wp-image-70226\" width=\"546\" height=\"363\" srcset=\"https:\/\/infoecos.com.ar\/wp-content\/uploads\/2020\/11\/fachada_informe-920x613.jpg 920w, https:\/\/infoecos.com.ar\/wp-content\/uploads\/2020\/11\/fachada_informe-460x307.jpg 460w, https:\/\/infoecos.com.ar\/wp-content\/uploads\/2020\/11\/fachada_informe-768x512.jpg 768w, https:\/\/infoecos.com.ar\/wp-content\/uploads\/2020\/11\/fachada_informe-1536x1020.jpg 1536w, https:\/\/infoecos.com.ar\/wp-content\/uploads\/2020\/11\/fachada_informe-1024x683.jpg 1024w, https:\/\/infoecos.com.ar\/wp-content\/uploads\/2020\/11\/fachada_informe-675x450.jpg 675w, https:\/\/infoecos.com.ar\/wp-content\/uploads\/2020\/11\/fachada_informe.jpg 1920w\" sizes=\"(max-width: 546px) 100vw, 546px\" \/><\/figure><\/div>\n\n\n\n<p>En las recientes reuniones con senadores y diputados, los dirigentes de la Sociedad Rural Argentina (SRA), Coninagro, Federaci\u00f3n Agraria Argentina (FAA) y Confederaciones Rurales Argentinas (CRA) pidieron terminar con una situaci\u00f3n que consideran de incertidumbre en torno de los derechos de exportaci\u00f3n. Buscan que el Congreso dise\u00f1e un sendero para la baja y eliminaci\u00f3n del tributo.<\/p>\n","protected":false},"excerpt":{"rendered":"<p>Seg\u00fan afirm\u00f3 el diario La Naci\u00f3n, el encuentro est\u00e1 previsto para las 18 en el mismo Congreso. Y, entre otros temas, las entidades de la Mesa de Enlace ir\u00e1n con la preocupaci\u00f3n por las retenciones<\/p>\n","protected":false},"author":2,"featured_media":70226,"comment_status":"closed","ping_status":"open","sticky":false,"template":"","format":"standard","meta":{"footnotes":""},"categories":[50],"tags":[1752],"class_list":["post-91325","post","type-post","status-publish","format-standard","has-post-thumbnail","hentry","category-c1nota4","tag-retenciones"],"yoast_head":"<!-- This site is optimized with the Yoast SEO plugin v23.4 - https:\/\/yoast.com\/wordpress\/plugins\/seo\/ -->\n<title>La Mesa de Enlace Agropecuaria se reunir\u00e1 hoy con Sergio Massa - Infoecos<\/title>\n<meta name=\"robots\" content=\"index, follow, max-snippet:-1, max-image-preview:large, max-video-preview:-1\" \/>\n<link rel=\"canonical\" href=\"https:\/\/infoecos.com.ar\/index.php\/la-mesa-de-enlace-agropecuaria-se-reunira-hoy-con-sergio-massa\/\" \/>\n<meta property=\"og:locale\" content=\"es_ES\" \/>\n<meta property=\"og:type\" content=\"article\" \/>\n<meta property=\"og:title\" content=\"La Mesa de Enlace Agropecuaria se reunir\u00e1 hoy con Sergio Massa - Infoecos\" \/>\n<meta property=\"og:description\" content=\"Seg\u00fan afirm\u00f3 el diario La Naci\u00f3n, el encuentro est\u00e1 previsto para las 18 en el mismo Congreso. Y, entre otros temas, las entidades de la Mesa de Enlace ir\u00e1n con la preocupaci\u00f3n por las retenciones\" \/>\n<meta property=\"og:url\" content=\"https:\/\/infoecos.com.ar\/index.php\/la-mesa-de-enlace-agropecuaria-se-reunira-hoy-con-sergio-massa\/\" \/>\n<meta property=\"og:site_name\" content=\"Infoecos\" \/>\n<meta property=\"article:publisher\" content=\"https:\/\/www.facebook.com\/profile.php?id=100063200290284\" \/>\n<meta property=\"article:published_time\" content=\"2022-04-20T02:50:20+00:00\" \/>\n<meta property=\"article:modified_time\" content=\"2022-04-20T02:50:21+00:00\" \/>\n<meta property=\"og:image\" content=\"https:\/\/infoecos.com.ar\/wp-content\/uploads\/2020\/11\/fachada_informe.jpg\" \/>\n\t<meta property=\"og:image:width\" content=\"1920\" \/>\n\t<meta property=\"og:image:height\" content=\"1280\" \/>\n\t<meta property=\"og:image:type\" content=\"image\/jpeg\" \/>\n<meta name=\"author\" content=\"Jorge Matheus\" \/>\n<meta name=\"twitter:card\" content=\"summary_large_image\" \/>\n<meta name=\"twitter:creator\" content=\"@infoecos\" \/>\n<meta name=\"twitter:site\" content=\"@infoecos\" \/>\n<meta name=\"twitter:label1\" content=\"Escrito por\" \/>\n\t<meta name=\"twitter:data1\" content=\"Jorge Matheus\" \/>\n\t<meta name=\"twitter:label2\" content=\"Tiempo de lectura\" \/>\n\t<meta name=\"twitter:data2\" content=\"1 minuto\" \/>\n<script type=\"application\/ld+json\" class=\"yoast-schema-graph\">{\"@context\":\"https:\/\/schema.org\",\"@graph\":[{\"@type\":\"Article\",\"@id\":\"https:\/\/infoecos.com.ar\/index.php\/la-mesa-de-enlace-agropecuaria-se-reunira-hoy-con-sergio-massa\/#article\",\"isPartOf\":{\"@id\":\"https:\/\/infoecos.com.ar\/index.php\/la-mesa-de-enlace-agropecuaria-se-reunira-hoy-con-sergio-massa\/\"},\"author\":{\"name\":\"Jorge Matheus\",\"@id\":\"https:\/\/infoecos.com.ar\/#\/schema\/person\/8f5ace5ce73b4b4aac4b7245aee6f191\"},\"headline\":\"La Mesa de Enlace Agropecuaria se reunir\u00e1 hoy con Sergio Massa\",\"datePublished\":\"2022-04-20T02:50:20+00:00\",\"dateModified\":\"2022-04-20T02:50:21+00:00\",\"mainEntityOfPage\":{\"@id\":\"https:\/\/infoecos.com.ar\/index.php\/la-mesa-de-enlace-agropecuaria-se-reunira-hoy-con-sergio-massa\/\"},\"wordCount\":127,\"publisher\":{\"@id\":\"https:\/\/infoecos.com.ar\/#organization\"},\"image\":{\"@id\":\"https:\/\/infoecos.com.ar\/index.php\/la-mesa-de-enlace-agropecuaria-se-reunira-hoy-con-sergio-massa\/#primaryimage\"},\"thumbnailUrl\":\"https:\/\/infoecos.com.ar\/wp-content\/uploads\/2020\/11\/fachada_informe.jpg\",\"keywords\":[\"RETENCIONES\"],\"articleSection\":[\"C1 N4\"],\"inLanguage\":\"es\"},{\"@type\":\"WebPage\",\"@id\":\"https:\/\/infoecos.com.ar\/index.php\/la-mesa-de-enlace-agropecuaria-se-reunira-hoy-con-sergio-massa\/\",\"url\":\"https:\/\/infoecos.com.ar\/index.php\/la-mesa-de-enlace-agropecuaria-se-reunira-hoy-con-sergio-massa\/\",\"name\":\"La Mesa de Enlace Agropecuaria se reunir\u00e1 hoy con Sergio Massa - Infoecos\",\"isPartOf\":{\"@id\":\"https:\/\/infoecos.com.ar\/#website\"},\"primaryImageOfPage\":{\"@id\":\"https:\/\/infoecos.com.ar\/index.php\/la-mesa-de-enlace-agropecuaria-se-reunira-hoy-con-sergio-massa\/#primaryimage\"},\"image\":{\"@id\":\"https:\/\/infoecos.com.ar\/index.php\/la-mesa-de-enlace-agropecuaria-se-reunira-hoy-con-sergio-massa\/#primaryimage\"},\"thumbnailUrl\":\"https:\/\/infoecos.com.ar\/wp-content\/uploads\/2020\/11\/fachada_informe.jpg\",\"datePublished\":\"2022-04-20T02:50:20+00:00\",\"dateModified\":\"2022-04-20T02:50:21+00:00\",\"breadcrumb\":{\"@id\":\"https:\/\/infoecos.com.ar\/index.php\/la-mesa-de-enlace-agropecuaria-se-reunira-hoy-con-sergio-massa\/#breadcrumb\"},\"inLanguage\":\"es\",\"potentialAction\":[{\"@type\":\"ReadAction\",\"target\":[\"https:\/\/infoecos.com.ar\/index.php\/la-mesa-de-enlace-agropecuaria-se-reunira-hoy-con-sergio-massa\/\"]}]},{\"@type\":\"ImageObject\",\"inLanguage\":\"es\",\"@id\":\"https:\/\/infoecos.com.ar\/index.php\/la-mesa-de-enlace-agropecuaria-se-reunira-hoy-con-sergio-massa\/#primaryimage\",\"url\":\"https:\/\/infoecos.com.ar\/wp-content\/uploads\/2020\/11\/fachada_informe.jpg\",\"contentUrl\":\"https:\/\/infoecos.com.ar\/wp-content\/uploads\/2020\/11\/fachada_informe.jpg\",\"width\":1920,\"height\":1280},{\"@type\":\"BreadcrumbList\",\"@id\":\"https:\/\/infoecos.com.ar\/index.php\/la-mesa-de-enlace-agropecuaria-se-reunira-hoy-con-sergio-massa\/#breadcrumb\",\"itemListElement\":[{\"@type\":\"ListItem\",\"position\":1,\"name\":\"Portada\",\"item\":\"https:\/\/infoecos.com.ar\/\"},{\"@type\":\"ListItem\",\"position\":2,\"name\":\"La Mesa de Enlace Agropecuaria se reunir\u00e1 hoy con Sergio Massa\"}]},{\"@type\":\"WebSite\",\"@id\":\"https:\/\/infoecos.com.ar\/#website\",\"url\":\"https:\/\/infoecos.com.ar\/\",\"name\":\"Infoecos\",\"description\":\"Noticias de trenque lauquen y la zona\",\"publisher\":{\"@id\":\"https:\/\/infoecos.com.ar\/#organization\"},\"alternateName\":\"Noticias\",\"potentialAction\":[{\"@type\":\"SearchAction\",\"target\":{\"@type\":\"EntryPoint\",\"urlTemplate\":\"https:\/\/infoecos.com.ar\/?s={search_term_string}\"},\"query-input\":{\"@type\":\"PropertyValueSpecification\",\"valueRequired\":true,\"valueName\":\"search_term_string\"}}],\"inLanguage\":\"es\"},{\"@type\":\"Organization\",\"@id\":\"https:\/\/infoecos.com.ar\/#organization\",\"name\":\"Infoecos\",\"alternateName\":\"Noticias\",\"url\":\"https:\/\/infoecos.com.ar\/\",\"logo\":{\"@type\":\"ImageObject\",\"inLanguage\":\"es\",\"@id\":\"https:\/\/infoecos.com.ar\/#\/schema\/logo\/image\/\",\"url\":\"https:\/\/infoecos.com.ar\/wp-content\/uploads\/2024\/03\/cropped-logo.png\",\"contentUrl\":\"https:\/\/infoecos.com.ar\/wp-content\/uploads\/2024\/03\/cropped-logo.png\",\"width\":374,\"height\":90,\"caption\":\"Infoecos\"},\"image\":{\"@id\":\"https:\/\/infoecos.com.ar\/#\/schema\/logo\/image\/\"},\"sameAs\":[\"https:\/\/www.facebook.com\/profile.php?id=100063200290284\",\"https:\/\/x.com\/infoecos\"]},{\"@type\":\"Person\",\"@id\":\"https:\/\/infoecos.com.ar\/#\/schema\/person\/8f5ace5ce73b4b4aac4b7245aee6f191\",\"name\":\"Jorge Matheus\",\"url\":\"https:\/\/infoecos.com.ar\/index.php\/author\/jomatheus\/\"}]}<\/script>\n<!-- \/ Yoast SEO plugin. -->","yoast_head_json":{"title":"La Mesa de Enlace Agropecuaria se reunir\u00e1 hoy con Sergio Massa - Infoecos","robots":{"index":"index","follow":"follow","max-snippet":"max-snippet:-1","max-image-preview":"max-image-preview:large","max-video-preview":"max-video-preview:-1"},"canonical":"https:\/\/infoecos.com.ar\/index.php\/la-mesa-de-enlace-agropecuaria-se-reunira-hoy-con-sergio-massa\/","og_locale":"es_ES","og_type":"article","og_title":"La Mesa de Enlace Agropecuaria se reunir\u00e1 hoy con Sergio Massa - Infoecos","og_description":"Seg\u00fan afirm\u00f3 el diario La Naci\u00f3n, el encuentro est\u00e1 previsto para las 18 en el mismo Congreso. Y, entre otros temas, las entidades de la Mesa de Enlace ir\u00e1n con la preocupaci\u00f3n por las retenciones","og_url":"https:\/\/infoecos.com.ar\/index.php\/la-mesa-de-enlace-agropecuaria-se-reunira-hoy-con-sergio-massa\/","og_site_name":"Infoecos","article_publisher":"https:\/\/www.facebook.com\/profile.php?id=100063200290284","article_published_time":"2022-04-20T02:50:20+00:00","article_modified_time":"2022-04-20T02:50:21+00:00","og_image":[{"width":1920,"height":1280,"url":"https:\/\/infoecos.com.ar\/wp-content\/uploads\/2020\/11\/fachada_informe.jpg","type":"image\/jpeg"}],"author":"Jorge Matheus","twitter_card":"summary_large_image","twitter_creator":"@infoecos","twitter_site":"@infoecos","twitter_misc":{"Escrito por":"Jorge Matheus","Tiempo de lectura":"1 minuto"},"schema":{"@context":"https:\/\/schema.org","@graph":[{"@type":"Article","@id":"https:\/\/infoecos.com.ar\/index.php\/la-mesa-de-enlace-agropecuaria-se-reunira-hoy-con-sergio-massa\/#article","isPartOf":{"@id":"https:\/\/infoecos.com.ar\/index.php\/la-mesa-de-enlace-agropecuaria-se-reunira-hoy-con-sergio-massa\/"},"author":{"name":"Jorge Matheus","@id":"https:\/\/infoecos.com.ar\/#\/schema\/person\/8f5ace5ce73b4b4aac4b7245aee6f191"},"headline":"La Mesa de Enlace Agropecuaria se reunir\u00e1 hoy con Sergio Massa","datePublished":"2022-04-20T02:50:20+00:00","dateModified":"2022-04-20T02:50:21+00:00","mainEntityOfPage":{"@id":"https:\/\/infoecos.com.ar\/index.php\/la-mesa-de-enlace-agropecuaria-se-reunira-hoy-con-sergio-massa\/"},"wordCount":127,"publisher":{"@id":"https:\/\/infoecos.com.ar\/#organization"},"image":{"@id":"https:\/\/infoecos.com.ar\/index.php\/la-mesa-de-enlace-agropecuaria-se-reunira-hoy-con-sergio-massa\/#primaryimage"},"thumbnailUrl":"https:\/\/infoecos.com.ar\/wp-content\/uploads\/2020\/11\/fachada_informe.jpg","keywords":["RETENCIONES"],"articleSection":["C1 N4"],"inLanguage":"es"},{"@type":"WebPage","@id":"https:\/\/infoecos.com.ar\/index.php\/la-mesa-de-enlace-agropecuaria-se-reunira-hoy-con-sergio-massa\/","url":"https:\/\/infoecos.com.ar\/index.php\/la-mesa-de-enlace-agropecuaria-se-reunira-hoy-con-sergio-massa\/","name":"La Mesa de Enlace Agropecuaria se reunir\u00e1 hoy con Sergio Massa - Infoecos","isPartOf":{"@id":"https:\/\/infoecos.com.ar\/#website"},"primaryImageOfPage":{"@id":"https:\/\/infoecos.com.ar\/index.php\/la-mesa-de-enlace-agropecuaria-se-reunira-hoy-con-sergio-massa\/#primaryimage"},"image":{"@id":"https:\/\/infoecos.com.ar\/index.php\/la-mesa-de-enlace-agropecuaria-se-reunira-hoy-con-sergio-massa\/#primaryimage"},"thumbnailUrl":"https:\/\/infoecos.com.ar\/wp-content\/uploads\/2020\/11\/fachada_informe.jpg","datePublished":"2022-04-20T02:50:20+00:00","dateModified":"2022-04-20T02:50:21+00:00","breadcrumb":{"@id":"https:\/\/infoecos.com.ar\/index.php\/la-mesa-de-enlace-agropecuaria-se-reunira-hoy-con-sergio-massa\/#breadcrumb"},"inLanguage":"es","potentialAction":[{"@type":"ReadAction","target":["https:\/\/infoecos.com.ar\/index.php\/la-mesa-de-enlace-agropecuaria-se-reunira-hoy-con-sergio-massa\/"]}]},{"@type":"ImageObject","inLanguage":"es","@id":"https:\/\/infoecos.com.ar\/index.php\/la-mesa-de-enlace-agropecuaria-se-reunira-hoy-con-sergio-massa\/#primaryimage","url":"https:\/\/infoecos.com.ar\/wp-content\/uploads\/2020\/11\/fachada_informe.jpg","contentUrl":"https:\/\/infoecos.com.ar\/wp-content\/uploads\/2020\/11\/fachada_informe.jpg","width":1920,"height":1280},{"@type":"BreadcrumbList","@id":"https:\/\/infoecos.com.ar\/index.php\/la-mesa-de-enlace-agropecuaria-se-reunira-hoy-con-sergio-massa\/#breadcrumb","itemListElement":[{"@type":"ListItem","position":1,"name":"Portada","item":"https:\/\/infoecos.com.ar\/"},{"@type":"ListItem","position":2,"name":"La Mesa de Enlace Agropecuaria se reunir\u00e1 hoy con Sergio Massa"}]},{"@type":"WebSite","@id":"https:\/\/infoecos.com.ar\/#website","url":"https:\/\/infoecos.com.ar\/","name":"Infoecos","description":"Noticias de trenque lauquen y la zona","publisher":{"@id":"https:\/\/infoecos.com.ar\/#organization"},"alternateName":"Noticias","potentialAction":[{"@type":"SearchAction","target":{"@type":"EntryPoint","urlTemplate":"https:\/\/infoecos.com.ar\/?s={search_term_string}"},"query-input":{"@type":"PropertyValueSpecification","valueRequired":true,"valueName":"search_term_string"}}],"inLanguage":"es"},{"@type":"Organization","@id":"https:\/\/infoecos.com.ar\/#organization","name":"Infoecos","alternateName":"Noticias","url":"https:\/\/infoecos.com.ar\/","logo":{"@type":"ImageObject","inLanguage":"es","@id":"https:\/\/infoecos.com.ar\/#\/schema\/logo\/image\/","url":"https:\/\/infoecos.com.ar\/wp-content\/uploads\/2024\/03\/cropped-logo.png","contentUrl":"https:\/\/infoecos.com.ar\/wp-content\/uploads\/2024\/03\/cropped-logo.png","width":374,"height":90,"caption":"Infoecos"},"image":{"@id":"https:\/\/infoecos.com.ar\/#\/schema\/logo\/image\/"},"sameAs":["https:\/\/www.facebook.com\/profile.php?id=100063200290284","https:\/\/x.com\/infoecos"]},{"@type":"Person","@id":"https:\/\/infoecos.com.ar\/#\/schema\/person\/8f5ace5ce73b4b4aac4b7245aee6f191","name":"Jorge Matheus","url":"https:\/\/infoecos.com.ar\/index.php\/author\/jomatheus\/"}]}},"featured_image_urls":{"full":["https:\/\/infoecos.com.ar\/wp-content\/uploads\/2020\/11\/fachada_informe.jpg",1920,1280,false],"thumbnail":["https:\/\/infoecos.com.ar\/wp-content\/uploads\/2020\/11\/fachada_informe-150x150.jpg",150,150,true],"medium":["https:\/\/infoecos.com.ar\/wp-content\/uploads\/2020\/11\/fachada_informe-460x307.jpg",460,307,true],"medium_large":["https:\/\/infoecos.com.ar\/wp-content\/uploads\/2020\/11\/fachada_informe-768x512.jpg",640,427,true],"large":["https:\/\/infoecos.com.ar\/wp-content\/uploads\/2020\/11\/fachada_informe-920x613.jpg",640,426,true],"1536x1536":["https:\/\/infoecos.com.ar\/wp-content\/uploads\/2020\/11\/fachada_informe-1536x1024.jpg",1536,1024,true],"2048x2048":["https:\/\/infoecos.com.ar\/wp-content\/uploads\/2020\/11\/fachada_informe.jpg",1920,1280,false],"covernews-slider-full":["https:\/\/infoecos.com.ar\/wp-content\/uploads\/2020\/11\/fachada_informe-1536x1020.jpg",1077,715,true],"covernews-slider-center":["https:\/\/infoecos.com.ar\/wp-content\/uploads\/2020\/11\/fachada_informe-936x897.jpg",522,500,true],"covernews-featured":["https:\/\/infoecos.com.ar\/wp-content\/uploads\/2020\/11\/fachada_informe-1024x683.jpg",1024,683,true],"covernews-medium":["https:\/\/infoecos.com.ar\/wp-content\/uploads\/2020\/11\/fachada_informe-720x380.jpg",540,285,true],"covernews-medium-square":["https:\/\/infoecos.com.ar\/wp-content\/uploads\/2020\/11\/fachada_informe-675x450.jpg",375,250,true]},"author_info":{"info":["Jorge Matheus"]},"category_info":"<a href=\"https:\/\/infoecos.com.ar\/index.php\/category\/c1nota4\/\" rel=\"category tag\">C1 N4<\/a>","tag_info":"C1 N4","comment_count":"0","_links":{"self":[{"href":"https:\/\/infoecos.com.ar\/index.php\/wp-json\/wp\/v2\/posts\/91325"}],"collection":[{"href":"https:\/\/infoecos.com.ar\/index.php\/wp-json\/wp\/v2\/posts"}],"about":[{"href":"https:\/\/infoecos.com.ar\/index.php\/wp-json\/wp\/v2\/types\/post"}],"author":[{"embeddable":true,"href":"https:\/\/infoecos.com.ar\/index.php\/wp-json\/wp\/v2\/users\/2"}],"replies":[{"embeddable":true,"href":"https:\/\/infoecos.com.ar\/index.php\/wp-json\/wp\/v2\/comments?post=91325"}],"version-history":[{"count":1,"href":"https:\/\/infoecos.com.ar\/index.php\/wp-json\/wp\/v2\/posts\/91325\/revisions"}],"predecessor-version":[{"id":91326,"href":"https:\/\/infoecos.com.ar\/index.php\/wp-json\/wp\/v2\/posts\/91325\/revisions\/91326"}],"wp:featuredmedia":[{"embeddable":true,"href":"https:\/\/infoecos.com.ar\/index.php\/wp-json\/wp\/v2\/media\/70226"}],"wp:attachment":[{"href":"https:\/\/infoecos.com.ar\/index.php\/wp-json\/wp\/v2\/media?parent=91325"}],"wp:term":[{"taxonomy":"category","embeddable":true,"href":"https:\/\/infoecos.com.ar\/index.php\/wp-json\/wp\/v2\/categories?post=91325"},{"taxonomy":"post_tag","embeddable":true,"href":"https:\/\/infoecos.com.ar\/index.php\/wp-json\/wp\/v2\/tags?post=91325"}],"curies":[{"name":"wp","href":"https:\/\/api.w.org\/{rel}","templated":true}]}}