{"id":91328,"date":"2022-04-20T11:57:23","date_gmt":"2022-04-20T14:57:23","guid":{"rendered":"http:\/\/infoecos.com.ar\/?p=91328"},"modified":"2022-04-21T19:37:47","modified_gmt":"2022-04-21T22:37:47","slug":"cuento-del-tio-tres-hechos-utilizando-esta-modalidad-se-produjeron-anoche-en-trenque-lauquen","status":"publish","type":"post","link":"https:\/\/infoecos.com.ar\/index.php\/cuento-del-tio-tres-hechos-utilizando-esta-modalidad-se-produjeron-anoche-en-trenque-lauquen\/","title":{"rendered":"Cuento del T\u00edo: tres hechos utilizando esta modalidad se produjeron el martes en Trenque Lauquen"},"content":{"rendered":"\n<p>Tres hechos delictivos utilizando la modalidad conocida vulgarmente como \u00abCuento del T\u00edo\u00bb se registraron este martes en Trenque Lauquen.<\/p>\n\n\n\n<p>Las autoridades policiales informaron que <strong>\u00abadultos mayores recibieron, en horas de la madrugada, una llamada telef\u00f3nica, al abonado fijo donde supuestamente le hablaba a su hijo, manifest\u00e1ndole que estaba siendo asaltado y que lo estaban golpeando, por lo que le ped\u00eda que todo el dinero que tuviera la pusiera en una bolsa y lo dejara fuera de su casa\u00bb<\/strong>.   <\/p>\n\n\n\n<div class=\"wp-block-image\"><figure class=\"aligncenter size-large\"><img loading=\"lazy\" decoding=\"async\" width=\"828\" height=\"621\" src=\"http:\/\/infoecos.com.ar\/wp-content\/uploads\/2021\/09\/comisaria1.jpg\" alt=\"\" class=\"wp-image-86316\" srcset=\"https:\/\/infoecos.com.ar\/wp-content\/uploads\/2021\/09\/comisaria1.jpg 828w, https:\/\/infoecos.com.ar\/wp-content\/uploads\/2021\/09\/comisaria1-460x345.jpg 460w, https:\/\/infoecos.com.ar\/wp-content\/uploads\/2021\/09\/comisaria1-768x576.jpg 768w\" sizes=\"(max-width: 828px) 100vw, 828px\" \/><\/figure><\/div>\n\n\n\n<p>Las fuerzas de seguridad solicitan que \u00abante la recepci\u00f3n de llamadas de este tipo, corten de inmediato la comunicaci\u00f3n y den aviso inmediato a la Polic\u00eda a trav\u00e9s del abonado de emergencia 101 \u00f3 911\u00bb. Id\u00e9ntica actitud se les solicita a los familiares de los eventuales afectados. <\/p>\n\n\n\n<p>En un parte de prensa se explic\u00f3 que \u00abson modalidades delictivas, donde los delincuentes act\u00faan con mucha audacia, haciendo caer en la trampa a sus v\u00edctimas, las cuales y luego de percatarse que fueron enga\u00f1adas, se sienten en un grado de vulnerabilidad, que en en muchos casos le puede afectar la salud\u00bb. <\/p>\n\n\n\n<p>No se dieron a conocer mayores detalles de lo ocurrido anoche, aunque se difundi\u00f3 una fotograf\u00eda de un detenido, cuya identidad se desconoce. <\/p>\n","protected":false},"excerpt":{"rendered":"<p>Las fuerzas de seguridad solicitan que \u00abante la recepci\u00f3n de llamadas de este tipo, corten de inmediato la comunicaci\u00f3n y den aviso inmediato a la Polic\u00eda a trav\u00e9s del abonado de emergencia 101 \u00f3 911\u00bb. Id\u00e9ntica actitud se les solicita a los familiares de los eventuales afectados<\/p>\n","protected":false},"author":2,"featured_media":86316,"comment_status":"closed","ping_status":"open","sticky":false,"template":"","format":"standard","meta":{"footnotes":""},"categories":[1325],"tags":[5861],"class_list":["post-91328","post","type-post","status-publish","format-standard","has-post-thumbnail","hentry","category-c1nota6","tag-recomendaciones-de-la-policia"],"yoast_head":"<!-- This site is optimized with the Yoast SEO plugin v23.4 - https:\/\/yoast.com\/wordpress\/plugins\/seo\/ -->\n<title>Cuento del T\u00edo: tres hechos utilizando esta modalidad se produjeron el martes en Trenque Lauquen - Infoecos<\/title>\n<meta name=\"robots\" content=\"index, follow, max-snippet:-1, max-image-preview:large, max-video-preview:-1\" \/>\n<link rel=\"canonical\" href=\"https:\/\/infoecos.com.ar\/index.php\/cuento-del-tio-tres-hechos-utilizando-esta-modalidad-se-produjeron-anoche-en-trenque-lauquen\/\" \/>\n<meta property=\"og:locale\" content=\"es_ES\" \/>\n<meta property=\"og:type\" content=\"article\" \/>\n<meta property=\"og:title\" content=\"Cuento del T\u00edo: tres hechos utilizando esta modalidad se produjeron el martes en Trenque Lauquen - Infoecos\" \/>\n<meta property=\"og:description\" content=\"Las fuerzas de seguridad solicitan que &quot;ante la recepci\u00f3n de llamadas de este tipo, corten de inmediato la comunicaci\u00f3n y den aviso inmediato a la Polic\u00eda a trav\u00e9s del abonado de emergencia 101 \u00f3 911&quot;. Id\u00e9ntica actitud se les solicita a los familiares de los eventuales afectados\" \/>\n<meta property=\"og:url\" content=\"https:\/\/infoecos.com.ar\/index.php\/cuento-del-tio-tres-hechos-utilizando-esta-modalidad-se-produjeron-anoche-en-trenque-lauquen\/\" \/>\n<meta property=\"og:site_name\" content=\"Infoecos\" \/>\n<meta property=\"article:publisher\" content=\"https:\/\/www.facebook.com\/profile.php?id=100063200290284\" \/>\n<meta property=\"article:published_time\" content=\"2022-04-20T14:57:23+00:00\" \/>\n<meta property=\"article:modified_time\" content=\"2022-04-21T22:37:47+00:00\" \/>\n<meta property=\"og:image\" content=\"https:\/\/infoecos.com.ar\/wp-content\/uploads\/2021\/09\/comisaria1.jpg\" \/>\n\t<meta property=\"og:image:width\" content=\"828\" \/>\n\t<meta property=\"og:image:height\" content=\"621\" \/>\n\t<meta property=\"og:image:type\" content=\"image\/jpeg\" \/>\n<meta name=\"author\" content=\"Jorge Matheus\" \/>\n<meta name=\"twitter:card\" content=\"summary_large_image\" \/>\n<meta name=\"twitter:creator\" content=\"@infoecos\" \/>\n<meta name=\"twitter:site\" content=\"@infoecos\" \/>\n<meta name=\"twitter:label1\" content=\"Escrito por\" \/>\n\t<meta name=\"twitter:data1\" content=\"Jorge Matheus\" \/>\n\t<meta name=\"twitter:label2\" content=\"Tiempo de lectura\" \/>\n\t<meta name=\"twitter:data2\" content=\"1 minuto\" \/>\n<script type=\"application\/ld+json\" class=\"yoast-schema-graph\">{\"@context\":\"https:\/\/schema.org\",\"@graph\":[{\"@type\":\"Article\",\"@id\":\"https:\/\/infoecos.com.ar\/index.php\/cuento-del-tio-tres-hechos-utilizando-esta-modalidad-se-produjeron-anoche-en-trenque-lauquen\/#article\",\"isPartOf\":{\"@id\":\"https:\/\/infoecos.com.ar\/index.php\/cuento-del-tio-tres-hechos-utilizando-esta-modalidad-se-produjeron-anoche-en-trenque-lauquen\/\"},\"author\":{\"name\":\"Jorge Matheus\",\"@id\":\"https:\/\/infoecos.com.ar\/#\/schema\/person\/8f5ace5ce73b4b4aac4b7245aee6f191\"},\"headline\":\"Cuento del T\u00edo: tres hechos utilizando esta modalidad se produjeron el martes en Trenque Lauquen\",\"datePublished\":\"2022-04-20T14:57:23+00:00\",\"dateModified\":\"2022-04-21T22:37:47+00:00\",\"mainEntityOfPage\":{\"@id\":\"https:\/\/infoecos.com.ar\/index.php\/cuento-del-tio-tres-hechos-utilizando-esta-modalidad-se-produjeron-anoche-en-trenque-lauquen\/\"},\"wordCount\":226,\"publisher\":{\"@id\":\"https:\/\/infoecos.com.ar\/#organization\"},\"image\":{\"@id\":\"https:\/\/infoecos.com.ar\/index.php\/cuento-del-tio-tres-hechos-utilizando-esta-modalidad-se-produjeron-anoche-en-trenque-lauquen\/#primaryimage\"},\"thumbnailUrl\":\"https:\/\/infoecos.com.ar\/wp-content\/uploads\/2021\/09\/comisaria1.jpg\",\"keywords\":[\"RECOMENDACIONES DE LA POLIC\u00cdA\"],\"articleSection\":[\"C1 nota 6\"],\"inLanguage\":\"es\"},{\"@type\":\"WebPage\",\"@id\":\"https:\/\/infoecos.com.ar\/index.php\/cuento-del-tio-tres-hechos-utilizando-esta-modalidad-se-produjeron-anoche-en-trenque-lauquen\/\",\"url\":\"https:\/\/infoecos.com.ar\/index.php\/cuento-del-tio-tres-hechos-utilizando-esta-modalidad-se-produjeron-anoche-en-trenque-lauquen\/\",\"name\":\"Cuento del T\u00edo: tres hechos utilizando esta modalidad se produjeron el martes en Trenque Lauquen - Infoecos\",\"isPartOf\":{\"@id\":\"https:\/\/infoecos.com.ar\/#website\"},\"primaryImageOfPage\":{\"@id\":\"https:\/\/infoecos.com.ar\/index.php\/cuento-del-tio-tres-hechos-utilizando-esta-modalidad-se-produjeron-anoche-en-trenque-lauquen\/#primaryimage\"},\"image\":{\"@id\":\"https:\/\/infoecos.com.ar\/index.php\/cuento-del-tio-tres-hechos-utilizando-esta-modalidad-se-produjeron-anoche-en-trenque-lauquen\/#primaryimage\"},\"thumbnailUrl\":\"https:\/\/infoecos.com.ar\/wp-content\/uploads\/2021\/09\/comisaria1.jpg\",\"datePublished\":\"2022-04-20T14:57:23+00:00\",\"dateModified\":\"2022-04-21T22:37:47+00:00\",\"breadcrumb\":{\"@id\":\"https:\/\/infoecos.com.ar\/index.php\/cuento-del-tio-tres-hechos-utilizando-esta-modalidad-se-produjeron-anoche-en-trenque-lauquen\/#breadcrumb\"},\"inLanguage\":\"es\",\"potentialAction\":[{\"@type\":\"ReadAction\",\"target\":[\"https:\/\/infoecos.com.ar\/index.php\/cuento-del-tio-tres-hechos-utilizando-esta-modalidad-se-produjeron-anoche-en-trenque-lauquen\/\"]}]},{\"@type\":\"ImageObject\",\"inLanguage\":\"es\",\"@id\":\"https:\/\/infoecos.com.ar\/index.php\/cuento-del-tio-tres-hechos-utilizando-esta-modalidad-se-produjeron-anoche-en-trenque-lauquen\/#primaryimage\",\"url\":\"https:\/\/infoecos.com.ar\/wp-content\/uploads\/2021\/09\/comisaria1.jpg\",\"contentUrl\":\"https:\/\/infoecos.com.ar\/wp-content\/uploads\/2021\/09\/comisaria1.jpg\",\"width\":828,\"height\":621},{\"@type\":\"BreadcrumbList\",\"@id\":\"https:\/\/infoecos.com.ar\/index.php\/cuento-del-tio-tres-hechos-utilizando-esta-modalidad-se-produjeron-anoche-en-trenque-lauquen\/#breadcrumb\",\"itemListElement\":[{\"@type\":\"ListItem\",\"position\":1,\"name\":\"Portada\",\"item\":\"https:\/\/infoecos.com.ar\/\"},{\"@type\":\"ListItem\",\"position\":2,\"name\":\"Cuento del T\u00edo: tres hechos utilizando esta modalidad se produjeron el martes en Trenque Lauquen\"}]},{\"@type\":\"WebSite\",\"@id\":\"https:\/\/infoecos.com.ar\/#website\",\"url\":\"https:\/\/infoecos.com.ar\/\",\"name\":\"Infoecos\",\"description\":\"Noticias de trenque lauquen y la zona\",\"publisher\":{\"@id\":\"https:\/\/infoecos.com.ar\/#organization\"},\"alternateName\":\"Noticias\",\"potentialAction\":[{\"@type\":\"SearchAction\",\"target\":{\"@type\":\"EntryPoint\",\"urlTemplate\":\"https:\/\/infoecos.com.ar\/?s={search_term_string}\"},\"query-input\":{\"@type\":\"PropertyValueSpecification\",\"valueRequired\":true,\"valueName\":\"search_term_string\"}}],\"inLanguage\":\"es\"},{\"@type\":\"Organization\",\"@id\":\"https:\/\/infoecos.com.ar\/#organization\",\"name\":\"Infoecos\",\"alternateName\":\"Noticias\",\"url\":\"https:\/\/infoecos.com.ar\/\",\"logo\":{\"@type\":\"ImageObject\",\"inLanguage\":\"es\",\"@id\":\"https:\/\/infoecos.com.ar\/#\/schema\/logo\/image\/\",\"url\":\"https:\/\/infoecos.com.ar\/wp-content\/uploads\/2024\/03\/cropped-logo.png\",\"contentUrl\":\"https:\/\/infoecos.com.ar\/wp-content\/uploads\/2024\/03\/cropped-logo.png\",\"width\":374,\"height\":90,\"caption\":\"Infoecos\"},\"image\":{\"@id\":\"https:\/\/infoecos.com.ar\/#\/schema\/logo\/image\/\"},\"sameAs\":[\"https:\/\/www.facebook.com\/profile.php?id=100063200290284\",\"https:\/\/x.com\/infoecos\"]},{\"@type\":\"Person\",\"@id\":\"https:\/\/infoecos.com.ar\/#\/schema\/person\/8f5ace5ce73b4b4aac4b7245aee6f191\",\"name\":\"Jorge Matheus\",\"url\":\"https:\/\/infoecos.com.ar\/index.php\/author\/jomatheus\/\"}]}<\/script>\n<!-- \/ Yoast SEO plugin. -->","yoast_head_json":{"title":"Cuento del T\u00edo: tres hechos utilizando esta modalidad se produjeron el martes en Trenque Lauquen - Infoecos","robots":{"index":"index","follow":"follow","max-snippet":"max-snippet:-1","max-image-preview":"max-image-preview:large","max-video-preview":"max-video-preview:-1"},"canonical":"https:\/\/infoecos.com.ar\/index.php\/cuento-del-tio-tres-hechos-utilizando-esta-modalidad-se-produjeron-anoche-en-trenque-lauquen\/","og_locale":"es_ES","og_type":"article","og_title":"Cuento del T\u00edo: tres hechos utilizando esta modalidad se produjeron el martes en Trenque Lauquen - Infoecos","og_description":"Las fuerzas de seguridad solicitan que \"ante la recepci\u00f3n de llamadas de este tipo, corten de inmediato la comunicaci\u00f3n y den aviso inmediato a la Polic\u00eda a trav\u00e9s del abonado de emergencia 101 \u00f3 911\". Id\u00e9ntica actitud se les solicita a los familiares de los eventuales afectados","og_url":"https:\/\/infoecos.com.ar\/index.php\/cuento-del-tio-tres-hechos-utilizando-esta-modalidad-se-produjeron-anoche-en-trenque-lauquen\/","og_site_name":"Infoecos","article_publisher":"https:\/\/www.facebook.com\/profile.php?id=100063200290284","article_published_time":"2022-04-20T14:57:23+00:00","article_modified_time":"2022-04-21T22:37:47+00:00","og_image":[{"width":828,"height":621,"url":"https:\/\/infoecos.com.ar\/wp-content\/uploads\/2021\/09\/comisaria1.jpg","type":"image\/jpeg"}],"author":"Jorge Matheus","twitter_card":"summary_large_image","twitter_creator":"@infoecos","twitter_site":"@infoecos","twitter_misc":{"Escrito por":"Jorge Matheus","Tiempo de lectura":"1 minuto"},"schema":{"@context":"https:\/\/schema.org","@graph":[{"@type":"Article","@id":"https:\/\/infoecos.com.ar\/index.php\/cuento-del-tio-tres-hechos-utilizando-esta-modalidad-se-produjeron-anoche-en-trenque-lauquen\/#article","isPartOf":{"@id":"https:\/\/infoecos.com.ar\/index.php\/cuento-del-tio-tres-hechos-utilizando-esta-modalidad-se-produjeron-anoche-en-trenque-lauquen\/"},"author":{"name":"Jorge Matheus","@id":"https:\/\/infoecos.com.ar\/#\/schema\/person\/8f5ace5ce73b4b4aac4b7245aee6f191"},"headline":"Cuento del T\u00edo: tres hechos utilizando esta modalidad se produjeron el martes en Trenque Lauquen","datePublished":"2022-04-20T14:57:23+00:00","dateModified":"2022-04-21T22:37:47+00:00","mainEntityOfPage":{"@id":"https:\/\/infoecos.com.ar\/index.php\/cuento-del-tio-tres-hechos-utilizando-esta-modalidad-se-produjeron-anoche-en-trenque-lauquen\/"},"wordCount":226,"publisher":{"@id":"https:\/\/infoecos.com.ar\/#organization"},"image":{"@id":"https:\/\/infoecos.com.ar\/index.php\/cuento-del-tio-tres-hechos-utilizando-esta-modalidad-se-produjeron-anoche-en-trenque-lauquen\/#primaryimage"},"thumbnailUrl":"https:\/\/infoecos.com.ar\/wp-content\/uploads\/2021\/09\/comisaria1.jpg","keywords":["RECOMENDACIONES DE LA POLIC\u00cdA"],"articleSection":["C1 nota 6"],"inLanguage":"es"},{"@type":"WebPage","@id":"https:\/\/infoecos.com.ar\/index.php\/cuento-del-tio-tres-hechos-utilizando-esta-modalidad-se-produjeron-anoche-en-trenque-lauquen\/","url":"https:\/\/infoecos.com.ar\/index.php\/cuento-del-tio-tres-hechos-utilizando-esta-modalidad-se-produjeron-anoche-en-trenque-lauquen\/","name":"Cuento del T\u00edo: tres hechos utilizando esta modalidad se produjeron el martes en Trenque Lauquen - Infoecos","isPartOf":{"@id":"https:\/\/infoecos.com.ar\/#website"},"primaryImageOfPage":{"@id":"https:\/\/infoecos.com.ar\/index.php\/cuento-del-tio-tres-hechos-utilizando-esta-modalidad-se-produjeron-anoche-en-trenque-lauquen\/#primaryimage"},"image":{"@id":"https:\/\/infoecos.com.ar\/index.php\/cuento-del-tio-tres-hechos-utilizando-esta-modalidad-se-produjeron-anoche-en-trenque-lauquen\/#primaryimage"},"thumbnailUrl":"https:\/\/infoecos.com.ar\/wp-content\/uploads\/2021\/09\/comisaria1.jpg","datePublished":"2022-04-20T14:57:23+00:00","dateModified":"2022-04-21T22:37:47+00:00","breadcrumb":{"@id":"https:\/\/infoecos.com.ar\/index.php\/cuento-del-tio-tres-hechos-utilizando-esta-modalidad-se-produjeron-anoche-en-trenque-lauquen\/#breadcrumb"},"inLanguage":"es","potentialAction":[{"@type":"ReadAction","target":["https:\/\/infoecos.com.ar\/index.php\/cuento-del-tio-tres-hechos-utilizando-esta-modalidad-se-produjeron-anoche-en-trenque-lauquen\/"]}]},{"@type":"ImageObject","inLanguage":"es","@id":"https:\/\/infoecos.com.ar\/index.php\/cuento-del-tio-tres-hechos-utilizando-esta-modalidad-se-produjeron-anoche-en-trenque-lauquen\/#primaryimage","url":"https:\/\/infoecos.com.ar\/wp-content\/uploads\/2021\/09\/comisaria1.jpg","contentUrl":"https:\/\/infoecos.com.ar\/wp-content\/uploads\/2021\/09\/comisaria1.jpg","width":828,"height":621},{"@type":"BreadcrumbList","@id":"https:\/\/infoecos.com.ar\/index.php\/cuento-del-tio-tres-hechos-utilizando-esta-modalidad-se-produjeron-anoche-en-trenque-lauquen\/#breadcrumb","itemListElement":[{"@type":"ListItem","position":1,"name":"Portada","item":"https:\/\/infoecos.com.ar\/"},{"@type":"ListItem","position":2,"name":"Cuento del T\u00edo: tres hechos utilizando esta modalidad se produjeron el martes en Trenque Lauquen"}]},{"@type":"WebSite","@id":"https:\/\/infoecos.com.ar\/#website","url":"https:\/\/infoecos.com.ar\/","name":"Infoecos","description":"Noticias de trenque lauquen y la zona","publisher":{"@id":"https:\/\/infoecos.com.ar\/#organization"},"alternateName":"Noticias","potentialAction":[{"@type":"SearchAction","target":{"@type":"EntryPoint","urlTemplate":"https:\/\/infoecos.com.ar\/?s={search_term_string}"},"query-input":{"@type":"PropertyValueSpecification","valueRequired":true,"valueName":"search_term_string"}}],"inLanguage":"es"},{"@type":"Organization","@id":"https:\/\/infoecos.com.ar\/#organization","name":"Infoecos","alternateName":"Noticias","url":"https:\/\/infoecos.com.ar\/","logo":{"@type":"ImageObject","inLanguage":"es","@id":"https:\/\/infoecos.com.ar\/#\/schema\/logo\/image\/","url":"https:\/\/infoecos.com.ar\/wp-content\/uploads\/2024\/03\/cropped-logo.png","contentUrl":"https:\/\/infoecos.com.ar\/wp-content\/uploads\/2024\/03\/cropped-logo.png","width":374,"height":90,"caption":"Infoecos"},"image":{"@id":"https:\/\/infoecos.com.ar\/#\/schema\/logo\/image\/"},"sameAs":["https:\/\/www.facebook.com\/profile.php?id=100063200290284","https:\/\/x.com\/infoecos"]},{"@type":"Person","@id":"https:\/\/infoecos.com.ar\/#\/schema\/person\/8f5ace5ce73b4b4aac4b7245aee6f191","name":"Jorge Matheus","url":"https:\/\/infoecos.com.ar\/index.php\/author\/jomatheus\/"}]}},"featured_image_urls":{"full":["https:\/\/infoecos.com.ar\/wp-content\/uploads\/2021\/09\/comisaria1.jpg",828,621,false],"thumbnail":["https:\/\/infoecos.com.ar\/wp-content\/uploads\/2021\/09\/comisaria1-150x150.jpg",150,150,true],"medium":["https:\/\/infoecos.com.ar\/wp-content\/uploads\/2021\/09\/comisaria1-460x345.jpg",460,345,true],"medium_large":["https:\/\/infoecos.com.ar\/wp-content\/uploads\/2021\/09\/comisaria1-768x576.jpg",640,480,true],"large":["https:\/\/infoecos.com.ar\/wp-content\/uploads\/2021\/09\/comisaria1.jpg",640,480,false],"1536x1536":["https:\/\/infoecos.com.ar\/wp-content\/uploads\/2021\/09\/comisaria1.jpg",828,621,false],"2048x2048":["https:\/\/infoecos.com.ar\/wp-content\/uploads\/2021\/09\/comisaria1.jpg",828,621,false],"covernews-slider-full":["https:\/\/infoecos.com.ar\/wp-content\/uploads\/2021\/09\/comisaria1.jpg",828,621,false],"covernews-slider-center":["https:\/\/infoecos.com.ar\/wp-content\/uploads\/2021\/09\/comisaria1.jpg",667,500,false],"covernews-featured":["https:\/\/infoecos.com.ar\/wp-content\/uploads\/2021\/09\/comisaria1.jpg",828,621,false],"covernews-medium":["https:\/\/infoecos.com.ar\/wp-content\/uploads\/2021\/09\/comisaria1-720x380.jpg",540,285,true],"covernews-medium-square":["https:\/\/infoecos.com.ar\/wp-content\/uploads\/2021\/09\/comisaria1-675x450.jpg",375,250,true]},"author_info":{"info":["Jorge Matheus"]},"category_info":"<a href=\"https:\/\/infoecos.com.ar\/index.php\/category\/c1nota6\/\" rel=\"category tag\">C1 nota 6<\/a>","tag_info":"C1 nota 6","comment_count":"0","_links":{"self":[{"href":"https:\/\/infoecos.com.ar\/index.php\/wp-json\/wp\/v2\/posts\/91328"}],"collection":[{"href":"https:\/\/infoecos.com.ar\/index.php\/wp-json\/wp\/v2\/posts"}],"about":[{"href":"https:\/\/infoecos.com.ar\/index.php\/wp-json\/wp\/v2\/types\/post"}],"author":[{"embeddable":true,"href":"https:\/\/infoecos.com.ar\/index.php\/wp-json\/wp\/v2\/users\/2"}],"replies":[{"embeddable":true,"href":"https:\/\/infoecos.com.ar\/index.php\/wp-json\/wp\/v2\/comments?post=91328"}],"version-history":[{"count":2,"href":"https:\/\/infoecos.com.ar\/index.php\/wp-json\/wp\/v2\/posts\/91328\/revisions"}],"predecessor-version":[{"id":91368,"href":"https:\/\/infoecos.com.ar\/index.php\/wp-json\/wp\/v2\/posts\/91328\/revisions\/91368"}],"wp:featuredmedia":[{"embeddable":true,"href":"https:\/\/infoecos.com.ar\/index.php\/wp-json\/wp\/v2\/media\/86316"}],"wp:attachment":[{"href":"https:\/\/infoecos.com.ar\/index.php\/wp-json\/wp\/v2\/media?parent=91328"}],"wp:term":[{"taxonomy":"category","embeddable":true,"href":"https:\/\/infoecos.com.ar\/index.php\/wp-json\/wp\/v2\/categories?post=91328"},{"taxonomy":"post_tag","embeddable":true,"href":"https:\/\/infoecos.com.ar\/index.php\/wp-json\/wp\/v2\/tags?post=91328"}],"curies":[{"name":"wp","href":"https:\/\/api.w.org\/{rel}","templated":true}]}}