{"id":91374,"date":"2022-04-20T23:45:11","date_gmt":"2022-04-21T02:45:11","guid":{"rendered":"http:\/\/infoecos.com.ar\/?p=91374"},"modified":"2022-04-22T12:37:06","modified_gmt":"2022-04-22T15:37:06","slug":"la-asociacion-judicial-bonaerense-pide-la-reapertura-de-la-paritaria","status":"publish","type":"post","link":"https:\/\/infoecos.com.ar\/index.php\/la-asociacion-judicial-bonaerense-pide-la-reapertura-de-la-paritaria\/","title":{"rendered":"La Asociaci\u00f3n Judicial Bonaerense pide la reapertura de la paritaria"},"content":{"rendered":"\n<p>El Secretario General de la AJB, Hugo Russo, expres\u00f3 su preocupaci\u00f3n ante el imprevisto avance de la inflaci\u00f3n y el deterioro salarial que ello conlleva para las y los trabajadores, se\u00f1ala una comunicaci\u00f3n del gremio, agregando que \u201cen el d\u00eda de hoy (por ayer) presentamos formalmente una nota al Poder Ejecutivo para que nos convoque a discutir la reapertura de la paritaria porque la inflaci\u00f3n est\u00e1 haciendo mella en nuestros salarios\u201d.<\/p>\n\n\n\n<div class=\"wp-block-image\"><figure class=\"aligncenter size-large\"><img loading=\"lazy\" decoding=\"async\" width=\"600\" height=\"285\" src=\"http:\/\/infoecos.com.ar\/wp-content\/uploads\/2022\/04\/russoajb.jpg\" alt=\"\" class=\"wp-image-91375\" srcset=\"https:\/\/infoecos.com.ar\/wp-content\/uploads\/2022\/04\/russoajb.jpg 600w, https:\/\/infoecos.com.ar\/wp-content\/uploads\/2022\/04\/russoajb-460x219.jpg 460w\" sizes=\"(max-width: 600px) 100vw, 600px\" \/><figcaption>Hugo Russo (AJB)<\/figcaption><\/figure><\/div>\n\n\n\n<p>La aceleraci\u00f3n de los \u00edndices inflacionarios que marc\u00f3 en el mes de marzo un 6,7%, y acumula en el primer trimestre del a\u00f1o un 16,1%, produce una profunda preocupaci\u00f3n en las y los trabajadores judiciales. Es por eso que hoy la AJB pidi\u00f3 a la Ministra de Trabajo, Mara Ruiz Malec, que reactive la mesa de discusi\u00f3n salarial de la Paritaria 2022, para hacer efectiva la cl\u00e1usula de monitoreo de inflaci\u00f3n firmada, e impedir que se sigan deteriorando los salarios.<\/p>\n\n\n\n<p>\u201cLos trabajadores y trabajadoras necesitamos previsibilidad, la inflaci\u00f3n est\u00e1 erosionando nuestro bolsillo as\u00ed que vamos a hacer valer las cl\u00e1usulas firmadas en la paritaria, una de revisi\u00f3n y otra de reapertura -expres\u00f3 Russo-. Necesitamos sentarnos a discutir seriamente sobre el adelantamiento de la segunda cuota de incremento salarial que todos los trabajadores estatales firmamos para el mes de julio\u201d.<\/p>\n","protected":false},"excerpt":{"rendered":"<p>El Secretario General de la AJB confirm\u00f3 este mi\u00e9rcoles que el gremio pidi\u00f3 a la Ministra de Trabajo la reapertura paritaria debido al avance de la inflaci\u00f3n y el consecuente deterioro salarial<\/p>\n","protected":false},"author":2,"featured_media":91375,"comment_status":"closed","ping_status":"open","sticky":false,"template":"","format":"standard","meta":{"footnotes":""},"categories":[43],"tags":[5864],"class_list":["post-91374","post","type-post","status-publish","format-standard","has-post-thumbnail","hentry","category-inferior4","tag-ante-el-aumento-de-la-inflacion"],"yoast_head":"<!-- This site is optimized with the Yoast SEO plugin v23.4 - https:\/\/yoast.com\/wordpress\/plugins\/seo\/ -->\n<title>La Asociaci\u00f3n Judicial Bonaerense pide la reapertura de la paritaria - Infoecos<\/title>\n<meta name=\"robots\" content=\"index, follow, max-snippet:-1, max-image-preview:large, max-video-preview:-1\" \/>\n<link rel=\"canonical\" href=\"https:\/\/infoecos.com.ar\/index.php\/la-asociacion-judicial-bonaerense-pide-la-reapertura-de-la-paritaria\/\" \/>\n<meta property=\"og:locale\" content=\"es_ES\" \/>\n<meta property=\"og:type\" content=\"article\" \/>\n<meta property=\"og:title\" content=\"La Asociaci\u00f3n Judicial Bonaerense pide la reapertura de la paritaria - Infoecos\" \/>\n<meta property=\"og:description\" content=\"El Secretario General de la AJB confirm\u00f3 este mi\u00e9rcoles que el gremio pidi\u00f3 a la Ministra de Trabajo la reapertura paritaria debido al avance de la inflaci\u00f3n y el consecuente deterioro salarial\" \/>\n<meta property=\"og:url\" content=\"https:\/\/infoecos.com.ar\/index.php\/la-asociacion-judicial-bonaerense-pide-la-reapertura-de-la-paritaria\/\" \/>\n<meta property=\"og:site_name\" content=\"Infoecos\" \/>\n<meta property=\"article:publisher\" content=\"https:\/\/www.facebook.com\/profile.php?id=100063200290284\" \/>\n<meta property=\"article:published_time\" content=\"2022-04-21T02:45:11+00:00\" \/>\n<meta property=\"article:modified_time\" content=\"2022-04-22T15:37:06+00:00\" \/>\n<meta property=\"og:image\" content=\"https:\/\/infoecos.com.ar\/wp-content\/uploads\/2022\/04\/russoajb.jpg\" \/>\n\t<meta property=\"og:image:width\" content=\"600\" \/>\n\t<meta property=\"og:image:height\" content=\"285\" \/>\n\t<meta property=\"og:image:type\" content=\"image\/jpeg\" \/>\n<meta name=\"author\" content=\"Jorge Matheus\" \/>\n<meta name=\"twitter:card\" content=\"summary_large_image\" \/>\n<meta name=\"twitter:creator\" content=\"@infoecos\" \/>\n<meta name=\"twitter:site\" content=\"@infoecos\" \/>\n<meta name=\"twitter:label1\" content=\"Escrito por\" \/>\n\t<meta name=\"twitter:data1\" content=\"Jorge Matheus\" \/>\n\t<meta name=\"twitter:label2\" content=\"Tiempo de lectura\" \/>\n\t<meta name=\"twitter:data2\" content=\"1 minuto\" \/>\n<script type=\"application\/ld+json\" class=\"yoast-schema-graph\">{\"@context\":\"https:\/\/schema.org\",\"@graph\":[{\"@type\":\"Article\",\"@id\":\"https:\/\/infoecos.com.ar\/index.php\/la-asociacion-judicial-bonaerense-pide-la-reapertura-de-la-paritaria\/#article\",\"isPartOf\":{\"@id\":\"https:\/\/infoecos.com.ar\/index.php\/la-asociacion-judicial-bonaerense-pide-la-reapertura-de-la-paritaria\/\"},\"author\":{\"name\":\"Jorge Matheus\",\"@id\":\"https:\/\/infoecos.com.ar\/#\/schema\/person\/8f5ace5ce73b4b4aac4b7245aee6f191\"},\"headline\":\"La Asociaci\u00f3n Judicial Bonaerense pide la reapertura de la paritaria\",\"datePublished\":\"2022-04-21T02:45:11+00:00\",\"dateModified\":\"2022-04-22T15:37:06+00:00\",\"mainEntityOfPage\":{\"@id\":\"https:\/\/infoecos.com.ar\/index.php\/la-asociacion-judicial-bonaerense-pide-la-reapertura-de-la-paritaria\/\"},\"wordCount\":236,\"publisher\":{\"@id\":\"https:\/\/infoecos.com.ar\/#organization\"},\"image\":{\"@id\":\"https:\/\/infoecos.com.ar\/index.php\/la-asociacion-judicial-bonaerense-pide-la-reapertura-de-la-paritaria\/#primaryimage\"},\"thumbnailUrl\":\"https:\/\/infoecos.com.ar\/wp-content\/uploads\/2022\/04\/russoajb.jpg\",\"keywords\":[\"ANTE EL AUMENTO DE LA INFLACI\u00d3N\"],\"articleSection\":[\"Bloque inferior - 4\"],\"inLanguage\":\"es\"},{\"@type\":\"WebPage\",\"@id\":\"https:\/\/infoecos.com.ar\/index.php\/la-asociacion-judicial-bonaerense-pide-la-reapertura-de-la-paritaria\/\",\"url\":\"https:\/\/infoecos.com.ar\/index.php\/la-asociacion-judicial-bonaerense-pide-la-reapertura-de-la-paritaria\/\",\"name\":\"La Asociaci\u00f3n Judicial Bonaerense pide la reapertura de la paritaria - Infoecos\",\"isPartOf\":{\"@id\":\"https:\/\/infoecos.com.ar\/#website\"},\"primaryImageOfPage\":{\"@id\":\"https:\/\/infoecos.com.ar\/index.php\/la-asociacion-judicial-bonaerense-pide-la-reapertura-de-la-paritaria\/#primaryimage\"},\"image\":{\"@id\":\"https:\/\/infoecos.com.ar\/index.php\/la-asociacion-judicial-bonaerense-pide-la-reapertura-de-la-paritaria\/#primaryimage\"},\"thumbnailUrl\":\"https:\/\/infoecos.com.ar\/wp-content\/uploads\/2022\/04\/russoajb.jpg\",\"datePublished\":\"2022-04-21T02:45:11+00:00\",\"dateModified\":\"2022-04-22T15:37:06+00:00\",\"breadcrumb\":{\"@id\":\"https:\/\/infoecos.com.ar\/index.php\/la-asociacion-judicial-bonaerense-pide-la-reapertura-de-la-paritaria\/#breadcrumb\"},\"inLanguage\":\"es\",\"potentialAction\":[{\"@type\":\"ReadAction\",\"target\":[\"https:\/\/infoecos.com.ar\/index.php\/la-asociacion-judicial-bonaerense-pide-la-reapertura-de-la-paritaria\/\"]}]},{\"@type\":\"ImageObject\",\"inLanguage\":\"es\",\"@id\":\"https:\/\/infoecos.com.ar\/index.php\/la-asociacion-judicial-bonaerense-pide-la-reapertura-de-la-paritaria\/#primaryimage\",\"url\":\"https:\/\/infoecos.com.ar\/wp-content\/uploads\/2022\/04\/russoajb.jpg\",\"contentUrl\":\"https:\/\/infoecos.com.ar\/wp-content\/uploads\/2022\/04\/russoajb.jpg\",\"width\":600,\"height\":285},{\"@type\":\"BreadcrumbList\",\"@id\":\"https:\/\/infoecos.com.ar\/index.php\/la-asociacion-judicial-bonaerense-pide-la-reapertura-de-la-paritaria\/#breadcrumb\",\"itemListElement\":[{\"@type\":\"ListItem\",\"position\":1,\"name\":\"Portada\",\"item\":\"https:\/\/infoecos.com.ar\/\"},{\"@type\":\"ListItem\",\"position\":2,\"name\":\"La Asociaci\u00f3n Judicial Bonaerense pide la reapertura de la paritaria\"}]},{\"@type\":\"WebSite\",\"@id\":\"https:\/\/infoecos.com.ar\/#website\",\"url\":\"https:\/\/infoecos.com.ar\/\",\"name\":\"Infoecos\",\"description\":\"Noticias de trenque lauquen y la zona\",\"publisher\":{\"@id\":\"https:\/\/infoecos.com.ar\/#organization\"},\"alternateName\":\"Noticias\",\"potentialAction\":[{\"@type\":\"SearchAction\",\"target\":{\"@type\":\"EntryPoint\",\"urlTemplate\":\"https:\/\/infoecos.com.ar\/?s={search_term_string}\"},\"query-input\":{\"@type\":\"PropertyValueSpecification\",\"valueRequired\":true,\"valueName\":\"search_term_string\"}}],\"inLanguage\":\"es\"},{\"@type\":\"Organization\",\"@id\":\"https:\/\/infoecos.com.ar\/#organization\",\"name\":\"Infoecos\",\"alternateName\":\"Noticias\",\"url\":\"https:\/\/infoecos.com.ar\/\",\"logo\":{\"@type\":\"ImageObject\",\"inLanguage\":\"es\",\"@id\":\"https:\/\/infoecos.com.ar\/#\/schema\/logo\/image\/\",\"url\":\"https:\/\/infoecos.com.ar\/wp-content\/uploads\/2024\/03\/cropped-logo.png\",\"contentUrl\":\"https:\/\/infoecos.com.ar\/wp-content\/uploads\/2024\/03\/cropped-logo.png\",\"width\":374,\"height\":90,\"caption\":\"Infoecos\"},\"image\":{\"@id\":\"https:\/\/infoecos.com.ar\/#\/schema\/logo\/image\/\"},\"sameAs\":[\"https:\/\/www.facebook.com\/profile.php?id=100063200290284\",\"https:\/\/x.com\/infoecos\"]},{\"@type\":\"Person\",\"@id\":\"https:\/\/infoecos.com.ar\/#\/schema\/person\/8f5ace5ce73b4b4aac4b7245aee6f191\",\"name\":\"Jorge Matheus\",\"url\":\"https:\/\/infoecos.com.ar\/index.php\/author\/jomatheus\/\"}]}<\/script>\n<!-- \/ Yoast SEO plugin. -->","yoast_head_json":{"title":"La Asociaci\u00f3n Judicial Bonaerense pide la reapertura de la paritaria - Infoecos","robots":{"index":"index","follow":"follow","max-snippet":"max-snippet:-1","max-image-preview":"max-image-preview:large","max-video-preview":"max-video-preview:-1"},"canonical":"https:\/\/infoecos.com.ar\/index.php\/la-asociacion-judicial-bonaerense-pide-la-reapertura-de-la-paritaria\/","og_locale":"es_ES","og_type":"article","og_title":"La Asociaci\u00f3n Judicial Bonaerense pide la reapertura de la paritaria - Infoecos","og_description":"El Secretario General de la AJB confirm\u00f3 este mi\u00e9rcoles que el gremio pidi\u00f3 a la Ministra de Trabajo la reapertura paritaria debido al avance de la inflaci\u00f3n y el consecuente deterioro salarial","og_url":"https:\/\/infoecos.com.ar\/index.php\/la-asociacion-judicial-bonaerense-pide-la-reapertura-de-la-paritaria\/","og_site_name":"Infoecos","article_publisher":"https:\/\/www.facebook.com\/profile.php?id=100063200290284","article_published_time":"2022-04-21T02:45:11+00:00","article_modified_time":"2022-04-22T15:37:06+00:00","og_image":[{"width":600,"height":285,"url":"https:\/\/infoecos.com.ar\/wp-content\/uploads\/2022\/04\/russoajb.jpg","type":"image\/jpeg"}],"author":"Jorge Matheus","twitter_card":"summary_large_image","twitter_creator":"@infoecos","twitter_site":"@infoecos","twitter_misc":{"Escrito por":"Jorge Matheus","Tiempo de lectura":"1 minuto"},"schema":{"@context":"https:\/\/schema.org","@graph":[{"@type":"Article","@id":"https:\/\/infoecos.com.ar\/index.php\/la-asociacion-judicial-bonaerense-pide-la-reapertura-de-la-paritaria\/#article","isPartOf":{"@id":"https:\/\/infoecos.com.ar\/index.php\/la-asociacion-judicial-bonaerense-pide-la-reapertura-de-la-paritaria\/"},"author":{"name":"Jorge Matheus","@id":"https:\/\/infoecos.com.ar\/#\/schema\/person\/8f5ace5ce73b4b4aac4b7245aee6f191"},"headline":"La Asociaci\u00f3n Judicial Bonaerense pide la reapertura de la paritaria","datePublished":"2022-04-21T02:45:11+00:00","dateModified":"2022-04-22T15:37:06+00:00","mainEntityOfPage":{"@id":"https:\/\/infoecos.com.ar\/index.php\/la-asociacion-judicial-bonaerense-pide-la-reapertura-de-la-paritaria\/"},"wordCount":236,"publisher":{"@id":"https:\/\/infoecos.com.ar\/#organization"},"image":{"@id":"https:\/\/infoecos.com.ar\/index.php\/la-asociacion-judicial-bonaerense-pide-la-reapertura-de-la-paritaria\/#primaryimage"},"thumbnailUrl":"https:\/\/infoecos.com.ar\/wp-content\/uploads\/2022\/04\/russoajb.jpg","keywords":["ANTE EL AUMENTO DE LA INFLACI\u00d3N"],"articleSection":["Bloque inferior - 4"],"inLanguage":"es"},{"@type":"WebPage","@id":"https:\/\/infoecos.com.ar\/index.php\/la-asociacion-judicial-bonaerense-pide-la-reapertura-de-la-paritaria\/","url":"https:\/\/infoecos.com.ar\/index.php\/la-asociacion-judicial-bonaerense-pide-la-reapertura-de-la-paritaria\/","name":"La Asociaci\u00f3n Judicial Bonaerense pide la reapertura de la paritaria - Infoecos","isPartOf":{"@id":"https:\/\/infoecos.com.ar\/#website"},"primaryImageOfPage":{"@id":"https:\/\/infoecos.com.ar\/index.php\/la-asociacion-judicial-bonaerense-pide-la-reapertura-de-la-paritaria\/#primaryimage"},"image":{"@id":"https:\/\/infoecos.com.ar\/index.php\/la-asociacion-judicial-bonaerense-pide-la-reapertura-de-la-paritaria\/#primaryimage"},"thumbnailUrl":"https:\/\/infoecos.com.ar\/wp-content\/uploads\/2022\/04\/russoajb.jpg","datePublished":"2022-04-21T02:45:11+00:00","dateModified":"2022-04-22T15:37:06+00:00","breadcrumb":{"@id":"https:\/\/infoecos.com.ar\/index.php\/la-asociacion-judicial-bonaerense-pide-la-reapertura-de-la-paritaria\/#breadcrumb"},"inLanguage":"es","potentialAction":[{"@type":"ReadAction","target":["https:\/\/infoecos.com.ar\/index.php\/la-asociacion-judicial-bonaerense-pide-la-reapertura-de-la-paritaria\/"]}]},{"@type":"ImageObject","inLanguage":"es","@id":"https:\/\/infoecos.com.ar\/index.php\/la-asociacion-judicial-bonaerense-pide-la-reapertura-de-la-paritaria\/#primaryimage","url":"https:\/\/infoecos.com.ar\/wp-content\/uploads\/2022\/04\/russoajb.jpg","contentUrl":"https:\/\/infoecos.com.ar\/wp-content\/uploads\/2022\/04\/russoajb.jpg","width":600,"height":285},{"@type":"BreadcrumbList","@id":"https:\/\/infoecos.com.ar\/index.php\/la-asociacion-judicial-bonaerense-pide-la-reapertura-de-la-paritaria\/#breadcrumb","itemListElement":[{"@type":"ListItem","position":1,"name":"Portada","item":"https:\/\/infoecos.com.ar\/"},{"@type":"ListItem","position":2,"name":"La Asociaci\u00f3n Judicial Bonaerense pide la reapertura de la paritaria"}]},{"@type":"WebSite","@id":"https:\/\/infoecos.com.ar\/#website","url":"https:\/\/infoecos.com.ar\/","name":"Infoecos","description":"Noticias de trenque lauquen y la zona","publisher":{"@id":"https:\/\/infoecos.com.ar\/#organization"},"alternateName":"Noticias","potentialAction":[{"@type":"SearchAction","target":{"@type":"EntryPoint","urlTemplate":"https:\/\/infoecos.com.ar\/?s={search_term_string}"},"query-input":{"@type":"PropertyValueSpecification","valueRequired":true,"valueName":"search_term_string"}}],"inLanguage":"es"},{"@type":"Organization","@id":"https:\/\/infoecos.com.ar\/#organization","name":"Infoecos","alternateName":"Noticias","url":"https:\/\/infoecos.com.ar\/","logo":{"@type":"ImageObject","inLanguage":"es","@id":"https:\/\/infoecos.com.ar\/#\/schema\/logo\/image\/","url":"https:\/\/infoecos.com.ar\/wp-content\/uploads\/2024\/03\/cropped-logo.png","contentUrl":"https:\/\/infoecos.com.ar\/wp-content\/uploads\/2024\/03\/cropped-logo.png","width":374,"height":90,"caption":"Infoecos"},"image":{"@id":"https:\/\/infoecos.com.ar\/#\/schema\/logo\/image\/"},"sameAs":["https:\/\/www.facebook.com\/profile.php?id=100063200290284","https:\/\/x.com\/infoecos"]},{"@type":"Person","@id":"https:\/\/infoecos.com.ar\/#\/schema\/person\/8f5ace5ce73b4b4aac4b7245aee6f191","name":"Jorge Matheus","url":"https:\/\/infoecos.com.ar\/index.php\/author\/jomatheus\/"}]}},"featured_image_urls":{"full":["https:\/\/infoecos.com.ar\/wp-content\/uploads\/2022\/04\/russoajb.jpg",600,285,false],"thumbnail":["https:\/\/infoecos.com.ar\/wp-content\/uploads\/2022\/04\/russoajb-150x150.jpg",150,150,true],"medium":["https:\/\/infoecos.com.ar\/wp-content\/uploads\/2022\/04\/russoajb-460x219.jpg",460,219,true],"medium_large":["https:\/\/infoecos.com.ar\/wp-content\/uploads\/2022\/04\/russoajb.jpg",600,285,false],"large":["https:\/\/infoecos.com.ar\/wp-content\/uploads\/2022\/04\/russoajb.jpg",600,285,false],"1536x1536":["https:\/\/infoecos.com.ar\/wp-content\/uploads\/2022\/04\/russoajb.jpg",600,285,false],"2048x2048":["https:\/\/infoecos.com.ar\/wp-content\/uploads\/2022\/04\/russoajb.jpg",600,285,false],"covernews-slider-full":["https:\/\/infoecos.com.ar\/wp-content\/uploads\/2022\/04\/russoajb.jpg",600,285,false],"covernews-slider-center":["https:\/\/infoecos.com.ar\/wp-content\/uploads\/2022\/04\/russoajb.jpg",600,285,false],"covernews-featured":["https:\/\/infoecos.com.ar\/wp-content\/uploads\/2022\/04\/russoajb.jpg",600,285,false],"covernews-medium":["https:\/\/infoecos.com.ar\/wp-content\/uploads\/2022\/04\/russoajb.jpg",540,257,false],"covernews-medium-square":["https:\/\/infoecos.com.ar\/wp-content\/uploads\/2022\/04\/russoajb.jpg",400,190,false]},"author_info":{"info":["Jorge Matheus"]},"category_info":"<a href=\"https:\/\/infoecos.com.ar\/index.php\/category\/inferior4\/\" rel=\"category tag\">Bloque inferior - 4<\/a>","tag_info":"Bloque inferior - 4","comment_count":"0","_links":{"self":[{"href":"https:\/\/infoecos.com.ar\/index.php\/wp-json\/wp\/v2\/posts\/91374"}],"collection":[{"href":"https:\/\/infoecos.com.ar\/index.php\/wp-json\/wp\/v2\/posts"}],"about":[{"href":"https:\/\/infoecos.com.ar\/index.php\/wp-json\/wp\/v2\/types\/post"}],"author":[{"embeddable":true,"href":"https:\/\/infoecos.com.ar\/index.php\/wp-json\/wp\/v2\/users\/2"}],"replies":[{"embeddable":true,"href":"https:\/\/infoecos.com.ar\/index.php\/wp-json\/wp\/v2\/comments?post=91374"}],"version-history":[{"count":1,"href":"https:\/\/infoecos.com.ar\/index.php\/wp-json\/wp\/v2\/posts\/91374\/revisions"}],"predecessor-version":[{"id":91376,"href":"https:\/\/infoecos.com.ar\/index.php\/wp-json\/wp\/v2\/posts\/91374\/revisions\/91376"}],"wp:featuredmedia":[{"embeddable":true,"href":"https:\/\/infoecos.com.ar\/index.php\/wp-json\/wp\/v2\/media\/91375"}],"wp:attachment":[{"href":"https:\/\/infoecos.com.ar\/index.php\/wp-json\/wp\/v2\/media?parent=91374"}],"wp:term":[{"taxonomy":"category","embeddable":true,"href":"https:\/\/infoecos.com.ar\/index.php\/wp-json\/wp\/v2\/categories?post=91374"},{"taxonomy":"post_tag","embeddable":true,"href":"https:\/\/infoecos.com.ar\/index.php\/wp-json\/wp\/v2\/tags?post=91374"}],"curies":[{"name":"wp","href":"https:\/\/api.w.org\/{rel}","templated":true}]}}