{"id":91395,"date":"2022-04-21T10:36:52","date_gmt":"2022-04-21T13:36:52","guid":{"rendered":"http:\/\/infoecos.com.ar\/?p=91395"},"modified":"2022-04-24T02:00:28","modified_gmt":"2022-04-24T05:00:28","slug":"miguel-fernandez-con-alguna-contradiccion-manifesto-su-rechazo-al-control-de-precios-por-parte-de-municipios","status":"publish","type":"post","link":"https:\/\/infoecos.com.ar\/index.php\/miguel-fernandez-con-alguna-contradiccion-manifesto-su-rechazo-al-control-de-precios-por-parte-de-municipios\/","title":{"rendered":"Miguel Fern\u00e1ndez, con alguna contradicci\u00f3n, manifest\u00f3 su rechazo al control de precios por parte de municipios"},"content":{"rendered":"\n<p>El intendente municipal de Trenque Lauquen, Miguel Fern\u00e1ndez, se refiri\u00f3 en declaraciones que formul\u00f3 a <strong>infocielo.com<\/strong>, sitio de la ciudad de La Plata, a la idea del oficialismo gobernante de que los municipios realicen el control de precios. Si bien se manifest\u00f3 con algunas contradicciones, al hablar en nombre de los mandatarios comunales del radicalismo indic\u00f3 que \u00abesta pol\u00edtica est\u00e1 visto que no funciona y no es nuestra competencia. Creemos que tomar un remedio que no hace bien ni va a curarnos, no hace bien. Adem\u00e1s es algo que fracas\u00f3 porque el Gobierno hace tiempo que lo hace y no sirve\u00bb, asent\u00f3.<\/p>\n\n\n\n<div class=\"wp-block-image\"><figure class=\"aligncenter size-large\"><img loading=\"lazy\" decoding=\"async\" width=\"920\" height=\"615\" src=\"http:\/\/infoecos.com.ar\/wp-content\/uploads\/2021\/11\/fernandezmiguel1-920x615.jpg\" alt=\"\" class=\"wp-image-89393\" srcset=\"https:\/\/infoecos.com.ar\/wp-content\/uploads\/2021\/11\/fernandezmiguel1-920x615.jpg 920w, https:\/\/infoecos.com.ar\/wp-content\/uploads\/2021\/11\/fernandezmiguel1-460x307.jpg 460w, https:\/\/infoecos.com.ar\/wp-content\/uploads\/2021\/11\/fernandezmiguel1-768x513.jpg 768w, https:\/\/infoecos.com.ar\/wp-content\/uploads\/2021\/11\/fernandezmiguel1-1024x684.jpg 1024w, https:\/\/infoecos.com.ar\/wp-content\/uploads\/2021\/11\/fernandezmiguel1-675x450.jpg 675w, https:\/\/infoecos.com.ar\/wp-content\/uploads\/2021\/11\/fernandezmiguel1.jpg 1280w\" sizes=\"(max-width: 920px) 100vw, 920px\" \/><\/figure><\/div>\n\n\n\n<p>\u00abTenemos problemas locales como para agregar una competencia m\u00e1s que nos complique la efectividad para gobernar. Nuestra tareas es tener las finanzas equilibradas para dar salarios municipales que acompa\u00f1en la inflaci\u00f3n\u00bb, expus\u00f3..<\/p>\n\n\n\n<p>En lo que puede interpretarse como una contradicci\u00f3n y por lo tanto merecer resistencias por parte de sus pares, Fern\u00e1ndez reconoci\u00f3 \u00ab<strong>no creemos en esta pol\u00edtica (de control de precios), pero si nos piden un esfuerzo lo hacemos<\/strong>\u00ab. El intendente de Trenque Lauquen expres\u00f3 que \u00abmantienen una buena relaci\u00f3n con Kicillof\u00bb.<\/p>\n\n\n\n<p>Ya asomando como uno de los temas m\u00e1s importantes de la oposici\u00f3n con vistas al 2023, se refiri\u00f3 a la autonom\u00eda municipal, tema \u00e9ste que vuelve a intentar ponerse como entre los prioritarios a la hora de discutir cuestiones que est\u00e1n vinculadas con el presente y futuro de la provincia. Manifest\u00f3:&nbsp;\u00abse nos escatima y retacea la autonom\u00eda municipal, aunque, cuando conviene, se propone debatir para instalar competencias que no son nuestras\u00bb.<\/p>\n\n\n\n<p>Repiti\u00f3 su esp\u00edritu de colaboraci\u00f3n con el gobierno y ratific\u00f3 su rechazo al control de precios al indicar que \u00abqueremos colaborar para que desaparezca la inflaci\u00f3n, pero esto no sirve. No les cascoteamos el rancho y, a pesar de que ni ellos (desde el oficialismo) se ponen de acuerdo, nosotros nos quedamos callados\u00bb, esgrimi\u00f3.<\/p>\n\n\n\n<p><\/p>\n","protected":false},"excerpt":{"rendered":"<p>En lo que puede interpretarse como una contradicci\u00f3n y por lo tanto merecer resistencias por parte de sus pares, Fern\u00e1ndez reconoci\u00f3 \u00abno creemos en esta pol\u00edtica (de control de precios), pero si nos piden un esfuerzo lo hacemos\u00bb. El intendente de Trenque Lauquen expres\u00f3 que \u00abmantienen una buena relaci\u00f3n con Kicillof\u00bb<\/p>\n","protected":false},"author":2,"featured_media":87443,"comment_status":"closed","ping_status":"open","sticky":false,"template":"","format":"standard","meta":{"footnotes":""},"categories":[43],"tags":[1767],"class_list":["post-91395","post","type-post","status-publish","format-standard","has-post-thumbnail","hentry","category-inferior4","tag-politica-y-economia-3"],"yoast_head":"<!-- This site is optimized with the Yoast SEO plugin v23.4 - https:\/\/yoast.com\/wordpress\/plugins\/seo\/ -->\n<title>Miguel Fern\u00e1ndez, con alguna contradicci\u00f3n, manifest\u00f3 su rechazo al control de precios por parte de municipios - Infoecos<\/title>\n<meta name=\"robots\" content=\"index, follow, max-snippet:-1, max-image-preview:large, max-video-preview:-1\" \/>\n<link rel=\"canonical\" href=\"https:\/\/infoecos.com.ar\/index.php\/miguel-fernandez-con-alguna-contradiccion-manifesto-su-rechazo-al-control-de-precios-por-parte-de-municipios\/\" \/>\n<meta property=\"og:locale\" content=\"es_ES\" \/>\n<meta property=\"og:type\" content=\"article\" \/>\n<meta property=\"og:title\" content=\"Miguel Fern\u00e1ndez, con alguna contradicci\u00f3n, manifest\u00f3 su rechazo al control de precios por parte de municipios - Infoecos\" \/>\n<meta property=\"og:description\" content=\"En lo que puede interpretarse como una contradicci\u00f3n y por lo tanto merecer resistencias por parte de sus pares, Fern\u00e1ndez reconoci\u00f3 &quot;no creemos en esta pol\u00edtica (de control de precios), pero si nos piden un esfuerzo lo hacemos&quot;. El intendente de Trenque Lauquen expres\u00f3 que &quot;mantienen una buena relaci\u00f3n con Kicillof&quot;\" \/>\n<meta property=\"og:url\" content=\"https:\/\/infoecos.com.ar\/index.php\/miguel-fernandez-con-alguna-contradiccion-manifesto-su-rechazo-al-control-de-precios-por-parte-de-municipios\/\" \/>\n<meta property=\"og:site_name\" content=\"Infoecos\" \/>\n<meta property=\"article:publisher\" content=\"https:\/\/www.facebook.com\/profile.php?id=100063200290284\" \/>\n<meta property=\"article:published_time\" content=\"2022-04-21T13:36:52+00:00\" \/>\n<meta property=\"article:modified_time\" content=\"2022-04-24T05:00:28+00:00\" \/>\n<meta property=\"og:image\" content=\"https:\/\/infoecos.com.ar\/wp-content\/uploads\/2021\/10\/Centro-Civico-JCFont-Miguel-Fernandez-920x613.jpg\" \/>\n\t<meta property=\"og:image:width\" content=\"920\" \/>\n\t<meta property=\"og:image:height\" content=\"613\" \/>\n\t<meta property=\"og:image:type\" content=\"image\/jpeg\" \/>\n<meta name=\"author\" content=\"Jorge Matheus\" \/>\n<meta name=\"twitter:card\" content=\"summary_large_image\" \/>\n<meta name=\"twitter:creator\" content=\"@infoecos\" \/>\n<meta name=\"twitter:site\" content=\"@infoecos\" \/>\n<meta name=\"twitter:label1\" content=\"Escrito por\" \/>\n\t<meta name=\"twitter:data1\" content=\"Jorge Matheus\" \/>\n\t<meta name=\"twitter:label2\" content=\"Tiempo de lectura\" \/>\n\t<meta name=\"twitter:data2\" content=\"2 minutos\" \/>\n<script type=\"application\/ld+json\" class=\"yoast-schema-graph\">{\"@context\":\"https:\/\/schema.org\",\"@graph\":[{\"@type\":\"Article\",\"@id\":\"https:\/\/infoecos.com.ar\/index.php\/miguel-fernandez-con-alguna-contradiccion-manifesto-su-rechazo-al-control-de-precios-por-parte-de-municipios\/#article\",\"isPartOf\":{\"@id\":\"https:\/\/infoecos.com.ar\/index.php\/miguel-fernandez-con-alguna-contradiccion-manifesto-su-rechazo-al-control-de-precios-por-parte-de-municipios\/\"},\"author\":{\"name\":\"Jorge Matheus\",\"@id\":\"https:\/\/infoecos.com.ar\/#\/schema\/person\/8f5ace5ce73b4b4aac4b7245aee6f191\"},\"headline\":\"Miguel Fern\u00e1ndez, con alguna contradicci\u00f3n, manifest\u00f3 su rechazo al control de precios por parte de municipios\",\"datePublished\":\"2022-04-21T13:36:52+00:00\",\"dateModified\":\"2022-04-24T05:00:28+00:00\",\"mainEntityOfPage\":{\"@id\":\"https:\/\/infoecos.com.ar\/index.php\/miguel-fernandez-con-alguna-contradiccion-manifesto-su-rechazo-al-control-de-precios-por-parte-de-municipios\/\"},\"wordCount\":348,\"publisher\":{\"@id\":\"https:\/\/infoecos.com.ar\/#organization\"},\"image\":{\"@id\":\"https:\/\/infoecos.com.ar\/index.php\/miguel-fernandez-con-alguna-contradiccion-manifesto-su-rechazo-al-control-de-precios-por-parte-de-municipios\/#primaryimage\"},\"thumbnailUrl\":\"https:\/\/infoecos.com.ar\/wp-content\/uploads\/2021\/10\/Centro-Civico-JCFont-Miguel-Fernandez.jpg\",\"keywords\":[\"POL\u00cdTICA Y ECONOM\u00cdA\"],\"articleSection\":[\"Bloque inferior - 4\"],\"inLanguage\":\"es\"},{\"@type\":\"WebPage\",\"@id\":\"https:\/\/infoecos.com.ar\/index.php\/miguel-fernandez-con-alguna-contradiccion-manifesto-su-rechazo-al-control-de-precios-por-parte-de-municipios\/\",\"url\":\"https:\/\/infoecos.com.ar\/index.php\/miguel-fernandez-con-alguna-contradiccion-manifesto-su-rechazo-al-control-de-precios-por-parte-de-municipios\/\",\"name\":\"Miguel Fern\u00e1ndez, con alguna contradicci\u00f3n, manifest\u00f3 su rechazo al control de precios por parte de municipios - Infoecos\",\"isPartOf\":{\"@id\":\"https:\/\/infoecos.com.ar\/#website\"},\"primaryImageOfPage\":{\"@id\":\"https:\/\/infoecos.com.ar\/index.php\/miguel-fernandez-con-alguna-contradiccion-manifesto-su-rechazo-al-control-de-precios-por-parte-de-municipios\/#primaryimage\"},\"image\":{\"@id\":\"https:\/\/infoecos.com.ar\/index.php\/miguel-fernandez-con-alguna-contradiccion-manifesto-su-rechazo-al-control-de-precios-por-parte-de-municipios\/#primaryimage\"},\"thumbnailUrl\":\"https:\/\/infoecos.com.ar\/wp-content\/uploads\/2021\/10\/Centro-Civico-JCFont-Miguel-Fernandez.jpg\",\"datePublished\":\"2022-04-21T13:36:52+00:00\",\"dateModified\":\"2022-04-24T05:00:28+00:00\",\"breadcrumb\":{\"@id\":\"https:\/\/infoecos.com.ar\/index.php\/miguel-fernandez-con-alguna-contradiccion-manifesto-su-rechazo-al-control-de-precios-por-parte-de-municipios\/#breadcrumb\"},\"inLanguage\":\"es\",\"potentialAction\":[{\"@type\":\"ReadAction\",\"target\":[\"https:\/\/infoecos.com.ar\/index.php\/miguel-fernandez-con-alguna-contradiccion-manifesto-su-rechazo-al-control-de-precios-por-parte-de-municipios\/\"]}]},{\"@type\":\"ImageObject\",\"inLanguage\":\"es\",\"@id\":\"https:\/\/infoecos.com.ar\/index.php\/miguel-fernandez-con-alguna-contradiccion-manifesto-su-rechazo-al-control-de-precios-por-parte-de-municipios\/#primaryimage\",\"url\":\"https:\/\/infoecos.com.ar\/wp-content\/uploads\/2021\/10\/Centro-Civico-JCFont-Miguel-Fernandez.jpg\",\"contentUrl\":\"https:\/\/infoecos.com.ar\/wp-content\/uploads\/2021\/10\/Centro-Civico-JCFont-Miguel-Fernandez.jpg\",\"width\":2400,\"height\":1600},{\"@type\":\"BreadcrumbList\",\"@id\":\"https:\/\/infoecos.com.ar\/index.php\/miguel-fernandez-con-alguna-contradiccion-manifesto-su-rechazo-al-control-de-precios-por-parte-de-municipios\/#breadcrumb\",\"itemListElement\":[{\"@type\":\"ListItem\",\"position\":1,\"name\":\"Portada\",\"item\":\"https:\/\/infoecos.com.ar\/\"},{\"@type\":\"ListItem\",\"position\":2,\"name\":\"Miguel Fern\u00e1ndez, con alguna contradicci\u00f3n, manifest\u00f3 su rechazo al control de precios por parte de municipios\"}]},{\"@type\":\"WebSite\",\"@id\":\"https:\/\/infoecos.com.ar\/#website\",\"url\":\"https:\/\/infoecos.com.ar\/\",\"name\":\"Infoecos\",\"description\":\"Noticias de trenque lauquen y la zona\",\"publisher\":{\"@id\":\"https:\/\/infoecos.com.ar\/#organization\"},\"alternateName\":\"Noticias\",\"potentialAction\":[{\"@type\":\"SearchAction\",\"target\":{\"@type\":\"EntryPoint\",\"urlTemplate\":\"https:\/\/infoecos.com.ar\/?s={search_term_string}\"},\"query-input\":{\"@type\":\"PropertyValueSpecification\",\"valueRequired\":true,\"valueName\":\"search_term_string\"}}],\"inLanguage\":\"es\"},{\"@type\":\"Organization\",\"@id\":\"https:\/\/infoecos.com.ar\/#organization\",\"name\":\"Infoecos\",\"alternateName\":\"Noticias\",\"url\":\"https:\/\/infoecos.com.ar\/\",\"logo\":{\"@type\":\"ImageObject\",\"inLanguage\":\"es\",\"@id\":\"https:\/\/infoecos.com.ar\/#\/schema\/logo\/image\/\",\"url\":\"https:\/\/infoecos.com.ar\/wp-content\/uploads\/2024\/03\/cropped-logo.png\",\"contentUrl\":\"https:\/\/infoecos.com.ar\/wp-content\/uploads\/2024\/03\/cropped-logo.png\",\"width\":374,\"height\":90,\"caption\":\"Infoecos\"},\"image\":{\"@id\":\"https:\/\/infoecos.com.ar\/#\/schema\/logo\/image\/\"},\"sameAs\":[\"https:\/\/www.facebook.com\/profile.php?id=100063200290284\",\"https:\/\/x.com\/infoecos\"]},{\"@type\":\"Person\",\"@id\":\"https:\/\/infoecos.com.ar\/#\/schema\/person\/8f5ace5ce73b4b4aac4b7245aee6f191\",\"name\":\"Jorge Matheus\",\"url\":\"https:\/\/infoecos.com.ar\/index.php\/author\/jomatheus\/\"}]}<\/script>\n<!-- \/ Yoast SEO plugin. -->","yoast_head_json":{"title":"Miguel Fern\u00e1ndez, con alguna contradicci\u00f3n, manifest\u00f3 su rechazo al control de precios por parte de municipios - Infoecos","robots":{"index":"index","follow":"follow","max-snippet":"max-snippet:-1","max-image-preview":"max-image-preview:large","max-video-preview":"max-video-preview:-1"},"canonical":"https:\/\/infoecos.com.ar\/index.php\/miguel-fernandez-con-alguna-contradiccion-manifesto-su-rechazo-al-control-de-precios-por-parte-de-municipios\/","og_locale":"es_ES","og_type":"article","og_title":"Miguel Fern\u00e1ndez, con alguna contradicci\u00f3n, manifest\u00f3 su rechazo al control de precios por parte de municipios - Infoecos","og_description":"En lo que puede interpretarse como una contradicci\u00f3n y por lo tanto merecer resistencias por parte de sus pares, Fern\u00e1ndez reconoci\u00f3 \"no creemos en esta pol\u00edtica (de control de precios), pero si nos piden un esfuerzo lo hacemos\". El intendente de Trenque Lauquen expres\u00f3 que \"mantienen una buena relaci\u00f3n con Kicillof\"","og_url":"https:\/\/infoecos.com.ar\/index.php\/miguel-fernandez-con-alguna-contradiccion-manifesto-su-rechazo-al-control-de-precios-por-parte-de-municipios\/","og_site_name":"Infoecos","article_publisher":"https:\/\/www.facebook.com\/profile.php?id=100063200290284","article_published_time":"2022-04-21T13:36:52+00:00","article_modified_time":"2022-04-24T05:00:28+00:00","og_image":[{"width":920,"height":613,"url":"https:\/\/infoecos.com.ar\/wp-content\/uploads\/2021\/10\/Centro-Civico-JCFont-Miguel-Fernandez-920x613.jpg","type":"image\/jpeg"}],"author":"Jorge Matheus","twitter_card":"summary_large_image","twitter_creator":"@infoecos","twitter_site":"@infoecos","twitter_misc":{"Escrito por":"Jorge Matheus","Tiempo de lectura":"2 minutos"},"schema":{"@context":"https:\/\/schema.org","@graph":[{"@type":"Article","@id":"https:\/\/infoecos.com.ar\/index.php\/miguel-fernandez-con-alguna-contradiccion-manifesto-su-rechazo-al-control-de-precios-por-parte-de-municipios\/#article","isPartOf":{"@id":"https:\/\/infoecos.com.ar\/index.php\/miguel-fernandez-con-alguna-contradiccion-manifesto-su-rechazo-al-control-de-precios-por-parte-de-municipios\/"},"author":{"name":"Jorge Matheus","@id":"https:\/\/infoecos.com.ar\/#\/schema\/person\/8f5ace5ce73b4b4aac4b7245aee6f191"},"headline":"Miguel Fern\u00e1ndez, con alguna contradicci\u00f3n, manifest\u00f3 su rechazo al control de precios por parte de municipios","datePublished":"2022-04-21T13:36:52+00:00","dateModified":"2022-04-24T05:00:28+00:00","mainEntityOfPage":{"@id":"https:\/\/infoecos.com.ar\/index.php\/miguel-fernandez-con-alguna-contradiccion-manifesto-su-rechazo-al-control-de-precios-por-parte-de-municipios\/"},"wordCount":348,"publisher":{"@id":"https:\/\/infoecos.com.ar\/#organization"},"image":{"@id":"https:\/\/infoecos.com.ar\/index.php\/miguel-fernandez-con-alguna-contradiccion-manifesto-su-rechazo-al-control-de-precios-por-parte-de-municipios\/#primaryimage"},"thumbnailUrl":"https:\/\/infoecos.com.ar\/wp-content\/uploads\/2021\/10\/Centro-Civico-JCFont-Miguel-Fernandez.jpg","keywords":["POL\u00cdTICA Y ECONOM\u00cdA"],"articleSection":["Bloque inferior - 4"],"inLanguage":"es"},{"@type":"WebPage","@id":"https:\/\/infoecos.com.ar\/index.php\/miguel-fernandez-con-alguna-contradiccion-manifesto-su-rechazo-al-control-de-precios-por-parte-de-municipios\/","url":"https:\/\/infoecos.com.ar\/index.php\/miguel-fernandez-con-alguna-contradiccion-manifesto-su-rechazo-al-control-de-precios-por-parte-de-municipios\/","name":"Miguel Fern\u00e1ndez, con alguna contradicci\u00f3n, manifest\u00f3 su rechazo al control de precios por parte de municipios - Infoecos","isPartOf":{"@id":"https:\/\/infoecos.com.ar\/#website"},"primaryImageOfPage":{"@id":"https:\/\/infoecos.com.ar\/index.php\/miguel-fernandez-con-alguna-contradiccion-manifesto-su-rechazo-al-control-de-precios-por-parte-de-municipios\/#primaryimage"},"image":{"@id":"https:\/\/infoecos.com.ar\/index.php\/miguel-fernandez-con-alguna-contradiccion-manifesto-su-rechazo-al-control-de-precios-por-parte-de-municipios\/#primaryimage"},"thumbnailUrl":"https:\/\/infoecos.com.ar\/wp-content\/uploads\/2021\/10\/Centro-Civico-JCFont-Miguel-Fernandez.jpg","datePublished":"2022-04-21T13:36:52+00:00","dateModified":"2022-04-24T05:00:28+00:00","breadcrumb":{"@id":"https:\/\/infoecos.com.ar\/index.php\/miguel-fernandez-con-alguna-contradiccion-manifesto-su-rechazo-al-control-de-precios-por-parte-de-municipios\/#breadcrumb"},"inLanguage":"es","potentialAction":[{"@type":"ReadAction","target":["https:\/\/infoecos.com.ar\/index.php\/miguel-fernandez-con-alguna-contradiccion-manifesto-su-rechazo-al-control-de-precios-por-parte-de-municipios\/"]}]},{"@type":"ImageObject","inLanguage":"es","@id":"https:\/\/infoecos.com.ar\/index.php\/miguel-fernandez-con-alguna-contradiccion-manifesto-su-rechazo-al-control-de-precios-por-parte-de-municipios\/#primaryimage","url":"https:\/\/infoecos.com.ar\/wp-content\/uploads\/2021\/10\/Centro-Civico-JCFont-Miguel-Fernandez.jpg","contentUrl":"https:\/\/infoecos.com.ar\/wp-content\/uploads\/2021\/10\/Centro-Civico-JCFont-Miguel-Fernandez.jpg","width":2400,"height":1600},{"@type":"BreadcrumbList","@id":"https:\/\/infoecos.com.ar\/index.php\/miguel-fernandez-con-alguna-contradiccion-manifesto-su-rechazo-al-control-de-precios-por-parte-de-municipios\/#breadcrumb","itemListElement":[{"@type":"ListItem","position":1,"name":"Portada","item":"https:\/\/infoecos.com.ar\/"},{"@type":"ListItem","position":2,"name":"Miguel Fern\u00e1ndez, con alguna contradicci\u00f3n, manifest\u00f3 su rechazo al control de precios por parte de municipios"}]},{"@type":"WebSite","@id":"https:\/\/infoecos.com.ar\/#website","url":"https:\/\/infoecos.com.ar\/","name":"Infoecos","description":"Noticias de trenque lauquen y la zona","publisher":{"@id":"https:\/\/infoecos.com.ar\/#organization"},"alternateName":"Noticias","potentialAction":[{"@type":"SearchAction","target":{"@type":"EntryPoint","urlTemplate":"https:\/\/infoecos.com.ar\/?s={search_term_string}"},"query-input":{"@type":"PropertyValueSpecification","valueRequired":true,"valueName":"search_term_string"}}],"inLanguage":"es"},{"@type":"Organization","@id":"https:\/\/infoecos.com.ar\/#organization","name":"Infoecos","alternateName":"Noticias","url":"https:\/\/infoecos.com.ar\/","logo":{"@type":"ImageObject","inLanguage":"es","@id":"https:\/\/infoecos.com.ar\/#\/schema\/logo\/image\/","url":"https:\/\/infoecos.com.ar\/wp-content\/uploads\/2024\/03\/cropped-logo.png","contentUrl":"https:\/\/infoecos.com.ar\/wp-content\/uploads\/2024\/03\/cropped-logo.png","width":374,"height":90,"caption":"Infoecos"},"image":{"@id":"https:\/\/infoecos.com.ar\/#\/schema\/logo\/image\/"},"sameAs":["https:\/\/www.facebook.com\/profile.php?id=100063200290284","https:\/\/x.com\/infoecos"]},{"@type":"Person","@id":"https:\/\/infoecos.com.ar\/#\/schema\/person\/8f5ace5ce73b4b4aac4b7245aee6f191","name":"Jorge Matheus","url":"https:\/\/infoecos.com.ar\/index.php\/author\/jomatheus\/"}]}},"featured_image_urls":{"full":["https:\/\/infoecos.com.ar\/wp-content\/uploads\/2021\/10\/Centro-Civico-JCFont-Miguel-Fernandez.jpg",2400,1600,false],"thumbnail":["https:\/\/infoecos.com.ar\/wp-content\/uploads\/2021\/10\/Centro-Civico-JCFont-Miguel-Fernandez-150x150.jpg",150,150,true],"medium":["https:\/\/infoecos.com.ar\/wp-content\/uploads\/2021\/10\/Centro-Civico-JCFont-Miguel-Fernandez-460x307.jpg",460,307,true],"medium_large":["https:\/\/infoecos.com.ar\/wp-content\/uploads\/2021\/10\/Centro-Civico-JCFont-Miguel-Fernandez-768x512.jpg",640,427,true],"large":["https:\/\/infoecos.com.ar\/wp-content\/uploads\/2021\/10\/Centro-Civico-JCFont-Miguel-Fernandez-920x613.jpg",640,426,true],"1536x1536":["https:\/\/infoecos.com.ar\/wp-content\/uploads\/2021\/10\/Centro-Civico-JCFont-Miguel-Fernandez-1536x1024.jpg",1536,1024,true],"2048x2048":["https:\/\/infoecos.com.ar\/wp-content\/uploads\/2021\/10\/Centro-Civico-JCFont-Miguel-Fernandez-2048x1365.jpg",2048,1365,true],"covernews-slider-full":["https:\/\/infoecos.com.ar\/wp-content\/uploads\/2021\/10\/Centro-Civico-JCFont-Miguel-Fernandez-1536x1020.jpg",1077,715,true],"covernews-slider-center":["https:\/\/infoecos.com.ar\/wp-content\/uploads\/2021\/10\/Centro-Civico-JCFont-Miguel-Fernandez-936x897.jpg",522,500,true],"covernews-featured":["https:\/\/infoecos.com.ar\/wp-content\/uploads\/2021\/10\/Centro-Civico-JCFont-Miguel-Fernandez-1024x683.jpg",1024,683,true],"covernews-medium":["https:\/\/infoecos.com.ar\/wp-content\/uploads\/2021\/10\/Centro-Civico-JCFont-Miguel-Fernandez-720x380.jpg",540,285,true],"covernews-medium-square":["https:\/\/infoecos.com.ar\/wp-content\/uploads\/2021\/10\/Centro-Civico-JCFont-Miguel-Fernandez-675x450.jpg",375,250,true]},"author_info":{"info":["Jorge Matheus"]},"category_info":"<a href=\"https:\/\/infoecos.com.ar\/index.php\/category\/inferior4\/\" rel=\"category tag\">Bloque inferior - 4<\/a>","tag_info":"Bloque inferior - 4","comment_count":"0","_links":{"self":[{"href":"https:\/\/infoecos.com.ar\/index.php\/wp-json\/wp\/v2\/posts\/91395"}],"collection":[{"href":"https:\/\/infoecos.com.ar\/index.php\/wp-json\/wp\/v2\/posts"}],"about":[{"href":"https:\/\/infoecos.com.ar\/index.php\/wp-json\/wp\/v2\/types\/post"}],"author":[{"embeddable":true,"href":"https:\/\/infoecos.com.ar\/index.php\/wp-json\/wp\/v2\/users\/2"}],"replies":[{"embeddable":true,"href":"https:\/\/infoecos.com.ar\/index.php\/wp-json\/wp\/v2\/comments?post=91395"}],"version-history":[{"count":2,"href":"https:\/\/infoecos.com.ar\/index.php\/wp-json\/wp\/v2\/posts\/91395\/revisions"}],"predecessor-version":[{"id":91451,"href":"https:\/\/infoecos.com.ar\/index.php\/wp-json\/wp\/v2\/posts\/91395\/revisions\/91451"}],"wp:featuredmedia":[{"embeddable":true,"href":"https:\/\/infoecos.com.ar\/index.php\/wp-json\/wp\/v2\/media\/87443"}],"wp:attachment":[{"href":"https:\/\/infoecos.com.ar\/index.php\/wp-json\/wp\/v2\/media?parent=91395"}],"wp:term":[{"taxonomy":"category","embeddable":true,"href":"https:\/\/infoecos.com.ar\/index.php\/wp-json\/wp\/v2\/categories?post=91395"},{"taxonomy":"post_tag","embeddable":true,"href":"https:\/\/infoecos.com.ar\/index.php\/wp-json\/wp\/v2\/tags?post=91395"}],"curies":[{"name":"wp","href":"https:\/\/api.w.org\/{rel}","templated":true}]}}