{"id":91480,"date":"2022-04-23T02:11:14","date_gmt":"2022-04-23T05:11:14","guid":{"rendered":"http:\/\/infoecos.com.ar\/?p=91480"},"modified":"2022-04-26T01:48:54","modified_gmt":"2022-04-26T04:48:54","slug":"kicillof-en-mar-del-plata-nosotros-venimos-a-transformar-de-raiz-el-sistema-de-salud","status":"publish","type":"post","link":"https:\/\/infoecos.com.ar\/index.php\/kicillof-en-mar-del-plata-nosotros-venimos-a-transformar-de-raiz-el-sistema-de-salud\/","title":{"rendered":"Kicillof en Mar del Plata: \u00abnosotros venimos a transformar de ra\u00edz el sistema de salud\u00bb"},"content":{"rendered":"\n<p>El gobernador Axel Kicillof estuvo en el cierre del Congreso Provincial de Salud que se realiz\u00f3 en Mar del Plata,  acompa\u00f1ado por el ministro de Salud Nicol\u00e1s Kreplak y el diputado nacional Daniel Goll\u00e1n.<\/p>\n\n\n\n<p>En un discurso de unos 45 minutos, el mandatario bonaerense destac\u00f3 la labor de los trabajadores bonaerenses del \u00e1rea de salud durante la pandemia y como \u00abclaves\u00bb para un nuevo sistema sanitario.<\/p>\n\n\n\n<p><\/p>\n\n\n\n<figure class=\"wp-block-embed is-type-rich is-provider-twitter wp-block-embed-twitter\"><div class=\"wp-block-embed__wrapper\">\n<blockquote class=\"twitter-tweet\" data-width=\"550\" data-dnt=\"true\"><p lang=\"es\" dir=\"ltr\">Cuando nos toc\u00f3 enfrentar la pandemia triplicamos la capacidad de atenci\u00f3n. Dimos una respuesta como Gobierno, pero no hubiese sido posible sin la solidaridad del pueblo bonaerense. <a href=\"https:\/\/t.co\/YwCHw2K0ef\">pic.twitter.com\/YwCHw2K0ef<\/a><\/p>&mdash; Axel Kicillof (@Kicillofok) <a href=\"https:\/\/twitter.com\/Kicillofok\/status\/1517668052858548226?ref_src=twsrc%5Etfw\">April 23, 2022<\/a><\/blockquote><script async src=\"https:\/\/platform.twitter.com\/widgets.js\" charset=\"utf-8\"><\/script>\n<\/div><\/figure>\n\n\n\n<p>\u00abNosotros venimos a transformar de ra\u00edz el sistema de salud. No s\u00e9 si lo podremos hacer pero a partir de estas jornadas en el Congreso ya tenemos un diagn\u00f3stico, una hoja de ruta y sabemos qu\u00e9 intereses hay que enfrentar. Yo no conozco ninguna transformaci\u00f3n profunda que se haya hecho de arriba hacia abajo y por eso le pido a ustedes que se pongan al hombro este cambio\u00bb, sostuvo Kicillof.<\/p>\n\n\n\n<p>\u00abEl neoliberalismo privatiza bajo la forma de vender pero a veces tambi\u00e9n privatiza de manera m\u00e1s sutil pero da\u00f1ina, que es a trav\u00e9s del desfinanciamiento de lo p\u00fablico\u00bb, dispar\u00f3<\/p>\n\n\n\n<p>\u00abEl sistema de salud estaba hecho a\u00f1icos cuando llegamos y por eso, desde el primer d\u00eda, una de las prioridades de nuestro Gobierno fue poner al sistema de salud de pie\u00bb, concluy\u00f3.<\/p>\n","protected":false},"excerpt":{"rendered":"<p>El gobernador Axel Kicillof estuvo en el cierre del Congreso Provincial de Salud que se realiz\u00f3 en Mar del Plata,  acompa\u00f1ado por el ministro de Salud Nicol\u00e1s Kreplak y el diputado nacional Daniel Goll\u00e1n<\/p>\n","protected":false},"author":2,"featured_media":91481,"comment_status":"closed","ping_status":"open","sticky":false,"template":"","format":"standard","meta":{"footnotes":""},"categories":[40],"tags":[5886],"class_list":["post-91480","post","type-post","status-publish","format-standard","has-post-thumbnail","hentry","category-inferior1","tag-congreso-provincial"],"yoast_head":"<!-- This site is optimized with the Yoast SEO plugin v23.4 - https:\/\/yoast.com\/wordpress\/plugins\/seo\/ -->\n<title>Kicillof en Mar del Plata: &quot;nosotros venimos a transformar de ra\u00edz el sistema de salud&quot; - Infoecos<\/title>\n<meta name=\"robots\" content=\"index, follow, max-snippet:-1, max-image-preview:large, max-video-preview:-1\" \/>\n<link rel=\"canonical\" href=\"https:\/\/infoecos.com.ar\/index.php\/kicillof-en-mar-del-plata-nosotros-venimos-a-transformar-de-raiz-el-sistema-de-salud\/\" \/>\n<meta property=\"og:locale\" content=\"es_ES\" \/>\n<meta property=\"og:type\" content=\"article\" \/>\n<meta property=\"og:title\" content=\"Kicillof en Mar del Plata: &quot;nosotros venimos a transformar de ra\u00edz el sistema de salud&quot; - Infoecos\" \/>\n<meta property=\"og:description\" content=\"El gobernador Axel Kicillof estuvo en el cierre del Congreso Provincial de Salud que se realiz\u00f3 en Mar del Plata, acompa\u00f1ado por el ministro de Salud Nicol\u00e1s Kreplak y el diputado nacional Daniel Goll\u00e1n\" \/>\n<meta property=\"og:url\" content=\"https:\/\/infoecos.com.ar\/index.php\/kicillof-en-mar-del-plata-nosotros-venimos-a-transformar-de-raiz-el-sistema-de-salud\/\" \/>\n<meta property=\"og:site_name\" content=\"Infoecos\" \/>\n<meta property=\"article:publisher\" content=\"https:\/\/www.facebook.com\/profile.php?id=100063200290284\" \/>\n<meta property=\"article:published_time\" content=\"2022-04-23T05:11:14+00:00\" \/>\n<meta property=\"article:modified_time\" content=\"2022-04-26T04:48:54+00:00\" \/>\n<meta property=\"og:image\" content=\"https:\/\/infoecos.com.ar\/wp-content\/uploads\/2022\/04\/kicillofkreplakgollan.jpg\" \/>\n\t<meta property=\"og:image:width\" content=\"900\" \/>\n\t<meta property=\"og:image:height\" content=\"506\" \/>\n\t<meta property=\"og:image:type\" content=\"image\/jpeg\" \/>\n<meta name=\"author\" content=\"Jorge Matheus\" \/>\n<meta name=\"twitter:card\" content=\"summary_large_image\" \/>\n<meta name=\"twitter:creator\" content=\"@infoecos\" \/>\n<meta name=\"twitter:site\" content=\"@infoecos\" \/>\n<meta name=\"twitter:label1\" content=\"Escrito por\" \/>\n\t<meta name=\"twitter:data1\" content=\"Jorge Matheus\" \/>\n\t<meta name=\"twitter:label2\" content=\"Tiempo de lectura\" \/>\n\t<meta name=\"twitter:data2\" content=\"1 minuto\" \/>\n<script type=\"application\/ld+json\" class=\"yoast-schema-graph\">{\"@context\":\"https:\/\/schema.org\",\"@graph\":[{\"@type\":\"Article\",\"@id\":\"https:\/\/infoecos.com.ar\/index.php\/kicillof-en-mar-del-plata-nosotros-venimos-a-transformar-de-raiz-el-sistema-de-salud\/#article\",\"isPartOf\":{\"@id\":\"https:\/\/infoecos.com.ar\/index.php\/kicillof-en-mar-del-plata-nosotros-venimos-a-transformar-de-raiz-el-sistema-de-salud\/\"},\"author\":{\"name\":\"Jorge Matheus\",\"@id\":\"https:\/\/infoecos.com.ar\/#\/schema\/person\/8f5ace5ce73b4b4aac4b7245aee6f191\"},\"headline\":\"Kicillof en Mar del Plata: \u00abnosotros venimos a transformar de ra\u00edz el sistema de salud\u00bb\",\"datePublished\":\"2022-04-23T05:11:14+00:00\",\"dateModified\":\"2022-04-26T04:48:54+00:00\",\"mainEntityOfPage\":{\"@id\":\"https:\/\/infoecos.com.ar\/index.php\/kicillof-en-mar-del-plata-nosotros-venimos-a-transformar-de-raiz-el-sistema-de-salud\/\"},\"wordCount\":230,\"publisher\":{\"@id\":\"https:\/\/infoecos.com.ar\/#organization\"},\"image\":{\"@id\":\"https:\/\/infoecos.com.ar\/index.php\/kicillof-en-mar-del-plata-nosotros-venimos-a-transformar-de-raiz-el-sistema-de-salud\/#primaryimage\"},\"thumbnailUrl\":\"https:\/\/infoecos.com.ar\/wp-content\/uploads\/2022\/04\/kicillofkreplakgollan.jpg\",\"keywords\":[\"CONGRESO PROVINCIAL\"],\"articleSection\":[\"Bloque inferior - 1\"],\"inLanguage\":\"es\"},{\"@type\":\"WebPage\",\"@id\":\"https:\/\/infoecos.com.ar\/index.php\/kicillof-en-mar-del-plata-nosotros-venimos-a-transformar-de-raiz-el-sistema-de-salud\/\",\"url\":\"https:\/\/infoecos.com.ar\/index.php\/kicillof-en-mar-del-plata-nosotros-venimos-a-transformar-de-raiz-el-sistema-de-salud\/\",\"name\":\"Kicillof en Mar del Plata: \\\"nosotros venimos a transformar de ra\u00edz el sistema de salud\\\" - Infoecos\",\"isPartOf\":{\"@id\":\"https:\/\/infoecos.com.ar\/#website\"},\"primaryImageOfPage\":{\"@id\":\"https:\/\/infoecos.com.ar\/index.php\/kicillof-en-mar-del-plata-nosotros-venimos-a-transformar-de-raiz-el-sistema-de-salud\/#primaryimage\"},\"image\":{\"@id\":\"https:\/\/infoecos.com.ar\/index.php\/kicillof-en-mar-del-plata-nosotros-venimos-a-transformar-de-raiz-el-sistema-de-salud\/#primaryimage\"},\"thumbnailUrl\":\"https:\/\/infoecos.com.ar\/wp-content\/uploads\/2022\/04\/kicillofkreplakgollan.jpg\",\"datePublished\":\"2022-04-23T05:11:14+00:00\",\"dateModified\":\"2022-04-26T04:48:54+00:00\",\"breadcrumb\":{\"@id\":\"https:\/\/infoecos.com.ar\/index.php\/kicillof-en-mar-del-plata-nosotros-venimos-a-transformar-de-raiz-el-sistema-de-salud\/#breadcrumb\"},\"inLanguage\":\"es\",\"potentialAction\":[{\"@type\":\"ReadAction\",\"target\":[\"https:\/\/infoecos.com.ar\/index.php\/kicillof-en-mar-del-plata-nosotros-venimos-a-transformar-de-raiz-el-sistema-de-salud\/\"]}]},{\"@type\":\"ImageObject\",\"inLanguage\":\"es\",\"@id\":\"https:\/\/infoecos.com.ar\/index.php\/kicillof-en-mar-del-plata-nosotros-venimos-a-transformar-de-raiz-el-sistema-de-salud\/#primaryimage\",\"url\":\"https:\/\/infoecos.com.ar\/wp-content\/uploads\/2022\/04\/kicillofkreplakgollan.jpg\",\"contentUrl\":\"https:\/\/infoecos.com.ar\/wp-content\/uploads\/2022\/04\/kicillofkreplakgollan.jpg\",\"width\":900,\"height\":506},{\"@type\":\"BreadcrumbList\",\"@id\":\"https:\/\/infoecos.com.ar\/index.php\/kicillof-en-mar-del-plata-nosotros-venimos-a-transformar-de-raiz-el-sistema-de-salud\/#breadcrumb\",\"itemListElement\":[{\"@type\":\"ListItem\",\"position\":1,\"name\":\"Portada\",\"item\":\"https:\/\/infoecos.com.ar\/\"},{\"@type\":\"ListItem\",\"position\":2,\"name\":\"Kicillof en Mar del Plata: \u00abnosotros venimos a transformar de ra\u00edz el sistema de salud\u00bb\"}]},{\"@type\":\"WebSite\",\"@id\":\"https:\/\/infoecos.com.ar\/#website\",\"url\":\"https:\/\/infoecos.com.ar\/\",\"name\":\"Infoecos\",\"description\":\"Noticias de trenque lauquen y la zona\",\"publisher\":{\"@id\":\"https:\/\/infoecos.com.ar\/#organization\"},\"alternateName\":\"Noticias\",\"potentialAction\":[{\"@type\":\"SearchAction\",\"target\":{\"@type\":\"EntryPoint\",\"urlTemplate\":\"https:\/\/infoecos.com.ar\/?s={search_term_string}\"},\"query-input\":{\"@type\":\"PropertyValueSpecification\",\"valueRequired\":true,\"valueName\":\"search_term_string\"}}],\"inLanguage\":\"es\"},{\"@type\":\"Organization\",\"@id\":\"https:\/\/infoecos.com.ar\/#organization\",\"name\":\"Infoecos\",\"alternateName\":\"Noticias\",\"url\":\"https:\/\/infoecos.com.ar\/\",\"logo\":{\"@type\":\"ImageObject\",\"inLanguage\":\"es\",\"@id\":\"https:\/\/infoecos.com.ar\/#\/schema\/logo\/image\/\",\"url\":\"https:\/\/infoecos.com.ar\/wp-content\/uploads\/2024\/03\/cropped-logo.png\",\"contentUrl\":\"https:\/\/infoecos.com.ar\/wp-content\/uploads\/2024\/03\/cropped-logo.png\",\"width\":374,\"height\":90,\"caption\":\"Infoecos\"},\"image\":{\"@id\":\"https:\/\/infoecos.com.ar\/#\/schema\/logo\/image\/\"},\"sameAs\":[\"https:\/\/www.facebook.com\/profile.php?id=100063200290284\",\"https:\/\/x.com\/infoecos\"]},{\"@type\":\"Person\",\"@id\":\"https:\/\/infoecos.com.ar\/#\/schema\/person\/8f5ace5ce73b4b4aac4b7245aee6f191\",\"name\":\"Jorge Matheus\",\"url\":\"https:\/\/infoecos.com.ar\/index.php\/author\/jomatheus\/\"}]}<\/script>\n<!-- \/ Yoast SEO plugin. -->","yoast_head_json":{"title":"Kicillof en Mar del Plata: \"nosotros venimos a transformar de ra\u00edz el sistema de salud\" - Infoecos","robots":{"index":"index","follow":"follow","max-snippet":"max-snippet:-1","max-image-preview":"max-image-preview:large","max-video-preview":"max-video-preview:-1"},"canonical":"https:\/\/infoecos.com.ar\/index.php\/kicillof-en-mar-del-plata-nosotros-venimos-a-transformar-de-raiz-el-sistema-de-salud\/","og_locale":"es_ES","og_type":"article","og_title":"Kicillof en Mar del Plata: \"nosotros venimos a transformar de ra\u00edz el sistema de salud\" - Infoecos","og_description":"El gobernador Axel Kicillof estuvo en el cierre del Congreso Provincial de Salud que se realiz\u00f3 en Mar del Plata, acompa\u00f1ado por el ministro de Salud Nicol\u00e1s Kreplak y el diputado nacional Daniel Goll\u00e1n","og_url":"https:\/\/infoecos.com.ar\/index.php\/kicillof-en-mar-del-plata-nosotros-venimos-a-transformar-de-raiz-el-sistema-de-salud\/","og_site_name":"Infoecos","article_publisher":"https:\/\/www.facebook.com\/profile.php?id=100063200290284","article_published_time":"2022-04-23T05:11:14+00:00","article_modified_time":"2022-04-26T04:48:54+00:00","og_image":[{"width":900,"height":506,"url":"https:\/\/infoecos.com.ar\/wp-content\/uploads\/2022\/04\/kicillofkreplakgollan.jpg","type":"image\/jpeg"}],"author":"Jorge Matheus","twitter_card":"summary_large_image","twitter_creator":"@infoecos","twitter_site":"@infoecos","twitter_misc":{"Escrito por":"Jorge Matheus","Tiempo de lectura":"1 minuto"},"schema":{"@context":"https:\/\/schema.org","@graph":[{"@type":"Article","@id":"https:\/\/infoecos.com.ar\/index.php\/kicillof-en-mar-del-plata-nosotros-venimos-a-transformar-de-raiz-el-sistema-de-salud\/#article","isPartOf":{"@id":"https:\/\/infoecos.com.ar\/index.php\/kicillof-en-mar-del-plata-nosotros-venimos-a-transformar-de-raiz-el-sistema-de-salud\/"},"author":{"name":"Jorge Matheus","@id":"https:\/\/infoecos.com.ar\/#\/schema\/person\/8f5ace5ce73b4b4aac4b7245aee6f191"},"headline":"Kicillof en Mar del Plata: \u00abnosotros venimos a transformar de ra\u00edz el sistema de salud\u00bb","datePublished":"2022-04-23T05:11:14+00:00","dateModified":"2022-04-26T04:48:54+00:00","mainEntityOfPage":{"@id":"https:\/\/infoecos.com.ar\/index.php\/kicillof-en-mar-del-plata-nosotros-venimos-a-transformar-de-raiz-el-sistema-de-salud\/"},"wordCount":230,"publisher":{"@id":"https:\/\/infoecos.com.ar\/#organization"},"image":{"@id":"https:\/\/infoecos.com.ar\/index.php\/kicillof-en-mar-del-plata-nosotros-venimos-a-transformar-de-raiz-el-sistema-de-salud\/#primaryimage"},"thumbnailUrl":"https:\/\/infoecos.com.ar\/wp-content\/uploads\/2022\/04\/kicillofkreplakgollan.jpg","keywords":["CONGRESO PROVINCIAL"],"articleSection":["Bloque inferior - 1"],"inLanguage":"es"},{"@type":"WebPage","@id":"https:\/\/infoecos.com.ar\/index.php\/kicillof-en-mar-del-plata-nosotros-venimos-a-transformar-de-raiz-el-sistema-de-salud\/","url":"https:\/\/infoecos.com.ar\/index.php\/kicillof-en-mar-del-plata-nosotros-venimos-a-transformar-de-raiz-el-sistema-de-salud\/","name":"Kicillof en Mar del Plata: \"nosotros venimos a transformar de ra\u00edz el sistema de salud\" - Infoecos","isPartOf":{"@id":"https:\/\/infoecos.com.ar\/#website"},"primaryImageOfPage":{"@id":"https:\/\/infoecos.com.ar\/index.php\/kicillof-en-mar-del-plata-nosotros-venimos-a-transformar-de-raiz-el-sistema-de-salud\/#primaryimage"},"image":{"@id":"https:\/\/infoecos.com.ar\/index.php\/kicillof-en-mar-del-plata-nosotros-venimos-a-transformar-de-raiz-el-sistema-de-salud\/#primaryimage"},"thumbnailUrl":"https:\/\/infoecos.com.ar\/wp-content\/uploads\/2022\/04\/kicillofkreplakgollan.jpg","datePublished":"2022-04-23T05:11:14+00:00","dateModified":"2022-04-26T04:48:54+00:00","breadcrumb":{"@id":"https:\/\/infoecos.com.ar\/index.php\/kicillof-en-mar-del-plata-nosotros-venimos-a-transformar-de-raiz-el-sistema-de-salud\/#breadcrumb"},"inLanguage":"es","potentialAction":[{"@type":"ReadAction","target":["https:\/\/infoecos.com.ar\/index.php\/kicillof-en-mar-del-plata-nosotros-venimos-a-transformar-de-raiz-el-sistema-de-salud\/"]}]},{"@type":"ImageObject","inLanguage":"es","@id":"https:\/\/infoecos.com.ar\/index.php\/kicillof-en-mar-del-plata-nosotros-venimos-a-transformar-de-raiz-el-sistema-de-salud\/#primaryimage","url":"https:\/\/infoecos.com.ar\/wp-content\/uploads\/2022\/04\/kicillofkreplakgollan.jpg","contentUrl":"https:\/\/infoecos.com.ar\/wp-content\/uploads\/2022\/04\/kicillofkreplakgollan.jpg","width":900,"height":506},{"@type":"BreadcrumbList","@id":"https:\/\/infoecos.com.ar\/index.php\/kicillof-en-mar-del-plata-nosotros-venimos-a-transformar-de-raiz-el-sistema-de-salud\/#breadcrumb","itemListElement":[{"@type":"ListItem","position":1,"name":"Portada","item":"https:\/\/infoecos.com.ar\/"},{"@type":"ListItem","position":2,"name":"Kicillof en Mar del Plata: \u00abnosotros venimos a transformar de ra\u00edz el sistema de salud\u00bb"}]},{"@type":"WebSite","@id":"https:\/\/infoecos.com.ar\/#website","url":"https:\/\/infoecos.com.ar\/","name":"Infoecos","description":"Noticias de trenque lauquen y la zona","publisher":{"@id":"https:\/\/infoecos.com.ar\/#organization"},"alternateName":"Noticias","potentialAction":[{"@type":"SearchAction","target":{"@type":"EntryPoint","urlTemplate":"https:\/\/infoecos.com.ar\/?s={search_term_string}"},"query-input":{"@type":"PropertyValueSpecification","valueRequired":true,"valueName":"search_term_string"}}],"inLanguage":"es"},{"@type":"Organization","@id":"https:\/\/infoecos.com.ar\/#organization","name":"Infoecos","alternateName":"Noticias","url":"https:\/\/infoecos.com.ar\/","logo":{"@type":"ImageObject","inLanguage":"es","@id":"https:\/\/infoecos.com.ar\/#\/schema\/logo\/image\/","url":"https:\/\/infoecos.com.ar\/wp-content\/uploads\/2024\/03\/cropped-logo.png","contentUrl":"https:\/\/infoecos.com.ar\/wp-content\/uploads\/2024\/03\/cropped-logo.png","width":374,"height":90,"caption":"Infoecos"},"image":{"@id":"https:\/\/infoecos.com.ar\/#\/schema\/logo\/image\/"},"sameAs":["https:\/\/www.facebook.com\/profile.php?id=100063200290284","https:\/\/x.com\/infoecos"]},{"@type":"Person","@id":"https:\/\/infoecos.com.ar\/#\/schema\/person\/8f5ace5ce73b4b4aac4b7245aee6f191","name":"Jorge Matheus","url":"https:\/\/infoecos.com.ar\/index.php\/author\/jomatheus\/"}]}},"featured_image_urls":{"full":["https:\/\/infoecos.com.ar\/wp-content\/uploads\/2022\/04\/kicillofkreplakgollan.jpg",900,506,false],"thumbnail":["https:\/\/infoecos.com.ar\/wp-content\/uploads\/2022\/04\/kicillofkreplakgollan-150x150.jpg",150,150,true],"medium":["https:\/\/infoecos.com.ar\/wp-content\/uploads\/2022\/04\/kicillofkreplakgollan-460x259.jpg",460,259,true],"medium_large":["https:\/\/infoecos.com.ar\/wp-content\/uploads\/2022\/04\/kicillofkreplakgollan-768x432.jpg",640,360,true],"large":["https:\/\/infoecos.com.ar\/wp-content\/uploads\/2022\/04\/kicillofkreplakgollan.jpg",640,360,false],"1536x1536":["https:\/\/infoecos.com.ar\/wp-content\/uploads\/2022\/04\/kicillofkreplakgollan.jpg",900,506,false],"2048x2048":["https:\/\/infoecos.com.ar\/wp-content\/uploads\/2022\/04\/kicillofkreplakgollan.jpg",900,506,false],"covernews-slider-full":["https:\/\/infoecos.com.ar\/wp-content\/uploads\/2022\/04\/kicillofkreplakgollan.jpg",900,506,false],"covernews-slider-center":["https:\/\/infoecos.com.ar\/wp-content\/uploads\/2022\/04\/kicillofkreplakgollan.jpg",800,450,false],"covernews-featured":["https:\/\/infoecos.com.ar\/wp-content\/uploads\/2022\/04\/kicillofkreplakgollan.jpg",900,506,false],"covernews-medium":["https:\/\/infoecos.com.ar\/wp-content\/uploads\/2022\/04\/kicillofkreplakgollan-720x380.jpg",540,285,true],"covernews-medium-square":["https:\/\/infoecos.com.ar\/wp-content\/uploads\/2022\/04\/kicillofkreplakgollan-675x450.jpg",375,250,true]},"author_info":{"info":["Jorge Matheus"]},"category_info":"<a href=\"https:\/\/infoecos.com.ar\/index.php\/category\/inferior1\/\" rel=\"category tag\">Bloque inferior - 1<\/a>","tag_info":"Bloque inferior - 1","comment_count":"0","_links":{"self":[{"href":"https:\/\/infoecos.com.ar\/index.php\/wp-json\/wp\/v2\/posts\/91480"}],"collection":[{"href":"https:\/\/infoecos.com.ar\/index.php\/wp-json\/wp\/v2\/posts"}],"about":[{"href":"https:\/\/infoecos.com.ar\/index.php\/wp-json\/wp\/v2\/types\/post"}],"author":[{"embeddable":true,"href":"https:\/\/infoecos.com.ar\/index.php\/wp-json\/wp\/v2\/users\/2"}],"replies":[{"embeddable":true,"href":"https:\/\/infoecos.com.ar\/index.php\/wp-json\/wp\/v2\/comments?post=91480"}],"version-history":[{"count":1,"href":"https:\/\/infoecos.com.ar\/index.php\/wp-json\/wp\/v2\/posts\/91480\/revisions"}],"predecessor-version":[{"id":91482,"href":"https:\/\/infoecos.com.ar\/index.php\/wp-json\/wp\/v2\/posts\/91480\/revisions\/91482"}],"wp:featuredmedia":[{"embeddable":true,"href":"https:\/\/infoecos.com.ar\/index.php\/wp-json\/wp\/v2\/media\/91481"}],"wp:attachment":[{"href":"https:\/\/infoecos.com.ar\/index.php\/wp-json\/wp\/v2\/media?parent=91480"}],"wp:term":[{"taxonomy":"category","embeddable":true,"href":"https:\/\/infoecos.com.ar\/index.php\/wp-json\/wp\/v2\/categories?post=91480"},{"taxonomy":"post_tag","embeddable":true,"href":"https:\/\/infoecos.com.ar\/index.php\/wp-json\/wp\/v2\/tags?post=91480"}],"curies":[{"name":"wp","href":"https:\/\/api.w.org\/{rel}","templated":true}]}}