{"id":91487,"date":"2022-04-23T02:30:40","date_gmt":"2022-04-23T05:30:40","guid":{"rendered":"http:\/\/infoecos.com.ar\/?p=91487"},"modified":"2022-04-23T02:42:38","modified_gmt":"2022-04-23T05:42:38","slug":"la-atencion-puesta-en-el-clima-se-esperan-a-partir-de-hoy-una-serie-de-eventos-meteorologicos-muy-diversos-en-el-pais","status":"publish","type":"post","link":"https:\/\/infoecos.com.ar\/index.php\/la-atencion-puesta-en-el-clima-se-esperan-a-partir-de-hoy-una-serie-de-eventos-meteorologicos-muy-diversos-en-el-pais\/","title":{"rendered":"La atenci\u00f3n puesta en el clima: se esperan a partir de hoy una serie de eventos meteorol\u00f3gicos muy diversos en el pa\u00eds"},"content":{"rendered":"\n<p>Una serie de eventos meteorol\u00f3gicos muy diversos se registrar\u00e1n en las distintas regiones del pa\u00eds desde este fin de semana, que incluyen temperaturas por encima de lo normal en el norte, nevadas intensas y recurrentes en la zona cordillerana y viento, lluvias y tormentas en la franja central, donde adem\u00e1s podr\u00eda caer granizo, precis\u00f3 hoy el Servicio Meteorol\u00f3gico Nacional (SMN).<\/p>\n\n\n\n<figure class=\"wp-block-image size-large\"><img loading=\"lazy\" decoding=\"async\" width=\"900\" height=\"506\" src=\"http:\/\/infoecos.com.ar\/wp-content\/uploads\/2022\/04\/nieve.jpg\" alt=\"\" class=\"wp-image-91488\" srcset=\"https:\/\/infoecos.com.ar\/wp-content\/uploads\/2022\/04\/nieve.jpg 900w, https:\/\/infoecos.com.ar\/wp-content\/uploads\/2022\/04\/nieve-460x259.jpg 460w, https:\/\/infoecos.com.ar\/wp-content\/uploads\/2022\/04\/nieve-768x432.jpg 768w\" sizes=\"(max-width: 900px) 100vw, 900px\" \/><\/figure>\n\n\n\n<p>Desde el lunes por la noche el extremo norte argentino comenzar\u00e1 a registrar temperaturas elevadas para esta \u00e9poca del a\u00f1o, con marcas t\u00e9rmicas que se ubicar\u00e1n en los 35 grados y que en provincias como Formosa y Chaco pueden alcanzar los 40, precis\u00f3 Cindy Fern\u00e1ndez, meteor\u00f3loga del SMN, en di\u00e1logo con T\u00e9lam.<\/p>\n\n\n\n<p>En este sentido, la especialista remarc\u00f3 que \u201cson temperaturas por encima de lo habitual para este mes, pero no es algo at\u00edpico, ya que es normal que estos eventos sucedan; de hecho se registraron 35 grados en pleno invierno\u201d.<\/p>\n\n\n\n<p>Adem\u00e1s, precis\u00f3 que el r\u00e9cord de temperatura absoluta para abril en provincias de esta regi\u00f3n es de 38 grados.<\/p>\n\n\n\n<figure class=\"wp-block-image size-large\"><img loading=\"lazy\" decoding=\"async\" width=\"900\" height=\"506\" src=\"http:\/\/infoecos.com.ar\/wp-content\/uploads\/2022\/04\/temperaturalta.jpg\" alt=\"\" class=\"wp-image-91489\" srcset=\"https:\/\/infoecos.com.ar\/wp-content\/uploads\/2022\/04\/temperaturalta.jpg 900w, https:\/\/infoecos.com.ar\/wp-content\/uploads\/2022\/04\/temperaturalta-460x259.jpg 460w, https:\/\/infoecos.com.ar\/wp-content\/uploads\/2022\/04\/temperaturalta-768x432.jpg 768w\" sizes=\"(max-width: 900px) 100vw, 900px\" \/><\/figure>\n\n\n\n<p>Asimismo, Fern\u00e1ndez remarc\u00f3 que este evento \u201cser\u00e1 breve\u201d y no una situaci\u00f3n que se registre durante todo el oto\u00f1o y detall\u00f3 que \u201ca partir del mi\u00e9rcoles entra un frente fr\u00edo en la regi\u00f3n\u201d que provocar\u00e1 un descenso en las marcas t\u00e9rmicas.<\/p>\n\n\n\n<p>Esta situaci\u00f3n se da \u201cpor la sucesi\u00f3n de varios sistemas de baja presi\u00f3n que tambi\u00e9n provocar\u00e1n intensas nevadas en la zona de cordillera de Cuyo y norte y centro de la Patagonia\u201d.<\/p>\n\n\n\n<p>Por otro lado, advirti\u00f3 que la ca\u00edda de nieve en estos lugares \u201cno ser\u00e1 constante, pero si recurrente, por lo se pueden alcanzar los dos metros de acumulaci\u00f3n de nieve\u201d.<\/p>\n\n\n\n<p>Est\u00e1 previsto que, desde hoy, se intensifiquen los vientos en el centro de la regi\u00f3n Pampeana, sur de Buenos Aires, Neuqu\u00e9n, la cordillera de R\u00edo Negro y el sudoeste de Mendoza, donde, adem\u00e1s, se prev\u00e9 un evento zonda en esta \u00faltima provincia.<\/p>\n\n\n\n<p>En sectores de la meseta patag\u00f3nica tambi\u00e9n \u00abpodr\u00edan registrarse algunas lluvias y nevadas, pero con acumulados muy inferiores a los de la cordillera\u00bb, detall\u00f3 el SMN y remarc\u00f3 que es de suma importancia \u201cseguir de cerca\u201d las actualizaciones de los pron\u00f3sticos y del Sistema de Alerta Temprana (SAT).<\/p>\n\n\n\n<figure class=\"wp-block-image size-large\"><img loading=\"lazy\" decoding=\"async\" width=\"900\" height=\"506\" src=\"http:\/\/infoecos.com.ar\/wp-content\/uploads\/2022\/04\/vientoylluvia.jpg\" alt=\"\" class=\"wp-image-91490\" srcset=\"https:\/\/infoecos.com.ar\/wp-content\/uploads\/2022\/04\/vientoylluvia.jpg 900w, https:\/\/infoecos.com.ar\/wp-content\/uploads\/2022\/04\/vientoylluvia-460x259.jpg 460w, https:\/\/infoecos.com.ar\/wp-content\/uploads\/2022\/04\/vientoylluvia-768x432.jpg 768w\" sizes=\"(max-width: 900px) 100vw, 900px\" \/><\/figure>\n\n\n\n<p>Estos frentes de baja presi\u00f3n que se originar\u00e1n en la Patagonia provocar\u00e1n frentes fr\u00edos que comenzar\u00e1n a desplazarse y a avanzar hacia el noreste del pa\u00eds dejando a su paso \u00abeventos de lluvias y tormentas que podr\u00edan ser intensas\u00bb y es posible que, durante estos diez d\u00edas, algunos sectores del centro del pa\u00eds y del Litoral puedan ser afectados por lluvias que superen los 100 mil\u00edmetros.<\/p>\n\n\n\n<p>Fern\u00e1ndez remarc\u00f3 que desde el domingo a la noche o madrugada de lunes, comenzar\u00e1 un periodo que va afectar al norte y este de Buenos Aires \u00abincluida el \u00e1rea metropolitana, Santa Fe, Entre R\u00edos, Corrientes con inestabilidad, lluvias y tormentas, que en algunas zonas puede tener bastante intensidad\u00bb.<\/p>\n\n\n\n<p><\/p>\n","protected":false},"excerpt":{"rendered":"<p>Una serie de eventos meteorol\u00f3gicos muy diversos se registrar\u00e1n en las distintas regiones del pa\u00eds&#8230;<\/p>\n","protected":false},"author":2,"featured_media":91488,"comment_status":"closed","ping_status":"open","sticky":false,"template":"","format":"standard","meta":{"footnotes":""},"categories":[28],"tags":[5883],"class_list":["post-91487","post","type-post","status-publish","format-standard","has-post-thumbnail","hentry","category-c1nota1","tag-nieve-calor-lluvias-y-viento"],"yoast_head":"<!-- This site is optimized with the Yoast SEO plugin v23.4 - https:\/\/yoast.com\/wordpress\/plugins\/seo\/ -->\n<title>La atenci\u00f3n puesta en el clima: se esperan a partir de hoy una serie de eventos meteorol\u00f3gicos muy diversos en el pa\u00eds - Infoecos<\/title>\n<meta name=\"robots\" content=\"index, follow, max-snippet:-1, max-image-preview:large, max-video-preview:-1\" \/>\n<link rel=\"canonical\" href=\"https:\/\/infoecos.com.ar\/index.php\/la-atencion-puesta-en-el-clima-se-esperan-a-partir-de-hoy-una-serie-de-eventos-meteorologicos-muy-diversos-en-el-pais\/\" \/>\n<meta property=\"og:locale\" content=\"es_ES\" \/>\n<meta property=\"og:type\" content=\"article\" \/>\n<meta property=\"og:title\" content=\"La atenci\u00f3n puesta en el clima: se esperan a partir de hoy una serie de eventos meteorol\u00f3gicos muy diversos en el pa\u00eds - Infoecos\" \/>\n<meta property=\"og:description\" content=\"Una serie de eventos meteorol\u00f3gicos muy diversos se registrar\u00e1n en las distintas regiones del pa\u00eds...\" \/>\n<meta property=\"og:url\" content=\"https:\/\/infoecos.com.ar\/index.php\/la-atencion-puesta-en-el-clima-se-esperan-a-partir-de-hoy-una-serie-de-eventos-meteorologicos-muy-diversos-en-el-pais\/\" \/>\n<meta property=\"og:site_name\" content=\"Infoecos\" \/>\n<meta property=\"article:publisher\" content=\"https:\/\/www.facebook.com\/profile.php?id=100063200290284\" \/>\n<meta property=\"article:published_time\" content=\"2022-04-23T05:30:40+00:00\" \/>\n<meta property=\"article:modified_time\" content=\"2022-04-23T05:42:38+00:00\" \/>\n<meta property=\"og:image\" content=\"https:\/\/infoecos.com.ar\/wp-content\/uploads\/2022\/04\/nieve.jpg\" \/>\n\t<meta property=\"og:image:width\" content=\"900\" \/>\n\t<meta property=\"og:image:height\" content=\"506\" \/>\n\t<meta property=\"og:image:type\" content=\"image\/jpeg\" \/>\n<meta name=\"author\" content=\"Jorge Matheus\" \/>\n<meta name=\"twitter:card\" content=\"summary_large_image\" \/>\n<meta name=\"twitter:creator\" content=\"@infoecos\" \/>\n<meta name=\"twitter:site\" content=\"@infoecos\" \/>\n<meta name=\"twitter:label1\" content=\"Escrito por\" \/>\n\t<meta name=\"twitter:data1\" content=\"Jorge Matheus\" \/>\n\t<meta name=\"twitter:label2\" content=\"Tiempo de lectura\" \/>\n\t<meta name=\"twitter:data2\" content=\"3 minutos\" \/>\n<script type=\"application\/ld+json\" class=\"yoast-schema-graph\">{\"@context\":\"https:\/\/schema.org\",\"@graph\":[{\"@type\":\"Article\",\"@id\":\"https:\/\/infoecos.com.ar\/index.php\/la-atencion-puesta-en-el-clima-se-esperan-a-partir-de-hoy-una-serie-de-eventos-meteorologicos-muy-diversos-en-el-pais\/#article\",\"isPartOf\":{\"@id\":\"https:\/\/infoecos.com.ar\/index.php\/la-atencion-puesta-en-el-clima-se-esperan-a-partir-de-hoy-una-serie-de-eventos-meteorologicos-muy-diversos-en-el-pais\/\"},\"author\":{\"name\":\"Jorge Matheus\",\"@id\":\"https:\/\/infoecos.com.ar\/#\/schema\/person\/8f5ace5ce73b4b4aac4b7245aee6f191\"},\"headline\":\"La atenci\u00f3n puesta en el clima: se esperan a partir de hoy una serie de eventos meteorol\u00f3gicos muy diversos en el pa\u00eds\",\"datePublished\":\"2022-04-23T05:30:40+00:00\",\"dateModified\":\"2022-04-23T05:42:38+00:00\",\"mainEntityOfPage\":{\"@id\":\"https:\/\/infoecos.com.ar\/index.php\/la-atencion-puesta-en-el-clima-se-esperan-a-partir-de-hoy-una-serie-de-eventos-meteorologicos-muy-diversos-en-el-pais\/\"},\"wordCount\":548,\"publisher\":{\"@id\":\"https:\/\/infoecos.com.ar\/#organization\"},\"image\":{\"@id\":\"https:\/\/infoecos.com.ar\/index.php\/la-atencion-puesta-en-el-clima-se-esperan-a-partir-de-hoy-una-serie-de-eventos-meteorologicos-muy-diversos-en-el-pais\/#primaryimage\"},\"thumbnailUrl\":\"https:\/\/infoecos.com.ar\/wp-content\/uploads\/2022\/04\/nieve.jpg\",\"keywords\":[\"NIEVE - CALOR - LLUVIAS Y VIENTO\"],\"articleSection\":[\"C1 N1\"],\"inLanguage\":\"es\"},{\"@type\":\"WebPage\",\"@id\":\"https:\/\/infoecos.com.ar\/index.php\/la-atencion-puesta-en-el-clima-se-esperan-a-partir-de-hoy-una-serie-de-eventos-meteorologicos-muy-diversos-en-el-pais\/\",\"url\":\"https:\/\/infoecos.com.ar\/index.php\/la-atencion-puesta-en-el-clima-se-esperan-a-partir-de-hoy-una-serie-de-eventos-meteorologicos-muy-diversos-en-el-pais\/\",\"name\":\"La atenci\u00f3n puesta en el clima: se esperan a partir de hoy una serie de eventos meteorol\u00f3gicos muy diversos en el pa\u00eds - Infoecos\",\"isPartOf\":{\"@id\":\"https:\/\/infoecos.com.ar\/#website\"},\"primaryImageOfPage\":{\"@id\":\"https:\/\/infoecos.com.ar\/index.php\/la-atencion-puesta-en-el-clima-se-esperan-a-partir-de-hoy-una-serie-de-eventos-meteorologicos-muy-diversos-en-el-pais\/#primaryimage\"},\"image\":{\"@id\":\"https:\/\/infoecos.com.ar\/index.php\/la-atencion-puesta-en-el-clima-se-esperan-a-partir-de-hoy-una-serie-de-eventos-meteorologicos-muy-diversos-en-el-pais\/#primaryimage\"},\"thumbnailUrl\":\"https:\/\/infoecos.com.ar\/wp-content\/uploads\/2022\/04\/nieve.jpg\",\"datePublished\":\"2022-04-23T05:30:40+00:00\",\"dateModified\":\"2022-04-23T05:42:38+00:00\",\"breadcrumb\":{\"@id\":\"https:\/\/infoecos.com.ar\/index.php\/la-atencion-puesta-en-el-clima-se-esperan-a-partir-de-hoy-una-serie-de-eventos-meteorologicos-muy-diversos-en-el-pais\/#breadcrumb\"},\"inLanguage\":\"es\",\"potentialAction\":[{\"@type\":\"ReadAction\",\"target\":[\"https:\/\/infoecos.com.ar\/index.php\/la-atencion-puesta-en-el-clima-se-esperan-a-partir-de-hoy-una-serie-de-eventos-meteorologicos-muy-diversos-en-el-pais\/\"]}]},{\"@type\":\"ImageObject\",\"inLanguage\":\"es\",\"@id\":\"https:\/\/infoecos.com.ar\/index.php\/la-atencion-puesta-en-el-clima-se-esperan-a-partir-de-hoy-una-serie-de-eventos-meteorologicos-muy-diversos-en-el-pais\/#primaryimage\",\"url\":\"https:\/\/infoecos.com.ar\/wp-content\/uploads\/2022\/04\/nieve.jpg\",\"contentUrl\":\"https:\/\/infoecos.com.ar\/wp-content\/uploads\/2022\/04\/nieve.jpg\",\"width\":900,\"height\":506},{\"@type\":\"BreadcrumbList\",\"@id\":\"https:\/\/infoecos.com.ar\/index.php\/la-atencion-puesta-en-el-clima-se-esperan-a-partir-de-hoy-una-serie-de-eventos-meteorologicos-muy-diversos-en-el-pais\/#breadcrumb\",\"itemListElement\":[{\"@type\":\"ListItem\",\"position\":1,\"name\":\"Portada\",\"item\":\"https:\/\/infoecos.com.ar\/\"},{\"@type\":\"ListItem\",\"position\":2,\"name\":\"La atenci\u00f3n puesta en el clima: se esperan a partir de hoy una serie de eventos meteorol\u00f3gicos muy diversos en el pa\u00eds\"}]},{\"@type\":\"WebSite\",\"@id\":\"https:\/\/infoecos.com.ar\/#website\",\"url\":\"https:\/\/infoecos.com.ar\/\",\"name\":\"Infoecos\",\"description\":\"Noticias de trenque lauquen y la zona\",\"publisher\":{\"@id\":\"https:\/\/infoecos.com.ar\/#organization\"},\"alternateName\":\"Noticias\",\"potentialAction\":[{\"@type\":\"SearchAction\",\"target\":{\"@type\":\"EntryPoint\",\"urlTemplate\":\"https:\/\/infoecos.com.ar\/?s={search_term_string}\"},\"query-input\":{\"@type\":\"PropertyValueSpecification\",\"valueRequired\":true,\"valueName\":\"search_term_string\"}}],\"inLanguage\":\"es\"},{\"@type\":\"Organization\",\"@id\":\"https:\/\/infoecos.com.ar\/#organization\",\"name\":\"Infoecos\",\"alternateName\":\"Noticias\",\"url\":\"https:\/\/infoecos.com.ar\/\",\"logo\":{\"@type\":\"ImageObject\",\"inLanguage\":\"es\",\"@id\":\"https:\/\/infoecos.com.ar\/#\/schema\/logo\/image\/\",\"url\":\"https:\/\/infoecos.com.ar\/wp-content\/uploads\/2024\/03\/cropped-logo.png\",\"contentUrl\":\"https:\/\/infoecos.com.ar\/wp-content\/uploads\/2024\/03\/cropped-logo.png\",\"width\":374,\"height\":90,\"caption\":\"Infoecos\"},\"image\":{\"@id\":\"https:\/\/infoecos.com.ar\/#\/schema\/logo\/image\/\"},\"sameAs\":[\"https:\/\/www.facebook.com\/profile.php?id=100063200290284\",\"https:\/\/x.com\/infoecos\"]},{\"@type\":\"Person\",\"@id\":\"https:\/\/infoecos.com.ar\/#\/schema\/person\/8f5ace5ce73b4b4aac4b7245aee6f191\",\"name\":\"Jorge Matheus\",\"url\":\"https:\/\/infoecos.com.ar\/index.php\/author\/jomatheus\/\"}]}<\/script>\n<!-- \/ Yoast SEO plugin. -->","yoast_head_json":{"title":"La atenci\u00f3n puesta en el clima: se esperan a partir de hoy una serie de eventos meteorol\u00f3gicos muy diversos en el pa\u00eds - Infoecos","robots":{"index":"index","follow":"follow","max-snippet":"max-snippet:-1","max-image-preview":"max-image-preview:large","max-video-preview":"max-video-preview:-1"},"canonical":"https:\/\/infoecos.com.ar\/index.php\/la-atencion-puesta-en-el-clima-se-esperan-a-partir-de-hoy-una-serie-de-eventos-meteorologicos-muy-diversos-en-el-pais\/","og_locale":"es_ES","og_type":"article","og_title":"La atenci\u00f3n puesta en el clima: se esperan a partir de hoy una serie de eventos meteorol\u00f3gicos muy diversos en el pa\u00eds - Infoecos","og_description":"Una serie de eventos meteorol\u00f3gicos muy diversos se registrar\u00e1n en las distintas regiones del pa\u00eds...","og_url":"https:\/\/infoecos.com.ar\/index.php\/la-atencion-puesta-en-el-clima-se-esperan-a-partir-de-hoy-una-serie-de-eventos-meteorologicos-muy-diversos-en-el-pais\/","og_site_name":"Infoecos","article_publisher":"https:\/\/www.facebook.com\/profile.php?id=100063200290284","article_published_time":"2022-04-23T05:30:40+00:00","article_modified_time":"2022-04-23T05:42:38+00:00","og_image":[{"width":900,"height":506,"url":"https:\/\/infoecos.com.ar\/wp-content\/uploads\/2022\/04\/nieve.jpg","type":"image\/jpeg"}],"author":"Jorge Matheus","twitter_card":"summary_large_image","twitter_creator":"@infoecos","twitter_site":"@infoecos","twitter_misc":{"Escrito por":"Jorge Matheus","Tiempo de lectura":"3 minutos"},"schema":{"@context":"https:\/\/schema.org","@graph":[{"@type":"Article","@id":"https:\/\/infoecos.com.ar\/index.php\/la-atencion-puesta-en-el-clima-se-esperan-a-partir-de-hoy-una-serie-de-eventos-meteorologicos-muy-diversos-en-el-pais\/#article","isPartOf":{"@id":"https:\/\/infoecos.com.ar\/index.php\/la-atencion-puesta-en-el-clima-se-esperan-a-partir-de-hoy-una-serie-de-eventos-meteorologicos-muy-diversos-en-el-pais\/"},"author":{"name":"Jorge Matheus","@id":"https:\/\/infoecos.com.ar\/#\/schema\/person\/8f5ace5ce73b4b4aac4b7245aee6f191"},"headline":"La atenci\u00f3n puesta en el clima: se esperan a partir de hoy una serie de eventos meteorol\u00f3gicos muy diversos en el pa\u00eds","datePublished":"2022-04-23T05:30:40+00:00","dateModified":"2022-04-23T05:42:38+00:00","mainEntityOfPage":{"@id":"https:\/\/infoecos.com.ar\/index.php\/la-atencion-puesta-en-el-clima-se-esperan-a-partir-de-hoy-una-serie-de-eventos-meteorologicos-muy-diversos-en-el-pais\/"},"wordCount":548,"publisher":{"@id":"https:\/\/infoecos.com.ar\/#organization"},"image":{"@id":"https:\/\/infoecos.com.ar\/index.php\/la-atencion-puesta-en-el-clima-se-esperan-a-partir-de-hoy-una-serie-de-eventos-meteorologicos-muy-diversos-en-el-pais\/#primaryimage"},"thumbnailUrl":"https:\/\/infoecos.com.ar\/wp-content\/uploads\/2022\/04\/nieve.jpg","keywords":["NIEVE - CALOR - LLUVIAS Y VIENTO"],"articleSection":["C1 N1"],"inLanguage":"es"},{"@type":"WebPage","@id":"https:\/\/infoecos.com.ar\/index.php\/la-atencion-puesta-en-el-clima-se-esperan-a-partir-de-hoy-una-serie-de-eventos-meteorologicos-muy-diversos-en-el-pais\/","url":"https:\/\/infoecos.com.ar\/index.php\/la-atencion-puesta-en-el-clima-se-esperan-a-partir-de-hoy-una-serie-de-eventos-meteorologicos-muy-diversos-en-el-pais\/","name":"La atenci\u00f3n puesta en el clima: se esperan a partir de hoy una serie de eventos meteorol\u00f3gicos muy diversos en el pa\u00eds - Infoecos","isPartOf":{"@id":"https:\/\/infoecos.com.ar\/#website"},"primaryImageOfPage":{"@id":"https:\/\/infoecos.com.ar\/index.php\/la-atencion-puesta-en-el-clima-se-esperan-a-partir-de-hoy-una-serie-de-eventos-meteorologicos-muy-diversos-en-el-pais\/#primaryimage"},"image":{"@id":"https:\/\/infoecos.com.ar\/index.php\/la-atencion-puesta-en-el-clima-se-esperan-a-partir-de-hoy-una-serie-de-eventos-meteorologicos-muy-diversos-en-el-pais\/#primaryimage"},"thumbnailUrl":"https:\/\/infoecos.com.ar\/wp-content\/uploads\/2022\/04\/nieve.jpg","datePublished":"2022-04-23T05:30:40+00:00","dateModified":"2022-04-23T05:42:38+00:00","breadcrumb":{"@id":"https:\/\/infoecos.com.ar\/index.php\/la-atencion-puesta-en-el-clima-se-esperan-a-partir-de-hoy-una-serie-de-eventos-meteorologicos-muy-diversos-en-el-pais\/#breadcrumb"},"inLanguage":"es","potentialAction":[{"@type":"ReadAction","target":["https:\/\/infoecos.com.ar\/index.php\/la-atencion-puesta-en-el-clima-se-esperan-a-partir-de-hoy-una-serie-de-eventos-meteorologicos-muy-diversos-en-el-pais\/"]}]},{"@type":"ImageObject","inLanguage":"es","@id":"https:\/\/infoecos.com.ar\/index.php\/la-atencion-puesta-en-el-clima-se-esperan-a-partir-de-hoy-una-serie-de-eventos-meteorologicos-muy-diversos-en-el-pais\/#primaryimage","url":"https:\/\/infoecos.com.ar\/wp-content\/uploads\/2022\/04\/nieve.jpg","contentUrl":"https:\/\/infoecos.com.ar\/wp-content\/uploads\/2022\/04\/nieve.jpg","width":900,"height":506},{"@type":"BreadcrumbList","@id":"https:\/\/infoecos.com.ar\/index.php\/la-atencion-puesta-en-el-clima-se-esperan-a-partir-de-hoy-una-serie-de-eventos-meteorologicos-muy-diversos-en-el-pais\/#breadcrumb","itemListElement":[{"@type":"ListItem","position":1,"name":"Portada","item":"https:\/\/infoecos.com.ar\/"},{"@type":"ListItem","position":2,"name":"La atenci\u00f3n puesta en el clima: se esperan a partir de hoy una serie de eventos meteorol\u00f3gicos muy diversos en el pa\u00eds"}]},{"@type":"WebSite","@id":"https:\/\/infoecos.com.ar\/#website","url":"https:\/\/infoecos.com.ar\/","name":"Infoecos","description":"Noticias de trenque lauquen y la zona","publisher":{"@id":"https:\/\/infoecos.com.ar\/#organization"},"alternateName":"Noticias","potentialAction":[{"@type":"SearchAction","target":{"@type":"EntryPoint","urlTemplate":"https:\/\/infoecos.com.ar\/?s={search_term_string}"},"query-input":{"@type":"PropertyValueSpecification","valueRequired":true,"valueName":"search_term_string"}}],"inLanguage":"es"},{"@type":"Organization","@id":"https:\/\/infoecos.com.ar\/#organization","name":"Infoecos","alternateName":"Noticias","url":"https:\/\/infoecos.com.ar\/","logo":{"@type":"ImageObject","inLanguage":"es","@id":"https:\/\/infoecos.com.ar\/#\/schema\/logo\/image\/","url":"https:\/\/infoecos.com.ar\/wp-content\/uploads\/2024\/03\/cropped-logo.png","contentUrl":"https:\/\/infoecos.com.ar\/wp-content\/uploads\/2024\/03\/cropped-logo.png","width":374,"height":90,"caption":"Infoecos"},"image":{"@id":"https:\/\/infoecos.com.ar\/#\/schema\/logo\/image\/"},"sameAs":["https:\/\/www.facebook.com\/profile.php?id=100063200290284","https:\/\/x.com\/infoecos"]},{"@type":"Person","@id":"https:\/\/infoecos.com.ar\/#\/schema\/person\/8f5ace5ce73b4b4aac4b7245aee6f191","name":"Jorge Matheus","url":"https:\/\/infoecos.com.ar\/index.php\/author\/jomatheus\/"}]}},"featured_image_urls":{"full":["https:\/\/infoecos.com.ar\/wp-content\/uploads\/2022\/04\/nieve.jpg",900,506,false],"thumbnail":["https:\/\/infoecos.com.ar\/wp-content\/uploads\/2022\/04\/nieve-150x150.jpg",150,150,true],"medium":["https:\/\/infoecos.com.ar\/wp-content\/uploads\/2022\/04\/nieve-460x259.jpg",460,259,true],"medium_large":["https:\/\/infoecos.com.ar\/wp-content\/uploads\/2022\/04\/nieve-768x432.jpg",640,360,true],"large":["https:\/\/infoecos.com.ar\/wp-content\/uploads\/2022\/04\/nieve.jpg",640,360,false],"1536x1536":["https:\/\/infoecos.com.ar\/wp-content\/uploads\/2022\/04\/nieve.jpg",900,506,false],"2048x2048":["https:\/\/infoecos.com.ar\/wp-content\/uploads\/2022\/04\/nieve.jpg",900,506,false],"covernews-slider-full":["https:\/\/infoecos.com.ar\/wp-content\/uploads\/2022\/04\/nieve.jpg",900,506,false],"covernews-slider-center":["https:\/\/infoecos.com.ar\/wp-content\/uploads\/2022\/04\/nieve.jpg",800,450,false],"covernews-featured":["https:\/\/infoecos.com.ar\/wp-content\/uploads\/2022\/04\/nieve.jpg",900,506,false],"covernews-medium":["https:\/\/infoecos.com.ar\/wp-content\/uploads\/2022\/04\/nieve-720x380.jpg",540,285,true],"covernews-medium-square":["https:\/\/infoecos.com.ar\/wp-content\/uploads\/2022\/04\/nieve-675x450.jpg",375,250,true]},"author_info":{"info":["Jorge Matheus"]},"category_info":"<a href=\"https:\/\/infoecos.com.ar\/index.php\/category\/c1nota1\/\" rel=\"category tag\">C1 N1<\/a>","tag_info":"C1 N1","comment_count":"0","_links":{"self":[{"href":"https:\/\/infoecos.com.ar\/index.php\/wp-json\/wp\/v2\/posts\/91487"}],"collection":[{"href":"https:\/\/infoecos.com.ar\/index.php\/wp-json\/wp\/v2\/posts"}],"about":[{"href":"https:\/\/infoecos.com.ar\/index.php\/wp-json\/wp\/v2\/types\/post"}],"author":[{"embeddable":true,"href":"https:\/\/infoecos.com.ar\/index.php\/wp-json\/wp\/v2\/users\/2"}],"replies":[{"embeddable":true,"href":"https:\/\/infoecos.com.ar\/index.php\/wp-json\/wp\/v2\/comments?post=91487"}],"version-history":[{"count":1,"href":"https:\/\/infoecos.com.ar\/index.php\/wp-json\/wp\/v2\/posts\/91487\/revisions"}],"predecessor-version":[{"id":91491,"href":"https:\/\/infoecos.com.ar\/index.php\/wp-json\/wp\/v2\/posts\/91487\/revisions\/91491"}],"wp:featuredmedia":[{"embeddable":true,"href":"https:\/\/infoecos.com.ar\/index.php\/wp-json\/wp\/v2\/media\/91488"}],"wp:attachment":[{"href":"https:\/\/infoecos.com.ar\/index.php\/wp-json\/wp\/v2\/media?parent=91487"}],"wp:term":[{"taxonomy":"category","embeddable":true,"href":"https:\/\/infoecos.com.ar\/index.php\/wp-json\/wp\/v2\/categories?post=91487"},{"taxonomy":"post_tag","embeddable":true,"href":"https:\/\/infoecos.com.ar\/index.php\/wp-json\/wp\/v2\/tags?post=91487"}],"curies":[{"name":"wp","href":"https:\/\/api.w.org\/{rel}","templated":true}]}}