{"id":91496,"date":"2022-04-23T02:53:11","date_gmt":"2022-04-23T05:53:11","guid":{"rendered":"http:\/\/infoecos.com.ar\/?p=91496"},"modified":"2022-04-23T02:53:12","modified_gmt":"2022-04-23T05:53:12","slug":"hoy-se-reune-en-trenque-lauquen-la-juventud-radical-de-la-4-seccion-electoral","status":"publish","type":"post","link":"https:\/\/infoecos.com.ar\/index.php\/hoy-se-reune-en-trenque-lauquen-la-juventud-radical-de-la-4-seccion-electoral\/","title":{"rendered":"Hoy se re\u00fane en Trenque Lauquen la Juventud Radical de la 4\u00b0 Secci\u00f3n Electoral"},"content":{"rendered":"\n<p>La Juventud Radical de la Cuarta Secci\u00f3n electoral se reunir\u00e1 en Trenque Lauquen para continuar con sus actividades debate y formaci\u00f3n. <\/p>\n\n\n\n<p>Las actividades centrales se concentrar\u00e1n en el Comit\u00e9 Radical de calle San Mart\u00edn al 276 y tambi\u00e9n habr\u00e1 recorridas, charlas y visitas en distintos puntos de la ciudad de Trenque Lauquen.<\/p>\n\n\n\n<div class=\"wp-block-image\"><figure class=\"aligncenter size-large is-resized\"><img loading=\"lazy\" decoding=\"async\" src=\"http:\/\/infoecos.com.ar\/wp-content\/uploads\/2021\/02\/IMG_20210219_130650740_1-920x772.jpg\" alt=\"\" class=\"wp-image-74957\" width=\"526\" height=\"440\" srcset=\"https:\/\/infoecos.com.ar\/wp-content\/uploads\/2021\/02\/IMG_20210219_130650740_1-920x772.jpg 920w, https:\/\/infoecos.com.ar\/wp-content\/uploads\/2021\/02\/IMG_20210219_130650740_1-460x386.jpg 460w\" sizes=\"(max-width: 526px) 100vw, 526px\" \/><\/figure><\/div>\n\n\n\n<p>Se espera la llegada a Trenque Lauquen de una gran cantidad de militantes j\u00f3venes de todos los distritos de la Cuarta, y contar\u00e1 con la presencia de la senadora provincial \u00c9rica Revilla, el diputado provincial Valent\u00edn\u00a0 Miranda, y el presidente de la Juventud Radical Provincia, Manuel Cisneros, entre otros dirigentes, funcionarios, concejales y consejeros escolares de la JR de los partidos de la regi\u00f3n.<\/p>\n\n\n\n<p>Las acreditaciones comenzar\u00e1n sobre el mediod\u00eda para dar apertura al encuentro desde las 13 horas. <\/p>\n\n\n\n<p>A las 14 horas tendr\u00e1 lugar una charla sobre el \u201crol del concejal\u201d donde disertar\u00e1n el jefe de la bancada de concejales de Juntos de Trenque Lauquen, Francisco Recoulat, y el Secretario municipal de Gesti\u00f3n y Administraci\u00f3n Tributaria, Alfredo Zambiasio.<\/p>\n\n\n\n<p>A las 16 horas los presentes se trasladar\u00e1n hacia las instalaciones del nuevo Polo Ambiental donde conocer\u00e1n el funcionamiento y las inversiones realizadas.<\/p>\n\n\n\n<p>A las 18 horas est\u00e1 prevista una actividad en la remodelada Plaza San Mart\u00edn, recientemente reinaugurada. <\/p>\n\n\n\n<p>Finalmente, a partir de las 19 horas habr\u00e1 un momento para el debate seccional con los temas m\u00e1s importantes en materia pol\u00edtica, econ\u00f3mica y social de los distritos, la provincia y el pa\u00eds.  <\/p>\n\n\n\n<p>El cierre ser\u00e1 desde las 21 horas con una cena agasajo a todos los presentes de la Secci\u00f3n Electoral.<\/p>\n","protected":false},"excerpt":{"rendered":"<p>Las actividades centrales se concentrar\u00e1n en el Comit\u00e9 Radical de calle San Mart\u00edn al 276 y tambi\u00e9n habr\u00e1 recorridas, charlas y visitas en distintos puntos de la ciudad de Trenque Lauquen<\/p>\n","protected":false},"author":2,"featured_media":50887,"comment_status":"closed","ping_status":"open","sticky":false,"template":"","format":"standard","meta":{"footnotes":""},"categories":[29],"tags":[5885],"class_list":["post-91496","post","type-post","status-publish","format-standard","has-post-thumbnail","hentry","category-c2nota1","tag-se-espera-una-importante-asistencia"],"yoast_head":"<!-- This site is optimized with the Yoast SEO plugin v23.4 - https:\/\/yoast.com\/wordpress\/plugins\/seo\/ -->\n<title>Hoy se re\u00fane en Trenque Lauquen la Juventud Radical de la 4\u00b0 Secci\u00f3n Electoral - Infoecos<\/title>\n<meta name=\"robots\" content=\"index, follow, max-snippet:-1, max-image-preview:large, max-video-preview:-1\" \/>\n<link rel=\"canonical\" href=\"https:\/\/infoecos.com.ar\/index.php\/hoy-se-reune-en-trenque-lauquen-la-juventud-radical-de-la-4-seccion-electoral\/\" \/>\n<meta property=\"og:locale\" content=\"es_ES\" \/>\n<meta property=\"og:type\" content=\"article\" \/>\n<meta property=\"og:title\" content=\"Hoy se re\u00fane en Trenque Lauquen la Juventud Radical de la 4\u00b0 Secci\u00f3n Electoral - Infoecos\" \/>\n<meta property=\"og:description\" content=\"Las actividades centrales se concentrar\u00e1n en el Comit\u00e9 Radical de calle San Mart\u00edn al 276 y tambi\u00e9n habr\u00e1 recorridas, charlas y visitas en distintos puntos de la ciudad de Trenque Lauquen\" \/>\n<meta property=\"og:url\" content=\"https:\/\/infoecos.com.ar\/index.php\/hoy-se-reune-en-trenque-lauquen-la-juventud-radical-de-la-4-seccion-electoral\/\" \/>\n<meta property=\"og:site_name\" content=\"Infoecos\" \/>\n<meta property=\"article:publisher\" content=\"https:\/\/www.facebook.com\/profile.php?id=100063200290284\" \/>\n<meta property=\"article:published_time\" content=\"2022-04-23T05:53:11+00:00\" \/>\n<meta property=\"article:modified_time\" content=\"2022-04-23T05:53:12+00:00\" \/>\n<meta property=\"og:image\" content=\"https:\/\/infoecos.com.ar\/wp-content\/uploads\/IMG_20181129_210638.jpg\" \/>\n\t<meta property=\"og:image:width\" content=\"1600\" \/>\n\t<meta property=\"og:image:height\" content=\"1200\" \/>\n\t<meta property=\"og:image:type\" content=\"image\/jpeg\" \/>\n<meta name=\"author\" content=\"Jorge Matheus\" \/>\n<meta name=\"twitter:card\" content=\"summary_large_image\" \/>\n<meta name=\"twitter:creator\" content=\"@infoecos\" \/>\n<meta name=\"twitter:site\" content=\"@infoecos\" \/>\n<meta name=\"twitter:label1\" content=\"Escrito por\" \/>\n\t<meta name=\"twitter:data1\" content=\"Jorge Matheus\" \/>\n\t<meta name=\"twitter:label2\" content=\"Tiempo de lectura\" \/>\n\t<meta name=\"twitter:data2\" content=\"1 minuto\" \/>\n<script type=\"application\/ld+json\" class=\"yoast-schema-graph\">{\"@context\":\"https:\/\/schema.org\",\"@graph\":[{\"@type\":\"Article\",\"@id\":\"https:\/\/infoecos.com.ar\/index.php\/hoy-se-reune-en-trenque-lauquen-la-juventud-radical-de-la-4-seccion-electoral\/#article\",\"isPartOf\":{\"@id\":\"https:\/\/infoecos.com.ar\/index.php\/hoy-se-reune-en-trenque-lauquen-la-juventud-radical-de-la-4-seccion-electoral\/\"},\"author\":{\"name\":\"Jorge Matheus\",\"@id\":\"https:\/\/infoecos.com.ar\/#\/schema\/person\/8f5ace5ce73b4b4aac4b7245aee6f191\"},\"headline\":\"Hoy se re\u00fane en Trenque Lauquen la Juventud Radical de la 4\u00b0 Secci\u00f3n Electoral\",\"datePublished\":\"2022-04-23T05:53:11+00:00\",\"dateModified\":\"2022-04-23T05:53:12+00:00\",\"mainEntityOfPage\":{\"@id\":\"https:\/\/infoecos.com.ar\/index.php\/hoy-se-reune-en-trenque-lauquen-la-juventud-radical-de-la-4-seccion-electoral\/\"},\"wordCount\":291,\"publisher\":{\"@id\":\"https:\/\/infoecos.com.ar\/#organization\"},\"image\":{\"@id\":\"https:\/\/infoecos.com.ar\/index.php\/hoy-se-reune-en-trenque-lauquen-la-juventud-radical-de-la-4-seccion-electoral\/#primaryimage\"},\"thumbnailUrl\":\"\",\"keywords\":[\"SE ESPERA UNA IMPORTANTE ASISTENCIA\"],\"articleSection\":[\"C2 nota 1\"],\"inLanguage\":\"es\"},{\"@type\":\"WebPage\",\"@id\":\"https:\/\/infoecos.com.ar\/index.php\/hoy-se-reune-en-trenque-lauquen-la-juventud-radical-de-la-4-seccion-electoral\/\",\"url\":\"https:\/\/infoecos.com.ar\/index.php\/hoy-se-reune-en-trenque-lauquen-la-juventud-radical-de-la-4-seccion-electoral\/\",\"name\":\"Hoy se re\u00fane en Trenque Lauquen la Juventud Radical de la 4\u00b0 Secci\u00f3n Electoral - Infoecos\",\"isPartOf\":{\"@id\":\"https:\/\/infoecos.com.ar\/#website\"},\"primaryImageOfPage\":{\"@id\":\"https:\/\/infoecos.com.ar\/index.php\/hoy-se-reune-en-trenque-lauquen-la-juventud-radical-de-la-4-seccion-electoral\/#primaryimage\"},\"image\":{\"@id\":\"https:\/\/infoecos.com.ar\/index.php\/hoy-se-reune-en-trenque-lauquen-la-juventud-radical-de-la-4-seccion-electoral\/#primaryimage\"},\"thumbnailUrl\":\"\",\"datePublished\":\"2022-04-23T05:53:11+00:00\",\"dateModified\":\"2022-04-23T05:53:12+00:00\",\"breadcrumb\":{\"@id\":\"https:\/\/infoecos.com.ar\/index.php\/hoy-se-reune-en-trenque-lauquen-la-juventud-radical-de-la-4-seccion-electoral\/#breadcrumb\"},\"inLanguage\":\"es\",\"potentialAction\":[{\"@type\":\"ReadAction\",\"target\":[\"https:\/\/infoecos.com.ar\/index.php\/hoy-se-reune-en-trenque-lauquen-la-juventud-radical-de-la-4-seccion-electoral\/\"]}]},{\"@type\":\"ImageObject\",\"inLanguage\":\"es\",\"@id\":\"https:\/\/infoecos.com.ar\/index.php\/hoy-se-reune-en-trenque-lauquen-la-juventud-radical-de-la-4-seccion-electoral\/#primaryimage\",\"url\":\"\",\"contentUrl\":\"\"},{\"@type\":\"BreadcrumbList\",\"@id\":\"https:\/\/infoecos.com.ar\/index.php\/hoy-se-reune-en-trenque-lauquen-la-juventud-radical-de-la-4-seccion-electoral\/#breadcrumb\",\"itemListElement\":[{\"@type\":\"ListItem\",\"position\":1,\"name\":\"Portada\",\"item\":\"https:\/\/infoecos.com.ar\/\"},{\"@type\":\"ListItem\",\"position\":2,\"name\":\"Hoy se re\u00fane en Trenque Lauquen la Juventud Radical de la 4\u00b0 Secci\u00f3n Electoral\"}]},{\"@type\":\"WebSite\",\"@id\":\"https:\/\/infoecos.com.ar\/#website\",\"url\":\"https:\/\/infoecos.com.ar\/\",\"name\":\"Infoecos\",\"description\":\"Noticias de trenque lauquen y la zona\",\"publisher\":{\"@id\":\"https:\/\/infoecos.com.ar\/#organization\"},\"alternateName\":\"Noticias\",\"potentialAction\":[{\"@type\":\"SearchAction\",\"target\":{\"@type\":\"EntryPoint\",\"urlTemplate\":\"https:\/\/infoecos.com.ar\/?s={search_term_string}\"},\"query-input\":{\"@type\":\"PropertyValueSpecification\",\"valueRequired\":true,\"valueName\":\"search_term_string\"}}],\"inLanguage\":\"es\"},{\"@type\":\"Organization\",\"@id\":\"https:\/\/infoecos.com.ar\/#organization\",\"name\":\"Infoecos\",\"alternateName\":\"Noticias\",\"url\":\"https:\/\/infoecos.com.ar\/\",\"logo\":{\"@type\":\"ImageObject\",\"inLanguage\":\"es\",\"@id\":\"https:\/\/infoecos.com.ar\/#\/schema\/logo\/image\/\",\"url\":\"https:\/\/infoecos.com.ar\/wp-content\/uploads\/2024\/03\/cropped-logo.png\",\"contentUrl\":\"https:\/\/infoecos.com.ar\/wp-content\/uploads\/2024\/03\/cropped-logo.png\",\"width\":374,\"height\":90,\"caption\":\"Infoecos\"},\"image\":{\"@id\":\"https:\/\/infoecos.com.ar\/#\/schema\/logo\/image\/\"},\"sameAs\":[\"https:\/\/www.facebook.com\/profile.php?id=100063200290284\",\"https:\/\/x.com\/infoecos\"]},{\"@type\":\"Person\",\"@id\":\"https:\/\/infoecos.com.ar\/#\/schema\/person\/8f5ace5ce73b4b4aac4b7245aee6f191\",\"name\":\"Jorge Matheus\",\"url\":\"https:\/\/infoecos.com.ar\/index.php\/author\/jomatheus\/\"}]}<\/script>\n<!-- \/ Yoast SEO plugin. -->","yoast_head_json":{"title":"Hoy se re\u00fane en Trenque Lauquen la Juventud Radical de la 4\u00b0 Secci\u00f3n Electoral - Infoecos","robots":{"index":"index","follow":"follow","max-snippet":"max-snippet:-1","max-image-preview":"max-image-preview:large","max-video-preview":"max-video-preview:-1"},"canonical":"https:\/\/infoecos.com.ar\/index.php\/hoy-se-reune-en-trenque-lauquen-la-juventud-radical-de-la-4-seccion-electoral\/","og_locale":"es_ES","og_type":"article","og_title":"Hoy se re\u00fane en Trenque Lauquen la Juventud Radical de la 4\u00b0 Secci\u00f3n Electoral - Infoecos","og_description":"Las actividades centrales se concentrar\u00e1n en el Comit\u00e9 Radical de calle San Mart\u00edn al 276 y tambi\u00e9n habr\u00e1 recorridas, charlas y visitas en distintos puntos de la ciudad de Trenque Lauquen","og_url":"https:\/\/infoecos.com.ar\/index.php\/hoy-se-reune-en-trenque-lauquen-la-juventud-radical-de-la-4-seccion-electoral\/","og_site_name":"Infoecos","article_publisher":"https:\/\/www.facebook.com\/profile.php?id=100063200290284","article_published_time":"2022-04-23T05:53:11+00:00","article_modified_time":"2022-04-23T05:53:12+00:00","og_image":[{"width":1600,"height":1200,"url":"https:\/\/infoecos.com.ar\/wp-content\/uploads\/IMG_20181129_210638.jpg","type":"image\/jpeg"}],"author":"Jorge Matheus","twitter_card":"summary_large_image","twitter_creator":"@infoecos","twitter_site":"@infoecos","twitter_misc":{"Escrito por":"Jorge Matheus","Tiempo de lectura":"1 minuto"},"schema":{"@context":"https:\/\/schema.org","@graph":[{"@type":"Article","@id":"https:\/\/infoecos.com.ar\/index.php\/hoy-se-reune-en-trenque-lauquen-la-juventud-radical-de-la-4-seccion-electoral\/#article","isPartOf":{"@id":"https:\/\/infoecos.com.ar\/index.php\/hoy-se-reune-en-trenque-lauquen-la-juventud-radical-de-la-4-seccion-electoral\/"},"author":{"name":"Jorge Matheus","@id":"https:\/\/infoecos.com.ar\/#\/schema\/person\/8f5ace5ce73b4b4aac4b7245aee6f191"},"headline":"Hoy se re\u00fane en Trenque Lauquen la Juventud Radical de la 4\u00b0 Secci\u00f3n Electoral","datePublished":"2022-04-23T05:53:11+00:00","dateModified":"2022-04-23T05:53:12+00:00","mainEntityOfPage":{"@id":"https:\/\/infoecos.com.ar\/index.php\/hoy-se-reune-en-trenque-lauquen-la-juventud-radical-de-la-4-seccion-electoral\/"},"wordCount":291,"publisher":{"@id":"https:\/\/infoecos.com.ar\/#organization"},"image":{"@id":"https:\/\/infoecos.com.ar\/index.php\/hoy-se-reune-en-trenque-lauquen-la-juventud-radical-de-la-4-seccion-electoral\/#primaryimage"},"thumbnailUrl":"","keywords":["SE ESPERA UNA IMPORTANTE ASISTENCIA"],"articleSection":["C2 nota 1"],"inLanguage":"es"},{"@type":"WebPage","@id":"https:\/\/infoecos.com.ar\/index.php\/hoy-se-reune-en-trenque-lauquen-la-juventud-radical-de-la-4-seccion-electoral\/","url":"https:\/\/infoecos.com.ar\/index.php\/hoy-se-reune-en-trenque-lauquen-la-juventud-radical-de-la-4-seccion-electoral\/","name":"Hoy se re\u00fane en Trenque Lauquen la Juventud Radical de la 4\u00b0 Secci\u00f3n Electoral - Infoecos","isPartOf":{"@id":"https:\/\/infoecos.com.ar\/#website"},"primaryImageOfPage":{"@id":"https:\/\/infoecos.com.ar\/index.php\/hoy-se-reune-en-trenque-lauquen-la-juventud-radical-de-la-4-seccion-electoral\/#primaryimage"},"image":{"@id":"https:\/\/infoecos.com.ar\/index.php\/hoy-se-reune-en-trenque-lauquen-la-juventud-radical-de-la-4-seccion-electoral\/#primaryimage"},"thumbnailUrl":"","datePublished":"2022-04-23T05:53:11+00:00","dateModified":"2022-04-23T05:53:12+00:00","breadcrumb":{"@id":"https:\/\/infoecos.com.ar\/index.php\/hoy-se-reune-en-trenque-lauquen-la-juventud-radical-de-la-4-seccion-electoral\/#breadcrumb"},"inLanguage":"es","potentialAction":[{"@type":"ReadAction","target":["https:\/\/infoecos.com.ar\/index.php\/hoy-se-reune-en-trenque-lauquen-la-juventud-radical-de-la-4-seccion-electoral\/"]}]},{"@type":"ImageObject","inLanguage":"es","@id":"https:\/\/infoecos.com.ar\/index.php\/hoy-se-reune-en-trenque-lauquen-la-juventud-radical-de-la-4-seccion-electoral\/#primaryimage","url":"","contentUrl":""},{"@type":"BreadcrumbList","@id":"https:\/\/infoecos.com.ar\/index.php\/hoy-se-reune-en-trenque-lauquen-la-juventud-radical-de-la-4-seccion-electoral\/#breadcrumb","itemListElement":[{"@type":"ListItem","position":1,"name":"Portada","item":"https:\/\/infoecos.com.ar\/"},{"@type":"ListItem","position":2,"name":"Hoy se re\u00fane en Trenque Lauquen la Juventud Radical de la 4\u00b0 Secci\u00f3n Electoral"}]},{"@type":"WebSite","@id":"https:\/\/infoecos.com.ar\/#website","url":"https:\/\/infoecos.com.ar\/","name":"Infoecos","description":"Noticias de trenque lauquen y la zona","publisher":{"@id":"https:\/\/infoecos.com.ar\/#organization"},"alternateName":"Noticias","potentialAction":[{"@type":"SearchAction","target":{"@type":"EntryPoint","urlTemplate":"https:\/\/infoecos.com.ar\/?s={search_term_string}"},"query-input":{"@type":"PropertyValueSpecification","valueRequired":true,"valueName":"search_term_string"}}],"inLanguage":"es"},{"@type":"Organization","@id":"https:\/\/infoecos.com.ar\/#organization","name":"Infoecos","alternateName":"Noticias","url":"https:\/\/infoecos.com.ar\/","logo":{"@type":"ImageObject","inLanguage":"es","@id":"https:\/\/infoecos.com.ar\/#\/schema\/logo\/image\/","url":"https:\/\/infoecos.com.ar\/wp-content\/uploads\/2024\/03\/cropped-logo.png","contentUrl":"https:\/\/infoecos.com.ar\/wp-content\/uploads\/2024\/03\/cropped-logo.png","width":374,"height":90,"caption":"Infoecos"},"image":{"@id":"https:\/\/infoecos.com.ar\/#\/schema\/logo\/image\/"},"sameAs":["https:\/\/www.facebook.com\/profile.php?id=100063200290284","https:\/\/x.com\/infoecos"]},{"@type":"Person","@id":"https:\/\/infoecos.com.ar\/#\/schema\/person\/8f5ace5ce73b4b4aac4b7245aee6f191","name":"Jorge Matheus","url":"https:\/\/infoecos.com.ar\/index.php\/author\/jomatheus\/"}]}},"featured_image_urls":{"full":"","thumbnail":"","medium":"","medium_large":"","large":"","1536x1536":"","2048x2048":"","covernews-slider-full":"","covernews-slider-center":"","covernews-featured":"","covernews-medium":"","covernews-medium-square":""},"author_info":{"info":["Jorge Matheus"]},"category_info":"<a href=\"https:\/\/infoecos.com.ar\/index.php\/category\/c2nota1\/\" rel=\"category tag\">C2 nota 1<\/a>","tag_info":"C2 nota 1","comment_count":"0","_links":{"self":[{"href":"https:\/\/infoecos.com.ar\/index.php\/wp-json\/wp\/v2\/posts\/91496"}],"collection":[{"href":"https:\/\/infoecos.com.ar\/index.php\/wp-json\/wp\/v2\/posts"}],"about":[{"href":"https:\/\/infoecos.com.ar\/index.php\/wp-json\/wp\/v2\/types\/post"}],"author":[{"embeddable":true,"href":"https:\/\/infoecos.com.ar\/index.php\/wp-json\/wp\/v2\/users\/2"}],"replies":[{"embeddable":true,"href":"https:\/\/infoecos.com.ar\/index.php\/wp-json\/wp\/v2\/comments?post=91496"}],"version-history":[{"count":1,"href":"https:\/\/infoecos.com.ar\/index.php\/wp-json\/wp\/v2\/posts\/91496\/revisions"}],"predecessor-version":[{"id":91497,"href":"https:\/\/infoecos.com.ar\/index.php\/wp-json\/wp\/v2\/posts\/91496\/revisions\/91497"}],"wp:featuredmedia":[{"embeddable":true,"href":"https:\/\/infoecos.com.ar\/index.php\/wp-json\/"}],"wp:attachment":[{"href":"https:\/\/infoecos.com.ar\/index.php\/wp-json\/wp\/v2\/media?parent=91496"}],"wp:term":[{"taxonomy":"category","embeddable":true,"href":"https:\/\/infoecos.com.ar\/index.php\/wp-json\/wp\/v2\/categories?post=91496"},{"taxonomy":"post_tag","embeddable":true,"href":"https:\/\/infoecos.com.ar\/index.php\/wp-json\/wp\/v2\/tags?post=91496"}],"curies":[{"name":"wp","href":"https:\/\/api.w.org\/{rel}","templated":true}]}}