{"id":91577,"date":"2022-04-26T18:44:42","date_gmt":"2022-04-26T21:44:42","guid":{"rendered":"http:\/\/infoecos.com.ar\/?p=91577"},"modified":"2022-04-28T00:38:18","modified_gmt":"2022-04-28T03:38:18","slug":"jose-perkins-combativo-productor-agropecuario-de-pehuajo-no-descarto-su-postulacion-a-intendente-municipal","status":"publish","type":"post","link":"https:\/\/infoecos.com.ar\/index.php\/jose-perkins-combativo-productor-agropecuario-de-pehuajo-no-descarto-su-postulacion-a-intendente-municipal\/","title":{"rendered":"Jos\u00e9 Perkins, combativo productor agropecuario de Pehuaj\u00f3, no descart\u00f3 su postulaci\u00f3n a Intendente Municipal"},"content":{"rendered":"\n<p>El productor y dirigente del sector denominado Campo+Ciudad, Jos\u00e9 Perkins, que promovi\u00f3 &#8211; entre otros &#8211; la concentraci\u00f3n de productores en la ciudad de Buenos Aires, el pasado s\u00e1bado formul\u00f3 declaraciones a FM del SOL de Pehuaj\u00f3, las que han tenido una acentuada repercusi\u00f3n en ese distrito, donde tiene una explotaci\u00f3n agropecuaria. Est\u00e1n vinculadas con la pol\u00edtica. Cuando se le pregunt\u00f3 sobre una posible candidatura a intendente manifest\u00f3 que \u00absi alg\u00fan d\u00eda me postulo no me voten, porque voy a cerrar todos los kioscos y echar a todos los par\u00e1sitos que hay adentro de la Municipalidad. Va a quedar mucha gente dolida y sangrando\u00bb. <\/p>\n\n\n\n<div class=\"wp-block-image\"><figure class=\"aligncenter size-large is-resized\"><img loading=\"lazy\" decoding=\"async\" src=\"http:\/\/infoecos.com.ar\/wp-content\/uploads\/2022\/04\/perkins.jpg\" alt=\"\" class=\"wp-image-91579\" width=\"539\" height=\"282\"\/><\/figure><\/div>\n\n\n\n<p>\u201cFalta mucho tiempo, pero hay una elecci\u00f3n que se tiene que dar en forma democr\u00e1tica. Hay personas que ya se han manifestado para ser intendente. Tienen que decir para que quieren ser intendente y que es lo que van a hacer. Pong\u00e1monos las pilas para que esto salga adelante\u201d, agreg\u00f3, sin descartar la posibilidad de incursionar en la vida pol\u00edtico-partidaria.<\/p>\n\n\n\n<p>Al ser interrogado sobre la manifestaci\u00f3n del s\u00e1bado, se\u00f1al\u00f3 que \u201cla jornada del s\u00e1bado me dej\u00f3 esperanza. Se juntaron mas de 180.000 personas un d\u00eda s\u00e1bado sin que fueran arriadas como ganado. Hay un pa\u00eds que no se ve pero que en este caso sali\u00f3. Entre tanto \u2018quilombo\u2019 es dif\u00edcil que la gente se movilice, pero hubo algunos casos que me emocionaron en lo personal, muchos testimonios\u201d.<\/p>\n\n\n\n<div class=\"wp-block-image\"><figure class=\"aligncenter size-large is-resized\"><img loading=\"lazy\" decoding=\"async\" src=\"http:\/\/infoecos.com.ar\/wp-content\/uploads\/2022\/04\/manifestacionagropecuaria260422-920x518.jpg\" alt=\"\" class=\"wp-image-91578\" width=\"648\" height=\"364\" srcset=\"https:\/\/infoecos.com.ar\/wp-content\/uploads\/2022\/04\/manifestacionagropecuaria260422-920x518.jpg 920w, https:\/\/infoecos.com.ar\/wp-content\/uploads\/2022\/04\/manifestacionagropecuaria260422-460x259.jpg 460w, https:\/\/infoecos.com.ar\/wp-content\/uploads\/2022\/04\/manifestacionagropecuaria260422-768x432.jpg 768w, https:\/\/infoecos.com.ar\/wp-content\/uploads\/2022\/04\/manifestacionagropecuaria260422-1536x864.jpg 1536w, https:\/\/infoecos.com.ar\/wp-content\/uploads\/2022\/04\/manifestacionagropecuaria260422-1024x576.jpg 1024w, https:\/\/infoecos.com.ar\/wp-content\/uploads\/2022\/04\/manifestacionagropecuaria260422.jpg 1920w\" sizes=\"(max-width: 648px) 100vw, 648px\" \/><\/figure><\/div>\n\n\n\n<p>\u201cNosotros estamos proponiendo una agenda a 20 a\u00f1os y no para ma\u00f1ana. Ojal\u00e1 no haya que salir otra vez a la calle y podamos acompa\u00f1ar a este Gobierno que tiene dos a\u00f1os por delante. Hay que alentar a que las cosas funcionen con institucionalidad. El s\u00e1bado regalamos 10.000 constituciones con aportes solidarios, eso es lo que queremos que se respete y ah\u00ed vamos\u201d, apunt\u00f3 en otro orden. <\/p>\n\n\n\n<p><\/p>\n","protected":false},"excerpt":{"rendered":"<p>Cuando se le pregunt\u00f3 sobre una posible candidatura a intendente manifest\u00f3 que \u00absi alg\u00fan d\u00eda me postulo no me voten, porque voy a cerrar todos los kioscos y echar a todos los par\u00e1sitos que hay adentro de la Municipalidad. Va a quedar mucha gente dolida y sangrando\u00bb<\/p>\n","protected":false},"author":2,"featured_media":91578,"comment_status":"closed","ping_status":"open","sticky":false,"template":"","format":"standard","meta":{"footnotes":""},"categories":[44],"tags":[5919],"class_list":["post-91577","post","type-post","status-publish","format-standard","has-post-thumbnail","hentry","category-inferior5","tag-dara-que-hablar"],"yoast_head":"<!-- This site is optimized with the Yoast SEO plugin v23.4 - https:\/\/yoast.com\/wordpress\/plugins\/seo\/ -->\n<title>Jos\u00e9 Perkins, combativo productor agropecuario de Pehuaj\u00f3, no descart\u00f3 su postulaci\u00f3n a Intendente Municipal - Infoecos<\/title>\n<meta name=\"robots\" content=\"index, follow, max-snippet:-1, max-image-preview:large, max-video-preview:-1\" \/>\n<link rel=\"canonical\" href=\"https:\/\/infoecos.com.ar\/index.php\/jose-perkins-combativo-productor-agropecuario-de-pehuajo-no-descarto-su-postulacion-a-intendente-municipal\/\" \/>\n<meta property=\"og:locale\" content=\"es_ES\" \/>\n<meta property=\"og:type\" content=\"article\" \/>\n<meta property=\"og:title\" content=\"Jos\u00e9 Perkins, combativo productor agropecuario de Pehuaj\u00f3, no descart\u00f3 su postulaci\u00f3n a Intendente Municipal - Infoecos\" \/>\n<meta property=\"og:description\" content=\"Cuando se le pregunt\u00f3 sobre una posible candidatura a intendente manifest\u00f3 que &quot;si alg\u00fan d\u00eda me postulo no me voten, porque voy a cerrar todos los kioscos y echar a todos los par\u00e1sitos que hay adentro de la Municipalidad. Va a quedar mucha gente dolida y sangrando&quot;\" \/>\n<meta property=\"og:url\" content=\"https:\/\/infoecos.com.ar\/index.php\/jose-perkins-combativo-productor-agropecuario-de-pehuajo-no-descarto-su-postulacion-a-intendente-municipal\/\" \/>\n<meta property=\"og:site_name\" content=\"Infoecos\" \/>\n<meta property=\"article:publisher\" content=\"https:\/\/www.facebook.com\/profile.php?id=100063200290284\" \/>\n<meta property=\"article:published_time\" content=\"2022-04-26T21:44:42+00:00\" \/>\n<meta property=\"article:modified_time\" content=\"2022-04-28T03:38:18+00:00\" \/>\n<meta property=\"og:image\" content=\"https:\/\/infoecos.com.ar\/wp-content\/uploads\/2022\/04\/manifestacionagropecuaria260422.jpg\" \/>\n\t<meta property=\"og:image:width\" content=\"1920\" \/>\n\t<meta property=\"og:image:height\" content=\"1080\" \/>\n\t<meta property=\"og:image:type\" content=\"image\/jpeg\" \/>\n<meta name=\"author\" content=\"Jorge Matheus\" \/>\n<meta name=\"twitter:card\" content=\"summary_large_image\" \/>\n<meta name=\"twitter:creator\" content=\"@infoecos\" \/>\n<meta name=\"twitter:site\" content=\"@infoecos\" \/>\n<meta name=\"twitter:label1\" content=\"Escrito por\" \/>\n\t<meta name=\"twitter:data1\" content=\"Jorge Matheus\" \/>\n\t<meta name=\"twitter:label2\" content=\"Tiempo de lectura\" \/>\n\t<meta name=\"twitter:data2\" content=\"2 minutos\" \/>\n<script type=\"application\/ld+json\" class=\"yoast-schema-graph\">{\"@context\":\"https:\/\/schema.org\",\"@graph\":[{\"@type\":\"Article\",\"@id\":\"https:\/\/infoecos.com.ar\/index.php\/jose-perkins-combativo-productor-agropecuario-de-pehuajo-no-descarto-su-postulacion-a-intendente-municipal\/#article\",\"isPartOf\":{\"@id\":\"https:\/\/infoecos.com.ar\/index.php\/jose-perkins-combativo-productor-agropecuario-de-pehuajo-no-descarto-su-postulacion-a-intendente-municipal\/\"},\"author\":{\"name\":\"Jorge Matheus\",\"@id\":\"https:\/\/infoecos.com.ar\/#\/schema\/person\/8f5ace5ce73b4b4aac4b7245aee6f191\"},\"headline\":\"Jos\u00e9 Perkins, combativo productor agropecuario de Pehuaj\u00f3, no descart\u00f3 su postulaci\u00f3n a Intendente Municipal\",\"datePublished\":\"2022-04-26T21:44:42+00:00\",\"dateModified\":\"2022-04-28T03:38:18+00:00\",\"mainEntityOfPage\":{\"@id\":\"https:\/\/infoecos.com.ar\/index.php\/jose-perkins-combativo-productor-agropecuario-de-pehuajo-no-descarto-su-postulacion-a-intendente-municipal\/\"},\"wordCount\":337,\"publisher\":{\"@id\":\"https:\/\/infoecos.com.ar\/#organization\"},\"image\":{\"@id\":\"https:\/\/infoecos.com.ar\/index.php\/jose-perkins-combativo-productor-agropecuario-de-pehuajo-no-descarto-su-postulacion-a-intendente-municipal\/#primaryimage\"},\"thumbnailUrl\":\"https:\/\/infoecos.com.ar\/wp-content\/uploads\/2022\/04\/manifestacionagropecuaria260422.jpg\",\"keywords\":[\"dar\u00e1 que hablar\"],\"articleSection\":[\"Bloque inferior - 5\"],\"inLanguage\":\"es\"},{\"@type\":\"WebPage\",\"@id\":\"https:\/\/infoecos.com.ar\/index.php\/jose-perkins-combativo-productor-agropecuario-de-pehuajo-no-descarto-su-postulacion-a-intendente-municipal\/\",\"url\":\"https:\/\/infoecos.com.ar\/index.php\/jose-perkins-combativo-productor-agropecuario-de-pehuajo-no-descarto-su-postulacion-a-intendente-municipal\/\",\"name\":\"Jos\u00e9 Perkins, combativo productor agropecuario de Pehuaj\u00f3, no descart\u00f3 su postulaci\u00f3n a Intendente Municipal - Infoecos\",\"isPartOf\":{\"@id\":\"https:\/\/infoecos.com.ar\/#website\"},\"primaryImageOfPage\":{\"@id\":\"https:\/\/infoecos.com.ar\/index.php\/jose-perkins-combativo-productor-agropecuario-de-pehuajo-no-descarto-su-postulacion-a-intendente-municipal\/#primaryimage\"},\"image\":{\"@id\":\"https:\/\/infoecos.com.ar\/index.php\/jose-perkins-combativo-productor-agropecuario-de-pehuajo-no-descarto-su-postulacion-a-intendente-municipal\/#primaryimage\"},\"thumbnailUrl\":\"https:\/\/infoecos.com.ar\/wp-content\/uploads\/2022\/04\/manifestacionagropecuaria260422.jpg\",\"datePublished\":\"2022-04-26T21:44:42+00:00\",\"dateModified\":\"2022-04-28T03:38:18+00:00\",\"breadcrumb\":{\"@id\":\"https:\/\/infoecos.com.ar\/index.php\/jose-perkins-combativo-productor-agropecuario-de-pehuajo-no-descarto-su-postulacion-a-intendente-municipal\/#breadcrumb\"},\"inLanguage\":\"es\",\"potentialAction\":[{\"@type\":\"ReadAction\",\"target\":[\"https:\/\/infoecos.com.ar\/index.php\/jose-perkins-combativo-productor-agropecuario-de-pehuajo-no-descarto-su-postulacion-a-intendente-municipal\/\"]}]},{\"@type\":\"ImageObject\",\"inLanguage\":\"es\",\"@id\":\"https:\/\/infoecos.com.ar\/index.php\/jose-perkins-combativo-productor-agropecuario-de-pehuajo-no-descarto-su-postulacion-a-intendente-municipal\/#primaryimage\",\"url\":\"https:\/\/infoecos.com.ar\/wp-content\/uploads\/2022\/04\/manifestacionagropecuaria260422.jpg\",\"contentUrl\":\"https:\/\/infoecos.com.ar\/wp-content\/uploads\/2022\/04\/manifestacionagropecuaria260422.jpg\",\"width\":1920,\"height\":1080},{\"@type\":\"BreadcrumbList\",\"@id\":\"https:\/\/infoecos.com.ar\/index.php\/jose-perkins-combativo-productor-agropecuario-de-pehuajo-no-descarto-su-postulacion-a-intendente-municipal\/#breadcrumb\",\"itemListElement\":[{\"@type\":\"ListItem\",\"position\":1,\"name\":\"Portada\",\"item\":\"https:\/\/infoecos.com.ar\/\"},{\"@type\":\"ListItem\",\"position\":2,\"name\":\"Jos\u00e9 Perkins, combativo productor agropecuario de Pehuaj\u00f3, no descart\u00f3 su postulaci\u00f3n a Intendente Municipal\"}]},{\"@type\":\"WebSite\",\"@id\":\"https:\/\/infoecos.com.ar\/#website\",\"url\":\"https:\/\/infoecos.com.ar\/\",\"name\":\"Infoecos\",\"description\":\"Noticias de trenque lauquen y la zona\",\"publisher\":{\"@id\":\"https:\/\/infoecos.com.ar\/#organization\"},\"alternateName\":\"Noticias\",\"potentialAction\":[{\"@type\":\"SearchAction\",\"target\":{\"@type\":\"EntryPoint\",\"urlTemplate\":\"https:\/\/infoecos.com.ar\/?s={search_term_string}\"},\"query-input\":{\"@type\":\"PropertyValueSpecification\",\"valueRequired\":true,\"valueName\":\"search_term_string\"}}],\"inLanguage\":\"es\"},{\"@type\":\"Organization\",\"@id\":\"https:\/\/infoecos.com.ar\/#organization\",\"name\":\"Infoecos\",\"alternateName\":\"Noticias\",\"url\":\"https:\/\/infoecos.com.ar\/\",\"logo\":{\"@type\":\"ImageObject\",\"inLanguage\":\"es\",\"@id\":\"https:\/\/infoecos.com.ar\/#\/schema\/logo\/image\/\",\"url\":\"https:\/\/infoecos.com.ar\/wp-content\/uploads\/2024\/03\/cropped-logo.png\",\"contentUrl\":\"https:\/\/infoecos.com.ar\/wp-content\/uploads\/2024\/03\/cropped-logo.png\",\"width\":374,\"height\":90,\"caption\":\"Infoecos\"},\"image\":{\"@id\":\"https:\/\/infoecos.com.ar\/#\/schema\/logo\/image\/\"},\"sameAs\":[\"https:\/\/www.facebook.com\/profile.php?id=100063200290284\",\"https:\/\/x.com\/infoecos\"]},{\"@type\":\"Person\",\"@id\":\"https:\/\/infoecos.com.ar\/#\/schema\/person\/8f5ace5ce73b4b4aac4b7245aee6f191\",\"name\":\"Jorge Matheus\",\"url\":\"https:\/\/infoecos.com.ar\/index.php\/author\/jomatheus\/\"}]}<\/script>\n<!-- \/ Yoast SEO plugin. -->","yoast_head_json":{"title":"Jos\u00e9 Perkins, combativo productor agropecuario de Pehuaj\u00f3, no descart\u00f3 su postulaci\u00f3n a Intendente Municipal - Infoecos","robots":{"index":"index","follow":"follow","max-snippet":"max-snippet:-1","max-image-preview":"max-image-preview:large","max-video-preview":"max-video-preview:-1"},"canonical":"https:\/\/infoecos.com.ar\/index.php\/jose-perkins-combativo-productor-agropecuario-de-pehuajo-no-descarto-su-postulacion-a-intendente-municipal\/","og_locale":"es_ES","og_type":"article","og_title":"Jos\u00e9 Perkins, combativo productor agropecuario de Pehuaj\u00f3, no descart\u00f3 su postulaci\u00f3n a Intendente Municipal - Infoecos","og_description":"Cuando se le pregunt\u00f3 sobre una posible candidatura a intendente manifest\u00f3 que \"si alg\u00fan d\u00eda me postulo no me voten, porque voy a cerrar todos los kioscos y echar a todos los par\u00e1sitos que hay adentro de la Municipalidad. Va a quedar mucha gente dolida y sangrando\"","og_url":"https:\/\/infoecos.com.ar\/index.php\/jose-perkins-combativo-productor-agropecuario-de-pehuajo-no-descarto-su-postulacion-a-intendente-municipal\/","og_site_name":"Infoecos","article_publisher":"https:\/\/www.facebook.com\/profile.php?id=100063200290284","article_published_time":"2022-04-26T21:44:42+00:00","article_modified_time":"2022-04-28T03:38:18+00:00","og_image":[{"width":1920,"height":1080,"url":"https:\/\/infoecos.com.ar\/wp-content\/uploads\/2022\/04\/manifestacionagropecuaria260422.jpg","type":"image\/jpeg"}],"author":"Jorge Matheus","twitter_card":"summary_large_image","twitter_creator":"@infoecos","twitter_site":"@infoecos","twitter_misc":{"Escrito por":"Jorge Matheus","Tiempo de lectura":"2 minutos"},"schema":{"@context":"https:\/\/schema.org","@graph":[{"@type":"Article","@id":"https:\/\/infoecos.com.ar\/index.php\/jose-perkins-combativo-productor-agropecuario-de-pehuajo-no-descarto-su-postulacion-a-intendente-municipal\/#article","isPartOf":{"@id":"https:\/\/infoecos.com.ar\/index.php\/jose-perkins-combativo-productor-agropecuario-de-pehuajo-no-descarto-su-postulacion-a-intendente-municipal\/"},"author":{"name":"Jorge Matheus","@id":"https:\/\/infoecos.com.ar\/#\/schema\/person\/8f5ace5ce73b4b4aac4b7245aee6f191"},"headline":"Jos\u00e9 Perkins, combativo productor agropecuario de Pehuaj\u00f3, no descart\u00f3 su postulaci\u00f3n a Intendente Municipal","datePublished":"2022-04-26T21:44:42+00:00","dateModified":"2022-04-28T03:38:18+00:00","mainEntityOfPage":{"@id":"https:\/\/infoecos.com.ar\/index.php\/jose-perkins-combativo-productor-agropecuario-de-pehuajo-no-descarto-su-postulacion-a-intendente-municipal\/"},"wordCount":337,"publisher":{"@id":"https:\/\/infoecos.com.ar\/#organization"},"image":{"@id":"https:\/\/infoecos.com.ar\/index.php\/jose-perkins-combativo-productor-agropecuario-de-pehuajo-no-descarto-su-postulacion-a-intendente-municipal\/#primaryimage"},"thumbnailUrl":"https:\/\/infoecos.com.ar\/wp-content\/uploads\/2022\/04\/manifestacionagropecuaria260422.jpg","keywords":["dar\u00e1 que hablar"],"articleSection":["Bloque inferior - 5"],"inLanguage":"es"},{"@type":"WebPage","@id":"https:\/\/infoecos.com.ar\/index.php\/jose-perkins-combativo-productor-agropecuario-de-pehuajo-no-descarto-su-postulacion-a-intendente-municipal\/","url":"https:\/\/infoecos.com.ar\/index.php\/jose-perkins-combativo-productor-agropecuario-de-pehuajo-no-descarto-su-postulacion-a-intendente-municipal\/","name":"Jos\u00e9 Perkins, combativo productor agropecuario de Pehuaj\u00f3, no descart\u00f3 su postulaci\u00f3n a Intendente Municipal - Infoecos","isPartOf":{"@id":"https:\/\/infoecos.com.ar\/#website"},"primaryImageOfPage":{"@id":"https:\/\/infoecos.com.ar\/index.php\/jose-perkins-combativo-productor-agropecuario-de-pehuajo-no-descarto-su-postulacion-a-intendente-municipal\/#primaryimage"},"image":{"@id":"https:\/\/infoecos.com.ar\/index.php\/jose-perkins-combativo-productor-agropecuario-de-pehuajo-no-descarto-su-postulacion-a-intendente-municipal\/#primaryimage"},"thumbnailUrl":"https:\/\/infoecos.com.ar\/wp-content\/uploads\/2022\/04\/manifestacionagropecuaria260422.jpg","datePublished":"2022-04-26T21:44:42+00:00","dateModified":"2022-04-28T03:38:18+00:00","breadcrumb":{"@id":"https:\/\/infoecos.com.ar\/index.php\/jose-perkins-combativo-productor-agropecuario-de-pehuajo-no-descarto-su-postulacion-a-intendente-municipal\/#breadcrumb"},"inLanguage":"es","potentialAction":[{"@type":"ReadAction","target":["https:\/\/infoecos.com.ar\/index.php\/jose-perkins-combativo-productor-agropecuario-de-pehuajo-no-descarto-su-postulacion-a-intendente-municipal\/"]}]},{"@type":"ImageObject","inLanguage":"es","@id":"https:\/\/infoecos.com.ar\/index.php\/jose-perkins-combativo-productor-agropecuario-de-pehuajo-no-descarto-su-postulacion-a-intendente-municipal\/#primaryimage","url":"https:\/\/infoecos.com.ar\/wp-content\/uploads\/2022\/04\/manifestacionagropecuaria260422.jpg","contentUrl":"https:\/\/infoecos.com.ar\/wp-content\/uploads\/2022\/04\/manifestacionagropecuaria260422.jpg","width":1920,"height":1080},{"@type":"BreadcrumbList","@id":"https:\/\/infoecos.com.ar\/index.php\/jose-perkins-combativo-productor-agropecuario-de-pehuajo-no-descarto-su-postulacion-a-intendente-municipal\/#breadcrumb","itemListElement":[{"@type":"ListItem","position":1,"name":"Portada","item":"https:\/\/infoecos.com.ar\/"},{"@type":"ListItem","position":2,"name":"Jos\u00e9 Perkins, combativo productor agropecuario de Pehuaj\u00f3, no descart\u00f3 su postulaci\u00f3n a Intendente Municipal"}]},{"@type":"WebSite","@id":"https:\/\/infoecos.com.ar\/#website","url":"https:\/\/infoecos.com.ar\/","name":"Infoecos","description":"Noticias de trenque lauquen y la zona","publisher":{"@id":"https:\/\/infoecos.com.ar\/#organization"},"alternateName":"Noticias","potentialAction":[{"@type":"SearchAction","target":{"@type":"EntryPoint","urlTemplate":"https:\/\/infoecos.com.ar\/?s={search_term_string}"},"query-input":{"@type":"PropertyValueSpecification","valueRequired":true,"valueName":"search_term_string"}}],"inLanguage":"es"},{"@type":"Organization","@id":"https:\/\/infoecos.com.ar\/#organization","name":"Infoecos","alternateName":"Noticias","url":"https:\/\/infoecos.com.ar\/","logo":{"@type":"ImageObject","inLanguage":"es","@id":"https:\/\/infoecos.com.ar\/#\/schema\/logo\/image\/","url":"https:\/\/infoecos.com.ar\/wp-content\/uploads\/2024\/03\/cropped-logo.png","contentUrl":"https:\/\/infoecos.com.ar\/wp-content\/uploads\/2024\/03\/cropped-logo.png","width":374,"height":90,"caption":"Infoecos"},"image":{"@id":"https:\/\/infoecos.com.ar\/#\/schema\/logo\/image\/"},"sameAs":["https:\/\/www.facebook.com\/profile.php?id=100063200290284","https:\/\/x.com\/infoecos"]},{"@type":"Person","@id":"https:\/\/infoecos.com.ar\/#\/schema\/person\/8f5ace5ce73b4b4aac4b7245aee6f191","name":"Jorge Matheus","url":"https:\/\/infoecos.com.ar\/index.php\/author\/jomatheus\/"}]}},"featured_image_urls":{"full":["https:\/\/infoecos.com.ar\/wp-content\/uploads\/2022\/04\/manifestacionagropecuaria260422.jpg",1920,1080,false],"thumbnail":["https:\/\/infoecos.com.ar\/wp-content\/uploads\/2022\/04\/manifestacionagropecuaria260422-150x150.jpg",150,150,true],"medium":["https:\/\/infoecos.com.ar\/wp-content\/uploads\/2022\/04\/manifestacionagropecuaria260422-460x259.jpg",460,259,true],"medium_large":["https:\/\/infoecos.com.ar\/wp-content\/uploads\/2022\/04\/manifestacionagropecuaria260422-768x432.jpg",640,360,true],"large":["https:\/\/infoecos.com.ar\/wp-content\/uploads\/2022\/04\/manifestacionagropecuaria260422-920x518.jpg",640,360,true],"1536x1536":["https:\/\/infoecos.com.ar\/wp-content\/uploads\/2022\/04\/manifestacionagropecuaria260422-1536x864.jpg",1536,864,true],"2048x2048":["https:\/\/infoecos.com.ar\/wp-content\/uploads\/2022\/04\/manifestacionagropecuaria260422.jpg",1920,1080,false],"covernews-slider-full":["https:\/\/infoecos.com.ar\/wp-content\/uploads\/2022\/04\/manifestacionagropecuaria260422-1536x1020.jpg",1077,715,true],"covernews-slider-center":["https:\/\/infoecos.com.ar\/wp-content\/uploads\/2022\/04\/manifestacionagropecuaria260422-936x897.jpg",522,500,true],"covernews-featured":["https:\/\/infoecos.com.ar\/wp-content\/uploads\/2022\/04\/manifestacionagropecuaria260422-1024x576.jpg",1024,576,true],"covernews-medium":["https:\/\/infoecos.com.ar\/wp-content\/uploads\/2022\/04\/manifestacionagropecuaria260422-720x380.jpg",540,285,true],"covernews-medium-square":["https:\/\/infoecos.com.ar\/wp-content\/uploads\/2022\/04\/manifestacionagropecuaria260422-675x450.jpg",375,250,true]},"author_info":{"info":["Jorge Matheus"]},"category_info":"<a href=\"https:\/\/infoecos.com.ar\/index.php\/category\/inferior5\/\" rel=\"category tag\">Bloque inferior - 5<\/a>","tag_info":"Bloque inferior - 5","comment_count":"0","_links":{"self":[{"href":"https:\/\/infoecos.com.ar\/index.php\/wp-json\/wp\/v2\/posts\/91577"}],"collection":[{"href":"https:\/\/infoecos.com.ar\/index.php\/wp-json\/wp\/v2\/posts"}],"about":[{"href":"https:\/\/infoecos.com.ar\/index.php\/wp-json\/wp\/v2\/types\/post"}],"author":[{"embeddable":true,"href":"https:\/\/infoecos.com.ar\/index.php\/wp-json\/wp\/v2\/users\/2"}],"replies":[{"embeddable":true,"href":"https:\/\/infoecos.com.ar\/index.php\/wp-json\/wp\/v2\/comments?post=91577"}],"version-history":[{"count":1,"href":"https:\/\/infoecos.com.ar\/index.php\/wp-json\/wp\/v2\/posts\/91577\/revisions"}],"predecessor-version":[{"id":91580,"href":"https:\/\/infoecos.com.ar\/index.php\/wp-json\/wp\/v2\/posts\/91577\/revisions\/91580"}],"wp:featuredmedia":[{"embeddable":true,"href":"https:\/\/infoecos.com.ar\/index.php\/wp-json\/wp\/v2\/media\/91578"}],"wp:attachment":[{"href":"https:\/\/infoecos.com.ar\/index.php\/wp-json\/wp\/v2\/media?parent=91577"}],"wp:term":[{"taxonomy":"category","embeddable":true,"href":"https:\/\/infoecos.com.ar\/index.php\/wp-json\/wp\/v2\/categories?post=91577"},{"taxonomy":"post_tag","embeddable":true,"href":"https:\/\/infoecos.com.ar\/index.php\/wp-json\/wp\/v2\/tags?post=91577"}],"curies":[{"name":"wp","href":"https:\/\/api.w.org\/{rel}","templated":true}]}}