{"id":91599,"date":"2022-04-26T22:36:22","date_gmt":"2022-04-27T01:36:22","guid":{"rendered":"http:\/\/infoecos.com.ar\/?p=91599"},"modified":"2022-04-28T00:36:24","modified_gmt":"2022-04-28T03:36:24","slug":"el-radicalismo-de-la-4-seccion-electoral-se-reunira-en-general-arenales","status":"publish","type":"post","link":"https:\/\/infoecos.com.ar\/index.php\/el-radicalismo-de-la-4-seccion-electoral-se-reunira-en-general-arenales\/","title":{"rendered":"El radicalismo de la 4\u00b0 Secci\u00f3n Electoral se reunir\u00e1 en General Arenales"},"content":{"rendered":"\n<p>El radicalismo de la cuarta secci\u00f3n electoral se reunir\u00e1 en General Arenales. Ser\u00e1 anfitriona, en consecuencia, Erica Revilla, actual senadora provincial y vicepresidenta de la corriente pol\u00edtica en territorio bonaerense. Se supo a trav\u00e9s del sitio inforegi\u00f3n.com.ar que asistir\u00e1n los titulares de los 18 comit\u00e9s de distritos. No se informa sobre la fecha de realizaci\u00f3n de este encuentro, el que sin dudas tiene enorme gravitaci\u00f3n habida cuenta de los movimientos que vienen produci\u00e9ndose dentro de la coalici\u00f3n Juntos por el Cambio. <\/p>\n\n\n\n<div class=\"wp-block-image\"><figure class=\"aligncenter size-large is-resized\"><img loading=\"lazy\" decoding=\"async\" src=\"http:\/\/infoecos.com.ar\/wp-content\/uploads\/2021\/03\/ericarevilla.jpg\" alt=\"\" class=\"wp-image-77178\" width=\"676\" height=\"378\" srcset=\"https:\/\/infoecos.com.ar\/wp-content\/uploads\/2021\/03\/ericarevilla.jpg 880w, https:\/\/infoecos.com.ar\/wp-content\/uploads\/2021\/03\/ericarevilla-460x258.jpg 460w, https:\/\/infoecos.com.ar\/wp-content\/uploads\/2021\/03\/ericarevilla-768x430.jpg 768w\" sizes=\"(max-width: 676px) 100vw, 676px\" \/><\/figure><\/div>\n\n\n\n<p>Un referente seccional&nbsp;manifest\u00f3 al medio colega que \u00abla acci\u00f3n partidaria&nbsp;se enmarcar\u00e1 en&nbsp;necesidad de seguir fortaleciendo el armado pol\u00edtico en cada Comit\u00e9, generando encuentros y \u00e1mbitos con el apoyo de intendentes y legisladores para preparar cuadros en cada Municipio, de tal forma de recuperar el protagonismo poniendo \u00e9nfasis en aquellos lugares donde el partido no gobierna\u00bb.<\/p>\n","protected":false},"excerpt":{"rendered":"<p>Ser\u00e1 anfitriona, en consecuencia, Erica Revilla, actual senadora provincial y vicepresidenta de la corriente pol\u00edtica en territorio bonaerense<\/p>\n","protected":false},"author":2,"featured_media":77178,"comment_status":"closed","ping_status":"open","sticky":false,"template":"","format":"standard","meta":{"footnotes":""},"categories":[41],"tags":[1568],"class_list":["post-91599","post","type-post","status-publish","format-standard","has-post-thumbnail","hentry","category-inferior2","tag-politica-regional"],"yoast_head":"<!-- This site is optimized with the Yoast SEO plugin v23.4 - https:\/\/yoast.com\/wordpress\/plugins\/seo\/ -->\n<title>El radicalismo de la 4\u00b0 Secci\u00f3n Electoral se reunir\u00e1 en General Arenales - Infoecos<\/title>\n<meta name=\"robots\" content=\"index, follow, max-snippet:-1, max-image-preview:large, max-video-preview:-1\" \/>\n<link rel=\"canonical\" href=\"https:\/\/infoecos.com.ar\/index.php\/el-radicalismo-de-la-4-seccion-electoral-se-reunira-en-general-arenales\/\" \/>\n<meta property=\"og:locale\" content=\"es_ES\" \/>\n<meta property=\"og:type\" content=\"article\" \/>\n<meta property=\"og:title\" content=\"El radicalismo de la 4\u00b0 Secci\u00f3n Electoral se reunir\u00e1 en General Arenales - Infoecos\" \/>\n<meta property=\"og:description\" content=\"Ser\u00e1 anfitriona, en consecuencia, Erica Revilla, actual senadora provincial y vicepresidenta de la corriente pol\u00edtica en territorio bonaerense\" \/>\n<meta property=\"og:url\" content=\"https:\/\/infoecos.com.ar\/index.php\/el-radicalismo-de-la-4-seccion-electoral-se-reunira-en-general-arenales\/\" \/>\n<meta property=\"og:site_name\" content=\"Infoecos\" \/>\n<meta property=\"article:publisher\" content=\"https:\/\/www.facebook.com\/profile.php?id=100063200290284\" \/>\n<meta property=\"article:published_time\" content=\"2022-04-27T01:36:22+00:00\" \/>\n<meta property=\"article:modified_time\" content=\"2022-04-28T03:36:24+00:00\" \/>\n<meta property=\"og:image\" content=\"https:\/\/infoecos.com.ar\/wp-content\/uploads\/2021\/03\/ericarevilla.jpg\" \/>\n\t<meta property=\"og:image:width\" content=\"880\" \/>\n\t<meta property=\"og:image:height\" content=\"493\" \/>\n\t<meta property=\"og:image:type\" content=\"image\/jpeg\" \/>\n<meta name=\"author\" content=\"Jorge Matheus\" \/>\n<meta name=\"twitter:card\" content=\"summary_large_image\" \/>\n<meta name=\"twitter:creator\" content=\"@infoecos\" \/>\n<meta name=\"twitter:site\" content=\"@infoecos\" \/>\n<meta name=\"twitter:label1\" content=\"Escrito por\" \/>\n\t<meta name=\"twitter:data1\" content=\"Jorge Matheus\" \/>\n\t<meta name=\"twitter:label2\" content=\"Tiempo de lectura\" \/>\n\t<meta name=\"twitter:data2\" content=\"1 minuto\" \/>\n<script type=\"application\/ld+json\" class=\"yoast-schema-graph\">{\"@context\":\"https:\/\/schema.org\",\"@graph\":[{\"@type\":\"Article\",\"@id\":\"https:\/\/infoecos.com.ar\/index.php\/el-radicalismo-de-la-4-seccion-electoral-se-reunira-en-general-arenales\/#article\",\"isPartOf\":{\"@id\":\"https:\/\/infoecos.com.ar\/index.php\/el-radicalismo-de-la-4-seccion-electoral-se-reunira-en-general-arenales\/\"},\"author\":{\"name\":\"Jorge Matheus\",\"@id\":\"https:\/\/infoecos.com.ar\/#\/schema\/person\/8f5ace5ce73b4b4aac4b7245aee6f191\"},\"headline\":\"El radicalismo de la 4\u00b0 Secci\u00f3n Electoral se reunir\u00e1 en General Arenales\",\"datePublished\":\"2022-04-27T01:36:22+00:00\",\"dateModified\":\"2022-04-28T03:36:24+00:00\",\"mainEntityOfPage\":{\"@id\":\"https:\/\/infoecos.com.ar\/index.php\/el-radicalismo-de-la-4-seccion-electoral-se-reunira-en-general-arenales\/\"},\"wordCount\":167,\"publisher\":{\"@id\":\"https:\/\/infoecos.com.ar\/#organization\"},\"image\":{\"@id\":\"https:\/\/infoecos.com.ar\/index.php\/el-radicalismo-de-la-4-seccion-electoral-se-reunira-en-general-arenales\/#primaryimage\"},\"thumbnailUrl\":\"https:\/\/infoecos.com.ar\/wp-content\/uploads\/2021\/03\/ericarevilla.jpg\",\"keywords\":[\"POL\u00cdTICA REGIONAL\"],\"articleSection\":[\"Bloque inferior - 2\"],\"inLanguage\":\"es\"},{\"@type\":\"WebPage\",\"@id\":\"https:\/\/infoecos.com.ar\/index.php\/el-radicalismo-de-la-4-seccion-electoral-se-reunira-en-general-arenales\/\",\"url\":\"https:\/\/infoecos.com.ar\/index.php\/el-radicalismo-de-la-4-seccion-electoral-se-reunira-en-general-arenales\/\",\"name\":\"El radicalismo de la 4\u00b0 Secci\u00f3n Electoral se reunir\u00e1 en General Arenales - Infoecos\",\"isPartOf\":{\"@id\":\"https:\/\/infoecos.com.ar\/#website\"},\"primaryImageOfPage\":{\"@id\":\"https:\/\/infoecos.com.ar\/index.php\/el-radicalismo-de-la-4-seccion-electoral-se-reunira-en-general-arenales\/#primaryimage\"},\"image\":{\"@id\":\"https:\/\/infoecos.com.ar\/index.php\/el-radicalismo-de-la-4-seccion-electoral-se-reunira-en-general-arenales\/#primaryimage\"},\"thumbnailUrl\":\"https:\/\/infoecos.com.ar\/wp-content\/uploads\/2021\/03\/ericarevilla.jpg\",\"datePublished\":\"2022-04-27T01:36:22+00:00\",\"dateModified\":\"2022-04-28T03:36:24+00:00\",\"breadcrumb\":{\"@id\":\"https:\/\/infoecos.com.ar\/index.php\/el-radicalismo-de-la-4-seccion-electoral-se-reunira-en-general-arenales\/#breadcrumb\"},\"inLanguage\":\"es\",\"potentialAction\":[{\"@type\":\"ReadAction\",\"target\":[\"https:\/\/infoecos.com.ar\/index.php\/el-radicalismo-de-la-4-seccion-electoral-se-reunira-en-general-arenales\/\"]}]},{\"@type\":\"ImageObject\",\"inLanguage\":\"es\",\"@id\":\"https:\/\/infoecos.com.ar\/index.php\/el-radicalismo-de-la-4-seccion-electoral-se-reunira-en-general-arenales\/#primaryimage\",\"url\":\"https:\/\/infoecos.com.ar\/wp-content\/uploads\/2021\/03\/ericarevilla.jpg\",\"contentUrl\":\"https:\/\/infoecos.com.ar\/wp-content\/uploads\/2021\/03\/ericarevilla.jpg\",\"width\":880,\"height\":493},{\"@type\":\"BreadcrumbList\",\"@id\":\"https:\/\/infoecos.com.ar\/index.php\/el-radicalismo-de-la-4-seccion-electoral-se-reunira-en-general-arenales\/#breadcrumb\",\"itemListElement\":[{\"@type\":\"ListItem\",\"position\":1,\"name\":\"Portada\",\"item\":\"https:\/\/infoecos.com.ar\/\"},{\"@type\":\"ListItem\",\"position\":2,\"name\":\"El radicalismo de la 4\u00b0 Secci\u00f3n Electoral se reunir\u00e1 en General Arenales\"}]},{\"@type\":\"WebSite\",\"@id\":\"https:\/\/infoecos.com.ar\/#website\",\"url\":\"https:\/\/infoecos.com.ar\/\",\"name\":\"Infoecos\",\"description\":\"Noticias de trenque lauquen y la zona\",\"publisher\":{\"@id\":\"https:\/\/infoecos.com.ar\/#organization\"},\"alternateName\":\"Noticias\",\"potentialAction\":[{\"@type\":\"SearchAction\",\"target\":{\"@type\":\"EntryPoint\",\"urlTemplate\":\"https:\/\/infoecos.com.ar\/?s={search_term_string}\"},\"query-input\":{\"@type\":\"PropertyValueSpecification\",\"valueRequired\":true,\"valueName\":\"search_term_string\"}}],\"inLanguage\":\"es\"},{\"@type\":\"Organization\",\"@id\":\"https:\/\/infoecos.com.ar\/#organization\",\"name\":\"Infoecos\",\"alternateName\":\"Noticias\",\"url\":\"https:\/\/infoecos.com.ar\/\",\"logo\":{\"@type\":\"ImageObject\",\"inLanguage\":\"es\",\"@id\":\"https:\/\/infoecos.com.ar\/#\/schema\/logo\/image\/\",\"url\":\"https:\/\/infoecos.com.ar\/wp-content\/uploads\/2024\/03\/cropped-logo.png\",\"contentUrl\":\"https:\/\/infoecos.com.ar\/wp-content\/uploads\/2024\/03\/cropped-logo.png\",\"width\":374,\"height\":90,\"caption\":\"Infoecos\"},\"image\":{\"@id\":\"https:\/\/infoecos.com.ar\/#\/schema\/logo\/image\/\"},\"sameAs\":[\"https:\/\/www.facebook.com\/profile.php?id=100063200290284\",\"https:\/\/x.com\/infoecos\"]},{\"@type\":\"Person\",\"@id\":\"https:\/\/infoecos.com.ar\/#\/schema\/person\/8f5ace5ce73b4b4aac4b7245aee6f191\",\"name\":\"Jorge Matheus\",\"url\":\"https:\/\/infoecos.com.ar\/index.php\/author\/jomatheus\/\"}]}<\/script>\n<!-- \/ Yoast SEO plugin. -->","yoast_head_json":{"title":"El radicalismo de la 4\u00b0 Secci\u00f3n Electoral se reunir\u00e1 en General Arenales - Infoecos","robots":{"index":"index","follow":"follow","max-snippet":"max-snippet:-1","max-image-preview":"max-image-preview:large","max-video-preview":"max-video-preview:-1"},"canonical":"https:\/\/infoecos.com.ar\/index.php\/el-radicalismo-de-la-4-seccion-electoral-se-reunira-en-general-arenales\/","og_locale":"es_ES","og_type":"article","og_title":"El radicalismo de la 4\u00b0 Secci\u00f3n Electoral se reunir\u00e1 en General Arenales - Infoecos","og_description":"Ser\u00e1 anfitriona, en consecuencia, Erica Revilla, actual senadora provincial y vicepresidenta de la corriente pol\u00edtica en territorio bonaerense","og_url":"https:\/\/infoecos.com.ar\/index.php\/el-radicalismo-de-la-4-seccion-electoral-se-reunira-en-general-arenales\/","og_site_name":"Infoecos","article_publisher":"https:\/\/www.facebook.com\/profile.php?id=100063200290284","article_published_time":"2022-04-27T01:36:22+00:00","article_modified_time":"2022-04-28T03:36:24+00:00","og_image":[{"width":880,"height":493,"url":"https:\/\/infoecos.com.ar\/wp-content\/uploads\/2021\/03\/ericarevilla.jpg","type":"image\/jpeg"}],"author":"Jorge Matheus","twitter_card":"summary_large_image","twitter_creator":"@infoecos","twitter_site":"@infoecos","twitter_misc":{"Escrito por":"Jorge Matheus","Tiempo de lectura":"1 minuto"},"schema":{"@context":"https:\/\/schema.org","@graph":[{"@type":"Article","@id":"https:\/\/infoecos.com.ar\/index.php\/el-radicalismo-de-la-4-seccion-electoral-se-reunira-en-general-arenales\/#article","isPartOf":{"@id":"https:\/\/infoecos.com.ar\/index.php\/el-radicalismo-de-la-4-seccion-electoral-se-reunira-en-general-arenales\/"},"author":{"name":"Jorge Matheus","@id":"https:\/\/infoecos.com.ar\/#\/schema\/person\/8f5ace5ce73b4b4aac4b7245aee6f191"},"headline":"El radicalismo de la 4\u00b0 Secci\u00f3n Electoral se reunir\u00e1 en General Arenales","datePublished":"2022-04-27T01:36:22+00:00","dateModified":"2022-04-28T03:36:24+00:00","mainEntityOfPage":{"@id":"https:\/\/infoecos.com.ar\/index.php\/el-radicalismo-de-la-4-seccion-electoral-se-reunira-en-general-arenales\/"},"wordCount":167,"publisher":{"@id":"https:\/\/infoecos.com.ar\/#organization"},"image":{"@id":"https:\/\/infoecos.com.ar\/index.php\/el-radicalismo-de-la-4-seccion-electoral-se-reunira-en-general-arenales\/#primaryimage"},"thumbnailUrl":"https:\/\/infoecos.com.ar\/wp-content\/uploads\/2021\/03\/ericarevilla.jpg","keywords":["POL\u00cdTICA REGIONAL"],"articleSection":["Bloque inferior - 2"],"inLanguage":"es"},{"@type":"WebPage","@id":"https:\/\/infoecos.com.ar\/index.php\/el-radicalismo-de-la-4-seccion-electoral-se-reunira-en-general-arenales\/","url":"https:\/\/infoecos.com.ar\/index.php\/el-radicalismo-de-la-4-seccion-electoral-se-reunira-en-general-arenales\/","name":"El radicalismo de la 4\u00b0 Secci\u00f3n Electoral se reunir\u00e1 en General Arenales - Infoecos","isPartOf":{"@id":"https:\/\/infoecos.com.ar\/#website"},"primaryImageOfPage":{"@id":"https:\/\/infoecos.com.ar\/index.php\/el-radicalismo-de-la-4-seccion-electoral-se-reunira-en-general-arenales\/#primaryimage"},"image":{"@id":"https:\/\/infoecos.com.ar\/index.php\/el-radicalismo-de-la-4-seccion-electoral-se-reunira-en-general-arenales\/#primaryimage"},"thumbnailUrl":"https:\/\/infoecos.com.ar\/wp-content\/uploads\/2021\/03\/ericarevilla.jpg","datePublished":"2022-04-27T01:36:22+00:00","dateModified":"2022-04-28T03:36:24+00:00","breadcrumb":{"@id":"https:\/\/infoecos.com.ar\/index.php\/el-radicalismo-de-la-4-seccion-electoral-se-reunira-en-general-arenales\/#breadcrumb"},"inLanguage":"es","potentialAction":[{"@type":"ReadAction","target":["https:\/\/infoecos.com.ar\/index.php\/el-radicalismo-de-la-4-seccion-electoral-se-reunira-en-general-arenales\/"]}]},{"@type":"ImageObject","inLanguage":"es","@id":"https:\/\/infoecos.com.ar\/index.php\/el-radicalismo-de-la-4-seccion-electoral-se-reunira-en-general-arenales\/#primaryimage","url":"https:\/\/infoecos.com.ar\/wp-content\/uploads\/2021\/03\/ericarevilla.jpg","contentUrl":"https:\/\/infoecos.com.ar\/wp-content\/uploads\/2021\/03\/ericarevilla.jpg","width":880,"height":493},{"@type":"BreadcrumbList","@id":"https:\/\/infoecos.com.ar\/index.php\/el-radicalismo-de-la-4-seccion-electoral-se-reunira-en-general-arenales\/#breadcrumb","itemListElement":[{"@type":"ListItem","position":1,"name":"Portada","item":"https:\/\/infoecos.com.ar\/"},{"@type":"ListItem","position":2,"name":"El radicalismo de la 4\u00b0 Secci\u00f3n Electoral se reunir\u00e1 en General Arenales"}]},{"@type":"WebSite","@id":"https:\/\/infoecos.com.ar\/#website","url":"https:\/\/infoecos.com.ar\/","name":"Infoecos","description":"Noticias de trenque lauquen y la zona","publisher":{"@id":"https:\/\/infoecos.com.ar\/#organization"},"alternateName":"Noticias","potentialAction":[{"@type":"SearchAction","target":{"@type":"EntryPoint","urlTemplate":"https:\/\/infoecos.com.ar\/?s={search_term_string}"},"query-input":{"@type":"PropertyValueSpecification","valueRequired":true,"valueName":"search_term_string"}}],"inLanguage":"es"},{"@type":"Organization","@id":"https:\/\/infoecos.com.ar\/#organization","name":"Infoecos","alternateName":"Noticias","url":"https:\/\/infoecos.com.ar\/","logo":{"@type":"ImageObject","inLanguage":"es","@id":"https:\/\/infoecos.com.ar\/#\/schema\/logo\/image\/","url":"https:\/\/infoecos.com.ar\/wp-content\/uploads\/2024\/03\/cropped-logo.png","contentUrl":"https:\/\/infoecos.com.ar\/wp-content\/uploads\/2024\/03\/cropped-logo.png","width":374,"height":90,"caption":"Infoecos"},"image":{"@id":"https:\/\/infoecos.com.ar\/#\/schema\/logo\/image\/"},"sameAs":["https:\/\/www.facebook.com\/profile.php?id=100063200290284","https:\/\/x.com\/infoecos"]},{"@type":"Person","@id":"https:\/\/infoecos.com.ar\/#\/schema\/person\/8f5ace5ce73b4b4aac4b7245aee6f191","name":"Jorge Matheus","url":"https:\/\/infoecos.com.ar\/index.php\/author\/jomatheus\/"}]}},"featured_image_urls":{"full":["https:\/\/infoecos.com.ar\/wp-content\/uploads\/2021\/03\/ericarevilla.jpg",880,493,false],"thumbnail":["https:\/\/infoecos.com.ar\/wp-content\/uploads\/2021\/03\/ericarevilla-150x150.jpg",150,150,true],"medium":["https:\/\/infoecos.com.ar\/wp-content\/uploads\/2021\/03\/ericarevilla-460x258.jpg",460,258,true],"medium_large":["https:\/\/infoecos.com.ar\/wp-content\/uploads\/2021\/03\/ericarevilla-768x430.jpg",640,358,true],"large":["https:\/\/infoecos.com.ar\/wp-content\/uploads\/2021\/03\/ericarevilla.jpg",640,359,false],"1536x1536":["https:\/\/infoecos.com.ar\/wp-content\/uploads\/2021\/03\/ericarevilla.jpg",880,493,false],"2048x2048":["https:\/\/infoecos.com.ar\/wp-content\/uploads\/2021\/03\/ericarevilla.jpg",880,493,false],"covernews-slider-full":["https:\/\/infoecos.com.ar\/wp-content\/uploads\/2021\/03\/ericarevilla.jpg",880,493,false],"covernews-slider-center":["https:\/\/infoecos.com.ar\/wp-content\/uploads\/2021\/03\/ericarevilla.jpg",800,448,false],"covernews-featured":["https:\/\/infoecos.com.ar\/wp-content\/uploads\/2021\/03\/ericarevilla.jpg",880,493,false],"covernews-medium":["https:\/\/infoecos.com.ar\/wp-content\/uploads\/2021\/03\/ericarevilla-720x380.jpg",540,285,true],"covernews-medium-square":["https:\/\/infoecos.com.ar\/wp-content\/uploads\/2021\/03\/ericarevilla-675x450.jpg",375,250,true]},"author_info":{"info":["Jorge Matheus"]},"category_info":"<a href=\"https:\/\/infoecos.com.ar\/index.php\/category\/inferior2\/\" rel=\"category tag\">Bloque inferior - 2<\/a>","tag_info":"Bloque inferior - 2","comment_count":"0","_links":{"self":[{"href":"https:\/\/infoecos.com.ar\/index.php\/wp-json\/wp\/v2\/posts\/91599"}],"collection":[{"href":"https:\/\/infoecos.com.ar\/index.php\/wp-json\/wp\/v2\/posts"}],"about":[{"href":"https:\/\/infoecos.com.ar\/index.php\/wp-json\/wp\/v2\/types\/post"}],"author":[{"embeddable":true,"href":"https:\/\/infoecos.com.ar\/index.php\/wp-json\/wp\/v2\/users\/2"}],"replies":[{"embeddable":true,"href":"https:\/\/infoecos.com.ar\/index.php\/wp-json\/wp\/v2\/comments?post=91599"}],"version-history":[{"count":2,"href":"https:\/\/infoecos.com.ar\/index.php\/wp-json\/wp\/v2\/posts\/91599\/revisions"}],"predecessor-version":[{"id":91696,"href":"https:\/\/infoecos.com.ar\/index.php\/wp-json\/wp\/v2\/posts\/91599\/revisions\/91696"}],"wp:featuredmedia":[{"embeddable":true,"href":"https:\/\/infoecos.com.ar\/index.php\/wp-json\/wp\/v2\/media\/77178"}],"wp:attachment":[{"href":"https:\/\/infoecos.com.ar\/index.php\/wp-json\/wp\/v2\/media?parent=91599"}],"wp:term":[{"taxonomy":"category","embeddable":true,"href":"https:\/\/infoecos.com.ar\/index.php\/wp-json\/wp\/v2\/categories?post=91599"},{"taxonomy":"post_tag","embeddable":true,"href":"https:\/\/infoecos.com.ar\/index.php\/wp-json\/wp\/v2\/tags?post=91599"}],"curies":[{"name":"wp","href":"https:\/\/api.w.org\/{rel}","templated":true}]}}