{"id":91697,"date":"2022-04-28T00:55:32","date_gmt":"2022-04-28T03:55:32","guid":{"rendered":"http:\/\/infoecos.com.ar\/?p=91697"},"modified":"2022-04-28T00:55:32","modified_gmt":"2022-04-28T03:55:32","slug":"efemerides-del-28-de-abril-que-se-recuerda-hoy","status":"publish","type":"post","link":"https:\/\/infoecos.com.ar\/index.php\/efemerides-del-28-de-abril-que-se-recuerda-hoy\/","title":{"rendered":"Efem\u00e9rides del 28 de Abril: que se recuerda hoy"},"content":{"rendered":"\n<div class=\"wp-block-image\"><figure class=\"aligncenter size-large is-resized\"><img loading=\"lazy\" decoding=\"async\" src=\"http:\/\/infoecos.com.ar\/wp-content\/uploads\/2022\/04\/ali.jpg\" alt=\"\" class=\"wp-image-91698\" width=\"626\" height=\"417\" srcset=\"https:\/\/infoecos.com.ar\/wp-content\/uploads\/2022\/04\/ali.jpg 900w, https:\/\/infoecos.com.ar\/wp-content\/uploads\/2022\/04\/ali-460x307.jpg 460w, https:\/\/infoecos.com.ar\/wp-content\/uploads\/2022\/04\/ali-768x512.jpg 768w, https:\/\/infoecos.com.ar\/wp-content\/uploads\/2022\/04\/ali-675x450.jpg 675w\" sizes=\"(max-width: 626px) 100vw, 626px\" \/><\/figure><\/div>\n\n\n\n<ul class=\"wp-block-list\"><li><strong>1804\u00a0VIRUELA.<\/strong>\u00a0Se declara una gran epidemia de viruela en Buenos Aires como consecuencia del tr\u00e1fico de esclavos y las malas condiciones sanitarias de la ciudad, cuya poblaci\u00f3n sufri\u00f3 adem\u00e1s devastadores contagios de tifus y de fiebre amarilla entre los siglos XVIII y XIX.<\/li><li><\/li><li><strong>1937\u00a0SADDAM HUSSEIN<\/strong>. En la ciudad de Tikrit nace Saddam Hussein, dirigente del Partido del Renacimiento \u00c1rabe Socialista, quien gobern\u00f3 a Irak con mano dura entre 1979 y 2003, cuando fue capturado por tropas estadounidenses que hab\u00edan invadido a ese pa\u00eds. En 2006, Hussein fue ejecutado en la horca tras ser declarado culpable de una matanza de 148 civiles cometida en 1982.<\/li><li><\/li><li><strong>1945\u00a0BENITO MUSSOLINI.\u00a0<\/strong>En la localidad de Giulino di Mezzegra, la resistencia italiana ejecuta a Benito Mussolini, de 61 a\u00f1os, apodado \u201cEl duce\u201d y fundador del fascismo en ese pa\u00eds europeo.<\/li><li><\/li><li><strong>1967\u00a0CASSIUS CLAY<\/strong>. El campe\u00f3n mundial de boxeo Cassius Clay, quien pasar\u00eda a llamarse Muhammad Al\u00ed, se niega a ser reclutado por el Ej\u00e9rcito de Estados Unidos para combatir en la guerra de Vietnam, por lo que se le retira la licencia de boxeador y pierde el t\u00edtulo. Al\u00ed es considerado uno de los mejores boxeadores de todos los tiempos.<\/li><li><\/li><li><strong>1974\u00a0PEN\u00c9LOPE CRUZ.\u00a0<\/strong>En el municipio madrile\u00f1o de Alcobendas nace Pen\u00e9lope Cruz S\u00e1nchez, la primera actriz espa\u00f1ola en ganar un premio \u00d3scar, el de 2008, por su papel de reparto en el filme \u201cVicky Cristina Barcelona\u201d, dirigido por Woody Allen.<\/li><li><\/li><li><strong>1979\u00a0DIEGO SIMEONE<\/strong>. Nace en Buenos Aires el ex futbolista y entrenador Diego Pablo Simeone, quien desde fines de 2011 dirige al Atl\u00e9tico de Madrid espa\u00f1ol, con el que gan\u00f3 una Copa del Rey, un campeonato de Primera Divisi\u00f3n y una Europa League. Como jugador de la selecci\u00f3n argentina gan\u00f3 la Copa Am\u00e9rica de 1991 y la de 1993.<\/li><li><\/li><li><strong>1980\u00a0FLUSH THE FASHION<\/strong>. En Estados Unidos sale a la venta el \u00e1lbum \u201cFlush the fashion\u201d, el duod\u00e9cimo de Alice Cooper y uno de los preferidos por los fans del cantante de hard rock y heavy metal estadounidense.<\/li><li><\/li><li><strong>1995\u00a0SUB-20 CAMPE\u00d3N.<\/strong>\u00a0La selecci\u00f3n Argentina sub 20, dirigida por Jos\u00e9 Pekerman, gana el Mundial de QATAR al vencer en la final a Brasil por 2-0 con goles anotados por Leonardo Biagini y uno de Francisco Guerrero.<\/li><li><\/li><li><strong>2022\u00a0D\u00cdA INTERNACIONAL DE SEGURIDAD Y SALUD<\/strong>. Declarado en 2003 por la Organizaci\u00f3n Internacional del Trabajo con el fin de promover condiciones laborales seguras y prevenir accidentes.<\/li><li><\/li><li><strong>1972<\/strong> <strong>NACE SERGIO MASSA<\/strong>. Fue candidato a presidente en las elecciones de 2015 y actualmente es el titular de la C\u00e1mara de Diputados de la Naci\u00f3n.<\/li><\/ul>\n","protected":false},"excerpt":{"rendered":"<p>1967 CASSIUS CLAY. El campe\u00f3n mundial de boxeo Cassius Clay, quien pasar\u00eda a llamarse Muhammad Al\u00ed, se niega a ser reclutado por el Ej\u00e9rcito de Estados Unidos para combatir en la guerra de Vietnam, por lo que se le retira la licencia de boxeador y pierde el t\u00edtulo. Al\u00ed es considerado uno de los mejores boxeadores de todos los tiempos<\/p>\n","protected":false},"author":2,"featured_media":91698,"comment_status":"closed","ping_status":"open","sticky":false,"template":"","format":"standard","meta":{"footnotes":""},"categories":[1614],"tags":[4736],"class_list":["post-91697","post","type-post","status-publish","format-standard","has-post-thumbnail","hentry","category-c2nota7","tag-efemerides"],"yoast_head":"<!-- This site is optimized with the Yoast SEO plugin v23.4 - https:\/\/yoast.com\/wordpress\/plugins\/seo\/ -->\n<title>Efem\u00e9rides del 28 de Abril: que se recuerda hoy - Infoecos<\/title>\n<meta name=\"robots\" content=\"index, follow, max-snippet:-1, max-image-preview:large, max-video-preview:-1\" \/>\n<link rel=\"canonical\" href=\"https:\/\/infoecos.com.ar\/index.php\/efemerides-del-28-de-abril-que-se-recuerda-hoy\/\" \/>\n<meta property=\"og:locale\" content=\"es_ES\" \/>\n<meta property=\"og:type\" content=\"article\" \/>\n<meta property=\"og:title\" content=\"Efem\u00e9rides del 28 de Abril: que se recuerda hoy - Infoecos\" \/>\n<meta property=\"og:description\" content=\"1967 CASSIUS CLAY. El campe\u00f3n mundial de boxeo Cassius Clay, quien pasar\u00eda a llamarse Muhammad Al\u00ed, se niega a ser reclutado por el Ej\u00e9rcito de Estados Unidos para combatir en la guerra de Vietnam, por lo que se le retira la licencia de boxeador y pierde el t\u00edtulo. Al\u00ed es considerado uno de los mejores boxeadores de todos los tiempos\" \/>\n<meta property=\"og:url\" content=\"https:\/\/infoecos.com.ar\/index.php\/efemerides-del-28-de-abril-que-se-recuerda-hoy\/\" \/>\n<meta property=\"og:site_name\" content=\"Infoecos\" \/>\n<meta property=\"article:publisher\" content=\"https:\/\/www.facebook.com\/profile.php?id=100063200290284\" \/>\n<meta property=\"article:published_time\" content=\"2022-04-28T03:55:32+00:00\" \/>\n<meta property=\"og:image\" content=\"https:\/\/infoecos.com.ar\/wp-content\/uploads\/2022\/04\/ali.jpg\" \/>\n\t<meta property=\"og:image:width\" content=\"900\" \/>\n\t<meta property=\"og:image:height\" content=\"600\" \/>\n\t<meta property=\"og:image:type\" content=\"image\/jpeg\" \/>\n<meta name=\"author\" content=\"Jorge Matheus\" \/>\n<meta name=\"twitter:card\" content=\"summary_large_image\" \/>\n<meta name=\"twitter:creator\" content=\"@infoecos\" \/>\n<meta name=\"twitter:site\" content=\"@infoecos\" \/>\n<meta name=\"twitter:label1\" content=\"Escrito por\" \/>\n\t<meta name=\"twitter:data1\" content=\"Jorge Matheus\" \/>\n\t<meta name=\"twitter:label2\" content=\"Tiempo de lectura\" \/>\n\t<meta name=\"twitter:data2\" content=\"2 minutos\" \/>\n<script type=\"application\/ld+json\" class=\"yoast-schema-graph\">{\"@context\":\"https:\/\/schema.org\",\"@graph\":[{\"@type\":\"Article\",\"@id\":\"https:\/\/infoecos.com.ar\/index.php\/efemerides-del-28-de-abril-que-se-recuerda-hoy\/#article\",\"isPartOf\":{\"@id\":\"https:\/\/infoecos.com.ar\/index.php\/efemerides-del-28-de-abril-que-se-recuerda-hoy\/\"},\"author\":{\"name\":\"Jorge Matheus\",\"@id\":\"https:\/\/infoecos.com.ar\/#\/schema\/person\/8f5ace5ce73b4b4aac4b7245aee6f191\"},\"headline\":\"Efem\u00e9rides del 28 de Abril: que se recuerda hoy\",\"datePublished\":\"2022-04-28T03:55:32+00:00\",\"dateModified\":\"2022-04-28T03:55:32+00:00\",\"mainEntityOfPage\":{\"@id\":\"https:\/\/infoecos.com.ar\/index.php\/efemerides-del-28-de-abril-que-se-recuerda-hoy\/\"},\"wordCount\":438,\"publisher\":{\"@id\":\"https:\/\/infoecos.com.ar\/#organization\"},\"image\":{\"@id\":\"https:\/\/infoecos.com.ar\/index.php\/efemerides-del-28-de-abril-que-se-recuerda-hoy\/#primaryimage\"},\"thumbnailUrl\":\"https:\/\/infoecos.com.ar\/wp-content\/uploads\/2022\/04\/ali.jpg\",\"keywords\":[\"EFEM\u00c9RIDES\"],\"articleSection\":[\"C2 N7\"],\"inLanguage\":\"es\"},{\"@type\":\"WebPage\",\"@id\":\"https:\/\/infoecos.com.ar\/index.php\/efemerides-del-28-de-abril-que-se-recuerda-hoy\/\",\"url\":\"https:\/\/infoecos.com.ar\/index.php\/efemerides-del-28-de-abril-que-se-recuerda-hoy\/\",\"name\":\"Efem\u00e9rides del 28 de Abril: que se recuerda hoy - Infoecos\",\"isPartOf\":{\"@id\":\"https:\/\/infoecos.com.ar\/#website\"},\"primaryImageOfPage\":{\"@id\":\"https:\/\/infoecos.com.ar\/index.php\/efemerides-del-28-de-abril-que-se-recuerda-hoy\/#primaryimage\"},\"image\":{\"@id\":\"https:\/\/infoecos.com.ar\/index.php\/efemerides-del-28-de-abril-que-se-recuerda-hoy\/#primaryimage\"},\"thumbnailUrl\":\"https:\/\/infoecos.com.ar\/wp-content\/uploads\/2022\/04\/ali.jpg\",\"datePublished\":\"2022-04-28T03:55:32+00:00\",\"dateModified\":\"2022-04-28T03:55:32+00:00\",\"breadcrumb\":{\"@id\":\"https:\/\/infoecos.com.ar\/index.php\/efemerides-del-28-de-abril-que-se-recuerda-hoy\/#breadcrumb\"},\"inLanguage\":\"es\",\"potentialAction\":[{\"@type\":\"ReadAction\",\"target\":[\"https:\/\/infoecos.com.ar\/index.php\/efemerides-del-28-de-abril-que-se-recuerda-hoy\/\"]}]},{\"@type\":\"ImageObject\",\"inLanguage\":\"es\",\"@id\":\"https:\/\/infoecos.com.ar\/index.php\/efemerides-del-28-de-abril-que-se-recuerda-hoy\/#primaryimage\",\"url\":\"https:\/\/infoecos.com.ar\/wp-content\/uploads\/2022\/04\/ali.jpg\",\"contentUrl\":\"https:\/\/infoecos.com.ar\/wp-content\/uploads\/2022\/04\/ali.jpg\",\"width\":900,\"height\":600},{\"@type\":\"BreadcrumbList\",\"@id\":\"https:\/\/infoecos.com.ar\/index.php\/efemerides-del-28-de-abril-que-se-recuerda-hoy\/#breadcrumb\",\"itemListElement\":[{\"@type\":\"ListItem\",\"position\":1,\"name\":\"Portada\",\"item\":\"https:\/\/infoecos.com.ar\/\"},{\"@type\":\"ListItem\",\"position\":2,\"name\":\"Efem\u00e9rides del 28 de Abril: que se recuerda hoy\"}]},{\"@type\":\"WebSite\",\"@id\":\"https:\/\/infoecos.com.ar\/#website\",\"url\":\"https:\/\/infoecos.com.ar\/\",\"name\":\"Infoecos\",\"description\":\"Noticias de trenque lauquen y la zona\",\"publisher\":{\"@id\":\"https:\/\/infoecos.com.ar\/#organization\"},\"alternateName\":\"Noticias\",\"potentialAction\":[{\"@type\":\"SearchAction\",\"target\":{\"@type\":\"EntryPoint\",\"urlTemplate\":\"https:\/\/infoecos.com.ar\/?s={search_term_string}\"},\"query-input\":{\"@type\":\"PropertyValueSpecification\",\"valueRequired\":true,\"valueName\":\"search_term_string\"}}],\"inLanguage\":\"es\"},{\"@type\":\"Organization\",\"@id\":\"https:\/\/infoecos.com.ar\/#organization\",\"name\":\"Infoecos\",\"alternateName\":\"Noticias\",\"url\":\"https:\/\/infoecos.com.ar\/\",\"logo\":{\"@type\":\"ImageObject\",\"inLanguage\":\"es\",\"@id\":\"https:\/\/infoecos.com.ar\/#\/schema\/logo\/image\/\",\"url\":\"https:\/\/infoecos.com.ar\/wp-content\/uploads\/2024\/03\/cropped-logo.png\",\"contentUrl\":\"https:\/\/infoecos.com.ar\/wp-content\/uploads\/2024\/03\/cropped-logo.png\",\"width\":374,\"height\":90,\"caption\":\"Infoecos\"},\"image\":{\"@id\":\"https:\/\/infoecos.com.ar\/#\/schema\/logo\/image\/\"},\"sameAs\":[\"https:\/\/www.facebook.com\/profile.php?id=100063200290284\",\"https:\/\/x.com\/infoecos\"]},{\"@type\":\"Person\",\"@id\":\"https:\/\/infoecos.com.ar\/#\/schema\/person\/8f5ace5ce73b4b4aac4b7245aee6f191\",\"name\":\"Jorge Matheus\",\"url\":\"https:\/\/infoecos.com.ar\/index.php\/author\/jomatheus\/\"}]}<\/script>\n<!-- \/ Yoast SEO plugin. -->","yoast_head_json":{"title":"Efem\u00e9rides del 28 de Abril: que se recuerda hoy - Infoecos","robots":{"index":"index","follow":"follow","max-snippet":"max-snippet:-1","max-image-preview":"max-image-preview:large","max-video-preview":"max-video-preview:-1"},"canonical":"https:\/\/infoecos.com.ar\/index.php\/efemerides-del-28-de-abril-que-se-recuerda-hoy\/","og_locale":"es_ES","og_type":"article","og_title":"Efem\u00e9rides del 28 de Abril: que se recuerda hoy - Infoecos","og_description":"1967 CASSIUS CLAY. El campe\u00f3n mundial de boxeo Cassius Clay, quien pasar\u00eda a llamarse Muhammad Al\u00ed, se niega a ser reclutado por el Ej\u00e9rcito de Estados Unidos para combatir en la guerra de Vietnam, por lo que se le retira la licencia de boxeador y pierde el t\u00edtulo. Al\u00ed es considerado uno de los mejores boxeadores de todos los tiempos","og_url":"https:\/\/infoecos.com.ar\/index.php\/efemerides-del-28-de-abril-que-se-recuerda-hoy\/","og_site_name":"Infoecos","article_publisher":"https:\/\/www.facebook.com\/profile.php?id=100063200290284","article_published_time":"2022-04-28T03:55:32+00:00","og_image":[{"width":900,"height":600,"url":"https:\/\/infoecos.com.ar\/wp-content\/uploads\/2022\/04\/ali.jpg","type":"image\/jpeg"}],"author":"Jorge Matheus","twitter_card":"summary_large_image","twitter_creator":"@infoecos","twitter_site":"@infoecos","twitter_misc":{"Escrito por":"Jorge Matheus","Tiempo de lectura":"2 minutos"},"schema":{"@context":"https:\/\/schema.org","@graph":[{"@type":"Article","@id":"https:\/\/infoecos.com.ar\/index.php\/efemerides-del-28-de-abril-que-se-recuerda-hoy\/#article","isPartOf":{"@id":"https:\/\/infoecos.com.ar\/index.php\/efemerides-del-28-de-abril-que-se-recuerda-hoy\/"},"author":{"name":"Jorge Matheus","@id":"https:\/\/infoecos.com.ar\/#\/schema\/person\/8f5ace5ce73b4b4aac4b7245aee6f191"},"headline":"Efem\u00e9rides del 28 de Abril: que se recuerda hoy","datePublished":"2022-04-28T03:55:32+00:00","dateModified":"2022-04-28T03:55:32+00:00","mainEntityOfPage":{"@id":"https:\/\/infoecos.com.ar\/index.php\/efemerides-del-28-de-abril-que-se-recuerda-hoy\/"},"wordCount":438,"publisher":{"@id":"https:\/\/infoecos.com.ar\/#organization"},"image":{"@id":"https:\/\/infoecos.com.ar\/index.php\/efemerides-del-28-de-abril-que-se-recuerda-hoy\/#primaryimage"},"thumbnailUrl":"https:\/\/infoecos.com.ar\/wp-content\/uploads\/2022\/04\/ali.jpg","keywords":["EFEM\u00c9RIDES"],"articleSection":["C2 N7"],"inLanguage":"es"},{"@type":"WebPage","@id":"https:\/\/infoecos.com.ar\/index.php\/efemerides-del-28-de-abril-que-se-recuerda-hoy\/","url":"https:\/\/infoecos.com.ar\/index.php\/efemerides-del-28-de-abril-que-se-recuerda-hoy\/","name":"Efem\u00e9rides del 28 de Abril: que se recuerda hoy - Infoecos","isPartOf":{"@id":"https:\/\/infoecos.com.ar\/#website"},"primaryImageOfPage":{"@id":"https:\/\/infoecos.com.ar\/index.php\/efemerides-del-28-de-abril-que-se-recuerda-hoy\/#primaryimage"},"image":{"@id":"https:\/\/infoecos.com.ar\/index.php\/efemerides-del-28-de-abril-que-se-recuerda-hoy\/#primaryimage"},"thumbnailUrl":"https:\/\/infoecos.com.ar\/wp-content\/uploads\/2022\/04\/ali.jpg","datePublished":"2022-04-28T03:55:32+00:00","dateModified":"2022-04-28T03:55:32+00:00","breadcrumb":{"@id":"https:\/\/infoecos.com.ar\/index.php\/efemerides-del-28-de-abril-que-se-recuerda-hoy\/#breadcrumb"},"inLanguage":"es","potentialAction":[{"@type":"ReadAction","target":["https:\/\/infoecos.com.ar\/index.php\/efemerides-del-28-de-abril-que-se-recuerda-hoy\/"]}]},{"@type":"ImageObject","inLanguage":"es","@id":"https:\/\/infoecos.com.ar\/index.php\/efemerides-del-28-de-abril-que-se-recuerda-hoy\/#primaryimage","url":"https:\/\/infoecos.com.ar\/wp-content\/uploads\/2022\/04\/ali.jpg","contentUrl":"https:\/\/infoecos.com.ar\/wp-content\/uploads\/2022\/04\/ali.jpg","width":900,"height":600},{"@type":"BreadcrumbList","@id":"https:\/\/infoecos.com.ar\/index.php\/efemerides-del-28-de-abril-que-se-recuerda-hoy\/#breadcrumb","itemListElement":[{"@type":"ListItem","position":1,"name":"Portada","item":"https:\/\/infoecos.com.ar\/"},{"@type":"ListItem","position":2,"name":"Efem\u00e9rides del 28 de Abril: que se recuerda hoy"}]},{"@type":"WebSite","@id":"https:\/\/infoecos.com.ar\/#website","url":"https:\/\/infoecos.com.ar\/","name":"Infoecos","description":"Noticias de trenque lauquen y la zona","publisher":{"@id":"https:\/\/infoecos.com.ar\/#organization"},"alternateName":"Noticias","potentialAction":[{"@type":"SearchAction","target":{"@type":"EntryPoint","urlTemplate":"https:\/\/infoecos.com.ar\/?s={search_term_string}"},"query-input":{"@type":"PropertyValueSpecification","valueRequired":true,"valueName":"search_term_string"}}],"inLanguage":"es"},{"@type":"Organization","@id":"https:\/\/infoecos.com.ar\/#organization","name":"Infoecos","alternateName":"Noticias","url":"https:\/\/infoecos.com.ar\/","logo":{"@type":"ImageObject","inLanguage":"es","@id":"https:\/\/infoecos.com.ar\/#\/schema\/logo\/image\/","url":"https:\/\/infoecos.com.ar\/wp-content\/uploads\/2024\/03\/cropped-logo.png","contentUrl":"https:\/\/infoecos.com.ar\/wp-content\/uploads\/2024\/03\/cropped-logo.png","width":374,"height":90,"caption":"Infoecos"},"image":{"@id":"https:\/\/infoecos.com.ar\/#\/schema\/logo\/image\/"},"sameAs":["https:\/\/www.facebook.com\/profile.php?id=100063200290284","https:\/\/x.com\/infoecos"]},{"@type":"Person","@id":"https:\/\/infoecos.com.ar\/#\/schema\/person\/8f5ace5ce73b4b4aac4b7245aee6f191","name":"Jorge Matheus","url":"https:\/\/infoecos.com.ar\/index.php\/author\/jomatheus\/"}]}},"featured_image_urls":{"full":["https:\/\/infoecos.com.ar\/wp-content\/uploads\/2022\/04\/ali.jpg",900,600,false],"thumbnail":["https:\/\/infoecos.com.ar\/wp-content\/uploads\/2022\/04\/ali-150x150.jpg",150,150,true],"medium":["https:\/\/infoecos.com.ar\/wp-content\/uploads\/2022\/04\/ali-460x307.jpg",460,307,true],"medium_large":["https:\/\/infoecos.com.ar\/wp-content\/uploads\/2022\/04\/ali-768x512.jpg",640,427,true],"large":["https:\/\/infoecos.com.ar\/wp-content\/uploads\/2022\/04\/ali.jpg",640,427,false],"1536x1536":["https:\/\/infoecos.com.ar\/wp-content\/uploads\/2022\/04\/ali.jpg",900,600,false],"2048x2048":["https:\/\/infoecos.com.ar\/wp-content\/uploads\/2022\/04\/ali.jpg",900,600,false],"covernews-slider-full":["https:\/\/infoecos.com.ar\/wp-content\/uploads\/2022\/04\/ali.jpg",900,600,false],"covernews-slider-center":["https:\/\/infoecos.com.ar\/wp-content\/uploads\/2022\/04\/ali.jpg",750,500,false],"covernews-featured":["https:\/\/infoecos.com.ar\/wp-content\/uploads\/2022\/04\/ali.jpg",900,600,false],"covernews-medium":["https:\/\/infoecos.com.ar\/wp-content\/uploads\/2022\/04\/ali-720x380.jpg",540,285,true],"covernews-medium-square":["https:\/\/infoecos.com.ar\/wp-content\/uploads\/2022\/04\/ali-675x450.jpg",375,250,true]},"author_info":{"info":["Jorge Matheus"]},"category_info":"<a href=\"https:\/\/infoecos.com.ar\/index.php\/category\/c2nota7\/\" rel=\"category tag\">C2 N7<\/a>","tag_info":"C2 N7","comment_count":"0","_links":{"self":[{"href":"https:\/\/infoecos.com.ar\/index.php\/wp-json\/wp\/v2\/posts\/91697"}],"collection":[{"href":"https:\/\/infoecos.com.ar\/index.php\/wp-json\/wp\/v2\/posts"}],"about":[{"href":"https:\/\/infoecos.com.ar\/index.php\/wp-json\/wp\/v2\/types\/post"}],"author":[{"embeddable":true,"href":"https:\/\/infoecos.com.ar\/index.php\/wp-json\/wp\/v2\/users\/2"}],"replies":[{"embeddable":true,"href":"https:\/\/infoecos.com.ar\/index.php\/wp-json\/wp\/v2\/comments?post=91697"}],"version-history":[{"count":1,"href":"https:\/\/infoecos.com.ar\/index.php\/wp-json\/wp\/v2\/posts\/91697\/revisions"}],"predecessor-version":[{"id":91699,"href":"https:\/\/infoecos.com.ar\/index.php\/wp-json\/wp\/v2\/posts\/91697\/revisions\/91699"}],"wp:featuredmedia":[{"embeddable":true,"href":"https:\/\/infoecos.com.ar\/index.php\/wp-json\/wp\/v2\/media\/91698"}],"wp:attachment":[{"href":"https:\/\/infoecos.com.ar\/index.php\/wp-json\/wp\/v2\/media?parent=91697"}],"wp:term":[{"taxonomy":"category","embeddable":true,"href":"https:\/\/infoecos.com.ar\/index.php\/wp-json\/wp\/v2\/categories?post=91697"},{"taxonomy":"post_tag","embeddable":true,"href":"https:\/\/infoecos.com.ar\/index.php\/wp-json\/wp\/v2\/tags?post=91697"}],"curies":[{"name":"wp","href":"https:\/\/api.w.org\/{rel}","templated":true}]}}