{"id":91723,"date":"2022-04-28T13:45:52","date_gmt":"2022-04-28T16:45:52","guid":{"rendered":"http:\/\/infoecos.com.ar\/?p=91723"},"modified":"2022-04-28T13:46:59","modified_gmt":"2022-04-28T16:46:59","slug":"caminos-rurales-el-intendente-de-trenque-lauquen-en-vialidad-provincia","status":"publish","type":"post","link":"https:\/\/infoecos.com.ar\/index.php\/caminos-rurales-el-intendente-de-trenque-lauquen-en-vialidad-provincia\/","title":{"rendered":"Caminos Rurales: el intendente de Trenque Lauquen en Vialidad Provincia"},"content":{"rendered":"\n<p>El intendente Miguel Fern\u00e1ndez y el secretario de Gesti\u00f3n y Planificaci\u00f3n P\u00fablica del Municipio, Mart\u00edn Borraz\u00e1s, se reunieron este mi\u00e9rcoles en la ciudad de La Plata con el sub Administrador General de la Direcci\u00f3n Provincial de Vialidad (DPV), Ing. Mart\u00edn Fraschetti, para avanzar en aspectos vinculados a las licitaciones para caminos rurales del distrito.<\/p>\n\n\n\n<div class=\"wp-block-image\"><figure class=\"aligncenter size-large is-resized\"><img loading=\"lazy\" decoding=\"async\" src=\"http:\/\/infoecos.com.ar\/wp-content\/uploads\/2022\/04\/Reunion-en-Vialidad-920x690.jpeg\" alt=\"\" class=\"wp-image-91724\" width=\"508\" height=\"381\" srcset=\"https:\/\/infoecos.com.ar\/wp-content\/uploads\/2022\/04\/Reunion-en-Vialidad-920x690.jpeg 920w, https:\/\/infoecos.com.ar\/wp-content\/uploads\/2022\/04\/Reunion-en-Vialidad-460x345.jpeg 460w, https:\/\/infoecos.com.ar\/wp-content\/uploads\/2022\/04\/Reunion-en-Vialidad-768x576.jpeg 768w, https:\/\/infoecos.com.ar\/wp-content\/uploads\/2022\/04\/Reunion-en-Vialidad-1024x768.jpeg 1024w, https:\/\/infoecos.com.ar\/wp-content\/uploads\/2022\/04\/Reunion-en-Vialidad.jpeg 1280w\" sizes=\"(max-width: 508px) 100vw, 508px\" \/><figcaption>Fern\u00e1ndez y Borraz\u00e1s con el Administrador de Vialidad Provincia, Mart\u00edn Fraschetti<\/figcaption><\/figure><\/div>\n\n\n\n<p>En particular se abordaron las gestiones del camino que va desde Corazzi hasta Treinta de Agosto y el de los parajes La Cotorra hasta La Carreta, ambos de suma importancia tanto para la producci\u00f3n como para el sistema educativo.<\/p>\n\n\n\n<p>Se ha podido saber que algunas m\u00e1quinas viales han vuelto a los caminos, luego de la fuerte cr\u00edtica que realiz\u00f3 la Sociedad Rural del distrito. Ahora se suma esta informaci\u00f3n dada a conocer en la ma\u00f1ana de este jueves, donde el mandatario comunal realiza gestiones ante las autoridades bonaerenses para la mejora en aquellas v\u00edas de comunicaci\u00f3n terrestre que est\u00e1n bajo la jurisdicci\u00f3n del gobierno provincial.<\/p>\n","protected":false},"excerpt":{"rendered":"<p>Se ha podido saber que algunas m\u00e1quinas viales han vuelto a los caminos, luego de la fuerte cr\u00edtica que realiz\u00f3 la Sociedad Rural del distrito. Ahora se suma esta gesti\u00f3n<\/p>\n","protected":false},"author":2,"featured_media":91724,"comment_status":"closed","ping_status":"open","sticky":false,"template":"","format":"standard","meta":{"footnotes":""},"categories":[25],"tags":[5923],"class_list":["post-91723","post","type-post","status-publish","format-standard","has-post-thumbnail","hentry","category-c3nota1","tag-corazzi-30-de-agosto-la-cotorra-la-carreta"],"yoast_head":"<!-- This site is optimized with the Yoast SEO plugin v23.4 - https:\/\/yoast.com\/wordpress\/plugins\/seo\/ -->\n<title>Caminos Rurales: el intendente de Trenque Lauquen en Vialidad Provincia - Infoecos<\/title>\n<meta name=\"robots\" content=\"index, follow, max-snippet:-1, max-image-preview:large, max-video-preview:-1\" \/>\n<link rel=\"canonical\" href=\"https:\/\/infoecos.com.ar\/index.php\/caminos-rurales-el-intendente-de-trenque-lauquen-en-vialidad-provincia\/\" \/>\n<meta property=\"og:locale\" content=\"es_ES\" \/>\n<meta property=\"og:type\" content=\"article\" \/>\n<meta property=\"og:title\" content=\"Caminos Rurales: el intendente de Trenque Lauquen en Vialidad Provincia - Infoecos\" \/>\n<meta property=\"og:description\" content=\"Se ha podido saber que algunas m\u00e1quinas viales han vuelto a los caminos, luego de la fuerte cr\u00edtica que realiz\u00f3 la Sociedad Rural del distrito. Ahora se suma esta gesti\u00f3n\" \/>\n<meta property=\"og:url\" content=\"https:\/\/infoecos.com.ar\/index.php\/caminos-rurales-el-intendente-de-trenque-lauquen-en-vialidad-provincia\/\" \/>\n<meta property=\"og:site_name\" content=\"Infoecos\" \/>\n<meta property=\"article:publisher\" content=\"https:\/\/www.facebook.com\/profile.php?id=100063200290284\" \/>\n<meta property=\"article:published_time\" content=\"2022-04-28T16:45:52+00:00\" \/>\n<meta property=\"article:modified_time\" content=\"2022-04-28T16:46:59+00:00\" \/>\n<meta property=\"og:image\" content=\"https:\/\/infoecos.com.ar\/wp-content\/uploads\/2022\/04\/Reunion-en-Vialidad.jpeg\" \/>\n\t<meta property=\"og:image:width\" content=\"1280\" \/>\n\t<meta property=\"og:image:height\" content=\"960\" \/>\n\t<meta property=\"og:image:type\" content=\"image\/jpeg\" \/>\n<meta name=\"author\" content=\"Jorge Matheus\" \/>\n<meta name=\"twitter:card\" content=\"summary_large_image\" \/>\n<meta name=\"twitter:creator\" content=\"@infoecos\" \/>\n<meta name=\"twitter:site\" content=\"@infoecos\" \/>\n<meta name=\"twitter:label1\" content=\"Escrito por\" \/>\n\t<meta name=\"twitter:data1\" content=\"Jorge Matheus\" \/>\n\t<meta name=\"twitter:label2\" content=\"Tiempo de lectura\" \/>\n\t<meta name=\"twitter:data2\" content=\"1 minuto\" \/>\n<script type=\"application\/ld+json\" class=\"yoast-schema-graph\">{\"@context\":\"https:\/\/schema.org\",\"@graph\":[{\"@type\":\"Article\",\"@id\":\"https:\/\/infoecos.com.ar\/index.php\/caminos-rurales-el-intendente-de-trenque-lauquen-en-vialidad-provincia\/#article\",\"isPartOf\":{\"@id\":\"https:\/\/infoecos.com.ar\/index.php\/caminos-rurales-el-intendente-de-trenque-lauquen-en-vialidad-provincia\/\"},\"author\":{\"name\":\"Jorge Matheus\",\"@id\":\"https:\/\/infoecos.com.ar\/#\/schema\/person\/8f5ace5ce73b4b4aac4b7245aee6f191\"},\"headline\":\"Caminos Rurales: el intendente de Trenque Lauquen en Vialidad Provincia\",\"datePublished\":\"2022-04-28T16:45:52+00:00\",\"dateModified\":\"2022-04-28T16:46:59+00:00\",\"mainEntityOfPage\":{\"@id\":\"https:\/\/infoecos.com.ar\/index.php\/caminos-rurales-el-intendente-de-trenque-lauquen-en-vialidad-provincia\/\"},\"wordCount\":201,\"publisher\":{\"@id\":\"https:\/\/infoecos.com.ar\/#organization\"},\"image\":{\"@id\":\"https:\/\/infoecos.com.ar\/index.php\/caminos-rurales-el-intendente-de-trenque-lauquen-en-vialidad-provincia\/#primaryimage\"},\"thumbnailUrl\":\"https:\/\/infoecos.com.ar\/wp-content\/uploads\/2022\/04\/Reunion-en-Vialidad.jpeg\",\"keywords\":[\"CORAZZI-30 DE AGOSTO\/LA COTORRA-LA CARRETA\"],\"articleSection\":[\"C3 N1\"],\"inLanguage\":\"es\"},{\"@type\":\"WebPage\",\"@id\":\"https:\/\/infoecos.com.ar\/index.php\/caminos-rurales-el-intendente-de-trenque-lauquen-en-vialidad-provincia\/\",\"url\":\"https:\/\/infoecos.com.ar\/index.php\/caminos-rurales-el-intendente-de-trenque-lauquen-en-vialidad-provincia\/\",\"name\":\"Caminos Rurales: el intendente de Trenque Lauquen en Vialidad Provincia - Infoecos\",\"isPartOf\":{\"@id\":\"https:\/\/infoecos.com.ar\/#website\"},\"primaryImageOfPage\":{\"@id\":\"https:\/\/infoecos.com.ar\/index.php\/caminos-rurales-el-intendente-de-trenque-lauquen-en-vialidad-provincia\/#primaryimage\"},\"image\":{\"@id\":\"https:\/\/infoecos.com.ar\/index.php\/caminos-rurales-el-intendente-de-trenque-lauquen-en-vialidad-provincia\/#primaryimage\"},\"thumbnailUrl\":\"https:\/\/infoecos.com.ar\/wp-content\/uploads\/2022\/04\/Reunion-en-Vialidad.jpeg\",\"datePublished\":\"2022-04-28T16:45:52+00:00\",\"dateModified\":\"2022-04-28T16:46:59+00:00\",\"breadcrumb\":{\"@id\":\"https:\/\/infoecos.com.ar\/index.php\/caminos-rurales-el-intendente-de-trenque-lauquen-en-vialidad-provincia\/#breadcrumb\"},\"inLanguage\":\"es\",\"potentialAction\":[{\"@type\":\"ReadAction\",\"target\":[\"https:\/\/infoecos.com.ar\/index.php\/caminos-rurales-el-intendente-de-trenque-lauquen-en-vialidad-provincia\/\"]}]},{\"@type\":\"ImageObject\",\"inLanguage\":\"es\",\"@id\":\"https:\/\/infoecos.com.ar\/index.php\/caminos-rurales-el-intendente-de-trenque-lauquen-en-vialidad-provincia\/#primaryimage\",\"url\":\"https:\/\/infoecos.com.ar\/wp-content\/uploads\/2022\/04\/Reunion-en-Vialidad.jpeg\",\"contentUrl\":\"https:\/\/infoecos.com.ar\/wp-content\/uploads\/2022\/04\/Reunion-en-Vialidad.jpeg\",\"width\":1280,\"height\":960},{\"@type\":\"BreadcrumbList\",\"@id\":\"https:\/\/infoecos.com.ar\/index.php\/caminos-rurales-el-intendente-de-trenque-lauquen-en-vialidad-provincia\/#breadcrumb\",\"itemListElement\":[{\"@type\":\"ListItem\",\"position\":1,\"name\":\"Portada\",\"item\":\"https:\/\/infoecos.com.ar\/\"},{\"@type\":\"ListItem\",\"position\":2,\"name\":\"Caminos Rurales: el intendente de Trenque Lauquen en Vialidad Provincia\"}]},{\"@type\":\"WebSite\",\"@id\":\"https:\/\/infoecos.com.ar\/#website\",\"url\":\"https:\/\/infoecos.com.ar\/\",\"name\":\"Infoecos\",\"description\":\"Noticias de trenque lauquen y la zona\",\"publisher\":{\"@id\":\"https:\/\/infoecos.com.ar\/#organization\"},\"alternateName\":\"Noticias\",\"potentialAction\":[{\"@type\":\"SearchAction\",\"target\":{\"@type\":\"EntryPoint\",\"urlTemplate\":\"https:\/\/infoecos.com.ar\/?s={search_term_string}\"},\"query-input\":{\"@type\":\"PropertyValueSpecification\",\"valueRequired\":true,\"valueName\":\"search_term_string\"}}],\"inLanguage\":\"es\"},{\"@type\":\"Organization\",\"@id\":\"https:\/\/infoecos.com.ar\/#organization\",\"name\":\"Infoecos\",\"alternateName\":\"Noticias\",\"url\":\"https:\/\/infoecos.com.ar\/\",\"logo\":{\"@type\":\"ImageObject\",\"inLanguage\":\"es\",\"@id\":\"https:\/\/infoecos.com.ar\/#\/schema\/logo\/image\/\",\"url\":\"https:\/\/infoecos.com.ar\/wp-content\/uploads\/2024\/03\/cropped-logo.png\",\"contentUrl\":\"https:\/\/infoecos.com.ar\/wp-content\/uploads\/2024\/03\/cropped-logo.png\",\"width\":374,\"height\":90,\"caption\":\"Infoecos\"},\"image\":{\"@id\":\"https:\/\/infoecos.com.ar\/#\/schema\/logo\/image\/\"},\"sameAs\":[\"https:\/\/www.facebook.com\/profile.php?id=100063200290284\",\"https:\/\/x.com\/infoecos\"]},{\"@type\":\"Person\",\"@id\":\"https:\/\/infoecos.com.ar\/#\/schema\/person\/8f5ace5ce73b4b4aac4b7245aee6f191\",\"name\":\"Jorge Matheus\",\"url\":\"https:\/\/infoecos.com.ar\/index.php\/author\/jomatheus\/\"}]}<\/script>\n<!-- \/ Yoast SEO plugin. -->","yoast_head_json":{"title":"Caminos Rurales: el intendente de Trenque Lauquen en Vialidad Provincia - Infoecos","robots":{"index":"index","follow":"follow","max-snippet":"max-snippet:-1","max-image-preview":"max-image-preview:large","max-video-preview":"max-video-preview:-1"},"canonical":"https:\/\/infoecos.com.ar\/index.php\/caminos-rurales-el-intendente-de-trenque-lauquen-en-vialidad-provincia\/","og_locale":"es_ES","og_type":"article","og_title":"Caminos Rurales: el intendente de Trenque Lauquen en Vialidad Provincia - Infoecos","og_description":"Se ha podido saber que algunas m\u00e1quinas viales han vuelto a los caminos, luego de la fuerte cr\u00edtica que realiz\u00f3 la Sociedad Rural del distrito. Ahora se suma esta gesti\u00f3n","og_url":"https:\/\/infoecos.com.ar\/index.php\/caminos-rurales-el-intendente-de-trenque-lauquen-en-vialidad-provincia\/","og_site_name":"Infoecos","article_publisher":"https:\/\/www.facebook.com\/profile.php?id=100063200290284","article_published_time":"2022-04-28T16:45:52+00:00","article_modified_time":"2022-04-28T16:46:59+00:00","og_image":[{"width":1280,"height":960,"url":"https:\/\/infoecos.com.ar\/wp-content\/uploads\/2022\/04\/Reunion-en-Vialidad.jpeg","type":"image\/jpeg"}],"author":"Jorge Matheus","twitter_card":"summary_large_image","twitter_creator":"@infoecos","twitter_site":"@infoecos","twitter_misc":{"Escrito por":"Jorge Matheus","Tiempo de lectura":"1 minuto"},"schema":{"@context":"https:\/\/schema.org","@graph":[{"@type":"Article","@id":"https:\/\/infoecos.com.ar\/index.php\/caminos-rurales-el-intendente-de-trenque-lauquen-en-vialidad-provincia\/#article","isPartOf":{"@id":"https:\/\/infoecos.com.ar\/index.php\/caminos-rurales-el-intendente-de-trenque-lauquen-en-vialidad-provincia\/"},"author":{"name":"Jorge Matheus","@id":"https:\/\/infoecos.com.ar\/#\/schema\/person\/8f5ace5ce73b4b4aac4b7245aee6f191"},"headline":"Caminos Rurales: el intendente de Trenque Lauquen en Vialidad Provincia","datePublished":"2022-04-28T16:45:52+00:00","dateModified":"2022-04-28T16:46:59+00:00","mainEntityOfPage":{"@id":"https:\/\/infoecos.com.ar\/index.php\/caminos-rurales-el-intendente-de-trenque-lauquen-en-vialidad-provincia\/"},"wordCount":201,"publisher":{"@id":"https:\/\/infoecos.com.ar\/#organization"},"image":{"@id":"https:\/\/infoecos.com.ar\/index.php\/caminos-rurales-el-intendente-de-trenque-lauquen-en-vialidad-provincia\/#primaryimage"},"thumbnailUrl":"https:\/\/infoecos.com.ar\/wp-content\/uploads\/2022\/04\/Reunion-en-Vialidad.jpeg","keywords":["CORAZZI-30 DE AGOSTO\/LA COTORRA-LA CARRETA"],"articleSection":["C3 N1"],"inLanguage":"es"},{"@type":"WebPage","@id":"https:\/\/infoecos.com.ar\/index.php\/caminos-rurales-el-intendente-de-trenque-lauquen-en-vialidad-provincia\/","url":"https:\/\/infoecos.com.ar\/index.php\/caminos-rurales-el-intendente-de-trenque-lauquen-en-vialidad-provincia\/","name":"Caminos Rurales: el intendente de Trenque Lauquen en Vialidad Provincia - Infoecos","isPartOf":{"@id":"https:\/\/infoecos.com.ar\/#website"},"primaryImageOfPage":{"@id":"https:\/\/infoecos.com.ar\/index.php\/caminos-rurales-el-intendente-de-trenque-lauquen-en-vialidad-provincia\/#primaryimage"},"image":{"@id":"https:\/\/infoecos.com.ar\/index.php\/caminos-rurales-el-intendente-de-trenque-lauquen-en-vialidad-provincia\/#primaryimage"},"thumbnailUrl":"https:\/\/infoecos.com.ar\/wp-content\/uploads\/2022\/04\/Reunion-en-Vialidad.jpeg","datePublished":"2022-04-28T16:45:52+00:00","dateModified":"2022-04-28T16:46:59+00:00","breadcrumb":{"@id":"https:\/\/infoecos.com.ar\/index.php\/caminos-rurales-el-intendente-de-trenque-lauquen-en-vialidad-provincia\/#breadcrumb"},"inLanguage":"es","potentialAction":[{"@type":"ReadAction","target":["https:\/\/infoecos.com.ar\/index.php\/caminos-rurales-el-intendente-de-trenque-lauquen-en-vialidad-provincia\/"]}]},{"@type":"ImageObject","inLanguage":"es","@id":"https:\/\/infoecos.com.ar\/index.php\/caminos-rurales-el-intendente-de-trenque-lauquen-en-vialidad-provincia\/#primaryimage","url":"https:\/\/infoecos.com.ar\/wp-content\/uploads\/2022\/04\/Reunion-en-Vialidad.jpeg","contentUrl":"https:\/\/infoecos.com.ar\/wp-content\/uploads\/2022\/04\/Reunion-en-Vialidad.jpeg","width":1280,"height":960},{"@type":"BreadcrumbList","@id":"https:\/\/infoecos.com.ar\/index.php\/caminos-rurales-el-intendente-de-trenque-lauquen-en-vialidad-provincia\/#breadcrumb","itemListElement":[{"@type":"ListItem","position":1,"name":"Portada","item":"https:\/\/infoecos.com.ar\/"},{"@type":"ListItem","position":2,"name":"Caminos Rurales: el intendente de Trenque Lauquen en Vialidad Provincia"}]},{"@type":"WebSite","@id":"https:\/\/infoecos.com.ar\/#website","url":"https:\/\/infoecos.com.ar\/","name":"Infoecos","description":"Noticias de trenque lauquen y la zona","publisher":{"@id":"https:\/\/infoecos.com.ar\/#organization"},"alternateName":"Noticias","potentialAction":[{"@type":"SearchAction","target":{"@type":"EntryPoint","urlTemplate":"https:\/\/infoecos.com.ar\/?s={search_term_string}"},"query-input":{"@type":"PropertyValueSpecification","valueRequired":true,"valueName":"search_term_string"}}],"inLanguage":"es"},{"@type":"Organization","@id":"https:\/\/infoecos.com.ar\/#organization","name":"Infoecos","alternateName":"Noticias","url":"https:\/\/infoecos.com.ar\/","logo":{"@type":"ImageObject","inLanguage":"es","@id":"https:\/\/infoecos.com.ar\/#\/schema\/logo\/image\/","url":"https:\/\/infoecos.com.ar\/wp-content\/uploads\/2024\/03\/cropped-logo.png","contentUrl":"https:\/\/infoecos.com.ar\/wp-content\/uploads\/2024\/03\/cropped-logo.png","width":374,"height":90,"caption":"Infoecos"},"image":{"@id":"https:\/\/infoecos.com.ar\/#\/schema\/logo\/image\/"},"sameAs":["https:\/\/www.facebook.com\/profile.php?id=100063200290284","https:\/\/x.com\/infoecos"]},{"@type":"Person","@id":"https:\/\/infoecos.com.ar\/#\/schema\/person\/8f5ace5ce73b4b4aac4b7245aee6f191","name":"Jorge Matheus","url":"https:\/\/infoecos.com.ar\/index.php\/author\/jomatheus\/"}]}},"featured_image_urls":{"full":["https:\/\/infoecos.com.ar\/wp-content\/uploads\/2022\/04\/Reunion-en-Vialidad.jpeg",1280,960,false],"thumbnail":["https:\/\/infoecos.com.ar\/wp-content\/uploads\/2022\/04\/Reunion-en-Vialidad-150x150.jpeg",150,150,true],"medium":["https:\/\/infoecos.com.ar\/wp-content\/uploads\/2022\/04\/Reunion-en-Vialidad-460x345.jpeg",460,345,true],"medium_large":["https:\/\/infoecos.com.ar\/wp-content\/uploads\/2022\/04\/Reunion-en-Vialidad-768x576.jpeg",640,480,true],"large":["https:\/\/infoecos.com.ar\/wp-content\/uploads\/2022\/04\/Reunion-en-Vialidad-920x690.jpeg",640,480,true],"1536x1536":["https:\/\/infoecos.com.ar\/wp-content\/uploads\/2022\/04\/Reunion-en-Vialidad.jpeg",1280,960,false],"2048x2048":["https:\/\/infoecos.com.ar\/wp-content\/uploads\/2022\/04\/Reunion-en-Vialidad.jpeg",1280,960,false],"covernews-slider-full":["https:\/\/infoecos.com.ar\/wp-content\/uploads\/2022\/04\/Reunion-en-Vialidad.jpeg",953,715,false],"covernews-slider-center":["https:\/\/infoecos.com.ar\/wp-content\/uploads\/2022\/04\/Reunion-en-Vialidad-936x897.jpeg",522,500,true],"covernews-featured":["https:\/\/infoecos.com.ar\/wp-content\/uploads\/2022\/04\/Reunion-en-Vialidad-1024x768.jpeg",1024,768,true],"covernews-medium":["https:\/\/infoecos.com.ar\/wp-content\/uploads\/2022\/04\/Reunion-en-Vialidad-720x380.jpeg",540,285,true],"covernews-medium-square":["https:\/\/infoecos.com.ar\/wp-content\/uploads\/2022\/04\/Reunion-en-Vialidad-675x450.jpeg",375,250,true]},"author_info":{"info":["Jorge Matheus"]},"category_info":"<a href=\"https:\/\/infoecos.com.ar\/index.php\/category\/c3nota1\/\" rel=\"category tag\">C3 N1<\/a>","tag_info":"C3 N1","comment_count":"0","_links":{"self":[{"href":"https:\/\/infoecos.com.ar\/index.php\/wp-json\/wp\/v2\/posts\/91723"}],"collection":[{"href":"https:\/\/infoecos.com.ar\/index.php\/wp-json\/wp\/v2\/posts"}],"about":[{"href":"https:\/\/infoecos.com.ar\/index.php\/wp-json\/wp\/v2\/types\/post"}],"author":[{"embeddable":true,"href":"https:\/\/infoecos.com.ar\/index.php\/wp-json\/wp\/v2\/users\/2"}],"replies":[{"embeddable":true,"href":"https:\/\/infoecos.com.ar\/index.php\/wp-json\/wp\/v2\/comments?post=91723"}],"version-history":[{"count":2,"href":"https:\/\/infoecos.com.ar\/index.php\/wp-json\/wp\/v2\/posts\/91723\/revisions"}],"predecessor-version":[{"id":91726,"href":"https:\/\/infoecos.com.ar\/index.php\/wp-json\/wp\/v2\/posts\/91723\/revisions\/91726"}],"wp:featuredmedia":[{"embeddable":true,"href":"https:\/\/infoecos.com.ar\/index.php\/wp-json\/wp\/v2\/media\/91724"}],"wp:attachment":[{"href":"https:\/\/infoecos.com.ar\/index.php\/wp-json\/wp\/v2\/media?parent=91723"}],"wp:term":[{"taxonomy":"category","embeddable":true,"href":"https:\/\/infoecos.com.ar\/index.php\/wp-json\/wp\/v2\/categories?post=91723"},{"taxonomy":"post_tag","embeddable":true,"href":"https:\/\/infoecos.com.ar\/index.php\/wp-json\/wp\/v2\/tags?post=91723"}],"curies":[{"name":"wp","href":"https:\/\/api.w.org\/{rel}","templated":true}]}}