{"id":91739,"date":"2022-04-28T15:47:24","date_gmt":"2022-04-28T18:47:24","guid":{"rendered":"http:\/\/infoecos.com.ar\/?p=91739"},"modified":"2022-05-03T01:45:48","modified_gmt":"2022-05-03T04:45:48","slug":"el-senador-david-hirtz-pide-una-rotonda-en-el-cruce-de-las-rutas-nacional-33-y-provincial-60","status":"publish","type":"post","link":"https:\/\/infoecos.com.ar\/index.php\/el-senador-david-hirtz-pide-una-rotonda-en-el-cruce-de-las-rutas-nacional-33-y-provincial-60\/","title":{"rendered":"El senador David Hirtz pide una rotonda en el cruce de las Rutas nacional 33 y provincial 60"},"content":{"rendered":"\n<p>El senador provincial por la 6\u00b0 secci\u00f3n electoral, David Hirtz, ex intendente municipal de Adolfo Alsina present\u00f3 en la C\u00e1mara alta bonaerense un proyecto de declaraci\u00f3n para que el gobierno bonaerense, construya una rotonda en la intersecci\u00f3n de las rutas nacional N\u00b033 y provincial N\u00b060, ubicada en el distrito de Guamin\u00ed.<\/p>\n\n\n\n<p>El Legislador de Juntos por el Cambio se\u00f1al\u00f3 que&nbsp;\u00abeste punto&nbsp;vial es el escenario de m\u00faltiples accidentes desde hace muchos a\u00f1os, son dos rutas importantes y concurridas para la gente de la zona por su uni\u00f3n con las principales ciudades de la provincia y del pa\u00eds, existiendo un gran volumen de veh\u00edculos particulares y de camiones que transportan materia prima y\/o insumos por estas v\u00edas\u00bb<em>.<\/em><\/p>\n\n\n\n<div class=\"wp-block-image\"><figure class=\"aligncenter size-large is-resized\"><img loading=\"lazy\" decoding=\"async\" src=\"http:\/\/infoecos.com.ar\/wp-content\/uploads\/58e0445a7f9bf.jpeg\" alt=\"\" class=\"wp-image-34390\" width=\"435\" height=\"326\"\/><figcaption>Accidente ruta 33 y 60<\/figcaption><\/figure><\/div>\n","protected":false},"excerpt":{"rendered":"<p>El Legislador de Juntos por el Cambio se\u00f1al\u00f3 que \u00abeste punto vial es el escenario de m\u00faltiples accidentes desde hace muchos a\u00f1os\u00bb<\/p>\n","protected":false},"author":2,"featured_media":89780,"comment_status":"closed","ping_status":"open","sticky":false,"template":"","format":"standard","meta":{"footnotes":""},"categories":[1334],"tags":[5928],"class_list":["post-91739","post","type-post","status-publish","format-standard","has-post-thumbnail","hentry","category-inferior14","tag-distrito-de-guamini"],"yoast_head":"<!-- This site is optimized with the Yoast SEO plugin v23.4 - https:\/\/yoast.com\/wordpress\/plugins\/seo\/ -->\n<title>El senador David Hirtz pide una rotonda en el cruce de las Rutas nacional 33 y provincial 60 - Infoecos<\/title>\n<meta name=\"robots\" content=\"index, follow, max-snippet:-1, max-image-preview:large, max-video-preview:-1\" \/>\n<link rel=\"canonical\" href=\"https:\/\/infoecos.com.ar\/index.php\/el-senador-david-hirtz-pide-una-rotonda-en-el-cruce-de-las-rutas-nacional-33-y-provincial-60\/\" \/>\n<meta property=\"og:locale\" content=\"es_ES\" \/>\n<meta property=\"og:type\" content=\"article\" \/>\n<meta property=\"og:title\" content=\"El senador David Hirtz pide una rotonda en el cruce de las Rutas nacional 33 y provincial 60 - Infoecos\" \/>\n<meta property=\"og:description\" content=\"El Legislador de Juntos por el Cambio se\u00f1al\u00f3 que \u00abeste punto vial es el escenario de m\u00faltiples accidentes desde hace muchos a\u00f1os&quot;\" \/>\n<meta property=\"og:url\" content=\"https:\/\/infoecos.com.ar\/index.php\/el-senador-david-hirtz-pide-una-rotonda-en-el-cruce-de-las-rutas-nacional-33-y-provincial-60\/\" \/>\n<meta property=\"og:site_name\" content=\"Infoecos\" \/>\n<meta property=\"article:publisher\" content=\"https:\/\/www.facebook.com\/profile.php?id=100063200290284\" \/>\n<meta property=\"article:published_time\" content=\"2022-04-28T18:47:24+00:00\" \/>\n<meta property=\"article:modified_time\" content=\"2022-05-03T04:45:48+00:00\" \/>\n<meta property=\"og:image\" content=\"https:\/\/infoecos.com.ar\/wp-content\/uploads\/2021\/12\/2670979619962692446292861991830963902542858n.jpg\" \/>\n\t<meta property=\"og:image:width\" content=\"960\" \/>\n\t<meta property=\"og:image:height\" content=\"1280\" \/>\n\t<meta property=\"og:image:type\" content=\"image\/jpeg\" \/>\n<meta name=\"author\" content=\"Jorge Matheus\" \/>\n<meta name=\"twitter:card\" content=\"summary_large_image\" \/>\n<meta name=\"twitter:creator\" content=\"@infoecos\" \/>\n<meta name=\"twitter:site\" content=\"@infoecos\" \/>\n<meta name=\"twitter:label1\" content=\"Escrito por\" \/>\n\t<meta name=\"twitter:data1\" content=\"Jorge Matheus\" \/>\n\t<meta name=\"twitter:label2\" content=\"Tiempo de lectura\" \/>\n\t<meta name=\"twitter:data2\" content=\"1 minuto\" \/>\n<script type=\"application\/ld+json\" class=\"yoast-schema-graph\">{\"@context\":\"https:\/\/schema.org\",\"@graph\":[{\"@type\":\"Article\",\"@id\":\"https:\/\/infoecos.com.ar\/index.php\/el-senador-david-hirtz-pide-una-rotonda-en-el-cruce-de-las-rutas-nacional-33-y-provincial-60\/#article\",\"isPartOf\":{\"@id\":\"https:\/\/infoecos.com.ar\/index.php\/el-senador-david-hirtz-pide-una-rotonda-en-el-cruce-de-las-rutas-nacional-33-y-provincial-60\/\"},\"author\":{\"name\":\"Jorge Matheus\",\"@id\":\"https:\/\/infoecos.com.ar\/#\/schema\/person\/8f5ace5ce73b4b4aac4b7245aee6f191\"},\"headline\":\"El senador David Hirtz pide una rotonda en el cruce de las Rutas nacional 33 y provincial 60\",\"datePublished\":\"2022-04-28T18:47:24+00:00\",\"dateModified\":\"2022-05-03T04:45:48+00:00\",\"mainEntityOfPage\":{\"@id\":\"https:\/\/infoecos.com.ar\/index.php\/el-senador-david-hirtz-pide-una-rotonda-en-el-cruce-de-las-rutas-nacional-33-y-provincial-60\/\"},\"wordCount\":149,\"publisher\":{\"@id\":\"https:\/\/infoecos.com.ar\/#organization\"},\"image\":{\"@id\":\"https:\/\/infoecos.com.ar\/index.php\/el-senador-david-hirtz-pide-una-rotonda-en-el-cruce-de-las-rutas-nacional-33-y-provincial-60\/#primaryimage\"},\"thumbnailUrl\":\"https:\/\/infoecos.com.ar\/wp-content\/uploads\/2021\/12\/2670979619962692446292861991830963902542858n.jpg\",\"keywords\":[\"DISTRITO DE GUAMIN\u00cd\"],\"articleSection\":[\"Bloque inferior - 14\"],\"inLanguage\":\"es\"},{\"@type\":\"WebPage\",\"@id\":\"https:\/\/infoecos.com.ar\/index.php\/el-senador-david-hirtz-pide-una-rotonda-en-el-cruce-de-las-rutas-nacional-33-y-provincial-60\/\",\"url\":\"https:\/\/infoecos.com.ar\/index.php\/el-senador-david-hirtz-pide-una-rotonda-en-el-cruce-de-las-rutas-nacional-33-y-provincial-60\/\",\"name\":\"El senador David Hirtz pide una rotonda en el cruce de las Rutas nacional 33 y provincial 60 - Infoecos\",\"isPartOf\":{\"@id\":\"https:\/\/infoecos.com.ar\/#website\"},\"primaryImageOfPage\":{\"@id\":\"https:\/\/infoecos.com.ar\/index.php\/el-senador-david-hirtz-pide-una-rotonda-en-el-cruce-de-las-rutas-nacional-33-y-provincial-60\/#primaryimage\"},\"image\":{\"@id\":\"https:\/\/infoecos.com.ar\/index.php\/el-senador-david-hirtz-pide-una-rotonda-en-el-cruce-de-las-rutas-nacional-33-y-provincial-60\/#primaryimage\"},\"thumbnailUrl\":\"https:\/\/infoecos.com.ar\/wp-content\/uploads\/2021\/12\/2670979619962692446292861991830963902542858n.jpg\",\"datePublished\":\"2022-04-28T18:47:24+00:00\",\"dateModified\":\"2022-05-03T04:45:48+00:00\",\"breadcrumb\":{\"@id\":\"https:\/\/infoecos.com.ar\/index.php\/el-senador-david-hirtz-pide-una-rotonda-en-el-cruce-de-las-rutas-nacional-33-y-provincial-60\/#breadcrumb\"},\"inLanguage\":\"es\",\"potentialAction\":[{\"@type\":\"ReadAction\",\"target\":[\"https:\/\/infoecos.com.ar\/index.php\/el-senador-david-hirtz-pide-una-rotonda-en-el-cruce-de-las-rutas-nacional-33-y-provincial-60\/\"]}]},{\"@type\":\"ImageObject\",\"inLanguage\":\"es\",\"@id\":\"https:\/\/infoecos.com.ar\/index.php\/el-senador-david-hirtz-pide-una-rotonda-en-el-cruce-de-las-rutas-nacional-33-y-provincial-60\/#primaryimage\",\"url\":\"https:\/\/infoecos.com.ar\/wp-content\/uploads\/2021\/12\/2670979619962692446292861991830963902542858n.jpg\",\"contentUrl\":\"https:\/\/infoecos.com.ar\/wp-content\/uploads\/2021\/12\/2670979619962692446292861991830963902542858n.jpg\",\"width\":960,\"height\":1280},{\"@type\":\"BreadcrumbList\",\"@id\":\"https:\/\/infoecos.com.ar\/index.php\/el-senador-david-hirtz-pide-una-rotonda-en-el-cruce-de-las-rutas-nacional-33-y-provincial-60\/#breadcrumb\",\"itemListElement\":[{\"@type\":\"ListItem\",\"position\":1,\"name\":\"Portada\",\"item\":\"https:\/\/infoecos.com.ar\/\"},{\"@type\":\"ListItem\",\"position\":2,\"name\":\"El senador David Hirtz pide una rotonda en el cruce de las Rutas nacional 33 y provincial 60\"}]},{\"@type\":\"WebSite\",\"@id\":\"https:\/\/infoecos.com.ar\/#website\",\"url\":\"https:\/\/infoecos.com.ar\/\",\"name\":\"Infoecos\",\"description\":\"Noticias de trenque lauquen y la zona\",\"publisher\":{\"@id\":\"https:\/\/infoecos.com.ar\/#organization\"},\"alternateName\":\"Noticias\",\"potentialAction\":[{\"@type\":\"SearchAction\",\"target\":{\"@type\":\"EntryPoint\",\"urlTemplate\":\"https:\/\/infoecos.com.ar\/?s={search_term_string}\"},\"query-input\":{\"@type\":\"PropertyValueSpecification\",\"valueRequired\":true,\"valueName\":\"search_term_string\"}}],\"inLanguage\":\"es\"},{\"@type\":\"Organization\",\"@id\":\"https:\/\/infoecos.com.ar\/#organization\",\"name\":\"Infoecos\",\"alternateName\":\"Noticias\",\"url\":\"https:\/\/infoecos.com.ar\/\",\"logo\":{\"@type\":\"ImageObject\",\"inLanguage\":\"es\",\"@id\":\"https:\/\/infoecos.com.ar\/#\/schema\/logo\/image\/\",\"url\":\"https:\/\/infoecos.com.ar\/wp-content\/uploads\/2024\/03\/cropped-logo.png\",\"contentUrl\":\"https:\/\/infoecos.com.ar\/wp-content\/uploads\/2024\/03\/cropped-logo.png\",\"width\":374,\"height\":90,\"caption\":\"Infoecos\"},\"image\":{\"@id\":\"https:\/\/infoecos.com.ar\/#\/schema\/logo\/image\/\"},\"sameAs\":[\"https:\/\/www.facebook.com\/profile.php?id=100063200290284\",\"https:\/\/x.com\/infoecos\"]},{\"@type\":\"Person\",\"@id\":\"https:\/\/infoecos.com.ar\/#\/schema\/person\/8f5ace5ce73b4b4aac4b7245aee6f191\",\"name\":\"Jorge Matheus\",\"url\":\"https:\/\/infoecos.com.ar\/index.php\/author\/jomatheus\/\"}]}<\/script>\n<!-- \/ Yoast SEO plugin. -->","yoast_head_json":{"title":"El senador David Hirtz pide una rotonda en el cruce de las Rutas nacional 33 y provincial 60 - Infoecos","robots":{"index":"index","follow":"follow","max-snippet":"max-snippet:-1","max-image-preview":"max-image-preview:large","max-video-preview":"max-video-preview:-1"},"canonical":"https:\/\/infoecos.com.ar\/index.php\/el-senador-david-hirtz-pide-una-rotonda-en-el-cruce-de-las-rutas-nacional-33-y-provincial-60\/","og_locale":"es_ES","og_type":"article","og_title":"El senador David Hirtz pide una rotonda en el cruce de las Rutas nacional 33 y provincial 60 - Infoecos","og_description":"El Legislador de Juntos por el Cambio se\u00f1al\u00f3 que \u00abeste punto vial es el escenario de m\u00faltiples accidentes desde hace muchos a\u00f1os\"","og_url":"https:\/\/infoecos.com.ar\/index.php\/el-senador-david-hirtz-pide-una-rotonda-en-el-cruce-de-las-rutas-nacional-33-y-provincial-60\/","og_site_name":"Infoecos","article_publisher":"https:\/\/www.facebook.com\/profile.php?id=100063200290284","article_published_time":"2022-04-28T18:47:24+00:00","article_modified_time":"2022-05-03T04:45:48+00:00","og_image":[{"width":960,"height":1280,"url":"https:\/\/infoecos.com.ar\/wp-content\/uploads\/2021\/12\/2670979619962692446292861991830963902542858n.jpg","type":"image\/jpeg"}],"author":"Jorge Matheus","twitter_card":"summary_large_image","twitter_creator":"@infoecos","twitter_site":"@infoecos","twitter_misc":{"Escrito por":"Jorge Matheus","Tiempo de lectura":"1 minuto"},"schema":{"@context":"https:\/\/schema.org","@graph":[{"@type":"Article","@id":"https:\/\/infoecos.com.ar\/index.php\/el-senador-david-hirtz-pide-una-rotonda-en-el-cruce-de-las-rutas-nacional-33-y-provincial-60\/#article","isPartOf":{"@id":"https:\/\/infoecos.com.ar\/index.php\/el-senador-david-hirtz-pide-una-rotonda-en-el-cruce-de-las-rutas-nacional-33-y-provincial-60\/"},"author":{"name":"Jorge Matheus","@id":"https:\/\/infoecos.com.ar\/#\/schema\/person\/8f5ace5ce73b4b4aac4b7245aee6f191"},"headline":"El senador David Hirtz pide una rotonda en el cruce de las Rutas nacional 33 y provincial 60","datePublished":"2022-04-28T18:47:24+00:00","dateModified":"2022-05-03T04:45:48+00:00","mainEntityOfPage":{"@id":"https:\/\/infoecos.com.ar\/index.php\/el-senador-david-hirtz-pide-una-rotonda-en-el-cruce-de-las-rutas-nacional-33-y-provincial-60\/"},"wordCount":149,"publisher":{"@id":"https:\/\/infoecos.com.ar\/#organization"},"image":{"@id":"https:\/\/infoecos.com.ar\/index.php\/el-senador-david-hirtz-pide-una-rotonda-en-el-cruce-de-las-rutas-nacional-33-y-provincial-60\/#primaryimage"},"thumbnailUrl":"https:\/\/infoecos.com.ar\/wp-content\/uploads\/2021\/12\/2670979619962692446292861991830963902542858n.jpg","keywords":["DISTRITO DE GUAMIN\u00cd"],"articleSection":["Bloque inferior - 14"],"inLanguage":"es"},{"@type":"WebPage","@id":"https:\/\/infoecos.com.ar\/index.php\/el-senador-david-hirtz-pide-una-rotonda-en-el-cruce-de-las-rutas-nacional-33-y-provincial-60\/","url":"https:\/\/infoecos.com.ar\/index.php\/el-senador-david-hirtz-pide-una-rotonda-en-el-cruce-de-las-rutas-nacional-33-y-provincial-60\/","name":"El senador David Hirtz pide una rotonda en el cruce de las Rutas nacional 33 y provincial 60 - Infoecos","isPartOf":{"@id":"https:\/\/infoecos.com.ar\/#website"},"primaryImageOfPage":{"@id":"https:\/\/infoecos.com.ar\/index.php\/el-senador-david-hirtz-pide-una-rotonda-en-el-cruce-de-las-rutas-nacional-33-y-provincial-60\/#primaryimage"},"image":{"@id":"https:\/\/infoecos.com.ar\/index.php\/el-senador-david-hirtz-pide-una-rotonda-en-el-cruce-de-las-rutas-nacional-33-y-provincial-60\/#primaryimage"},"thumbnailUrl":"https:\/\/infoecos.com.ar\/wp-content\/uploads\/2021\/12\/2670979619962692446292861991830963902542858n.jpg","datePublished":"2022-04-28T18:47:24+00:00","dateModified":"2022-05-03T04:45:48+00:00","breadcrumb":{"@id":"https:\/\/infoecos.com.ar\/index.php\/el-senador-david-hirtz-pide-una-rotonda-en-el-cruce-de-las-rutas-nacional-33-y-provincial-60\/#breadcrumb"},"inLanguage":"es","potentialAction":[{"@type":"ReadAction","target":["https:\/\/infoecos.com.ar\/index.php\/el-senador-david-hirtz-pide-una-rotonda-en-el-cruce-de-las-rutas-nacional-33-y-provincial-60\/"]}]},{"@type":"ImageObject","inLanguage":"es","@id":"https:\/\/infoecos.com.ar\/index.php\/el-senador-david-hirtz-pide-una-rotonda-en-el-cruce-de-las-rutas-nacional-33-y-provincial-60\/#primaryimage","url":"https:\/\/infoecos.com.ar\/wp-content\/uploads\/2021\/12\/2670979619962692446292861991830963902542858n.jpg","contentUrl":"https:\/\/infoecos.com.ar\/wp-content\/uploads\/2021\/12\/2670979619962692446292861991830963902542858n.jpg","width":960,"height":1280},{"@type":"BreadcrumbList","@id":"https:\/\/infoecos.com.ar\/index.php\/el-senador-david-hirtz-pide-una-rotonda-en-el-cruce-de-las-rutas-nacional-33-y-provincial-60\/#breadcrumb","itemListElement":[{"@type":"ListItem","position":1,"name":"Portada","item":"https:\/\/infoecos.com.ar\/"},{"@type":"ListItem","position":2,"name":"El senador David Hirtz pide una rotonda en el cruce de las Rutas nacional 33 y provincial 60"}]},{"@type":"WebSite","@id":"https:\/\/infoecos.com.ar\/#website","url":"https:\/\/infoecos.com.ar\/","name":"Infoecos","description":"Noticias de trenque lauquen y la zona","publisher":{"@id":"https:\/\/infoecos.com.ar\/#organization"},"alternateName":"Noticias","potentialAction":[{"@type":"SearchAction","target":{"@type":"EntryPoint","urlTemplate":"https:\/\/infoecos.com.ar\/?s={search_term_string}"},"query-input":{"@type":"PropertyValueSpecification","valueRequired":true,"valueName":"search_term_string"}}],"inLanguage":"es"},{"@type":"Organization","@id":"https:\/\/infoecos.com.ar\/#organization","name":"Infoecos","alternateName":"Noticias","url":"https:\/\/infoecos.com.ar\/","logo":{"@type":"ImageObject","inLanguage":"es","@id":"https:\/\/infoecos.com.ar\/#\/schema\/logo\/image\/","url":"https:\/\/infoecos.com.ar\/wp-content\/uploads\/2024\/03\/cropped-logo.png","contentUrl":"https:\/\/infoecos.com.ar\/wp-content\/uploads\/2024\/03\/cropped-logo.png","width":374,"height":90,"caption":"Infoecos"},"image":{"@id":"https:\/\/infoecos.com.ar\/#\/schema\/logo\/image\/"},"sameAs":["https:\/\/www.facebook.com\/profile.php?id=100063200290284","https:\/\/x.com\/infoecos"]},{"@type":"Person","@id":"https:\/\/infoecos.com.ar\/#\/schema\/person\/8f5ace5ce73b4b4aac4b7245aee6f191","name":"Jorge Matheus","url":"https:\/\/infoecos.com.ar\/index.php\/author\/jomatheus\/"}]}},"featured_image_urls":{"full":["https:\/\/infoecos.com.ar\/wp-content\/uploads\/2021\/12\/2670979619962692446292861991830963902542858n.jpg",960,1280,false],"thumbnail":["https:\/\/infoecos.com.ar\/wp-content\/uploads\/2021\/12\/2670979619962692446292861991830963902542858n-150x150.jpg",150,150,true],"medium":["https:\/\/infoecos.com.ar\/wp-content\/uploads\/2021\/12\/2670979619962692446292861991830963902542858n-345x460.jpg",345,460,true],"medium_large":["https:\/\/infoecos.com.ar\/wp-content\/uploads\/2021\/12\/2670979619962692446292861991830963902542858n-768x1024.jpg",640,853,true],"large":["https:\/\/infoecos.com.ar\/wp-content\/uploads\/2021\/12\/2670979619962692446292861991830963902542858n-690x920.jpg",640,853,true],"1536x1536":["https:\/\/infoecos.com.ar\/wp-content\/uploads\/2021\/12\/2670979619962692446292861991830963902542858n.jpg",960,1280,false],"2048x2048":["https:\/\/infoecos.com.ar\/wp-content\/uploads\/2021\/12\/2670979619962692446292861991830963902542858n.jpg",960,1280,false],"covernews-slider-full":["https:\/\/infoecos.com.ar\/wp-content\/uploads\/2021\/12\/2670979619962692446292861991830963902542858n-960x1020.jpg",673,715,true],"covernews-slider-center":["https:\/\/infoecos.com.ar\/wp-content\/uploads\/2021\/12\/2670979619962692446292861991830963902542858n-936x897.jpg",522,500,true],"covernews-featured":["https:\/\/infoecos.com.ar\/wp-content\/uploads\/2021\/12\/2670979619962692446292861991830963902542858n.jpg",960,1280,false],"covernews-medium":["https:\/\/infoecos.com.ar\/wp-content\/uploads\/2021\/12\/2670979619962692446292861991830963902542858n-720x380.jpg",540,285,true],"covernews-medium-square":["https:\/\/infoecos.com.ar\/wp-content\/uploads\/2021\/12\/2670979619962692446292861991830963902542858n-675x450.jpg",375,250,true]},"author_info":{"info":["Jorge Matheus"]},"category_info":"<a href=\"https:\/\/infoecos.com.ar\/index.php\/category\/inferior14\/\" rel=\"category tag\">Bloque inferior - 14<\/a>","tag_info":"Bloque inferior - 14","comment_count":"0","_links":{"self":[{"href":"https:\/\/infoecos.com.ar\/index.php\/wp-json\/wp\/v2\/posts\/91739"}],"collection":[{"href":"https:\/\/infoecos.com.ar\/index.php\/wp-json\/wp\/v2\/posts"}],"about":[{"href":"https:\/\/infoecos.com.ar\/index.php\/wp-json\/wp\/v2\/types\/post"}],"author":[{"embeddable":true,"href":"https:\/\/infoecos.com.ar\/index.php\/wp-json\/wp\/v2\/users\/2"}],"replies":[{"embeddable":true,"href":"https:\/\/infoecos.com.ar\/index.php\/wp-json\/wp\/v2\/comments?post=91739"}],"version-history":[{"count":2,"href":"https:\/\/infoecos.com.ar\/index.php\/wp-json\/wp\/v2\/posts\/91739\/revisions"}],"predecessor-version":[{"id":91805,"href":"https:\/\/infoecos.com.ar\/index.php\/wp-json\/wp\/v2\/posts\/91739\/revisions\/91805"}],"wp:featuredmedia":[{"embeddable":true,"href":"https:\/\/infoecos.com.ar\/index.php\/wp-json\/wp\/v2\/media\/89780"}],"wp:attachment":[{"href":"https:\/\/infoecos.com.ar\/index.php\/wp-json\/wp\/v2\/media?parent=91739"}],"wp:term":[{"taxonomy":"category","embeddable":true,"href":"https:\/\/infoecos.com.ar\/index.php\/wp-json\/wp\/v2\/categories?post=91739"},{"taxonomy":"post_tag","embeddable":true,"href":"https:\/\/infoecos.com.ar\/index.php\/wp-json\/wp\/v2\/tags?post=91739"}],"curies":[{"name":"wp","href":"https:\/\/api.w.org\/{rel}","templated":true}]}}