{"id":91849,"date":"2022-05-01T00:43:37","date_gmt":"2022-05-01T03:43:37","guid":{"rendered":"http:\/\/infoecos.com.ar\/?p=91849"},"modified":"2022-05-02T01:38:48","modified_gmt":"2022-05-02T04:38:48","slug":"aumentaran-las-cuotas-en-los-colegios-privados-de-la-provincia-en-un-25-en-tres-tramos","status":"publish","type":"post","link":"https:\/\/infoecos.com.ar\/index.php\/aumentaran-las-cuotas-en-los-colegios-privados-de-la-provincia-en-un-25-en-tres-tramos\/","title":{"rendered":"Aumentan las cuotas en los colegios privados de la provincia en un 25 % en tres tramos"},"content":{"rendered":"\n<p>Los colegios privados en la provincia de Buenos Aires aumentar\u00e1n las cuotas en un 25 % en tres tramos, con retroactividad a marzo 2022<\/p>\n\n\n\n<p>Lo decidi\u00f3 la Comisi\u00f3n de Aranceles, dependiente de Direcci\u00f3n de General de Cultura y Educaci\u00f3n, a\u00f1adiendo que el nuevo cuadro, por el que ven\u00edan pidiendo las entidades que nuclean a propietarios de las instituciones, contempla un aumento escalonado entre marzo, julio y septiembre que suma esa cifra.<\/p>\n\n\n\n<p>A la vez, las familias tendr\u00e1n que pagar en forma retroactiva, ya que el esquema arranca con subas desde el primer mes del ciclo 2022. Eso agregar\u00e1 un diferencial en, al menos, dos de las pr\u00f3ximas cuotas.<\/p>\n\n\n\n<div class=\"wp-block-image\"><figure class=\"aligncenter size-large\"><img decoding=\"async\" src=\"http:\/\/infoecos.com.ar\/wp-content\/uploads\/mblq1NCz_parodocente.jpg\" alt=\"\" class=\"wp-image-29891\"\/><figcaption>Escuela<\/figcaption><\/figure><\/div>\n\n\n\n<p>El esquema se dio a conocer el viernes 29 y los colegios ya comenzaron a liquidar las cuotas del mes pr\u00f3ximo con esa referencia. El incremento previsto ronda el 8% en marzo, 8% en julio y 9% en septiembre, lo que totalizar\u00e1 el 25% para esa fecha.<\/p>\n\n\n\n<p>Estos aumentos se registrar\u00e1n en el caso de colegios que reciben distintos porcentajes de subvenciones por parte de la Provincia, utilizados para el pago de salarios del personal docente. Los colegios que no tienen subsidios ya aplicaron aumentos de entre el 8 y el 12 por ciento con las cuotas de abril.<\/p>\n","protected":false},"excerpt":{"rendered":"<p>El esquema se dio a conocer el viernes 29 y los colegios ya comenzaron a liquidar las cuotas del mes pr\u00f3ximo con esa referencia<\/p>\n","protected":false},"author":2,"featured_media":29891,"comment_status":"closed","ping_status":"open","sticky":false,"template":"","format":"standard","meta":{"footnotes":""},"categories":[1326],"tags":[5942],"class_list":["post-91849","post","type-post","status-publish","format-standard","has-post-thumbnail","hentry","category-c2nota6","tag-con-retroactividad-a-marzo"],"yoast_head":"<!-- This site is optimized with the Yoast SEO plugin v23.4 - https:\/\/yoast.com\/wordpress\/plugins\/seo\/ -->\n<title>Aumentan las cuotas en los colegios privados de la provincia en un 25 % en tres tramos - Infoecos<\/title>\n<meta name=\"robots\" content=\"index, follow, max-snippet:-1, max-image-preview:large, max-video-preview:-1\" \/>\n<link rel=\"canonical\" href=\"https:\/\/infoecos.com.ar\/index.php\/aumentaran-las-cuotas-en-los-colegios-privados-de-la-provincia-en-un-25-en-tres-tramos\/\" \/>\n<meta property=\"og:locale\" content=\"es_ES\" \/>\n<meta property=\"og:type\" content=\"article\" \/>\n<meta property=\"og:title\" content=\"Aumentan las cuotas en los colegios privados de la provincia en un 25 % en tres tramos - Infoecos\" \/>\n<meta property=\"og:description\" content=\"El esquema se dio a conocer el viernes 29 y los colegios ya comenzaron a liquidar las cuotas del mes pr\u00f3ximo con esa referencia\" \/>\n<meta property=\"og:url\" content=\"https:\/\/infoecos.com.ar\/index.php\/aumentaran-las-cuotas-en-los-colegios-privados-de-la-provincia-en-un-25-en-tres-tramos\/\" \/>\n<meta property=\"og:site_name\" content=\"Infoecos\" \/>\n<meta property=\"article:publisher\" content=\"https:\/\/www.facebook.com\/profile.php?id=100063200290284\" \/>\n<meta property=\"article:published_time\" content=\"2022-05-01T03:43:37+00:00\" \/>\n<meta property=\"article:modified_time\" content=\"2022-05-02T04:38:48+00:00\" \/>\n<meta property=\"og:image\" content=\"https:\/\/infoecos.com.ar\/wp-content\/uploads\/mblq1NCz_parodocente.jpg\" \/>\n\t<meta property=\"og:image:width\" content=\"600\" \/>\n\t<meta property=\"og:image:height\" content=\"338\" \/>\n\t<meta property=\"og:image:type\" content=\"image\/jpeg\" \/>\n<meta name=\"author\" content=\"Jorge Matheus\" \/>\n<meta name=\"twitter:card\" content=\"summary_large_image\" \/>\n<meta name=\"twitter:creator\" content=\"@infoecos\" \/>\n<meta name=\"twitter:site\" content=\"@infoecos\" \/>\n<meta name=\"twitter:label1\" content=\"Escrito por\" \/>\n\t<meta name=\"twitter:data1\" content=\"Jorge Matheus\" \/>\n\t<meta name=\"twitter:label2\" content=\"Tiempo de lectura\" \/>\n\t<meta name=\"twitter:data2\" content=\"1 minuto\" \/>\n<script type=\"application\/ld+json\" class=\"yoast-schema-graph\">{\"@context\":\"https:\/\/schema.org\",\"@graph\":[{\"@type\":\"Article\",\"@id\":\"https:\/\/infoecos.com.ar\/index.php\/aumentaran-las-cuotas-en-los-colegios-privados-de-la-provincia-en-un-25-en-tres-tramos\/#article\",\"isPartOf\":{\"@id\":\"https:\/\/infoecos.com.ar\/index.php\/aumentaran-las-cuotas-en-los-colegios-privados-de-la-provincia-en-un-25-en-tres-tramos\/\"},\"author\":{\"name\":\"Jorge Matheus\",\"@id\":\"https:\/\/infoecos.com.ar\/#\/schema\/person\/8f5ace5ce73b4b4aac4b7245aee6f191\"},\"headline\":\"Aumentan las cuotas en los colegios privados de la provincia en un 25 % en tres tramos\",\"datePublished\":\"2022-05-01T03:43:37+00:00\",\"dateModified\":\"2022-05-02T04:38:48+00:00\",\"mainEntityOfPage\":{\"@id\":\"https:\/\/infoecos.com.ar\/index.php\/aumentaran-las-cuotas-en-los-colegios-privados-de-la-provincia-en-un-25-en-tres-tramos\/\"},\"wordCount\":222,\"publisher\":{\"@id\":\"https:\/\/infoecos.com.ar\/#organization\"},\"image\":{\"@id\":\"https:\/\/infoecos.com.ar\/index.php\/aumentaran-las-cuotas-en-los-colegios-privados-de-la-provincia-en-un-25-en-tres-tramos\/#primaryimage\"},\"thumbnailUrl\":\"\",\"keywords\":[\"con retroactividad a marzo\"],\"articleSection\":[\"C2 N6\"],\"inLanguage\":\"es\"},{\"@type\":\"WebPage\",\"@id\":\"https:\/\/infoecos.com.ar\/index.php\/aumentaran-las-cuotas-en-los-colegios-privados-de-la-provincia-en-un-25-en-tres-tramos\/\",\"url\":\"https:\/\/infoecos.com.ar\/index.php\/aumentaran-las-cuotas-en-los-colegios-privados-de-la-provincia-en-un-25-en-tres-tramos\/\",\"name\":\"Aumentan las cuotas en los colegios privados de la provincia en un 25 % en tres tramos - Infoecos\",\"isPartOf\":{\"@id\":\"https:\/\/infoecos.com.ar\/#website\"},\"primaryImageOfPage\":{\"@id\":\"https:\/\/infoecos.com.ar\/index.php\/aumentaran-las-cuotas-en-los-colegios-privados-de-la-provincia-en-un-25-en-tres-tramos\/#primaryimage\"},\"image\":{\"@id\":\"https:\/\/infoecos.com.ar\/index.php\/aumentaran-las-cuotas-en-los-colegios-privados-de-la-provincia-en-un-25-en-tres-tramos\/#primaryimage\"},\"thumbnailUrl\":\"\",\"datePublished\":\"2022-05-01T03:43:37+00:00\",\"dateModified\":\"2022-05-02T04:38:48+00:00\",\"breadcrumb\":{\"@id\":\"https:\/\/infoecos.com.ar\/index.php\/aumentaran-las-cuotas-en-los-colegios-privados-de-la-provincia-en-un-25-en-tres-tramos\/#breadcrumb\"},\"inLanguage\":\"es\",\"potentialAction\":[{\"@type\":\"ReadAction\",\"target\":[\"https:\/\/infoecos.com.ar\/index.php\/aumentaran-las-cuotas-en-los-colegios-privados-de-la-provincia-en-un-25-en-tres-tramos\/\"]}]},{\"@type\":\"ImageObject\",\"inLanguage\":\"es\",\"@id\":\"https:\/\/infoecos.com.ar\/index.php\/aumentaran-las-cuotas-en-los-colegios-privados-de-la-provincia-en-un-25-en-tres-tramos\/#primaryimage\",\"url\":\"\",\"contentUrl\":\"\"},{\"@type\":\"BreadcrumbList\",\"@id\":\"https:\/\/infoecos.com.ar\/index.php\/aumentaran-las-cuotas-en-los-colegios-privados-de-la-provincia-en-un-25-en-tres-tramos\/#breadcrumb\",\"itemListElement\":[{\"@type\":\"ListItem\",\"position\":1,\"name\":\"Portada\",\"item\":\"https:\/\/infoecos.com.ar\/\"},{\"@type\":\"ListItem\",\"position\":2,\"name\":\"Aumentan las cuotas en los colegios privados de la provincia en un 25 % en tres tramos\"}]},{\"@type\":\"WebSite\",\"@id\":\"https:\/\/infoecos.com.ar\/#website\",\"url\":\"https:\/\/infoecos.com.ar\/\",\"name\":\"Infoecos\",\"description\":\"Noticias de trenque lauquen y la zona\",\"publisher\":{\"@id\":\"https:\/\/infoecos.com.ar\/#organization\"},\"alternateName\":\"Noticias\",\"potentialAction\":[{\"@type\":\"SearchAction\",\"target\":{\"@type\":\"EntryPoint\",\"urlTemplate\":\"https:\/\/infoecos.com.ar\/?s={search_term_string}\"},\"query-input\":{\"@type\":\"PropertyValueSpecification\",\"valueRequired\":true,\"valueName\":\"search_term_string\"}}],\"inLanguage\":\"es\"},{\"@type\":\"Organization\",\"@id\":\"https:\/\/infoecos.com.ar\/#organization\",\"name\":\"Infoecos\",\"alternateName\":\"Noticias\",\"url\":\"https:\/\/infoecos.com.ar\/\",\"logo\":{\"@type\":\"ImageObject\",\"inLanguage\":\"es\",\"@id\":\"https:\/\/infoecos.com.ar\/#\/schema\/logo\/image\/\",\"url\":\"https:\/\/infoecos.com.ar\/wp-content\/uploads\/2024\/03\/cropped-logo.png\",\"contentUrl\":\"https:\/\/infoecos.com.ar\/wp-content\/uploads\/2024\/03\/cropped-logo.png\",\"width\":374,\"height\":90,\"caption\":\"Infoecos\"},\"image\":{\"@id\":\"https:\/\/infoecos.com.ar\/#\/schema\/logo\/image\/\"},\"sameAs\":[\"https:\/\/www.facebook.com\/profile.php?id=100063200290284\",\"https:\/\/x.com\/infoecos\"]},{\"@type\":\"Person\",\"@id\":\"https:\/\/infoecos.com.ar\/#\/schema\/person\/8f5ace5ce73b4b4aac4b7245aee6f191\",\"name\":\"Jorge Matheus\",\"url\":\"https:\/\/infoecos.com.ar\/index.php\/author\/jomatheus\/\"}]}<\/script>\n<!-- \/ Yoast SEO plugin. -->","yoast_head_json":{"title":"Aumentan las cuotas en los colegios privados de la provincia en un 25 % en tres tramos - Infoecos","robots":{"index":"index","follow":"follow","max-snippet":"max-snippet:-1","max-image-preview":"max-image-preview:large","max-video-preview":"max-video-preview:-1"},"canonical":"https:\/\/infoecos.com.ar\/index.php\/aumentaran-las-cuotas-en-los-colegios-privados-de-la-provincia-en-un-25-en-tres-tramos\/","og_locale":"es_ES","og_type":"article","og_title":"Aumentan las cuotas en los colegios privados de la provincia en un 25 % en tres tramos - Infoecos","og_description":"El esquema se dio a conocer el viernes 29 y los colegios ya comenzaron a liquidar las cuotas del mes pr\u00f3ximo con esa referencia","og_url":"https:\/\/infoecos.com.ar\/index.php\/aumentaran-las-cuotas-en-los-colegios-privados-de-la-provincia-en-un-25-en-tres-tramos\/","og_site_name":"Infoecos","article_publisher":"https:\/\/www.facebook.com\/profile.php?id=100063200290284","article_published_time":"2022-05-01T03:43:37+00:00","article_modified_time":"2022-05-02T04:38:48+00:00","og_image":[{"width":600,"height":338,"url":"https:\/\/infoecos.com.ar\/wp-content\/uploads\/mblq1NCz_parodocente.jpg","type":"image\/jpeg"}],"author":"Jorge Matheus","twitter_card":"summary_large_image","twitter_creator":"@infoecos","twitter_site":"@infoecos","twitter_misc":{"Escrito por":"Jorge Matheus","Tiempo de lectura":"1 minuto"},"schema":{"@context":"https:\/\/schema.org","@graph":[{"@type":"Article","@id":"https:\/\/infoecos.com.ar\/index.php\/aumentaran-las-cuotas-en-los-colegios-privados-de-la-provincia-en-un-25-en-tres-tramos\/#article","isPartOf":{"@id":"https:\/\/infoecos.com.ar\/index.php\/aumentaran-las-cuotas-en-los-colegios-privados-de-la-provincia-en-un-25-en-tres-tramos\/"},"author":{"name":"Jorge Matheus","@id":"https:\/\/infoecos.com.ar\/#\/schema\/person\/8f5ace5ce73b4b4aac4b7245aee6f191"},"headline":"Aumentan las cuotas en los colegios privados de la provincia en un 25 % en tres tramos","datePublished":"2022-05-01T03:43:37+00:00","dateModified":"2022-05-02T04:38:48+00:00","mainEntityOfPage":{"@id":"https:\/\/infoecos.com.ar\/index.php\/aumentaran-las-cuotas-en-los-colegios-privados-de-la-provincia-en-un-25-en-tres-tramos\/"},"wordCount":222,"publisher":{"@id":"https:\/\/infoecos.com.ar\/#organization"},"image":{"@id":"https:\/\/infoecos.com.ar\/index.php\/aumentaran-las-cuotas-en-los-colegios-privados-de-la-provincia-en-un-25-en-tres-tramos\/#primaryimage"},"thumbnailUrl":"","keywords":["con retroactividad a marzo"],"articleSection":["C2 N6"],"inLanguage":"es"},{"@type":"WebPage","@id":"https:\/\/infoecos.com.ar\/index.php\/aumentaran-las-cuotas-en-los-colegios-privados-de-la-provincia-en-un-25-en-tres-tramos\/","url":"https:\/\/infoecos.com.ar\/index.php\/aumentaran-las-cuotas-en-los-colegios-privados-de-la-provincia-en-un-25-en-tres-tramos\/","name":"Aumentan las cuotas en los colegios privados de la provincia en un 25 % en tres tramos - Infoecos","isPartOf":{"@id":"https:\/\/infoecos.com.ar\/#website"},"primaryImageOfPage":{"@id":"https:\/\/infoecos.com.ar\/index.php\/aumentaran-las-cuotas-en-los-colegios-privados-de-la-provincia-en-un-25-en-tres-tramos\/#primaryimage"},"image":{"@id":"https:\/\/infoecos.com.ar\/index.php\/aumentaran-las-cuotas-en-los-colegios-privados-de-la-provincia-en-un-25-en-tres-tramos\/#primaryimage"},"thumbnailUrl":"","datePublished":"2022-05-01T03:43:37+00:00","dateModified":"2022-05-02T04:38:48+00:00","breadcrumb":{"@id":"https:\/\/infoecos.com.ar\/index.php\/aumentaran-las-cuotas-en-los-colegios-privados-de-la-provincia-en-un-25-en-tres-tramos\/#breadcrumb"},"inLanguage":"es","potentialAction":[{"@type":"ReadAction","target":["https:\/\/infoecos.com.ar\/index.php\/aumentaran-las-cuotas-en-los-colegios-privados-de-la-provincia-en-un-25-en-tres-tramos\/"]}]},{"@type":"ImageObject","inLanguage":"es","@id":"https:\/\/infoecos.com.ar\/index.php\/aumentaran-las-cuotas-en-los-colegios-privados-de-la-provincia-en-un-25-en-tres-tramos\/#primaryimage","url":"","contentUrl":""},{"@type":"BreadcrumbList","@id":"https:\/\/infoecos.com.ar\/index.php\/aumentaran-las-cuotas-en-los-colegios-privados-de-la-provincia-en-un-25-en-tres-tramos\/#breadcrumb","itemListElement":[{"@type":"ListItem","position":1,"name":"Portada","item":"https:\/\/infoecos.com.ar\/"},{"@type":"ListItem","position":2,"name":"Aumentan las cuotas en los colegios privados de la provincia en un 25 % en tres tramos"}]},{"@type":"WebSite","@id":"https:\/\/infoecos.com.ar\/#website","url":"https:\/\/infoecos.com.ar\/","name":"Infoecos","description":"Noticias de trenque lauquen y la zona","publisher":{"@id":"https:\/\/infoecos.com.ar\/#organization"},"alternateName":"Noticias","potentialAction":[{"@type":"SearchAction","target":{"@type":"EntryPoint","urlTemplate":"https:\/\/infoecos.com.ar\/?s={search_term_string}"},"query-input":{"@type":"PropertyValueSpecification","valueRequired":true,"valueName":"search_term_string"}}],"inLanguage":"es"},{"@type":"Organization","@id":"https:\/\/infoecos.com.ar\/#organization","name":"Infoecos","alternateName":"Noticias","url":"https:\/\/infoecos.com.ar\/","logo":{"@type":"ImageObject","inLanguage":"es","@id":"https:\/\/infoecos.com.ar\/#\/schema\/logo\/image\/","url":"https:\/\/infoecos.com.ar\/wp-content\/uploads\/2024\/03\/cropped-logo.png","contentUrl":"https:\/\/infoecos.com.ar\/wp-content\/uploads\/2024\/03\/cropped-logo.png","width":374,"height":90,"caption":"Infoecos"},"image":{"@id":"https:\/\/infoecos.com.ar\/#\/schema\/logo\/image\/"},"sameAs":["https:\/\/www.facebook.com\/profile.php?id=100063200290284","https:\/\/x.com\/infoecos"]},{"@type":"Person","@id":"https:\/\/infoecos.com.ar\/#\/schema\/person\/8f5ace5ce73b4b4aac4b7245aee6f191","name":"Jorge Matheus","url":"https:\/\/infoecos.com.ar\/index.php\/author\/jomatheus\/"}]}},"featured_image_urls":{"full":"","thumbnail":"","medium":"","medium_large":"","large":"","1536x1536":"","2048x2048":"","covernews-slider-full":"","covernews-slider-center":"","covernews-featured":"","covernews-medium":"","covernews-medium-square":""},"author_info":{"info":["Jorge Matheus"]},"category_info":"<a href=\"https:\/\/infoecos.com.ar\/index.php\/category\/c2nota6\/\" rel=\"category tag\">C2 N6<\/a>","tag_info":"C2 N6","comment_count":"0","_links":{"self":[{"href":"https:\/\/infoecos.com.ar\/index.php\/wp-json\/wp\/v2\/posts\/91849"}],"collection":[{"href":"https:\/\/infoecos.com.ar\/index.php\/wp-json\/wp\/v2\/posts"}],"about":[{"href":"https:\/\/infoecos.com.ar\/index.php\/wp-json\/wp\/v2\/types\/post"}],"author":[{"embeddable":true,"href":"https:\/\/infoecos.com.ar\/index.php\/wp-json\/wp\/v2\/users\/2"}],"replies":[{"embeddable":true,"href":"https:\/\/infoecos.com.ar\/index.php\/wp-json\/wp\/v2\/comments?post=91849"}],"version-history":[{"count":2,"href":"https:\/\/infoecos.com.ar\/index.php\/wp-json\/wp\/v2\/posts\/91849\/revisions"}],"predecessor-version":[{"id":91951,"href":"https:\/\/infoecos.com.ar\/index.php\/wp-json\/wp\/v2\/posts\/91849\/revisions\/91951"}],"wp:featuredmedia":[{"embeddable":true,"href":"https:\/\/infoecos.com.ar\/index.php\/wp-json\/"}],"wp:attachment":[{"href":"https:\/\/infoecos.com.ar\/index.php\/wp-json\/wp\/v2\/media?parent=91849"}],"wp:term":[{"taxonomy":"category","embeddable":true,"href":"https:\/\/infoecos.com.ar\/index.php\/wp-json\/wp\/v2\/categories?post=91849"},{"taxonomy":"post_tag","embeddable":true,"href":"https:\/\/infoecos.com.ar\/index.php\/wp-json\/wp\/v2\/tags?post=91849"}],"curies":[{"name":"wp","href":"https:\/\/api.w.org\/{rel}","templated":true}]}}