{"id":91859,"date":"2022-05-01T02:09:10","date_gmt":"2022-05-01T05:09:10","guid":{"rendered":"http:\/\/infoecos.com.ar\/?p=91859"},"modified":"2022-05-03T01:41:00","modified_gmt":"2022-05-03T04:41:00","slug":"el-radicalismo-debe-alcanzar-el-poder-el-ano-proximo-dijo-abad-en-general-arenales","status":"publish","type":"post","link":"https:\/\/infoecos.com.ar\/index.php\/el-radicalismo-debe-alcanzar-el-poder-el-ano-proximo-dijo-abad-en-general-arenales\/","title":{"rendered":"\u00abEl radicalismo debe alcanzar el poder el a\u00f1o pr\u00f3ximo\u00bb, dijo Abad en General Arenales"},"content":{"rendered":"\n<p>Con la participaci\u00f3n del presidente del Comit\u00e9 Provincia,&nbsp;<strong>Maxi Abad<\/strong>, y la vicepresidenta<strong>&nbsp;\u00c9rica Revilla,<\/strong>&nbsp;se realiz\u00f3 el plenario de la Uni\u00f3n C\u00edvica Radical de la IV Secci\u00f3n Electoral. Se desarroll\u00f3 en la ciudad de General Arenales. Asistieron los titulares de los 18 comit\u00e9s de distrito.<\/p>\n\n\n\n<div class=\"wp-block-image\"><figure class=\"aligncenter size-large is-resized\"><img loading=\"lazy\" decoding=\"async\" src=\"http:\/\/infoecos.com.ar\/wp-content\/uploads\/2022\/05\/ucrreunionenarenales.jpg\" alt=\"\" class=\"wp-image-91860\" width=\"620\" height=\"455\" srcset=\"https:\/\/infoecos.com.ar\/wp-content\/uploads\/2022\/05\/ucrreunionenarenales.jpg 750w, https:\/\/infoecos.com.ar\/wp-content\/uploads\/2022\/05\/ucrreunionenarenales-460x337.jpg 460w\" sizes=\"(max-width: 620px) 100vw, 620px\" \/><\/figure><\/div>\n\n\n\n<p>Durante el encuentro se trazaron los lineamientos fijados en lo inmediato y la necesidad de fortalecer el armado pol\u00edtico provincial y de cada comit\u00e9.<\/p>\n\n\n\n<p>Abad acentu\u00f3 que  \u00abel radicalismo debe alcanzar el poder el a\u00f1o pr\u00f3ximo\u00bb.<\/p>\n\n\n\n<p>\u201cMi mensaje es de movilizaci\u00f3n partidaria, de construir candidaturas a intendentes, y que cuando logremos interactuemos con el Comit\u00e9 Provincia que tiene muchas herramientas para trabajar en forma conjunta y potenciar esas candidaturas. Hay que tener la iniciativa propia de construir escenarios que lleven a lograr fortalecer cada uno de los territorios\u201d, se\u00f1al\u00f3 ante los presidentes de Comit\u00e9s de la secci\u00f3n.<\/p>\n\n\n\n<div class=\"wp-block-image\"><figure class=\"aligncenter size-large is-resized\"><img loading=\"lazy\" decoding=\"async\" src=\"http:\/\/infoecos.com.ar\/wp-content\/uploads\/2022\/05\/ucrreunionarenales.jpg\" alt=\"\" class=\"wp-image-91861\" width=\"655\" height=\"284\" srcset=\"https:\/\/infoecos.com.ar\/wp-content\/uploads\/2022\/05\/ucrreunionarenales.jpg 750w, https:\/\/infoecos.com.ar\/wp-content\/uploads\/2022\/05\/ucrreunionarenales-460x199.jpg 460w\" sizes=\"(max-width: 655px) 100vw, 655px\" \/><\/figure><\/div>\n\n\n\n<p>Requiri\u00f3 \u201cuna dirigencia local que genere hechos, iniciativas que movilicen al partido, que interact\u00faen con las organizaciones civiles, que construyan poder, un escenario en funci\u00f3n del objetivo que es alcanzar un poder para modificar la realidad de la gente. No somos un club de amigos, somos una organizaci\u00f3n pol\u00edtica que disputa poder para transformar la realidad y para generar inclusi\u00f3n en lo que entendemos una sociedad m\u00e1s justa y solidaria\u201d.<\/p>\n\n\n\n<div class=\"wp-block-image\"><figure class=\"aligncenter size-large is-resized\"><img loading=\"lazy\" decoding=\"async\" src=\"http:\/\/infoecos.com.ar\/wp-content\/uploads\/2022\/05\/ucrreunionarenales1.jpg\" alt=\"\" class=\"wp-image-91862\" width=\"658\" height=\"440\" srcset=\"https:\/\/infoecos.com.ar\/wp-content\/uploads\/2022\/05\/ucrreunionarenales1.jpg 750w, https:\/\/infoecos.com.ar\/wp-content\/uploads\/2022\/05\/ucrreunionarenales1-460x308.jpg 460w, https:\/\/infoecos.com.ar\/wp-content\/uploads\/2022\/05\/ucrreunionarenales1-675x450.jpg 675w\" sizes=\"(max-width: 658px) 100vw, 658px\" \/><\/figure><\/div>\n\n\n\n<p>La UCR provincial viene generando estos encuentros y \u00e1mbitos con la participaci\u00f3n de la dirigencia. Intervienen intendentes y legisladores, como sucedi\u00f3 en Gral. Arenales, donde se observ\u00f3 la presencia de los diputados Vanesa Zuccari, Danya Tavela y Valent\u00edn Miranda, y el senador Agust\u00edn Maspoli.<\/p>\n\n\n\n<p><\/p>\n","protected":false},"excerpt":{"rendered":"<p>Asistieron los titulares de los 18 comit\u00e9s de distrito. Durante el encuentro se trazaron los lineamientos fijados en lo inmediato y la necesidad de fortalecer el armado pol\u00edtico provincial y de cada comit\u00e9<\/p>\n","protected":false},"author":2,"featured_media":91861,"comment_status":"closed","ping_status":"open","sticky":false,"template":"","format":"standard","meta":{"footnotes":""},"categories":[26],"tags":[5943],"class_list":["post-91859","post","type-post","status-publish","format-standard","has-post-thumbnail","hentry","category-inferior6","tag-reunion-de-la-4-seccion"],"yoast_head":"<!-- This site is optimized with the Yoast SEO plugin v23.4 - https:\/\/yoast.com\/wordpress\/plugins\/seo\/ -->\n<title>&quot;El radicalismo debe alcanzar el poder el a\u00f1o pr\u00f3ximo&quot;, dijo Abad en General Arenales - Infoecos<\/title>\n<meta name=\"robots\" content=\"index, follow, max-snippet:-1, max-image-preview:large, max-video-preview:-1\" \/>\n<link rel=\"canonical\" href=\"https:\/\/infoecos.com.ar\/index.php\/el-radicalismo-debe-alcanzar-el-poder-el-ano-proximo-dijo-abad-en-general-arenales\/\" \/>\n<meta property=\"og:locale\" content=\"es_ES\" \/>\n<meta property=\"og:type\" content=\"article\" \/>\n<meta property=\"og:title\" content=\"&quot;El radicalismo debe alcanzar el poder el a\u00f1o pr\u00f3ximo&quot;, dijo Abad en General Arenales - Infoecos\" \/>\n<meta property=\"og:description\" content=\"Asistieron los titulares de los 18 comit\u00e9s de distrito. Durante el encuentro se trazaron los lineamientos fijados en lo inmediato y la necesidad de fortalecer el armado pol\u00edtico provincial y de cada comit\u00e9\" \/>\n<meta property=\"og:url\" content=\"https:\/\/infoecos.com.ar\/index.php\/el-radicalismo-debe-alcanzar-el-poder-el-ano-proximo-dijo-abad-en-general-arenales\/\" \/>\n<meta property=\"og:site_name\" content=\"Infoecos\" \/>\n<meta property=\"article:publisher\" content=\"https:\/\/www.facebook.com\/profile.php?id=100063200290284\" \/>\n<meta property=\"article:published_time\" content=\"2022-05-01T05:09:10+00:00\" \/>\n<meta property=\"article:modified_time\" content=\"2022-05-03T04:41:00+00:00\" \/>\n<meta property=\"og:image\" content=\"https:\/\/infoecos.com.ar\/wp-content\/uploads\/2022\/05\/ucrreunionarenales.jpg\" \/>\n\t<meta property=\"og:image:width\" content=\"750\" \/>\n\t<meta property=\"og:image:height\" content=\"325\" \/>\n\t<meta property=\"og:image:type\" content=\"image\/jpeg\" \/>\n<meta name=\"author\" content=\"Jorge Matheus\" \/>\n<meta name=\"twitter:card\" content=\"summary_large_image\" \/>\n<meta name=\"twitter:creator\" content=\"@infoecos\" \/>\n<meta name=\"twitter:site\" content=\"@infoecos\" \/>\n<meta name=\"twitter:label1\" content=\"Escrito por\" \/>\n\t<meta name=\"twitter:data1\" content=\"Jorge Matheus\" \/>\n\t<meta name=\"twitter:label2\" content=\"Tiempo de lectura\" \/>\n\t<meta name=\"twitter:data2\" content=\"1 minuto\" \/>\n<script type=\"application\/ld+json\" class=\"yoast-schema-graph\">{\"@context\":\"https:\/\/schema.org\",\"@graph\":[{\"@type\":\"Article\",\"@id\":\"https:\/\/infoecos.com.ar\/index.php\/el-radicalismo-debe-alcanzar-el-poder-el-ano-proximo-dijo-abad-en-general-arenales\/#article\",\"isPartOf\":{\"@id\":\"https:\/\/infoecos.com.ar\/index.php\/el-radicalismo-debe-alcanzar-el-poder-el-ano-proximo-dijo-abad-en-general-arenales\/\"},\"author\":{\"name\":\"Jorge Matheus\",\"@id\":\"https:\/\/infoecos.com.ar\/#\/schema\/person\/8f5ace5ce73b4b4aac4b7245aee6f191\"},\"headline\":\"\u00abEl radicalismo debe alcanzar el poder el a\u00f1o pr\u00f3ximo\u00bb, dijo Abad en General Arenales\",\"datePublished\":\"2022-05-01T05:09:10+00:00\",\"dateModified\":\"2022-05-03T04:41:00+00:00\",\"mainEntityOfPage\":{\"@id\":\"https:\/\/infoecos.com.ar\/index.php\/el-radicalismo-debe-alcanzar-el-poder-el-ano-proximo-dijo-abad-en-general-arenales\/\"},\"wordCount\":296,\"publisher\":{\"@id\":\"https:\/\/infoecos.com.ar\/#organization\"},\"image\":{\"@id\":\"https:\/\/infoecos.com.ar\/index.php\/el-radicalismo-debe-alcanzar-el-poder-el-ano-proximo-dijo-abad-en-general-arenales\/#primaryimage\"},\"thumbnailUrl\":\"https:\/\/infoecos.com.ar\/wp-content\/uploads\/2022\/05\/ucrreunionarenales.jpg\",\"keywords\":[\"REUNI\u00d3N DE LA 4\u00b0 SECCI\u00d3N\"],\"articleSection\":[\"Bloque inferior - 6\"],\"inLanguage\":\"es\"},{\"@type\":\"WebPage\",\"@id\":\"https:\/\/infoecos.com.ar\/index.php\/el-radicalismo-debe-alcanzar-el-poder-el-ano-proximo-dijo-abad-en-general-arenales\/\",\"url\":\"https:\/\/infoecos.com.ar\/index.php\/el-radicalismo-debe-alcanzar-el-poder-el-ano-proximo-dijo-abad-en-general-arenales\/\",\"name\":\"\\\"El radicalismo debe alcanzar el poder el a\u00f1o pr\u00f3ximo\\\", dijo Abad en General Arenales - Infoecos\",\"isPartOf\":{\"@id\":\"https:\/\/infoecos.com.ar\/#website\"},\"primaryImageOfPage\":{\"@id\":\"https:\/\/infoecos.com.ar\/index.php\/el-radicalismo-debe-alcanzar-el-poder-el-ano-proximo-dijo-abad-en-general-arenales\/#primaryimage\"},\"image\":{\"@id\":\"https:\/\/infoecos.com.ar\/index.php\/el-radicalismo-debe-alcanzar-el-poder-el-ano-proximo-dijo-abad-en-general-arenales\/#primaryimage\"},\"thumbnailUrl\":\"https:\/\/infoecos.com.ar\/wp-content\/uploads\/2022\/05\/ucrreunionarenales.jpg\",\"datePublished\":\"2022-05-01T05:09:10+00:00\",\"dateModified\":\"2022-05-03T04:41:00+00:00\",\"breadcrumb\":{\"@id\":\"https:\/\/infoecos.com.ar\/index.php\/el-radicalismo-debe-alcanzar-el-poder-el-ano-proximo-dijo-abad-en-general-arenales\/#breadcrumb\"},\"inLanguage\":\"es\",\"potentialAction\":[{\"@type\":\"ReadAction\",\"target\":[\"https:\/\/infoecos.com.ar\/index.php\/el-radicalismo-debe-alcanzar-el-poder-el-ano-proximo-dijo-abad-en-general-arenales\/\"]}]},{\"@type\":\"ImageObject\",\"inLanguage\":\"es\",\"@id\":\"https:\/\/infoecos.com.ar\/index.php\/el-radicalismo-debe-alcanzar-el-poder-el-ano-proximo-dijo-abad-en-general-arenales\/#primaryimage\",\"url\":\"https:\/\/infoecos.com.ar\/wp-content\/uploads\/2022\/05\/ucrreunionarenales.jpg\",\"contentUrl\":\"https:\/\/infoecos.com.ar\/wp-content\/uploads\/2022\/05\/ucrreunionarenales.jpg\",\"width\":750,\"height\":325},{\"@type\":\"BreadcrumbList\",\"@id\":\"https:\/\/infoecos.com.ar\/index.php\/el-radicalismo-debe-alcanzar-el-poder-el-ano-proximo-dijo-abad-en-general-arenales\/#breadcrumb\",\"itemListElement\":[{\"@type\":\"ListItem\",\"position\":1,\"name\":\"Portada\",\"item\":\"https:\/\/infoecos.com.ar\/\"},{\"@type\":\"ListItem\",\"position\":2,\"name\":\"\u00abEl radicalismo debe alcanzar el poder el a\u00f1o pr\u00f3ximo\u00bb, dijo Abad en General Arenales\"}]},{\"@type\":\"WebSite\",\"@id\":\"https:\/\/infoecos.com.ar\/#website\",\"url\":\"https:\/\/infoecos.com.ar\/\",\"name\":\"Infoecos\",\"description\":\"Noticias de trenque lauquen y la zona\",\"publisher\":{\"@id\":\"https:\/\/infoecos.com.ar\/#organization\"},\"alternateName\":\"Noticias\",\"potentialAction\":[{\"@type\":\"SearchAction\",\"target\":{\"@type\":\"EntryPoint\",\"urlTemplate\":\"https:\/\/infoecos.com.ar\/?s={search_term_string}\"},\"query-input\":{\"@type\":\"PropertyValueSpecification\",\"valueRequired\":true,\"valueName\":\"search_term_string\"}}],\"inLanguage\":\"es\"},{\"@type\":\"Organization\",\"@id\":\"https:\/\/infoecos.com.ar\/#organization\",\"name\":\"Infoecos\",\"alternateName\":\"Noticias\",\"url\":\"https:\/\/infoecos.com.ar\/\",\"logo\":{\"@type\":\"ImageObject\",\"inLanguage\":\"es\",\"@id\":\"https:\/\/infoecos.com.ar\/#\/schema\/logo\/image\/\",\"url\":\"https:\/\/infoecos.com.ar\/wp-content\/uploads\/2024\/03\/cropped-logo.png\",\"contentUrl\":\"https:\/\/infoecos.com.ar\/wp-content\/uploads\/2024\/03\/cropped-logo.png\",\"width\":374,\"height\":90,\"caption\":\"Infoecos\"},\"image\":{\"@id\":\"https:\/\/infoecos.com.ar\/#\/schema\/logo\/image\/\"},\"sameAs\":[\"https:\/\/www.facebook.com\/profile.php?id=100063200290284\",\"https:\/\/x.com\/infoecos\"]},{\"@type\":\"Person\",\"@id\":\"https:\/\/infoecos.com.ar\/#\/schema\/person\/8f5ace5ce73b4b4aac4b7245aee6f191\",\"name\":\"Jorge Matheus\",\"url\":\"https:\/\/infoecos.com.ar\/index.php\/author\/jomatheus\/\"}]}<\/script>\n<!-- \/ Yoast SEO plugin. -->","yoast_head_json":{"title":"\"El radicalismo debe alcanzar el poder el a\u00f1o pr\u00f3ximo\", dijo Abad en General Arenales - Infoecos","robots":{"index":"index","follow":"follow","max-snippet":"max-snippet:-1","max-image-preview":"max-image-preview:large","max-video-preview":"max-video-preview:-1"},"canonical":"https:\/\/infoecos.com.ar\/index.php\/el-radicalismo-debe-alcanzar-el-poder-el-ano-proximo-dijo-abad-en-general-arenales\/","og_locale":"es_ES","og_type":"article","og_title":"\"El radicalismo debe alcanzar el poder el a\u00f1o pr\u00f3ximo\", dijo Abad en General Arenales - Infoecos","og_description":"Asistieron los titulares de los 18 comit\u00e9s de distrito. Durante el encuentro se trazaron los lineamientos fijados en lo inmediato y la necesidad de fortalecer el armado pol\u00edtico provincial y de cada comit\u00e9","og_url":"https:\/\/infoecos.com.ar\/index.php\/el-radicalismo-debe-alcanzar-el-poder-el-ano-proximo-dijo-abad-en-general-arenales\/","og_site_name":"Infoecos","article_publisher":"https:\/\/www.facebook.com\/profile.php?id=100063200290284","article_published_time":"2022-05-01T05:09:10+00:00","article_modified_time":"2022-05-03T04:41:00+00:00","og_image":[{"width":750,"height":325,"url":"https:\/\/infoecos.com.ar\/wp-content\/uploads\/2022\/05\/ucrreunionarenales.jpg","type":"image\/jpeg"}],"author":"Jorge Matheus","twitter_card":"summary_large_image","twitter_creator":"@infoecos","twitter_site":"@infoecos","twitter_misc":{"Escrito por":"Jorge Matheus","Tiempo de lectura":"1 minuto"},"schema":{"@context":"https:\/\/schema.org","@graph":[{"@type":"Article","@id":"https:\/\/infoecos.com.ar\/index.php\/el-radicalismo-debe-alcanzar-el-poder-el-ano-proximo-dijo-abad-en-general-arenales\/#article","isPartOf":{"@id":"https:\/\/infoecos.com.ar\/index.php\/el-radicalismo-debe-alcanzar-el-poder-el-ano-proximo-dijo-abad-en-general-arenales\/"},"author":{"name":"Jorge Matheus","@id":"https:\/\/infoecos.com.ar\/#\/schema\/person\/8f5ace5ce73b4b4aac4b7245aee6f191"},"headline":"\u00abEl radicalismo debe alcanzar el poder el a\u00f1o pr\u00f3ximo\u00bb, dijo Abad en General Arenales","datePublished":"2022-05-01T05:09:10+00:00","dateModified":"2022-05-03T04:41:00+00:00","mainEntityOfPage":{"@id":"https:\/\/infoecos.com.ar\/index.php\/el-radicalismo-debe-alcanzar-el-poder-el-ano-proximo-dijo-abad-en-general-arenales\/"},"wordCount":296,"publisher":{"@id":"https:\/\/infoecos.com.ar\/#organization"},"image":{"@id":"https:\/\/infoecos.com.ar\/index.php\/el-radicalismo-debe-alcanzar-el-poder-el-ano-proximo-dijo-abad-en-general-arenales\/#primaryimage"},"thumbnailUrl":"https:\/\/infoecos.com.ar\/wp-content\/uploads\/2022\/05\/ucrreunionarenales.jpg","keywords":["REUNI\u00d3N DE LA 4\u00b0 SECCI\u00d3N"],"articleSection":["Bloque inferior - 6"],"inLanguage":"es"},{"@type":"WebPage","@id":"https:\/\/infoecos.com.ar\/index.php\/el-radicalismo-debe-alcanzar-el-poder-el-ano-proximo-dijo-abad-en-general-arenales\/","url":"https:\/\/infoecos.com.ar\/index.php\/el-radicalismo-debe-alcanzar-el-poder-el-ano-proximo-dijo-abad-en-general-arenales\/","name":"\"El radicalismo debe alcanzar el poder el a\u00f1o pr\u00f3ximo\", dijo Abad en General Arenales - Infoecos","isPartOf":{"@id":"https:\/\/infoecos.com.ar\/#website"},"primaryImageOfPage":{"@id":"https:\/\/infoecos.com.ar\/index.php\/el-radicalismo-debe-alcanzar-el-poder-el-ano-proximo-dijo-abad-en-general-arenales\/#primaryimage"},"image":{"@id":"https:\/\/infoecos.com.ar\/index.php\/el-radicalismo-debe-alcanzar-el-poder-el-ano-proximo-dijo-abad-en-general-arenales\/#primaryimage"},"thumbnailUrl":"https:\/\/infoecos.com.ar\/wp-content\/uploads\/2022\/05\/ucrreunionarenales.jpg","datePublished":"2022-05-01T05:09:10+00:00","dateModified":"2022-05-03T04:41:00+00:00","breadcrumb":{"@id":"https:\/\/infoecos.com.ar\/index.php\/el-radicalismo-debe-alcanzar-el-poder-el-ano-proximo-dijo-abad-en-general-arenales\/#breadcrumb"},"inLanguage":"es","potentialAction":[{"@type":"ReadAction","target":["https:\/\/infoecos.com.ar\/index.php\/el-radicalismo-debe-alcanzar-el-poder-el-ano-proximo-dijo-abad-en-general-arenales\/"]}]},{"@type":"ImageObject","inLanguage":"es","@id":"https:\/\/infoecos.com.ar\/index.php\/el-radicalismo-debe-alcanzar-el-poder-el-ano-proximo-dijo-abad-en-general-arenales\/#primaryimage","url":"https:\/\/infoecos.com.ar\/wp-content\/uploads\/2022\/05\/ucrreunionarenales.jpg","contentUrl":"https:\/\/infoecos.com.ar\/wp-content\/uploads\/2022\/05\/ucrreunionarenales.jpg","width":750,"height":325},{"@type":"BreadcrumbList","@id":"https:\/\/infoecos.com.ar\/index.php\/el-radicalismo-debe-alcanzar-el-poder-el-ano-proximo-dijo-abad-en-general-arenales\/#breadcrumb","itemListElement":[{"@type":"ListItem","position":1,"name":"Portada","item":"https:\/\/infoecos.com.ar\/"},{"@type":"ListItem","position":2,"name":"\u00abEl radicalismo debe alcanzar el poder el a\u00f1o pr\u00f3ximo\u00bb, dijo Abad en General Arenales"}]},{"@type":"WebSite","@id":"https:\/\/infoecos.com.ar\/#website","url":"https:\/\/infoecos.com.ar\/","name":"Infoecos","description":"Noticias de trenque lauquen y la zona","publisher":{"@id":"https:\/\/infoecos.com.ar\/#organization"},"alternateName":"Noticias","potentialAction":[{"@type":"SearchAction","target":{"@type":"EntryPoint","urlTemplate":"https:\/\/infoecos.com.ar\/?s={search_term_string}"},"query-input":{"@type":"PropertyValueSpecification","valueRequired":true,"valueName":"search_term_string"}}],"inLanguage":"es"},{"@type":"Organization","@id":"https:\/\/infoecos.com.ar\/#organization","name":"Infoecos","alternateName":"Noticias","url":"https:\/\/infoecos.com.ar\/","logo":{"@type":"ImageObject","inLanguage":"es","@id":"https:\/\/infoecos.com.ar\/#\/schema\/logo\/image\/","url":"https:\/\/infoecos.com.ar\/wp-content\/uploads\/2024\/03\/cropped-logo.png","contentUrl":"https:\/\/infoecos.com.ar\/wp-content\/uploads\/2024\/03\/cropped-logo.png","width":374,"height":90,"caption":"Infoecos"},"image":{"@id":"https:\/\/infoecos.com.ar\/#\/schema\/logo\/image\/"},"sameAs":["https:\/\/www.facebook.com\/profile.php?id=100063200290284","https:\/\/x.com\/infoecos"]},{"@type":"Person","@id":"https:\/\/infoecos.com.ar\/#\/schema\/person\/8f5ace5ce73b4b4aac4b7245aee6f191","name":"Jorge Matheus","url":"https:\/\/infoecos.com.ar\/index.php\/author\/jomatheus\/"}]}},"featured_image_urls":{"full":["https:\/\/infoecos.com.ar\/wp-content\/uploads\/2022\/05\/ucrreunionarenales.jpg",750,325,false],"thumbnail":["https:\/\/infoecos.com.ar\/wp-content\/uploads\/2022\/05\/ucrreunionarenales-150x150.jpg",150,150,true],"medium":["https:\/\/infoecos.com.ar\/wp-content\/uploads\/2022\/05\/ucrreunionarenales-460x199.jpg",460,199,true],"medium_large":["https:\/\/infoecos.com.ar\/wp-content\/uploads\/2022\/05\/ucrreunionarenales.jpg",640,277,false],"large":["https:\/\/infoecos.com.ar\/wp-content\/uploads\/2022\/05\/ucrreunionarenales.jpg",640,277,false],"1536x1536":["https:\/\/infoecos.com.ar\/wp-content\/uploads\/2022\/05\/ucrreunionarenales.jpg",750,325,false],"2048x2048":["https:\/\/infoecos.com.ar\/wp-content\/uploads\/2022\/05\/ucrreunionarenales.jpg",750,325,false],"covernews-slider-full":["https:\/\/infoecos.com.ar\/wp-content\/uploads\/2022\/05\/ucrreunionarenales.jpg",750,325,false],"covernews-slider-center":["https:\/\/infoecos.com.ar\/wp-content\/uploads\/2022\/05\/ucrreunionarenales.jpg",750,325,false],"covernews-featured":["https:\/\/infoecos.com.ar\/wp-content\/uploads\/2022\/05\/ucrreunionarenales.jpg",750,325,false],"covernews-medium":["https:\/\/infoecos.com.ar\/wp-content\/uploads\/2022\/05\/ucrreunionarenales-720x325.jpg",540,244,true],"covernews-medium-square":["https:\/\/infoecos.com.ar\/wp-content\/uploads\/2022\/05\/ucrreunionarenales-675x325.jpg",400,193,true]},"author_info":{"info":["Jorge Matheus"]},"category_info":"<a href=\"https:\/\/infoecos.com.ar\/index.php\/category\/inferior6\/\" rel=\"category tag\">Bloque inferior - 6<\/a>","tag_info":"Bloque inferior - 6","comment_count":"0","_links":{"self":[{"href":"https:\/\/infoecos.com.ar\/index.php\/wp-json\/wp\/v2\/posts\/91859"}],"collection":[{"href":"https:\/\/infoecos.com.ar\/index.php\/wp-json\/wp\/v2\/posts"}],"about":[{"href":"https:\/\/infoecos.com.ar\/index.php\/wp-json\/wp\/v2\/types\/post"}],"author":[{"embeddable":true,"href":"https:\/\/infoecos.com.ar\/index.php\/wp-json\/wp\/v2\/users\/2"}],"replies":[{"embeddable":true,"href":"https:\/\/infoecos.com.ar\/index.php\/wp-json\/wp\/v2\/comments?post=91859"}],"version-history":[{"count":2,"href":"https:\/\/infoecos.com.ar\/index.php\/wp-json\/wp\/v2\/posts\/91859\/revisions"}],"predecessor-version":[{"id":91873,"href":"https:\/\/infoecos.com.ar\/index.php\/wp-json\/wp\/v2\/posts\/91859\/revisions\/91873"}],"wp:featuredmedia":[{"embeddable":true,"href":"https:\/\/infoecos.com.ar\/index.php\/wp-json\/wp\/v2\/media\/91861"}],"wp:attachment":[{"href":"https:\/\/infoecos.com.ar\/index.php\/wp-json\/wp\/v2\/media?parent=91859"}],"wp:term":[{"taxonomy":"category","embeddable":true,"href":"https:\/\/infoecos.com.ar\/index.php\/wp-json\/wp\/v2\/categories?post=91859"},{"taxonomy":"post_tag","embeddable":true,"href":"https:\/\/infoecos.com.ar\/index.php\/wp-json\/wp\/v2\/tags?post=91859"}],"curies":[{"name":"wp","href":"https:\/\/api.w.org\/{rel}","templated":true}]}}