{"id":91920,"date":"2022-05-01T13:54:09","date_gmt":"2022-05-01T16:54:09","guid":{"rendered":"http:\/\/infoecos.com.ar\/?p=91920"},"modified":"2022-05-03T01:39:13","modified_gmt":"2022-05-03T04:39:13","slug":"aprehenden-a-un-vecino-de-27-anos-en-trenque-lauquen-por-violentar-una-medida-cautelar","status":"publish","type":"post","link":"https:\/\/infoecos.com.ar\/index.php\/aprehenden-a-un-vecino-de-27-anos-en-trenque-lauquen-por-violentar-una-medida-cautelar\/","title":{"rendered":"Aprehenden a un vecino de 27 a\u00f1os, en Trenque Lauquen, por violentar una medida cautelar"},"content":{"rendered":"\n<p>Efectivos de la Comisar\u00eda Primera de Trenque Lauquen, aprehendieron a un hombre de 27 a\u00f1os identificado como Pedro Fernando Carnichich, por haber violentado una medida cautelar de prohibici\u00f3n de acercamiento hacia su ex pareja. <\/p>\n\n\n\n<div class=\"wp-block-image\"><figure class=\"aligncenter size-large is-resized\"><img loading=\"lazy\" decoding=\"async\" src=\"http:\/\/infoecos.com.ar\/wp-content\/uploads\/2022\/05\/carnichich-690x920.jpg\" alt=\"\" class=\"wp-image-91921\" width=\"469\" height=\"625\" srcset=\"https:\/\/infoecos.com.ar\/wp-content\/uploads\/2022\/05\/carnichich-690x920.jpg 690w, https:\/\/infoecos.com.ar\/wp-content\/uploads\/2022\/05\/carnichich-345x460.jpg 345w, https:\/\/infoecos.com.ar\/wp-content\/uploads\/2022\/05\/carnichich-768x1024.jpg 768w, https:\/\/infoecos.com.ar\/wp-content\/uploads\/2022\/05\/carnichich.jpg 960w\" sizes=\"(max-width: 469px) 100vw, 469px\" \/><\/figure><\/div>\n\n\n\n<p>La acci\u00f3n de las fuerzas de seguridad, ordenada por la Jueza de Familia, doctora Mar\u00eda Florencia Marchesi Matteazi, se llev\u00f3 a cabo en el domicilio ubicado en la calle Hern\u00e1ndez al 230 de la ciudad cabecera del distrito.<\/p>\n\n\n\n<p>Se labraron actuaciones penales caratuladas Desobediencia Flagrante, con intervenci\u00f3n de la UFI n\u00famero 4, a cargi del doctor Walter Vicente. <\/p>\n\n\n\n<p>Carnichich qued\u00f3 alojado en la seccional primera hasta que se resuelva su situaci\u00f3n procesal. <\/p>\n","protected":false},"excerpt":{"rendered":"<p>La acci\u00f3n de las fuerzas de seguridad, ordenada por la Jueza de Familia, doctora Mar\u00eda Florencia Marchesi Matteazi, se llev\u00f3 a cabo en el domicilio ubicado en la calle Hern\u00e1ndez al 230 de la ciudad cabecera del distrito<\/p>\n","protected":false},"author":2,"featured_media":91921,"comment_status":"closed","ping_status":"open","sticky":false,"template":"","format":"standard","meta":{"footnotes":""},"categories":[41],"tags":[5948],"class_list":["post-91920","post","type-post","status-publish","format-standard","has-post-thumbnail","hentry","category-inferior2","tag-este-domingo-a-la-madrugada"],"yoast_head":"<!-- This site is optimized with the Yoast SEO plugin v23.4 - https:\/\/yoast.com\/wordpress\/plugins\/seo\/ -->\n<title>Aprehenden a un vecino de 27 a\u00f1os, en Trenque Lauquen, por violentar una medida cautelar - Infoecos<\/title>\n<meta name=\"robots\" content=\"index, follow, max-snippet:-1, max-image-preview:large, max-video-preview:-1\" \/>\n<link rel=\"canonical\" href=\"https:\/\/infoecos.com.ar\/index.php\/aprehenden-a-un-vecino-de-27-anos-en-trenque-lauquen-por-violentar-una-medida-cautelar\/\" \/>\n<meta property=\"og:locale\" content=\"es_ES\" \/>\n<meta property=\"og:type\" content=\"article\" \/>\n<meta property=\"og:title\" content=\"Aprehenden a un vecino de 27 a\u00f1os, en Trenque Lauquen, por violentar una medida cautelar - Infoecos\" \/>\n<meta property=\"og:description\" content=\"La acci\u00f3n de las fuerzas de seguridad, ordenada por la Jueza de Familia, doctora Mar\u00eda Florencia Marchesi Matteazi, se llev\u00f3 a cabo en el domicilio ubicado en la calle Hern\u00e1ndez al 230 de la ciudad cabecera del distrito\" \/>\n<meta property=\"og:url\" content=\"https:\/\/infoecos.com.ar\/index.php\/aprehenden-a-un-vecino-de-27-anos-en-trenque-lauquen-por-violentar-una-medida-cautelar\/\" \/>\n<meta property=\"og:site_name\" content=\"Infoecos\" \/>\n<meta property=\"article:publisher\" content=\"https:\/\/www.facebook.com\/profile.php?id=100063200290284\" \/>\n<meta property=\"article:published_time\" content=\"2022-05-01T16:54:09+00:00\" \/>\n<meta property=\"article:modified_time\" content=\"2022-05-03T04:39:13+00:00\" \/>\n<meta property=\"og:image\" content=\"https:\/\/infoecos.com.ar\/wp-content\/uploads\/2022\/05\/carnichich.jpg\" \/>\n\t<meta property=\"og:image:width\" content=\"960\" \/>\n\t<meta property=\"og:image:height\" content=\"1280\" \/>\n\t<meta property=\"og:image:type\" content=\"image\/jpeg\" \/>\n<meta name=\"author\" content=\"Jorge Matheus\" \/>\n<meta name=\"twitter:card\" content=\"summary_large_image\" \/>\n<meta name=\"twitter:creator\" content=\"@infoecos\" \/>\n<meta name=\"twitter:site\" content=\"@infoecos\" \/>\n<meta name=\"twitter:label1\" content=\"Escrito por\" \/>\n\t<meta name=\"twitter:data1\" content=\"Jorge Matheus\" \/>\n\t<meta name=\"twitter:label2\" content=\"Tiempo de lectura\" \/>\n\t<meta name=\"twitter:data2\" content=\"1 minuto\" \/>\n<script type=\"application\/ld+json\" class=\"yoast-schema-graph\">{\"@context\":\"https:\/\/schema.org\",\"@graph\":[{\"@type\":\"Article\",\"@id\":\"https:\/\/infoecos.com.ar\/index.php\/aprehenden-a-un-vecino-de-27-anos-en-trenque-lauquen-por-violentar-una-medida-cautelar\/#article\",\"isPartOf\":{\"@id\":\"https:\/\/infoecos.com.ar\/index.php\/aprehenden-a-un-vecino-de-27-anos-en-trenque-lauquen-por-violentar-una-medida-cautelar\/\"},\"author\":{\"name\":\"Jorge Matheus\",\"@id\":\"https:\/\/infoecos.com.ar\/#\/schema\/person\/8f5ace5ce73b4b4aac4b7245aee6f191\"},\"headline\":\"Aprehenden a un vecino de 27 a\u00f1os, en Trenque Lauquen, por violentar una medida cautelar\",\"datePublished\":\"2022-05-01T16:54:09+00:00\",\"dateModified\":\"2022-05-03T04:39:13+00:00\",\"mainEntityOfPage\":{\"@id\":\"https:\/\/infoecos.com.ar\/index.php\/aprehenden-a-un-vecino-de-27-anos-en-trenque-lauquen-por-violentar-una-medida-cautelar\/\"},\"wordCount\":127,\"publisher\":{\"@id\":\"https:\/\/infoecos.com.ar\/#organization\"},\"image\":{\"@id\":\"https:\/\/infoecos.com.ar\/index.php\/aprehenden-a-un-vecino-de-27-anos-en-trenque-lauquen-por-violentar-una-medida-cautelar\/#primaryimage\"},\"thumbnailUrl\":\"https:\/\/infoecos.com.ar\/wp-content\/uploads\/2022\/05\/carnichich.jpg\",\"keywords\":[\"ESTE DOMINGO A LA MADRUGADA\"],\"articleSection\":[\"Bloque inferior - 2\"],\"inLanguage\":\"es\"},{\"@type\":\"WebPage\",\"@id\":\"https:\/\/infoecos.com.ar\/index.php\/aprehenden-a-un-vecino-de-27-anos-en-trenque-lauquen-por-violentar-una-medida-cautelar\/\",\"url\":\"https:\/\/infoecos.com.ar\/index.php\/aprehenden-a-un-vecino-de-27-anos-en-trenque-lauquen-por-violentar-una-medida-cautelar\/\",\"name\":\"Aprehenden a un vecino de 27 a\u00f1os, en Trenque Lauquen, por violentar una medida cautelar - Infoecos\",\"isPartOf\":{\"@id\":\"https:\/\/infoecos.com.ar\/#website\"},\"primaryImageOfPage\":{\"@id\":\"https:\/\/infoecos.com.ar\/index.php\/aprehenden-a-un-vecino-de-27-anos-en-trenque-lauquen-por-violentar-una-medida-cautelar\/#primaryimage\"},\"image\":{\"@id\":\"https:\/\/infoecos.com.ar\/index.php\/aprehenden-a-un-vecino-de-27-anos-en-trenque-lauquen-por-violentar-una-medida-cautelar\/#primaryimage\"},\"thumbnailUrl\":\"https:\/\/infoecos.com.ar\/wp-content\/uploads\/2022\/05\/carnichich.jpg\",\"datePublished\":\"2022-05-01T16:54:09+00:00\",\"dateModified\":\"2022-05-03T04:39:13+00:00\",\"breadcrumb\":{\"@id\":\"https:\/\/infoecos.com.ar\/index.php\/aprehenden-a-un-vecino-de-27-anos-en-trenque-lauquen-por-violentar-una-medida-cautelar\/#breadcrumb\"},\"inLanguage\":\"es\",\"potentialAction\":[{\"@type\":\"ReadAction\",\"target\":[\"https:\/\/infoecos.com.ar\/index.php\/aprehenden-a-un-vecino-de-27-anos-en-trenque-lauquen-por-violentar-una-medida-cautelar\/\"]}]},{\"@type\":\"ImageObject\",\"inLanguage\":\"es\",\"@id\":\"https:\/\/infoecos.com.ar\/index.php\/aprehenden-a-un-vecino-de-27-anos-en-trenque-lauquen-por-violentar-una-medida-cautelar\/#primaryimage\",\"url\":\"https:\/\/infoecos.com.ar\/wp-content\/uploads\/2022\/05\/carnichich.jpg\",\"contentUrl\":\"https:\/\/infoecos.com.ar\/wp-content\/uploads\/2022\/05\/carnichich.jpg\",\"width\":960,\"height\":1280},{\"@type\":\"BreadcrumbList\",\"@id\":\"https:\/\/infoecos.com.ar\/index.php\/aprehenden-a-un-vecino-de-27-anos-en-trenque-lauquen-por-violentar-una-medida-cautelar\/#breadcrumb\",\"itemListElement\":[{\"@type\":\"ListItem\",\"position\":1,\"name\":\"Portada\",\"item\":\"https:\/\/infoecos.com.ar\/\"},{\"@type\":\"ListItem\",\"position\":2,\"name\":\"Aprehenden a un vecino de 27 a\u00f1os, en Trenque Lauquen, por violentar una medida cautelar\"}]},{\"@type\":\"WebSite\",\"@id\":\"https:\/\/infoecos.com.ar\/#website\",\"url\":\"https:\/\/infoecos.com.ar\/\",\"name\":\"Infoecos\",\"description\":\"Noticias de trenque lauquen y la zona\",\"publisher\":{\"@id\":\"https:\/\/infoecos.com.ar\/#organization\"},\"alternateName\":\"Noticias\",\"potentialAction\":[{\"@type\":\"SearchAction\",\"target\":{\"@type\":\"EntryPoint\",\"urlTemplate\":\"https:\/\/infoecos.com.ar\/?s={search_term_string}\"},\"query-input\":{\"@type\":\"PropertyValueSpecification\",\"valueRequired\":true,\"valueName\":\"search_term_string\"}}],\"inLanguage\":\"es\"},{\"@type\":\"Organization\",\"@id\":\"https:\/\/infoecos.com.ar\/#organization\",\"name\":\"Infoecos\",\"alternateName\":\"Noticias\",\"url\":\"https:\/\/infoecos.com.ar\/\",\"logo\":{\"@type\":\"ImageObject\",\"inLanguage\":\"es\",\"@id\":\"https:\/\/infoecos.com.ar\/#\/schema\/logo\/image\/\",\"url\":\"https:\/\/infoecos.com.ar\/wp-content\/uploads\/2024\/03\/cropped-logo.png\",\"contentUrl\":\"https:\/\/infoecos.com.ar\/wp-content\/uploads\/2024\/03\/cropped-logo.png\",\"width\":374,\"height\":90,\"caption\":\"Infoecos\"},\"image\":{\"@id\":\"https:\/\/infoecos.com.ar\/#\/schema\/logo\/image\/\"},\"sameAs\":[\"https:\/\/www.facebook.com\/profile.php?id=100063200290284\",\"https:\/\/x.com\/infoecos\"]},{\"@type\":\"Person\",\"@id\":\"https:\/\/infoecos.com.ar\/#\/schema\/person\/8f5ace5ce73b4b4aac4b7245aee6f191\",\"name\":\"Jorge Matheus\",\"url\":\"https:\/\/infoecos.com.ar\/index.php\/author\/jomatheus\/\"}]}<\/script>\n<!-- \/ Yoast SEO plugin. -->","yoast_head_json":{"title":"Aprehenden a un vecino de 27 a\u00f1os, en Trenque Lauquen, por violentar una medida cautelar - Infoecos","robots":{"index":"index","follow":"follow","max-snippet":"max-snippet:-1","max-image-preview":"max-image-preview:large","max-video-preview":"max-video-preview:-1"},"canonical":"https:\/\/infoecos.com.ar\/index.php\/aprehenden-a-un-vecino-de-27-anos-en-trenque-lauquen-por-violentar-una-medida-cautelar\/","og_locale":"es_ES","og_type":"article","og_title":"Aprehenden a un vecino de 27 a\u00f1os, en Trenque Lauquen, por violentar una medida cautelar - Infoecos","og_description":"La acci\u00f3n de las fuerzas de seguridad, ordenada por la Jueza de Familia, doctora Mar\u00eda Florencia Marchesi Matteazi, se llev\u00f3 a cabo en el domicilio ubicado en la calle Hern\u00e1ndez al 230 de la ciudad cabecera del distrito","og_url":"https:\/\/infoecos.com.ar\/index.php\/aprehenden-a-un-vecino-de-27-anos-en-trenque-lauquen-por-violentar-una-medida-cautelar\/","og_site_name":"Infoecos","article_publisher":"https:\/\/www.facebook.com\/profile.php?id=100063200290284","article_published_time":"2022-05-01T16:54:09+00:00","article_modified_time":"2022-05-03T04:39:13+00:00","og_image":[{"width":960,"height":1280,"url":"https:\/\/infoecos.com.ar\/wp-content\/uploads\/2022\/05\/carnichich.jpg","type":"image\/jpeg"}],"author":"Jorge Matheus","twitter_card":"summary_large_image","twitter_creator":"@infoecos","twitter_site":"@infoecos","twitter_misc":{"Escrito por":"Jorge Matheus","Tiempo de lectura":"1 minuto"},"schema":{"@context":"https:\/\/schema.org","@graph":[{"@type":"Article","@id":"https:\/\/infoecos.com.ar\/index.php\/aprehenden-a-un-vecino-de-27-anos-en-trenque-lauquen-por-violentar-una-medida-cautelar\/#article","isPartOf":{"@id":"https:\/\/infoecos.com.ar\/index.php\/aprehenden-a-un-vecino-de-27-anos-en-trenque-lauquen-por-violentar-una-medida-cautelar\/"},"author":{"name":"Jorge Matheus","@id":"https:\/\/infoecos.com.ar\/#\/schema\/person\/8f5ace5ce73b4b4aac4b7245aee6f191"},"headline":"Aprehenden a un vecino de 27 a\u00f1os, en Trenque Lauquen, por violentar una medida cautelar","datePublished":"2022-05-01T16:54:09+00:00","dateModified":"2022-05-03T04:39:13+00:00","mainEntityOfPage":{"@id":"https:\/\/infoecos.com.ar\/index.php\/aprehenden-a-un-vecino-de-27-anos-en-trenque-lauquen-por-violentar-una-medida-cautelar\/"},"wordCount":127,"publisher":{"@id":"https:\/\/infoecos.com.ar\/#organization"},"image":{"@id":"https:\/\/infoecos.com.ar\/index.php\/aprehenden-a-un-vecino-de-27-anos-en-trenque-lauquen-por-violentar-una-medida-cautelar\/#primaryimage"},"thumbnailUrl":"https:\/\/infoecos.com.ar\/wp-content\/uploads\/2022\/05\/carnichich.jpg","keywords":["ESTE DOMINGO A LA MADRUGADA"],"articleSection":["Bloque inferior - 2"],"inLanguage":"es"},{"@type":"WebPage","@id":"https:\/\/infoecos.com.ar\/index.php\/aprehenden-a-un-vecino-de-27-anos-en-trenque-lauquen-por-violentar-una-medida-cautelar\/","url":"https:\/\/infoecos.com.ar\/index.php\/aprehenden-a-un-vecino-de-27-anos-en-trenque-lauquen-por-violentar-una-medida-cautelar\/","name":"Aprehenden a un vecino de 27 a\u00f1os, en Trenque Lauquen, por violentar una medida cautelar - Infoecos","isPartOf":{"@id":"https:\/\/infoecos.com.ar\/#website"},"primaryImageOfPage":{"@id":"https:\/\/infoecos.com.ar\/index.php\/aprehenden-a-un-vecino-de-27-anos-en-trenque-lauquen-por-violentar-una-medida-cautelar\/#primaryimage"},"image":{"@id":"https:\/\/infoecos.com.ar\/index.php\/aprehenden-a-un-vecino-de-27-anos-en-trenque-lauquen-por-violentar-una-medida-cautelar\/#primaryimage"},"thumbnailUrl":"https:\/\/infoecos.com.ar\/wp-content\/uploads\/2022\/05\/carnichich.jpg","datePublished":"2022-05-01T16:54:09+00:00","dateModified":"2022-05-03T04:39:13+00:00","breadcrumb":{"@id":"https:\/\/infoecos.com.ar\/index.php\/aprehenden-a-un-vecino-de-27-anos-en-trenque-lauquen-por-violentar-una-medida-cautelar\/#breadcrumb"},"inLanguage":"es","potentialAction":[{"@type":"ReadAction","target":["https:\/\/infoecos.com.ar\/index.php\/aprehenden-a-un-vecino-de-27-anos-en-trenque-lauquen-por-violentar-una-medida-cautelar\/"]}]},{"@type":"ImageObject","inLanguage":"es","@id":"https:\/\/infoecos.com.ar\/index.php\/aprehenden-a-un-vecino-de-27-anos-en-trenque-lauquen-por-violentar-una-medida-cautelar\/#primaryimage","url":"https:\/\/infoecos.com.ar\/wp-content\/uploads\/2022\/05\/carnichich.jpg","contentUrl":"https:\/\/infoecos.com.ar\/wp-content\/uploads\/2022\/05\/carnichich.jpg","width":960,"height":1280},{"@type":"BreadcrumbList","@id":"https:\/\/infoecos.com.ar\/index.php\/aprehenden-a-un-vecino-de-27-anos-en-trenque-lauquen-por-violentar-una-medida-cautelar\/#breadcrumb","itemListElement":[{"@type":"ListItem","position":1,"name":"Portada","item":"https:\/\/infoecos.com.ar\/"},{"@type":"ListItem","position":2,"name":"Aprehenden a un vecino de 27 a\u00f1os, en Trenque Lauquen, por violentar una medida cautelar"}]},{"@type":"WebSite","@id":"https:\/\/infoecos.com.ar\/#website","url":"https:\/\/infoecos.com.ar\/","name":"Infoecos","description":"Noticias de trenque lauquen y la zona","publisher":{"@id":"https:\/\/infoecos.com.ar\/#organization"},"alternateName":"Noticias","potentialAction":[{"@type":"SearchAction","target":{"@type":"EntryPoint","urlTemplate":"https:\/\/infoecos.com.ar\/?s={search_term_string}"},"query-input":{"@type":"PropertyValueSpecification","valueRequired":true,"valueName":"search_term_string"}}],"inLanguage":"es"},{"@type":"Organization","@id":"https:\/\/infoecos.com.ar\/#organization","name":"Infoecos","alternateName":"Noticias","url":"https:\/\/infoecos.com.ar\/","logo":{"@type":"ImageObject","inLanguage":"es","@id":"https:\/\/infoecos.com.ar\/#\/schema\/logo\/image\/","url":"https:\/\/infoecos.com.ar\/wp-content\/uploads\/2024\/03\/cropped-logo.png","contentUrl":"https:\/\/infoecos.com.ar\/wp-content\/uploads\/2024\/03\/cropped-logo.png","width":374,"height":90,"caption":"Infoecos"},"image":{"@id":"https:\/\/infoecos.com.ar\/#\/schema\/logo\/image\/"},"sameAs":["https:\/\/www.facebook.com\/profile.php?id=100063200290284","https:\/\/x.com\/infoecos"]},{"@type":"Person","@id":"https:\/\/infoecos.com.ar\/#\/schema\/person\/8f5ace5ce73b4b4aac4b7245aee6f191","name":"Jorge Matheus","url":"https:\/\/infoecos.com.ar\/index.php\/author\/jomatheus\/"}]}},"featured_image_urls":{"full":["https:\/\/infoecos.com.ar\/wp-content\/uploads\/2022\/05\/carnichich.jpg",960,1280,false],"thumbnail":["https:\/\/infoecos.com.ar\/wp-content\/uploads\/2022\/05\/carnichich-150x150.jpg",150,150,true],"medium":["https:\/\/infoecos.com.ar\/wp-content\/uploads\/2022\/05\/carnichich-345x460.jpg",345,460,true],"medium_large":["https:\/\/infoecos.com.ar\/wp-content\/uploads\/2022\/05\/carnichich-768x1024.jpg",640,853,true],"large":["https:\/\/infoecos.com.ar\/wp-content\/uploads\/2022\/05\/carnichich-690x920.jpg",640,853,true],"1536x1536":["https:\/\/infoecos.com.ar\/wp-content\/uploads\/2022\/05\/carnichich.jpg",960,1280,false],"2048x2048":["https:\/\/infoecos.com.ar\/wp-content\/uploads\/2022\/05\/carnichich.jpg",960,1280,false],"covernews-slider-full":["https:\/\/infoecos.com.ar\/wp-content\/uploads\/2022\/05\/carnichich-960x1020.jpg",673,715,true],"covernews-slider-center":["https:\/\/infoecos.com.ar\/wp-content\/uploads\/2022\/05\/carnichich-936x897.jpg",522,500,true],"covernews-featured":["https:\/\/infoecos.com.ar\/wp-content\/uploads\/2022\/05\/carnichich.jpg",960,1280,false],"covernews-medium":["https:\/\/infoecos.com.ar\/wp-content\/uploads\/2022\/05\/carnichich-720x380.jpg",540,285,true],"covernews-medium-square":["https:\/\/infoecos.com.ar\/wp-content\/uploads\/2022\/05\/carnichich-675x450.jpg",375,250,true]},"author_info":{"info":["Jorge Matheus"]},"category_info":"<a href=\"https:\/\/infoecos.com.ar\/index.php\/category\/inferior2\/\" rel=\"category tag\">Bloque inferior - 2<\/a>","tag_info":"Bloque inferior - 2","comment_count":"0","_links":{"self":[{"href":"https:\/\/infoecos.com.ar\/index.php\/wp-json\/wp\/v2\/posts\/91920"}],"collection":[{"href":"https:\/\/infoecos.com.ar\/index.php\/wp-json\/wp\/v2\/posts"}],"about":[{"href":"https:\/\/infoecos.com.ar\/index.php\/wp-json\/wp\/v2\/types\/post"}],"author":[{"embeddable":true,"href":"https:\/\/infoecos.com.ar\/index.php\/wp-json\/wp\/v2\/users\/2"}],"replies":[{"embeddable":true,"href":"https:\/\/infoecos.com.ar\/index.php\/wp-json\/wp\/v2\/comments?post=91920"}],"version-history":[{"count":1,"href":"https:\/\/infoecos.com.ar\/index.php\/wp-json\/wp\/v2\/posts\/91920\/revisions"}],"predecessor-version":[{"id":91922,"href":"https:\/\/infoecos.com.ar\/index.php\/wp-json\/wp\/v2\/posts\/91920\/revisions\/91922"}],"wp:featuredmedia":[{"embeddable":true,"href":"https:\/\/infoecos.com.ar\/index.php\/wp-json\/wp\/v2\/media\/91921"}],"wp:attachment":[{"href":"https:\/\/infoecos.com.ar\/index.php\/wp-json\/wp\/v2\/media?parent=91920"}],"wp:term":[{"taxonomy":"category","embeddable":true,"href":"https:\/\/infoecos.com.ar\/index.php\/wp-json\/wp\/v2\/categories?post=91920"},{"taxonomy":"post_tag","embeddable":true,"href":"https:\/\/infoecos.com.ar\/index.php\/wp-json\/wp\/v2\/tags?post=91920"}],"curies":[{"name":"wp","href":"https:\/\/api.w.org\/{rel}","templated":true}]}}