{"id":91969,"date":"2022-05-02T16:35:29","date_gmt":"2022-05-02T19:35:29","guid":{"rendered":"http:\/\/infoecos.com.ar\/?p=91969"},"modified":"2022-05-03T15:45:03","modified_gmt":"2022-05-03T18:45:03","slug":"censo-nacional-el-miercoles-18-de-mayo-proximo-desde-las-8-hasta-las-20-horas-no-se-podra-realizar-ningun-tipo-de-actividad","status":"publish","type":"post","link":"https:\/\/infoecos.com.ar\/index.php\/censo-nacional-el-miercoles-18-de-mayo-proximo-desde-las-8-hasta-las-20-horas-no-se-podra-realizar-ningun-tipo-de-actividad\/","title":{"rendered":"Censo Nacional: el mi\u00e9rcoles 18 de mayo pr\u00f3ximo, desde las 8 hasta las 20 horas no se podr\u00e1 realizar ning\u00fan tipo de actividad"},"content":{"rendered":"\n<p>La subsecretar\u00eda de Desarrollo Econ\u00f3mico y Productivo de la municipalidad de Trenque Lauquen inform\u00f3 que el D\u00eda del Censo Nacional, a realizarse el mi\u00e9rcoles 18 de mayo pr\u00f3ximo, desde las 8 hasta las 20 horas no se podr\u00e1 realizar ning\u00fan tipo de actividad comercial, venta y prestaci\u00f3n de servicios.<\/p>\n\n\n\n<p>Tampoco podr\u00e1 haber funciones teatrales, exhibiciones cinematogr\u00e1ficas, competencias deportivas, espect\u00e1culos ni reuniones p\u00fablicas y no podr\u00e1n permanecer abiertos los clubes y comercios de venta de art\u00edculos alimenticios, seg\u00fan lo establece la Ley 24.254.<\/p>\n\n\n\n<div class=\"wp-block-image\"><figure class=\"aligncenter size-large is-resized\"><img loading=\"lazy\" decoding=\"async\" src=\"http:\/\/infoecos.com.ar\/wp-content\/uploads\/2022\/05\/censo.jpg\" alt=\"\" class=\"wp-image-91971\" width=\"602\" height=\"419\"\/><\/figure><\/div>\n\n\n\n<p>\u201cHemos recibido muchas consultas de vecinos en general y fundamentalmente de comerciantes en relaci\u00f3n a lo que est\u00e1 permitido hacer el d\u00eda del Censo\u201d, coment\u00f3 la titular de la subsecretar\u00eda de Desarrollo Econ\u00f3mico y Productivo, Clarisa Fabris, para precisar que \u201cdesde las 8 y hasta las 20 horas no se puede realizar ning\u00fan tipo de actividad comercial ni venta, ni prestaci\u00f3n de servicios, tampoco est\u00e1n permitidas las competencias deportivas, espect\u00e1culos, reuniones y actividades sociales tanto en espacios abiertos como en espacios cerrados\u201d.<\/p>\n\n\n\n<figure class=\"wp-block-audio\"><audio controls src=\"http:\/\/infoecos.com.ar\/wp-content\/uploads\/2022\/05\/02-05-2022-CLARISA-FABRIS.mp3\"><\/audio><figcaption>Clarisa Fabris<\/figcaption><\/figure>\n\n\n\n<p>Asimismo dijo que \u201cse declar\u00f3 feriado nacional porque es muy importante que todos seamos censados para obtener la informaci\u00f3n real, entonces de esta manera ninguna persona deber\u00eda estar trabajando en el momento que el censista pase por el domicilio\u201d.<\/p>\n","protected":false},"excerpt":{"rendered":"<p>No se podr\u00e1 realizar ning\u00fan tipo de actividad comercial, venta y prestaci\u00f3n de servicios. Tampoco podr\u00e1 haber funciones teatrales, exhibiciones cinematogr\u00e1ficas, competencias deportivas, espect\u00e1culos ni reuniones p\u00fablicas y no podr\u00e1n permanecer abiertos los clubes y comercios de venta de art\u00edculos alimenticios, seg\u00fan lo establece la Ley 24.254<\/p>\n","protected":false},"author":2,"featured_media":91971,"comment_status":"closed","ping_status":"open","sticky":false,"template":"","format":"standard","meta":{"footnotes":""},"categories":[1327,1325],"tags":[5965],"class_list":["post-91969","post","type-post","status-publish","format-standard","has-post-thumbnail","hentry","category-audio","category-c1nota6","tag-para-todo-el-pais"],"yoast_head":"<!-- This site is optimized with the Yoast SEO plugin v23.4 - https:\/\/yoast.com\/wordpress\/plugins\/seo\/ -->\n<title>Censo Nacional: el mi\u00e9rcoles 18 de mayo pr\u00f3ximo, desde las 8 hasta las 20 horas no se podr\u00e1 realizar ning\u00fan tipo de actividad - Infoecos<\/title>\n<meta name=\"robots\" content=\"index, follow, max-snippet:-1, max-image-preview:large, max-video-preview:-1\" \/>\n<link rel=\"canonical\" href=\"https:\/\/infoecos.com.ar\/index.php\/censo-nacional-el-miercoles-18-de-mayo-proximo-desde-las-8-hasta-las-20-horas-no-se-podra-realizar-ningun-tipo-de-actividad\/\" \/>\n<meta property=\"og:locale\" content=\"es_ES\" \/>\n<meta property=\"og:type\" content=\"article\" \/>\n<meta property=\"og:title\" content=\"Censo Nacional: el mi\u00e9rcoles 18 de mayo pr\u00f3ximo, desde las 8 hasta las 20 horas no se podr\u00e1 realizar ning\u00fan tipo de actividad - Infoecos\" \/>\n<meta property=\"og:description\" content=\"No se podr\u00e1 realizar ning\u00fan tipo de actividad comercial, venta y prestaci\u00f3n de servicios. Tampoco podr\u00e1 haber funciones teatrales, exhibiciones cinematogr\u00e1ficas, competencias deportivas, espect\u00e1culos ni reuniones p\u00fablicas y no podr\u00e1n permanecer abiertos los clubes y comercios de venta de art\u00edculos alimenticios, seg\u00fan lo establece la Ley 24.254\" \/>\n<meta property=\"og:url\" content=\"https:\/\/infoecos.com.ar\/index.php\/censo-nacional-el-miercoles-18-de-mayo-proximo-desde-las-8-hasta-las-20-horas-no-se-podra-realizar-ningun-tipo-de-actividad\/\" \/>\n<meta property=\"og:site_name\" content=\"Infoecos\" \/>\n<meta property=\"article:publisher\" content=\"https:\/\/www.facebook.com\/profile.php?id=100063200290284\" \/>\n<meta property=\"article:published_time\" content=\"2022-05-02T19:35:29+00:00\" \/>\n<meta property=\"article:modified_time\" content=\"2022-05-03T18:45:03+00:00\" \/>\n<meta property=\"og:image\" content=\"https:\/\/infoecos.com.ar\/wp-content\/uploads\/2022\/05\/censo.jpg\" \/>\n\t<meta property=\"og:image:width\" content=\"461\" \/>\n\t<meta property=\"og:image:height\" content=\"321\" \/>\n\t<meta property=\"og:image:type\" content=\"image\/jpeg\" \/>\n<meta name=\"author\" content=\"Jorge Matheus\" \/>\n<meta name=\"twitter:card\" content=\"summary_large_image\" \/>\n<meta name=\"twitter:creator\" content=\"@infoecos\" \/>\n<meta name=\"twitter:site\" content=\"@infoecos\" \/>\n<meta name=\"twitter:label1\" content=\"Escrito por\" \/>\n\t<meta name=\"twitter:data1\" content=\"Jorge Matheus\" \/>\n\t<meta name=\"twitter:label2\" content=\"Tiempo de lectura\" \/>\n\t<meta name=\"twitter:data2\" content=\"1 minuto\" \/>\n<script type=\"application\/ld+json\" class=\"yoast-schema-graph\">{\"@context\":\"https:\/\/schema.org\",\"@graph\":[{\"@type\":\"Article\",\"@id\":\"https:\/\/infoecos.com.ar\/index.php\/censo-nacional-el-miercoles-18-de-mayo-proximo-desde-las-8-hasta-las-20-horas-no-se-podra-realizar-ningun-tipo-de-actividad\/#article\",\"isPartOf\":{\"@id\":\"https:\/\/infoecos.com.ar\/index.php\/censo-nacional-el-miercoles-18-de-mayo-proximo-desde-las-8-hasta-las-20-horas-no-se-podra-realizar-ningun-tipo-de-actividad\/\"},\"author\":{\"name\":\"Jorge Matheus\",\"@id\":\"https:\/\/infoecos.com.ar\/#\/schema\/person\/8f5ace5ce73b4b4aac4b7245aee6f191\"},\"headline\":\"Censo Nacional: el mi\u00e9rcoles 18 de mayo pr\u00f3ximo, desde las 8 hasta las 20 horas no se podr\u00e1 realizar ning\u00fan tipo de actividad\",\"datePublished\":\"2022-05-02T19:35:29+00:00\",\"dateModified\":\"2022-05-03T18:45:03+00:00\",\"mainEntityOfPage\":{\"@id\":\"https:\/\/infoecos.com.ar\/index.php\/censo-nacional-el-miercoles-18-de-mayo-proximo-desde-las-8-hasta-las-20-horas-no-se-podra-realizar-ningun-tipo-de-actividad\/\"},\"wordCount\":245,\"publisher\":{\"@id\":\"https:\/\/infoecos.com.ar\/#organization\"},\"image\":{\"@id\":\"https:\/\/infoecos.com.ar\/index.php\/censo-nacional-el-miercoles-18-de-mayo-proximo-desde-las-8-hasta-las-20-horas-no-se-podra-realizar-ningun-tipo-de-actividad\/#primaryimage\"},\"thumbnailUrl\":\"https:\/\/infoecos.com.ar\/wp-content\/uploads\/2022\/05\/censo.jpg\",\"keywords\":[\"PARA TODO EL PA\u00cdS\"],\"articleSection\":[\"Audio\",\"C1 nota 6\"],\"inLanguage\":\"es\"},{\"@type\":\"WebPage\",\"@id\":\"https:\/\/infoecos.com.ar\/index.php\/censo-nacional-el-miercoles-18-de-mayo-proximo-desde-las-8-hasta-las-20-horas-no-se-podra-realizar-ningun-tipo-de-actividad\/\",\"url\":\"https:\/\/infoecos.com.ar\/index.php\/censo-nacional-el-miercoles-18-de-mayo-proximo-desde-las-8-hasta-las-20-horas-no-se-podra-realizar-ningun-tipo-de-actividad\/\",\"name\":\"Censo Nacional: el mi\u00e9rcoles 18 de mayo pr\u00f3ximo, desde las 8 hasta las 20 horas no se podr\u00e1 realizar ning\u00fan tipo de actividad - Infoecos\",\"isPartOf\":{\"@id\":\"https:\/\/infoecos.com.ar\/#website\"},\"primaryImageOfPage\":{\"@id\":\"https:\/\/infoecos.com.ar\/index.php\/censo-nacional-el-miercoles-18-de-mayo-proximo-desde-las-8-hasta-las-20-horas-no-se-podra-realizar-ningun-tipo-de-actividad\/#primaryimage\"},\"image\":{\"@id\":\"https:\/\/infoecos.com.ar\/index.php\/censo-nacional-el-miercoles-18-de-mayo-proximo-desde-las-8-hasta-las-20-horas-no-se-podra-realizar-ningun-tipo-de-actividad\/#primaryimage\"},\"thumbnailUrl\":\"https:\/\/infoecos.com.ar\/wp-content\/uploads\/2022\/05\/censo.jpg\",\"datePublished\":\"2022-05-02T19:35:29+00:00\",\"dateModified\":\"2022-05-03T18:45:03+00:00\",\"breadcrumb\":{\"@id\":\"https:\/\/infoecos.com.ar\/index.php\/censo-nacional-el-miercoles-18-de-mayo-proximo-desde-las-8-hasta-las-20-horas-no-se-podra-realizar-ningun-tipo-de-actividad\/#breadcrumb\"},\"inLanguage\":\"es\",\"potentialAction\":[{\"@type\":\"ReadAction\",\"target\":[\"https:\/\/infoecos.com.ar\/index.php\/censo-nacional-el-miercoles-18-de-mayo-proximo-desde-las-8-hasta-las-20-horas-no-se-podra-realizar-ningun-tipo-de-actividad\/\"]}]},{\"@type\":\"ImageObject\",\"inLanguage\":\"es\",\"@id\":\"https:\/\/infoecos.com.ar\/index.php\/censo-nacional-el-miercoles-18-de-mayo-proximo-desde-las-8-hasta-las-20-horas-no-se-podra-realizar-ningun-tipo-de-actividad\/#primaryimage\",\"url\":\"https:\/\/infoecos.com.ar\/wp-content\/uploads\/2022\/05\/censo.jpg\",\"contentUrl\":\"https:\/\/infoecos.com.ar\/wp-content\/uploads\/2022\/05\/censo.jpg\",\"width\":461,\"height\":321},{\"@type\":\"BreadcrumbList\",\"@id\":\"https:\/\/infoecos.com.ar\/index.php\/censo-nacional-el-miercoles-18-de-mayo-proximo-desde-las-8-hasta-las-20-horas-no-se-podra-realizar-ningun-tipo-de-actividad\/#breadcrumb\",\"itemListElement\":[{\"@type\":\"ListItem\",\"position\":1,\"name\":\"Portada\",\"item\":\"https:\/\/infoecos.com.ar\/\"},{\"@type\":\"ListItem\",\"position\":2,\"name\":\"Censo Nacional: el mi\u00e9rcoles 18 de mayo pr\u00f3ximo, desde las 8 hasta las 20 horas no se podr\u00e1 realizar ning\u00fan tipo de actividad\"}]},{\"@type\":\"WebSite\",\"@id\":\"https:\/\/infoecos.com.ar\/#website\",\"url\":\"https:\/\/infoecos.com.ar\/\",\"name\":\"Infoecos\",\"description\":\"Noticias de trenque lauquen y la zona\",\"publisher\":{\"@id\":\"https:\/\/infoecos.com.ar\/#organization\"},\"alternateName\":\"Noticias\",\"potentialAction\":[{\"@type\":\"SearchAction\",\"target\":{\"@type\":\"EntryPoint\",\"urlTemplate\":\"https:\/\/infoecos.com.ar\/?s={search_term_string}\"},\"query-input\":{\"@type\":\"PropertyValueSpecification\",\"valueRequired\":true,\"valueName\":\"search_term_string\"}}],\"inLanguage\":\"es\"},{\"@type\":\"Organization\",\"@id\":\"https:\/\/infoecos.com.ar\/#organization\",\"name\":\"Infoecos\",\"alternateName\":\"Noticias\",\"url\":\"https:\/\/infoecos.com.ar\/\",\"logo\":{\"@type\":\"ImageObject\",\"inLanguage\":\"es\",\"@id\":\"https:\/\/infoecos.com.ar\/#\/schema\/logo\/image\/\",\"url\":\"https:\/\/infoecos.com.ar\/wp-content\/uploads\/2024\/03\/cropped-logo.png\",\"contentUrl\":\"https:\/\/infoecos.com.ar\/wp-content\/uploads\/2024\/03\/cropped-logo.png\",\"width\":374,\"height\":90,\"caption\":\"Infoecos\"},\"image\":{\"@id\":\"https:\/\/infoecos.com.ar\/#\/schema\/logo\/image\/\"},\"sameAs\":[\"https:\/\/www.facebook.com\/profile.php?id=100063200290284\",\"https:\/\/x.com\/infoecos\"]},{\"@type\":\"Person\",\"@id\":\"https:\/\/infoecos.com.ar\/#\/schema\/person\/8f5ace5ce73b4b4aac4b7245aee6f191\",\"name\":\"Jorge Matheus\",\"url\":\"https:\/\/infoecos.com.ar\/index.php\/author\/jomatheus\/\"}]}<\/script>\n<!-- \/ Yoast SEO plugin. -->","yoast_head_json":{"title":"Censo Nacional: el mi\u00e9rcoles 18 de mayo pr\u00f3ximo, desde las 8 hasta las 20 horas no se podr\u00e1 realizar ning\u00fan tipo de actividad - Infoecos","robots":{"index":"index","follow":"follow","max-snippet":"max-snippet:-1","max-image-preview":"max-image-preview:large","max-video-preview":"max-video-preview:-1"},"canonical":"https:\/\/infoecos.com.ar\/index.php\/censo-nacional-el-miercoles-18-de-mayo-proximo-desde-las-8-hasta-las-20-horas-no-se-podra-realizar-ningun-tipo-de-actividad\/","og_locale":"es_ES","og_type":"article","og_title":"Censo Nacional: el mi\u00e9rcoles 18 de mayo pr\u00f3ximo, desde las 8 hasta las 20 horas no se podr\u00e1 realizar ning\u00fan tipo de actividad - Infoecos","og_description":"No se podr\u00e1 realizar ning\u00fan tipo de actividad comercial, venta y prestaci\u00f3n de servicios. Tampoco podr\u00e1 haber funciones teatrales, exhibiciones cinematogr\u00e1ficas, competencias deportivas, espect\u00e1culos ni reuniones p\u00fablicas y no podr\u00e1n permanecer abiertos los clubes y comercios de venta de art\u00edculos alimenticios, seg\u00fan lo establece la Ley 24.254","og_url":"https:\/\/infoecos.com.ar\/index.php\/censo-nacional-el-miercoles-18-de-mayo-proximo-desde-las-8-hasta-las-20-horas-no-se-podra-realizar-ningun-tipo-de-actividad\/","og_site_name":"Infoecos","article_publisher":"https:\/\/www.facebook.com\/profile.php?id=100063200290284","article_published_time":"2022-05-02T19:35:29+00:00","article_modified_time":"2022-05-03T18:45:03+00:00","og_image":[{"width":461,"height":321,"url":"https:\/\/infoecos.com.ar\/wp-content\/uploads\/2022\/05\/censo.jpg","type":"image\/jpeg"}],"author":"Jorge Matheus","twitter_card":"summary_large_image","twitter_creator":"@infoecos","twitter_site":"@infoecos","twitter_misc":{"Escrito por":"Jorge Matheus","Tiempo de lectura":"1 minuto"},"schema":{"@context":"https:\/\/schema.org","@graph":[{"@type":"Article","@id":"https:\/\/infoecos.com.ar\/index.php\/censo-nacional-el-miercoles-18-de-mayo-proximo-desde-las-8-hasta-las-20-horas-no-se-podra-realizar-ningun-tipo-de-actividad\/#article","isPartOf":{"@id":"https:\/\/infoecos.com.ar\/index.php\/censo-nacional-el-miercoles-18-de-mayo-proximo-desde-las-8-hasta-las-20-horas-no-se-podra-realizar-ningun-tipo-de-actividad\/"},"author":{"name":"Jorge Matheus","@id":"https:\/\/infoecos.com.ar\/#\/schema\/person\/8f5ace5ce73b4b4aac4b7245aee6f191"},"headline":"Censo Nacional: el mi\u00e9rcoles 18 de mayo pr\u00f3ximo, desde las 8 hasta las 20 horas no se podr\u00e1 realizar ning\u00fan tipo de actividad","datePublished":"2022-05-02T19:35:29+00:00","dateModified":"2022-05-03T18:45:03+00:00","mainEntityOfPage":{"@id":"https:\/\/infoecos.com.ar\/index.php\/censo-nacional-el-miercoles-18-de-mayo-proximo-desde-las-8-hasta-las-20-horas-no-se-podra-realizar-ningun-tipo-de-actividad\/"},"wordCount":245,"publisher":{"@id":"https:\/\/infoecos.com.ar\/#organization"},"image":{"@id":"https:\/\/infoecos.com.ar\/index.php\/censo-nacional-el-miercoles-18-de-mayo-proximo-desde-las-8-hasta-las-20-horas-no-se-podra-realizar-ningun-tipo-de-actividad\/#primaryimage"},"thumbnailUrl":"https:\/\/infoecos.com.ar\/wp-content\/uploads\/2022\/05\/censo.jpg","keywords":["PARA TODO EL PA\u00cdS"],"articleSection":["Audio","C1 nota 6"],"inLanguage":"es"},{"@type":"WebPage","@id":"https:\/\/infoecos.com.ar\/index.php\/censo-nacional-el-miercoles-18-de-mayo-proximo-desde-las-8-hasta-las-20-horas-no-se-podra-realizar-ningun-tipo-de-actividad\/","url":"https:\/\/infoecos.com.ar\/index.php\/censo-nacional-el-miercoles-18-de-mayo-proximo-desde-las-8-hasta-las-20-horas-no-se-podra-realizar-ningun-tipo-de-actividad\/","name":"Censo Nacional: el mi\u00e9rcoles 18 de mayo pr\u00f3ximo, desde las 8 hasta las 20 horas no se podr\u00e1 realizar ning\u00fan tipo de actividad - Infoecos","isPartOf":{"@id":"https:\/\/infoecos.com.ar\/#website"},"primaryImageOfPage":{"@id":"https:\/\/infoecos.com.ar\/index.php\/censo-nacional-el-miercoles-18-de-mayo-proximo-desde-las-8-hasta-las-20-horas-no-se-podra-realizar-ningun-tipo-de-actividad\/#primaryimage"},"image":{"@id":"https:\/\/infoecos.com.ar\/index.php\/censo-nacional-el-miercoles-18-de-mayo-proximo-desde-las-8-hasta-las-20-horas-no-se-podra-realizar-ningun-tipo-de-actividad\/#primaryimage"},"thumbnailUrl":"https:\/\/infoecos.com.ar\/wp-content\/uploads\/2022\/05\/censo.jpg","datePublished":"2022-05-02T19:35:29+00:00","dateModified":"2022-05-03T18:45:03+00:00","breadcrumb":{"@id":"https:\/\/infoecos.com.ar\/index.php\/censo-nacional-el-miercoles-18-de-mayo-proximo-desde-las-8-hasta-las-20-horas-no-se-podra-realizar-ningun-tipo-de-actividad\/#breadcrumb"},"inLanguage":"es","potentialAction":[{"@type":"ReadAction","target":["https:\/\/infoecos.com.ar\/index.php\/censo-nacional-el-miercoles-18-de-mayo-proximo-desde-las-8-hasta-las-20-horas-no-se-podra-realizar-ningun-tipo-de-actividad\/"]}]},{"@type":"ImageObject","inLanguage":"es","@id":"https:\/\/infoecos.com.ar\/index.php\/censo-nacional-el-miercoles-18-de-mayo-proximo-desde-las-8-hasta-las-20-horas-no-se-podra-realizar-ningun-tipo-de-actividad\/#primaryimage","url":"https:\/\/infoecos.com.ar\/wp-content\/uploads\/2022\/05\/censo.jpg","contentUrl":"https:\/\/infoecos.com.ar\/wp-content\/uploads\/2022\/05\/censo.jpg","width":461,"height":321},{"@type":"BreadcrumbList","@id":"https:\/\/infoecos.com.ar\/index.php\/censo-nacional-el-miercoles-18-de-mayo-proximo-desde-las-8-hasta-las-20-horas-no-se-podra-realizar-ningun-tipo-de-actividad\/#breadcrumb","itemListElement":[{"@type":"ListItem","position":1,"name":"Portada","item":"https:\/\/infoecos.com.ar\/"},{"@type":"ListItem","position":2,"name":"Censo Nacional: el mi\u00e9rcoles 18 de mayo pr\u00f3ximo, desde las 8 hasta las 20 horas no se podr\u00e1 realizar ning\u00fan tipo de actividad"}]},{"@type":"WebSite","@id":"https:\/\/infoecos.com.ar\/#website","url":"https:\/\/infoecos.com.ar\/","name":"Infoecos","description":"Noticias de trenque lauquen y la zona","publisher":{"@id":"https:\/\/infoecos.com.ar\/#organization"},"alternateName":"Noticias","potentialAction":[{"@type":"SearchAction","target":{"@type":"EntryPoint","urlTemplate":"https:\/\/infoecos.com.ar\/?s={search_term_string}"},"query-input":{"@type":"PropertyValueSpecification","valueRequired":true,"valueName":"search_term_string"}}],"inLanguage":"es"},{"@type":"Organization","@id":"https:\/\/infoecos.com.ar\/#organization","name":"Infoecos","alternateName":"Noticias","url":"https:\/\/infoecos.com.ar\/","logo":{"@type":"ImageObject","inLanguage":"es","@id":"https:\/\/infoecos.com.ar\/#\/schema\/logo\/image\/","url":"https:\/\/infoecos.com.ar\/wp-content\/uploads\/2024\/03\/cropped-logo.png","contentUrl":"https:\/\/infoecos.com.ar\/wp-content\/uploads\/2024\/03\/cropped-logo.png","width":374,"height":90,"caption":"Infoecos"},"image":{"@id":"https:\/\/infoecos.com.ar\/#\/schema\/logo\/image\/"},"sameAs":["https:\/\/www.facebook.com\/profile.php?id=100063200290284","https:\/\/x.com\/infoecos"]},{"@type":"Person","@id":"https:\/\/infoecos.com.ar\/#\/schema\/person\/8f5ace5ce73b4b4aac4b7245aee6f191","name":"Jorge Matheus","url":"https:\/\/infoecos.com.ar\/index.php\/author\/jomatheus\/"}]}},"featured_image_urls":{"full":["https:\/\/infoecos.com.ar\/wp-content\/uploads\/2022\/05\/censo.jpg",461,321,false],"thumbnail":["https:\/\/infoecos.com.ar\/wp-content\/uploads\/2022\/05\/censo-150x150.jpg",150,150,true],"medium":["https:\/\/infoecos.com.ar\/wp-content\/uploads\/2022\/05\/censo.jpg",461,321,false],"medium_large":["https:\/\/infoecos.com.ar\/wp-content\/uploads\/2022\/05\/censo.jpg",461,321,false],"large":["https:\/\/infoecos.com.ar\/wp-content\/uploads\/2022\/05\/censo.jpg",461,321,false],"1536x1536":["https:\/\/infoecos.com.ar\/wp-content\/uploads\/2022\/05\/censo.jpg",461,321,false],"2048x2048":["https:\/\/infoecos.com.ar\/wp-content\/uploads\/2022\/05\/censo.jpg",461,321,false],"covernews-slider-full":["https:\/\/infoecos.com.ar\/wp-content\/uploads\/2022\/05\/censo.jpg",461,321,false],"covernews-slider-center":["https:\/\/infoecos.com.ar\/wp-content\/uploads\/2022\/05\/censo.jpg",461,321,false],"covernews-featured":["https:\/\/infoecos.com.ar\/wp-content\/uploads\/2022\/05\/censo.jpg",461,321,false],"covernews-medium":["https:\/\/infoecos.com.ar\/wp-content\/uploads\/2022\/05\/censo.jpg",461,321,false],"covernews-medium-square":["https:\/\/infoecos.com.ar\/wp-content\/uploads\/2022\/05\/censo.jpg",359,250,false]},"author_info":{"info":["Jorge Matheus"]},"category_info":"<a href=\"https:\/\/infoecos.com.ar\/index.php\/category\/audio\/\" rel=\"category tag\">Audio<\/a> <a href=\"https:\/\/infoecos.com.ar\/index.php\/category\/c1nota6\/\" rel=\"category tag\">C1 nota 6<\/a>","tag_info":"C1 nota 6","comment_count":"0","_links":{"self":[{"href":"https:\/\/infoecos.com.ar\/index.php\/wp-json\/wp\/v2\/posts\/91969"}],"collection":[{"href":"https:\/\/infoecos.com.ar\/index.php\/wp-json\/wp\/v2\/posts"}],"about":[{"href":"https:\/\/infoecos.com.ar\/index.php\/wp-json\/wp\/v2\/types\/post"}],"author":[{"embeddable":true,"href":"https:\/\/infoecos.com.ar\/index.php\/wp-json\/wp\/v2\/users\/2"}],"replies":[{"embeddable":true,"href":"https:\/\/infoecos.com.ar\/index.php\/wp-json\/wp\/v2\/comments?post=91969"}],"version-history":[{"count":1,"href":"https:\/\/infoecos.com.ar\/index.php\/wp-json\/wp\/v2\/posts\/91969\/revisions"}],"predecessor-version":[{"id":91972,"href":"https:\/\/infoecos.com.ar\/index.php\/wp-json\/wp\/v2\/posts\/91969\/revisions\/91972"}],"wp:featuredmedia":[{"embeddable":true,"href":"https:\/\/infoecos.com.ar\/index.php\/wp-json\/wp\/v2\/media\/91971"}],"wp:attachment":[{"href":"https:\/\/infoecos.com.ar\/index.php\/wp-json\/wp\/v2\/media?parent=91969"}],"wp:term":[{"taxonomy":"category","embeddable":true,"href":"https:\/\/infoecos.com.ar\/index.php\/wp-json\/wp\/v2\/categories?post=91969"},{"taxonomy":"post_tag","embeddable":true,"href":"https:\/\/infoecos.com.ar\/index.php\/wp-json\/wp\/v2\/tags?post=91969"}],"curies":[{"name":"wp","href":"https:\/\/api.w.org\/{rel}","templated":true}]}}