{"id":92032,"date":"2022-05-03T01:08:16","date_gmt":"2022-05-03T04:08:16","guid":{"rendered":"http:\/\/infoecos.com.ar\/?p=92032"},"modified":"2022-05-06T03:39:25","modified_gmt":"2022-05-06T06:39:25","slug":"hasta-el-15-de-mayo-esta-abierto-el-registro-de-mayores-contribuyentes","status":"publish","type":"post","link":"https:\/\/infoecos.com.ar\/index.php\/hasta-el-15-de-mayo-esta-abierto-el-registro-de-mayores-contribuyentes\/","title":{"rendered":"Hasta el 15 de mayo est\u00e1 abierto el Registro de Mayores Contribuyentes"},"content":{"rendered":"\n<p>La municipalidad de Trenque Lauquen habilit\u00f3 por el t\u00e9rmino de 15 d\u00edas -desde el 1\u00ba hasta el 15 de mayo de 2022-, el Registro de Mayores Contribuyentes. Lo hizo mediante el Decreto n\u00ba 1076\/22, que lleva la firma del Intendente municipal, Miguel Fern\u00e1ndez, y el secretario de Hacienda, Alfredo Zambiasio,<\/p>\n\n\n\n<div class=\"wp-block-image\"><figure class=\"aligncenter size-large is-resized\"><img loading=\"lazy\" decoding=\"async\" src=\"http:\/\/infoecos.com.ar\/wp-content\/uploads\/Municipalidad-1.jpg\" alt=\"\" class=\"wp-image-59468\" width=\"412\" height=\"275\"\/><figcaption>Trenque Lauquen &#8211; Municipalidad<\/figcaption><\/figure><\/div>\n\n\n\n<p>Pueden inscribirse quienes cumplan con las condiciones establecidas por los art\u00edculos 93\u00ba, y siguientes de la Ley Org\u00e1nica de las Municipalidades y que tengan domicilio real y permanente en el partido de Trenque Lauquen.<\/p>\n\n\n\n<p>El Registro estar\u00e1 a disposici\u00f3n de los interesados en Mesa de Entradas de la municipalidad de Trenque Lauquen, en Villegas 555.<\/p>\n","protected":false},"excerpt":{"rendered":"<p>Pueden inscribirse quienes cumplan con las condiciones establecidas por los art\u00edculos 93\u00ba, y siguientes de la Ley Org\u00e1nica de las Municipalidades y que tengan domicilio real y permanente en el partido de Trenque Lauquen<\/p>\n","protected":false},"author":2,"featured_media":22251,"comment_status":"closed","ping_status":"open","sticky":false,"template":"","format":"standard","meta":{"footnotes":""},"categories":[1333],"tags":[5962],"class_list":["post-92032","post","type-post","status-publish","format-standard","has-post-thumbnail","hentry","category-inferior13","tag-a-disposicion-en-mesa-de-entradas"],"yoast_head":"<!-- This site is optimized with the Yoast SEO plugin v23.4 - https:\/\/yoast.com\/wordpress\/plugins\/seo\/ -->\n<title>Hasta el 15 de mayo est\u00e1 abierto el Registro de Mayores Contribuyentes - Infoecos<\/title>\n<meta name=\"robots\" content=\"index, follow, max-snippet:-1, max-image-preview:large, max-video-preview:-1\" \/>\n<link rel=\"canonical\" href=\"https:\/\/infoecos.com.ar\/index.php\/hasta-el-15-de-mayo-esta-abierto-el-registro-de-mayores-contribuyentes\/\" \/>\n<meta property=\"og:locale\" content=\"es_ES\" \/>\n<meta property=\"og:type\" content=\"article\" \/>\n<meta property=\"og:title\" content=\"Hasta el 15 de mayo est\u00e1 abierto el Registro de Mayores Contribuyentes - Infoecos\" \/>\n<meta property=\"og:description\" content=\"Pueden inscribirse quienes cumplan con las condiciones establecidas por los art\u00edculos 93\u00ba, y siguientes de la Ley Org\u00e1nica de las Municipalidades y que tengan domicilio real y permanente en el partido de Trenque Lauquen\" \/>\n<meta property=\"og:url\" content=\"https:\/\/infoecos.com.ar\/index.php\/hasta-el-15-de-mayo-esta-abierto-el-registro-de-mayores-contribuyentes\/\" \/>\n<meta property=\"og:site_name\" content=\"Infoecos\" \/>\n<meta property=\"article:publisher\" content=\"https:\/\/www.facebook.com\/profile.php?id=100063200290284\" \/>\n<meta property=\"article:published_time\" content=\"2022-05-03T04:08:16+00:00\" \/>\n<meta property=\"article:modified_time\" content=\"2022-05-06T06:39:25+00:00\" \/>\n<meta property=\"og:image\" content=\"https:\/\/infoecos.com.ar\/wp-content\/uploads\/fd6deb3c-9218-4816-b243-9c2ad36be305-e1504233504477.jpg\" \/>\n\t<meta property=\"og:image:width\" content=\"400\" \/>\n\t<meta property=\"og:image:height\" content=\"300\" \/>\n\t<meta property=\"og:image:type\" content=\"image\/jpeg\" \/>\n<meta name=\"author\" content=\"Jorge Matheus\" \/>\n<meta name=\"twitter:card\" content=\"summary_large_image\" \/>\n<meta name=\"twitter:creator\" content=\"@infoecos\" \/>\n<meta name=\"twitter:site\" content=\"@infoecos\" \/>\n<meta name=\"twitter:label1\" content=\"Escrito por\" \/>\n\t<meta name=\"twitter:data1\" content=\"Jorge Matheus\" \/>\n\t<meta name=\"twitter:label2\" content=\"Tiempo de lectura\" \/>\n\t<meta name=\"twitter:data2\" content=\"1 minuto\" \/>\n<script type=\"application\/ld+json\" class=\"yoast-schema-graph\">{\"@context\":\"https:\/\/schema.org\",\"@graph\":[{\"@type\":\"Article\",\"@id\":\"https:\/\/infoecos.com.ar\/index.php\/hasta-el-15-de-mayo-esta-abierto-el-registro-de-mayores-contribuyentes\/#article\",\"isPartOf\":{\"@id\":\"https:\/\/infoecos.com.ar\/index.php\/hasta-el-15-de-mayo-esta-abierto-el-registro-de-mayores-contribuyentes\/\"},\"author\":{\"name\":\"Jorge Matheus\",\"@id\":\"https:\/\/infoecos.com.ar\/#\/schema\/person\/8f5ace5ce73b4b4aac4b7245aee6f191\"},\"headline\":\"Hasta el 15 de mayo est\u00e1 abierto el Registro de Mayores Contribuyentes\",\"datePublished\":\"2022-05-03T04:08:16+00:00\",\"dateModified\":\"2022-05-06T06:39:25+00:00\",\"mainEntityOfPage\":{\"@id\":\"https:\/\/infoecos.com.ar\/index.php\/hasta-el-15-de-mayo-esta-abierto-el-registro-de-mayores-contribuyentes\/\"},\"wordCount\":120,\"publisher\":{\"@id\":\"https:\/\/infoecos.com.ar\/#organization\"},\"image\":{\"@id\":\"https:\/\/infoecos.com.ar\/index.php\/hasta-el-15-de-mayo-esta-abierto-el-registro-de-mayores-contribuyentes\/#primaryimage\"},\"thumbnailUrl\":\"\",\"keywords\":[\"a disposici\u00f3n en mesa de entradas\"],\"articleSection\":[\"Bloque inferior - 13\"],\"inLanguage\":\"es\"},{\"@type\":\"WebPage\",\"@id\":\"https:\/\/infoecos.com.ar\/index.php\/hasta-el-15-de-mayo-esta-abierto-el-registro-de-mayores-contribuyentes\/\",\"url\":\"https:\/\/infoecos.com.ar\/index.php\/hasta-el-15-de-mayo-esta-abierto-el-registro-de-mayores-contribuyentes\/\",\"name\":\"Hasta el 15 de mayo est\u00e1 abierto el Registro de Mayores Contribuyentes - Infoecos\",\"isPartOf\":{\"@id\":\"https:\/\/infoecos.com.ar\/#website\"},\"primaryImageOfPage\":{\"@id\":\"https:\/\/infoecos.com.ar\/index.php\/hasta-el-15-de-mayo-esta-abierto-el-registro-de-mayores-contribuyentes\/#primaryimage\"},\"image\":{\"@id\":\"https:\/\/infoecos.com.ar\/index.php\/hasta-el-15-de-mayo-esta-abierto-el-registro-de-mayores-contribuyentes\/#primaryimage\"},\"thumbnailUrl\":\"\",\"datePublished\":\"2022-05-03T04:08:16+00:00\",\"dateModified\":\"2022-05-06T06:39:25+00:00\",\"breadcrumb\":{\"@id\":\"https:\/\/infoecos.com.ar\/index.php\/hasta-el-15-de-mayo-esta-abierto-el-registro-de-mayores-contribuyentes\/#breadcrumb\"},\"inLanguage\":\"es\",\"potentialAction\":[{\"@type\":\"ReadAction\",\"target\":[\"https:\/\/infoecos.com.ar\/index.php\/hasta-el-15-de-mayo-esta-abierto-el-registro-de-mayores-contribuyentes\/\"]}]},{\"@type\":\"ImageObject\",\"inLanguage\":\"es\",\"@id\":\"https:\/\/infoecos.com.ar\/index.php\/hasta-el-15-de-mayo-esta-abierto-el-registro-de-mayores-contribuyentes\/#primaryimage\",\"url\":\"\",\"contentUrl\":\"\"},{\"@type\":\"BreadcrumbList\",\"@id\":\"https:\/\/infoecos.com.ar\/index.php\/hasta-el-15-de-mayo-esta-abierto-el-registro-de-mayores-contribuyentes\/#breadcrumb\",\"itemListElement\":[{\"@type\":\"ListItem\",\"position\":1,\"name\":\"Portada\",\"item\":\"https:\/\/infoecos.com.ar\/\"},{\"@type\":\"ListItem\",\"position\":2,\"name\":\"Hasta el 15 de mayo est\u00e1 abierto el Registro de Mayores Contribuyentes\"}]},{\"@type\":\"WebSite\",\"@id\":\"https:\/\/infoecos.com.ar\/#website\",\"url\":\"https:\/\/infoecos.com.ar\/\",\"name\":\"Infoecos\",\"description\":\"Noticias de trenque lauquen y la zona\",\"publisher\":{\"@id\":\"https:\/\/infoecos.com.ar\/#organization\"},\"alternateName\":\"Noticias\",\"potentialAction\":[{\"@type\":\"SearchAction\",\"target\":{\"@type\":\"EntryPoint\",\"urlTemplate\":\"https:\/\/infoecos.com.ar\/?s={search_term_string}\"},\"query-input\":{\"@type\":\"PropertyValueSpecification\",\"valueRequired\":true,\"valueName\":\"search_term_string\"}}],\"inLanguage\":\"es\"},{\"@type\":\"Organization\",\"@id\":\"https:\/\/infoecos.com.ar\/#organization\",\"name\":\"Infoecos\",\"alternateName\":\"Noticias\",\"url\":\"https:\/\/infoecos.com.ar\/\",\"logo\":{\"@type\":\"ImageObject\",\"inLanguage\":\"es\",\"@id\":\"https:\/\/infoecos.com.ar\/#\/schema\/logo\/image\/\",\"url\":\"https:\/\/infoecos.com.ar\/wp-content\/uploads\/2024\/03\/cropped-logo.png\",\"contentUrl\":\"https:\/\/infoecos.com.ar\/wp-content\/uploads\/2024\/03\/cropped-logo.png\",\"width\":374,\"height\":90,\"caption\":\"Infoecos\"},\"image\":{\"@id\":\"https:\/\/infoecos.com.ar\/#\/schema\/logo\/image\/\"},\"sameAs\":[\"https:\/\/www.facebook.com\/profile.php?id=100063200290284\",\"https:\/\/x.com\/infoecos\"]},{\"@type\":\"Person\",\"@id\":\"https:\/\/infoecos.com.ar\/#\/schema\/person\/8f5ace5ce73b4b4aac4b7245aee6f191\",\"name\":\"Jorge Matheus\",\"url\":\"https:\/\/infoecos.com.ar\/index.php\/author\/jomatheus\/\"}]}<\/script>\n<!-- \/ Yoast SEO plugin. -->","yoast_head_json":{"title":"Hasta el 15 de mayo est\u00e1 abierto el Registro de Mayores Contribuyentes - Infoecos","robots":{"index":"index","follow":"follow","max-snippet":"max-snippet:-1","max-image-preview":"max-image-preview:large","max-video-preview":"max-video-preview:-1"},"canonical":"https:\/\/infoecos.com.ar\/index.php\/hasta-el-15-de-mayo-esta-abierto-el-registro-de-mayores-contribuyentes\/","og_locale":"es_ES","og_type":"article","og_title":"Hasta el 15 de mayo est\u00e1 abierto el Registro de Mayores Contribuyentes - Infoecos","og_description":"Pueden inscribirse quienes cumplan con las condiciones establecidas por los art\u00edculos 93\u00ba, y siguientes de la Ley Org\u00e1nica de las Municipalidades y que tengan domicilio real y permanente en el partido de Trenque Lauquen","og_url":"https:\/\/infoecos.com.ar\/index.php\/hasta-el-15-de-mayo-esta-abierto-el-registro-de-mayores-contribuyentes\/","og_site_name":"Infoecos","article_publisher":"https:\/\/www.facebook.com\/profile.php?id=100063200290284","article_published_time":"2022-05-03T04:08:16+00:00","article_modified_time":"2022-05-06T06:39:25+00:00","og_image":[{"width":400,"height":300,"url":"https:\/\/infoecos.com.ar\/wp-content\/uploads\/fd6deb3c-9218-4816-b243-9c2ad36be305-e1504233504477.jpg","type":"image\/jpeg"}],"author":"Jorge Matheus","twitter_card":"summary_large_image","twitter_creator":"@infoecos","twitter_site":"@infoecos","twitter_misc":{"Escrito por":"Jorge Matheus","Tiempo de lectura":"1 minuto"},"schema":{"@context":"https:\/\/schema.org","@graph":[{"@type":"Article","@id":"https:\/\/infoecos.com.ar\/index.php\/hasta-el-15-de-mayo-esta-abierto-el-registro-de-mayores-contribuyentes\/#article","isPartOf":{"@id":"https:\/\/infoecos.com.ar\/index.php\/hasta-el-15-de-mayo-esta-abierto-el-registro-de-mayores-contribuyentes\/"},"author":{"name":"Jorge Matheus","@id":"https:\/\/infoecos.com.ar\/#\/schema\/person\/8f5ace5ce73b4b4aac4b7245aee6f191"},"headline":"Hasta el 15 de mayo est\u00e1 abierto el Registro de Mayores Contribuyentes","datePublished":"2022-05-03T04:08:16+00:00","dateModified":"2022-05-06T06:39:25+00:00","mainEntityOfPage":{"@id":"https:\/\/infoecos.com.ar\/index.php\/hasta-el-15-de-mayo-esta-abierto-el-registro-de-mayores-contribuyentes\/"},"wordCount":120,"publisher":{"@id":"https:\/\/infoecos.com.ar\/#organization"},"image":{"@id":"https:\/\/infoecos.com.ar\/index.php\/hasta-el-15-de-mayo-esta-abierto-el-registro-de-mayores-contribuyentes\/#primaryimage"},"thumbnailUrl":"","keywords":["a disposici\u00f3n en mesa de entradas"],"articleSection":["Bloque inferior - 13"],"inLanguage":"es"},{"@type":"WebPage","@id":"https:\/\/infoecos.com.ar\/index.php\/hasta-el-15-de-mayo-esta-abierto-el-registro-de-mayores-contribuyentes\/","url":"https:\/\/infoecos.com.ar\/index.php\/hasta-el-15-de-mayo-esta-abierto-el-registro-de-mayores-contribuyentes\/","name":"Hasta el 15 de mayo est\u00e1 abierto el Registro de Mayores Contribuyentes - Infoecos","isPartOf":{"@id":"https:\/\/infoecos.com.ar\/#website"},"primaryImageOfPage":{"@id":"https:\/\/infoecos.com.ar\/index.php\/hasta-el-15-de-mayo-esta-abierto-el-registro-de-mayores-contribuyentes\/#primaryimage"},"image":{"@id":"https:\/\/infoecos.com.ar\/index.php\/hasta-el-15-de-mayo-esta-abierto-el-registro-de-mayores-contribuyentes\/#primaryimage"},"thumbnailUrl":"","datePublished":"2022-05-03T04:08:16+00:00","dateModified":"2022-05-06T06:39:25+00:00","breadcrumb":{"@id":"https:\/\/infoecos.com.ar\/index.php\/hasta-el-15-de-mayo-esta-abierto-el-registro-de-mayores-contribuyentes\/#breadcrumb"},"inLanguage":"es","potentialAction":[{"@type":"ReadAction","target":["https:\/\/infoecos.com.ar\/index.php\/hasta-el-15-de-mayo-esta-abierto-el-registro-de-mayores-contribuyentes\/"]}]},{"@type":"ImageObject","inLanguage":"es","@id":"https:\/\/infoecos.com.ar\/index.php\/hasta-el-15-de-mayo-esta-abierto-el-registro-de-mayores-contribuyentes\/#primaryimage","url":"","contentUrl":""},{"@type":"BreadcrumbList","@id":"https:\/\/infoecos.com.ar\/index.php\/hasta-el-15-de-mayo-esta-abierto-el-registro-de-mayores-contribuyentes\/#breadcrumb","itemListElement":[{"@type":"ListItem","position":1,"name":"Portada","item":"https:\/\/infoecos.com.ar\/"},{"@type":"ListItem","position":2,"name":"Hasta el 15 de mayo est\u00e1 abierto el Registro de Mayores Contribuyentes"}]},{"@type":"WebSite","@id":"https:\/\/infoecos.com.ar\/#website","url":"https:\/\/infoecos.com.ar\/","name":"Infoecos","description":"Noticias de trenque lauquen y la zona","publisher":{"@id":"https:\/\/infoecos.com.ar\/#organization"},"alternateName":"Noticias","potentialAction":[{"@type":"SearchAction","target":{"@type":"EntryPoint","urlTemplate":"https:\/\/infoecos.com.ar\/?s={search_term_string}"},"query-input":{"@type":"PropertyValueSpecification","valueRequired":true,"valueName":"search_term_string"}}],"inLanguage":"es"},{"@type":"Organization","@id":"https:\/\/infoecos.com.ar\/#organization","name":"Infoecos","alternateName":"Noticias","url":"https:\/\/infoecos.com.ar\/","logo":{"@type":"ImageObject","inLanguage":"es","@id":"https:\/\/infoecos.com.ar\/#\/schema\/logo\/image\/","url":"https:\/\/infoecos.com.ar\/wp-content\/uploads\/2024\/03\/cropped-logo.png","contentUrl":"https:\/\/infoecos.com.ar\/wp-content\/uploads\/2024\/03\/cropped-logo.png","width":374,"height":90,"caption":"Infoecos"},"image":{"@id":"https:\/\/infoecos.com.ar\/#\/schema\/logo\/image\/"},"sameAs":["https:\/\/www.facebook.com\/profile.php?id=100063200290284","https:\/\/x.com\/infoecos"]},{"@type":"Person","@id":"https:\/\/infoecos.com.ar\/#\/schema\/person\/8f5ace5ce73b4b4aac4b7245aee6f191","name":"Jorge Matheus","url":"https:\/\/infoecos.com.ar\/index.php\/author\/jomatheus\/"}]}},"featured_image_urls":{"full":"","thumbnail":"","medium":"","medium_large":"","large":"","1536x1536":"","2048x2048":"","covernews-slider-full":"","covernews-slider-center":"","covernews-featured":"","covernews-medium":"","covernews-medium-square":""},"author_info":{"info":["Jorge Matheus"]},"category_info":"<a href=\"https:\/\/infoecos.com.ar\/index.php\/category\/inferior13\/\" rel=\"category tag\">Bloque inferior - 13<\/a>","tag_info":"Bloque inferior - 13","comment_count":"0","_links":{"self":[{"href":"https:\/\/infoecos.com.ar\/index.php\/wp-json\/wp\/v2\/posts\/92032"}],"collection":[{"href":"https:\/\/infoecos.com.ar\/index.php\/wp-json\/wp\/v2\/posts"}],"about":[{"href":"https:\/\/infoecos.com.ar\/index.php\/wp-json\/wp\/v2\/types\/post"}],"author":[{"embeddable":true,"href":"https:\/\/infoecos.com.ar\/index.php\/wp-json\/wp\/v2\/users\/2"}],"replies":[{"embeddable":true,"href":"https:\/\/infoecos.com.ar\/index.php\/wp-json\/wp\/v2\/comments?post=92032"}],"version-history":[{"count":1,"href":"https:\/\/infoecos.com.ar\/index.php\/wp-json\/wp\/v2\/posts\/92032\/revisions"}],"predecessor-version":[{"id":92033,"href":"https:\/\/infoecos.com.ar\/index.php\/wp-json\/wp\/v2\/posts\/92032\/revisions\/92033"}],"wp:featuredmedia":[{"embeddable":true,"href":"https:\/\/infoecos.com.ar\/index.php\/wp-json\/"}],"wp:attachment":[{"href":"https:\/\/infoecos.com.ar\/index.php\/wp-json\/wp\/v2\/media?parent=92032"}],"wp:term":[{"taxonomy":"category","embeddable":true,"href":"https:\/\/infoecos.com.ar\/index.php\/wp-json\/wp\/v2\/categories?post=92032"},{"taxonomy":"post_tag","embeddable":true,"href":"https:\/\/infoecos.com.ar\/index.php\/wp-json\/wp\/v2\/tags?post=92032"}],"curies":[{"name":"wp","href":"https:\/\/api.w.org\/{rel}","templated":true}]}}