{"id":92107,"date":"2022-05-04T02:19:56","date_gmt":"2022-05-04T05:19:56","guid":{"rendered":"http:\/\/infoecos.com.ar\/?p=92107"},"modified":"2022-05-06T03:36:26","modified_gmt":"2022-05-06T06:36:26","slug":"segun-carbap-en-esta-region-de-la-provincia-880-hectareas-afectadas-por-inundaciones-directa-o-indirectamente","status":"publish","type":"post","link":"https:\/\/infoecos.com.ar\/index.php\/segun-carbap-en-esta-region-de-la-provincia-880-hectareas-afectadas-por-inundaciones-directa-o-indirectamente\/","title":{"rendered":"Seg\u00fan CARBAP en esta regi\u00f3n de la provincia 880 mil hect\u00e1reas afectadas por inundaciones, directa o indirectamente"},"content":{"rendered":"\n<p>M\u00e1s de 880.000 hect\u00e1reas se encuentran afectadas en la provincia de&nbsp;Buenos Aires&nbsp;ya sea directamente por inundaciones o de manera indirecta por ese fen\u00f3meno, seg\u00fan un relevamiento con im\u00e1genes satelitales realizado por la&nbsp;Confederaci\u00f3n de Asociaciones Rurales de Buenos Aires y La Pampa (Carbap). La superficie comprometida as\u00ed equivale a m\u00e1s de 40 veces la Capital Federal, que posee unos 200 kil\u00f3metros cuadrado<strong>s.<\/strong><\/p>\n\n\n\n<div class=\"wp-block-image\"><figure class=\"aligncenter size-large is-resized\"><img loading=\"lazy\" decoding=\"async\" src=\"http:\/\/infoecos.com.ar\/wp-content\/uploads\/inu-1-920x690.jpg\" alt=\"\" class=\"wp-image-42237\" width=\"653\" height=\"490\"\/><figcaption>Inundaciones<\/figcaption><\/figure><\/div>\n\n\n\n<p>Seg\u00fan el informe de la entidad,&nbsp;la situaci\u00f3n m\u00e1s complicada, entre otros lugares, se presenta sobre todo en los partidos de Carlos Casares, Pehuaj\u00f3, Carlos Tejedor, Bol\u00edvar, Hip\u00f3lito Yrigoyen y parte de Daireaux y Trenque Lauquen.&nbsp;\u201cHay al momento\u201d m\u00e1s de 680.000 hect\u00e1reas inundadas y\/o anegadas, consign\u00f3<strong>.&nbsp;<\/strong>Hay zonas que vienen con un 50% m\u00e1s de precipitaciones por encima de la media desde enero pasado y cerca del promedio anual. Los anegamientos frenan las tareas de cosecha y complican actividades como los tambos.<\/p>\n\n\n\n<p>La superficie comprometida no se termina all\u00ed. \u201cA esa superficie hay que agregarle aquella que no tiene piso, por efecto de las napas, lo cual impiden llevar adelante cualquier labor, y aquellas zonas inaccesibles por la falta de caminos adecuados\u201d, indic\u00f3 el reporte, que se hizo con im\u00e1genes satelitales del 28 y el 29 de abril pasado.<\/p>\n\n\n\n<p>En rigor, si se considera este punto, hay que contabilizar otras 200.000 hect\u00e1reas. Carbap lo explic\u00f3 de esta manera: \u201cInicialmente tenemos m\u00e1s de 680.000 hect\u00e1reas afectadas, por inundaci\u00f3n o parcialmente anegadas. Al momento es dif\u00edcil precisar con mayor exactitud ya que hay agua debajo de los cultivos y mediante las im\u00e1genes no se alcanza a determinar con claridad.&nbsp;Indirectamente hay una superficie que estimamos en al menos 200.000 de hect\u00e1reas las cuales, por falta de acceso, napas cercanas a la superficie o falta de piso (que impiden cualquier labor o crecimiento normal del cultivo), est\u00e1n siendo afectadas por las inundaciones\u201d<strong>.<\/strong><\/p>\n\n\n\n<div class=\"wp-block-image\"><figure class=\"aligncenter size-large is-resized\"><img loading=\"lazy\" decoding=\"async\" src=\"http:\/\/infoecos.com.ar\/wp-content\/uploads\/Sobrevuelo-inundaciones-1-690x920.jpg\" alt=\"\" class=\"wp-image-41960\" width=\"431\" height=\"575\"\/><figcaption>Campos inundados<\/figcaption><\/figure><\/div>\n\n\n\n<p>De acuerdo a la entidad, de los partidos con mayor cantidad de hect\u00e1reas inundadas encabeza el ranking Pehuaj\u00f3, con 126.707 hect\u00e1reas. Luego sigue Bol\u00edvar con 90.054 hect\u00e1reas, Carlos Tejedor con 82.024 hect\u00e1reas, Carlos Casares con 75.248 hect\u00e1reas y, entre otros, Trenque Lauquen con 60.873 hect\u00e1reas.<\/p>\n\n\n\n<p><\/p>\n","protected":false},"excerpt":{"rendered":"<p>Seg\u00fan el informe de la entidad, la situaci\u00f3n m\u00e1s complicada, entre otros lugares, se presenta sobre todo en los partidos de Carlos Casares, Pehuaj\u00f3, Carlos Tejedor, Bol\u00edvar, Hip\u00f3lito Yrigoyen y parte de Daireaux y Trenque Lauquen<\/p>\n","protected":false},"author":2,"featured_media":39541,"comment_status":"closed","ping_status":"open","sticky":false,"template":"","format":"standard","meta":{"footnotes":""},"categories":[200],"tags":[5984],"class_list":["post-92107","post","type-post","status-publish","format-standard","has-post-thumbnail","hentry","category-inferior8","tag-situacion-hidrica"],"yoast_head":"<!-- This site is optimized with the Yoast SEO plugin v23.4 - https:\/\/yoast.com\/wordpress\/plugins\/seo\/ -->\n<title>Seg\u00fan CARBAP en esta regi\u00f3n de la provincia 880 mil hect\u00e1reas afectadas por inundaciones, directa o indirectamente - Infoecos<\/title>\n<meta name=\"robots\" content=\"index, follow, max-snippet:-1, max-image-preview:large, max-video-preview:-1\" \/>\n<link rel=\"canonical\" href=\"https:\/\/infoecos.com.ar\/index.php\/segun-carbap-en-esta-region-de-la-provincia-880-hectareas-afectadas-por-inundaciones-directa-o-indirectamente\/\" \/>\n<meta property=\"og:locale\" content=\"es_ES\" \/>\n<meta property=\"og:type\" content=\"article\" \/>\n<meta property=\"og:title\" content=\"Seg\u00fan CARBAP en esta regi\u00f3n de la provincia 880 mil hect\u00e1reas afectadas por inundaciones, directa o indirectamente - Infoecos\" \/>\n<meta property=\"og:description\" content=\"Seg\u00fan el informe de la entidad, la situaci\u00f3n m\u00e1s complicada, entre otros lugares, se presenta sobre todo en los partidos de Carlos Casares, Pehuaj\u00f3, Carlos Tejedor, Bol\u00edvar, Hip\u00f3lito Yrigoyen y parte de Daireaux y Trenque Lauquen\" \/>\n<meta property=\"og:url\" content=\"https:\/\/infoecos.com.ar\/index.php\/segun-carbap-en-esta-region-de-la-provincia-880-hectareas-afectadas-por-inundaciones-directa-o-indirectamente\/\" \/>\n<meta property=\"og:site_name\" content=\"Infoecos\" \/>\n<meta property=\"article:publisher\" content=\"https:\/\/www.facebook.com\/profile.php?id=100063200290284\" \/>\n<meta property=\"article:published_time\" content=\"2022-05-04T05:19:56+00:00\" \/>\n<meta property=\"article:modified_time\" content=\"2022-05-06T06:36:26+00:00\" \/>\n<meta property=\"og:image\" content=\"https:\/\/infoecos.com.ar\/wp-content\/uploads\/58f2151248bce_837_627-1-e1505706495852.png\" \/>\n\t<meta property=\"og:image:width\" content=\"400\" \/>\n\t<meta property=\"og:image:height\" content=\"300\" \/>\n\t<meta property=\"og:image:type\" content=\"image\/png\" \/>\n<meta name=\"author\" content=\"Jorge Matheus\" \/>\n<meta name=\"twitter:card\" content=\"summary_large_image\" \/>\n<meta name=\"twitter:creator\" content=\"@infoecos\" \/>\n<meta name=\"twitter:site\" content=\"@infoecos\" \/>\n<meta name=\"twitter:label1\" content=\"Escrito por\" \/>\n\t<meta name=\"twitter:data1\" content=\"Jorge Matheus\" \/>\n\t<meta name=\"twitter:label2\" content=\"Tiempo de lectura\" \/>\n\t<meta name=\"twitter:data2\" content=\"2 minutos\" \/>\n<script type=\"application\/ld+json\" class=\"yoast-schema-graph\">{\"@context\":\"https:\/\/schema.org\",\"@graph\":[{\"@type\":\"Article\",\"@id\":\"https:\/\/infoecos.com.ar\/index.php\/segun-carbap-en-esta-region-de-la-provincia-880-hectareas-afectadas-por-inundaciones-directa-o-indirectamente\/#article\",\"isPartOf\":{\"@id\":\"https:\/\/infoecos.com.ar\/index.php\/segun-carbap-en-esta-region-de-la-provincia-880-hectareas-afectadas-por-inundaciones-directa-o-indirectamente\/\"},\"author\":{\"name\":\"Jorge Matheus\",\"@id\":\"https:\/\/infoecos.com.ar\/#\/schema\/person\/8f5ace5ce73b4b4aac4b7245aee6f191\"},\"headline\":\"Seg\u00fan CARBAP en esta regi\u00f3n de la provincia 880 mil hect\u00e1reas afectadas por inundaciones, directa o indirectamente\",\"datePublished\":\"2022-05-04T05:19:56+00:00\",\"dateModified\":\"2022-05-06T06:36:26+00:00\",\"mainEntityOfPage\":{\"@id\":\"https:\/\/infoecos.com.ar\/index.php\/segun-carbap-en-esta-region-de-la-provincia-880-hectareas-afectadas-por-inundaciones-directa-o-indirectamente\/\"},\"wordCount\":396,\"publisher\":{\"@id\":\"https:\/\/infoecos.com.ar\/#organization\"},\"image\":{\"@id\":\"https:\/\/infoecos.com.ar\/index.php\/segun-carbap-en-esta-region-de-la-provincia-880-hectareas-afectadas-por-inundaciones-directa-o-indirectamente\/#primaryimage\"},\"thumbnailUrl\":\"\",\"keywords\":[\"SITUACI\u00d3N H\u00cdDRICA\"],\"articleSection\":[\"Bloque inferior - 8\"],\"inLanguage\":\"es\"},{\"@type\":\"WebPage\",\"@id\":\"https:\/\/infoecos.com.ar\/index.php\/segun-carbap-en-esta-region-de-la-provincia-880-hectareas-afectadas-por-inundaciones-directa-o-indirectamente\/\",\"url\":\"https:\/\/infoecos.com.ar\/index.php\/segun-carbap-en-esta-region-de-la-provincia-880-hectareas-afectadas-por-inundaciones-directa-o-indirectamente\/\",\"name\":\"Seg\u00fan CARBAP en esta regi\u00f3n de la provincia 880 mil hect\u00e1reas afectadas por inundaciones, directa o indirectamente - Infoecos\",\"isPartOf\":{\"@id\":\"https:\/\/infoecos.com.ar\/#website\"},\"primaryImageOfPage\":{\"@id\":\"https:\/\/infoecos.com.ar\/index.php\/segun-carbap-en-esta-region-de-la-provincia-880-hectareas-afectadas-por-inundaciones-directa-o-indirectamente\/#primaryimage\"},\"image\":{\"@id\":\"https:\/\/infoecos.com.ar\/index.php\/segun-carbap-en-esta-region-de-la-provincia-880-hectareas-afectadas-por-inundaciones-directa-o-indirectamente\/#primaryimage\"},\"thumbnailUrl\":\"\",\"datePublished\":\"2022-05-04T05:19:56+00:00\",\"dateModified\":\"2022-05-06T06:36:26+00:00\",\"breadcrumb\":{\"@id\":\"https:\/\/infoecos.com.ar\/index.php\/segun-carbap-en-esta-region-de-la-provincia-880-hectareas-afectadas-por-inundaciones-directa-o-indirectamente\/#breadcrumb\"},\"inLanguage\":\"es\",\"potentialAction\":[{\"@type\":\"ReadAction\",\"target\":[\"https:\/\/infoecos.com.ar\/index.php\/segun-carbap-en-esta-region-de-la-provincia-880-hectareas-afectadas-por-inundaciones-directa-o-indirectamente\/\"]}]},{\"@type\":\"ImageObject\",\"inLanguage\":\"es\",\"@id\":\"https:\/\/infoecos.com.ar\/index.php\/segun-carbap-en-esta-region-de-la-provincia-880-hectareas-afectadas-por-inundaciones-directa-o-indirectamente\/#primaryimage\",\"url\":\"\",\"contentUrl\":\"\"},{\"@type\":\"BreadcrumbList\",\"@id\":\"https:\/\/infoecos.com.ar\/index.php\/segun-carbap-en-esta-region-de-la-provincia-880-hectareas-afectadas-por-inundaciones-directa-o-indirectamente\/#breadcrumb\",\"itemListElement\":[{\"@type\":\"ListItem\",\"position\":1,\"name\":\"Portada\",\"item\":\"https:\/\/infoecos.com.ar\/\"},{\"@type\":\"ListItem\",\"position\":2,\"name\":\"Seg\u00fan CARBAP en esta regi\u00f3n de la provincia 880 mil hect\u00e1reas afectadas por inundaciones, directa o indirectamente\"}]},{\"@type\":\"WebSite\",\"@id\":\"https:\/\/infoecos.com.ar\/#website\",\"url\":\"https:\/\/infoecos.com.ar\/\",\"name\":\"Infoecos\",\"description\":\"Noticias de trenque lauquen y la zona\",\"publisher\":{\"@id\":\"https:\/\/infoecos.com.ar\/#organization\"},\"alternateName\":\"Noticias\",\"potentialAction\":[{\"@type\":\"SearchAction\",\"target\":{\"@type\":\"EntryPoint\",\"urlTemplate\":\"https:\/\/infoecos.com.ar\/?s={search_term_string}\"},\"query-input\":{\"@type\":\"PropertyValueSpecification\",\"valueRequired\":true,\"valueName\":\"search_term_string\"}}],\"inLanguage\":\"es\"},{\"@type\":\"Organization\",\"@id\":\"https:\/\/infoecos.com.ar\/#organization\",\"name\":\"Infoecos\",\"alternateName\":\"Noticias\",\"url\":\"https:\/\/infoecos.com.ar\/\",\"logo\":{\"@type\":\"ImageObject\",\"inLanguage\":\"es\",\"@id\":\"https:\/\/infoecos.com.ar\/#\/schema\/logo\/image\/\",\"url\":\"https:\/\/infoecos.com.ar\/wp-content\/uploads\/2024\/03\/cropped-logo.png\",\"contentUrl\":\"https:\/\/infoecos.com.ar\/wp-content\/uploads\/2024\/03\/cropped-logo.png\",\"width\":374,\"height\":90,\"caption\":\"Infoecos\"},\"image\":{\"@id\":\"https:\/\/infoecos.com.ar\/#\/schema\/logo\/image\/\"},\"sameAs\":[\"https:\/\/www.facebook.com\/profile.php?id=100063200290284\",\"https:\/\/x.com\/infoecos\"]},{\"@type\":\"Person\",\"@id\":\"https:\/\/infoecos.com.ar\/#\/schema\/person\/8f5ace5ce73b4b4aac4b7245aee6f191\",\"name\":\"Jorge Matheus\",\"url\":\"https:\/\/infoecos.com.ar\/index.php\/author\/jomatheus\/\"}]}<\/script>\n<!-- \/ Yoast SEO plugin. -->","yoast_head_json":{"title":"Seg\u00fan CARBAP en esta regi\u00f3n de la provincia 880 mil hect\u00e1reas afectadas por inundaciones, directa o indirectamente - Infoecos","robots":{"index":"index","follow":"follow","max-snippet":"max-snippet:-1","max-image-preview":"max-image-preview:large","max-video-preview":"max-video-preview:-1"},"canonical":"https:\/\/infoecos.com.ar\/index.php\/segun-carbap-en-esta-region-de-la-provincia-880-hectareas-afectadas-por-inundaciones-directa-o-indirectamente\/","og_locale":"es_ES","og_type":"article","og_title":"Seg\u00fan CARBAP en esta regi\u00f3n de la provincia 880 mil hect\u00e1reas afectadas por inundaciones, directa o indirectamente - Infoecos","og_description":"Seg\u00fan el informe de la entidad, la situaci\u00f3n m\u00e1s complicada, entre otros lugares, se presenta sobre todo en los partidos de Carlos Casares, Pehuaj\u00f3, Carlos Tejedor, Bol\u00edvar, Hip\u00f3lito Yrigoyen y parte de Daireaux y Trenque Lauquen","og_url":"https:\/\/infoecos.com.ar\/index.php\/segun-carbap-en-esta-region-de-la-provincia-880-hectareas-afectadas-por-inundaciones-directa-o-indirectamente\/","og_site_name":"Infoecos","article_publisher":"https:\/\/www.facebook.com\/profile.php?id=100063200290284","article_published_time":"2022-05-04T05:19:56+00:00","article_modified_time":"2022-05-06T06:36:26+00:00","og_image":[{"width":400,"height":300,"url":"https:\/\/infoecos.com.ar\/wp-content\/uploads\/58f2151248bce_837_627-1-e1505706495852.png","type":"image\/png"}],"author":"Jorge Matheus","twitter_card":"summary_large_image","twitter_creator":"@infoecos","twitter_site":"@infoecos","twitter_misc":{"Escrito por":"Jorge Matheus","Tiempo de lectura":"2 minutos"},"schema":{"@context":"https:\/\/schema.org","@graph":[{"@type":"Article","@id":"https:\/\/infoecos.com.ar\/index.php\/segun-carbap-en-esta-region-de-la-provincia-880-hectareas-afectadas-por-inundaciones-directa-o-indirectamente\/#article","isPartOf":{"@id":"https:\/\/infoecos.com.ar\/index.php\/segun-carbap-en-esta-region-de-la-provincia-880-hectareas-afectadas-por-inundaciones-directa-o-indirectamente\/"},"author":{"name":"Jorge Matheus","@id":"https:\/\/infoecos.com.ar\/#\/schema\/person\/8f5ace5ce73b4b4aac4b7245aee6f191"},"headline":"Seg\u00fan CARBAP en esta regi\u00f3n de la provincia 880 mil hect\u00e1reas afectadas por inundaciones, directa o indirectamente","datePublished":"2022-05-04T05:19:56+00:00","dateModified":"2022-05-06T06:36:26+00:00","mainEntityOfPage":{"@id":"https:\/\/infoecos.com.ar\/index.php\/segun-carbap-en-esta-region-de-la-provincia-880-hectareas-afectadas-por-inundaciones-directa-o-indirectamente\/"},"wordCount":396,"publisher":{"@id":"https:\/\/infoecos.com.ar\/#organization"},"image":{"@id":"https:\/\/infoecos.com.ar\/index.php\/segun-carbap-en-esta-region-de-la-provincia-880-hectareas-afectadas-por-inundaciones-directa-o-indirectamente\/#primaryimage"},"thumbnailUrl":"","keywords":["SITUACI\u00d3N H\u00cdDRICA"],"articleSection":["Bloque inferior - 8"],"inLanguage":"es"},{"@type":"WebPage","@id":"https:\/\/infoecos.com.ar\/index.php\/segun-carbap-en-esta-region-de-la-provincia-880-hectareas-afectadas-por-inundaciones-directa-o-indirectamente\/","url":"https:\/\/infoecos.com.ar\/index.php\/segun-carbap-en-esta-region-de-la-provincia-880-hectareas-afectadas-por-inundaciones-directa-o-indirectamente\/","name":"Seg\u00fan CARBAP en esta regi\u00f3n de la provincia 880 mil hect\u00e1reas afectadas por inundaciones, directa o indirectamente - Infoecos","isPartOf":{"@id":"https:\/\/infoecos.com.ar\/#website"},"primaryImageOfPage":{"@id":"https:\/\/infoecos.com.ar\/index.php\/segun-carbap-en-esta-region-de-la-provincia-880-hectareas-afectadas-por-inundaciones-directa-o-indirectamente\/#primaryimage"},"image":{"@id":"https:\/\/infoecos.com.ar\/index.php\/segun-carbap-en-esta-region-de-la-provincia-880-hectareas-afectadas-por-inundaciones-directa-o-indirectamente\/#primaryimage"},"thumbnailUrl":"","datePublished":"2022-05-04T05:19:56+00:00","dateModified":"2022-05-06T06:36:26+00:00","breadcrumb":{"@id":"https:\/\/infoecos.com.ar\/index.php\/segun-carbap-en-esta-region-de-la-provincia-880-hectareas-afectadas-por-inundaciones-directa-o-indirectamente\/#breadcrumb"},"inLanguage":"es","potentialAction":[{"@type":"ReadAction","target":["https:\/\/infoecos.com.ar\/index.php\/segun-carbap-en-esta-region-de-la-provincia-880-hectareas-afectadas-por-inundaciones-directa-o-indirectamente\/"]}]},{"@type":"ImageObject","inLanguage":"es","@id":"https:\/\/infoecos.com.ar\/index.php\/segun-carbap-en-esta-region-de-la-provincia-880-hectareas-afectadas-por-inundaciones-directa-o-indirectamente\/#primaryimage","url":"","contentUrl":""},{"@type":"BreadcrumbList","@id":"https:\/\/infoecos.com.ar\/index.php\/segun-carbap-en-esta-region-de-la-provincia-880-hectareas-afectadas-por-inundaciones-directa-o-indirectamente\/#breadcrumb","itemListElement":[{"@type":"ListItem","position":1,"name":"Portada","item":"https:\/\/infoecos.com.ar\/"},{"@type":"ListItem","position":2,"name":"Seg\u00fan CARBAP en esta regi\u00f3n de la provincia 880 mil hect\u00e1reas afectadas por inundaciones, directa o indirectamente"}]},{"@type":"WebSite","@id":"https:\/\/infoecos.com.ar\/#website","url":"https:\/\/infoecos.com.ar\/","name":"Infoecos","description":"Noticias de trenque lauquen y la zona","publisher":{"@id":"https:\/\/infoecos.com.ar\/#organization"},"alternateName":"Noticias","potentialAction":[{"@type":"SearchAction","target":{"@type":"EntryPoint","urlTemplate":"https:\/\/infoecos.com.ar\/?s={search_term_string}"},"query-input":{"@type":"PropertyValueSpecification","valueRequired":true,"valueName":"search_term_string"}}],"inLanguage":"es"},{"@type":"Organization","@id":"https:\/\/infoecos.com.ar\/#organization","name":"Infoecos","alternateName":"Noticias","url":"https:\/\/infoecos.com.ar\/","logo":{"@type":"ImageObject","inLanguage":"es","@id":"https:\/\/infoecos.com.ar\/#\/schema\/logo\/image\/","url":"https:\/\/infoecos.com.ar\/wp-content\/uploads\/2024\/03\/cropped-logo.png","contentUrl":"https:\/\/infoecos.com.ar\/wp-content\/uploads\/2024\/03\/cropped-logo.png","width":374,"height":90,"caption":"Infoecos"},"image":{"@id":"https:\/\/infoecos.com.ar\/#\/schema\/logo\/image\/"},"sameAs":["https:\/\/www.facebook.com\/profile.php?id=100063200290284","https:\/\/x.com\/infoecos"]},{"@type":"Person","@id":"https:\/\/infoecos.com.ar\/#\/schema\/person\/8f5ace5ce73b4b4aac4b7245aee6f191","name":"Jorge Matheus","url":"https:\/\/infoecos.com.ar\/index.php\/author\/jomatheus\/"}]}},"featured_image_urls":{"full":"","thumbnail":"","medium":"","medium_large":"","large":"","1536x1536":"","2048x2048":"","covernews-slider-full":"","covernews-slider-center":"","covernews-featured":"","covernews-medium":"","covernews-medium-square":""},"author_info":{"info":["Jorge Matheus"]},"category_info":"<a href=\"https:\/\/infoecos.com.ar\/index.php\/category\/inferior8\/\" rel=\"category tag\">Bloque inferior - 8<\/a>","tag_info":"Bloque inferior - 8","comment_count":"0","_links":{"self":[{"href":"https:\/\/infoecos.com.ar\/index.php\/wp-json\/wp\/v2\/posts\/92107"}],"collection":[{"href":"https:\/\/infoecos.com.ar\/index.php\/wp-json\/wp\/v2\/posts"}],"about":[{"href":"https:\/\/infoecos.com.ar\/index.php\/wp-json\/wp\/v2\/types\/post"}],"author":[{"embeddable":true,"href":"https:\/\/infoecos.com.ar\/index.php\/wp-json\/wp\/v2\/users\/2"}],"replies":[{"embeddable":true,"href":"https:\/\/infoecos.com.ar\/index.php\/wp-json\/wp\/v2\/comments?post=92107"}],"version-history":[{"count":3,"href":"https:\/\/infoecos.com.ar\/index.php\/wp-json\/wp\/v2\/posts\/92107\/revisions"}],"predecessor-version":[{"id":92146,"href":"https:\/\/infoecos.com.ar\/index.php\/wp-json\/wp\/v2\/posts\/92107\/revisions\/92146"}],"wp:featuredmedia":[{"embeddable":true,"href":"https:\/\/infoecos.com.ar\/index.php\/wp-json\/"}],"wp:attachment":[{"href":"https:\/\/infoecos.com.ar\/index.php\/wp-json\/wp\/v2\/media?parent=92107"}],"wp:term":[{"taxonomy":"category","embeddable":true,"href":"https:\/\/infoecos.com.ar\/index.php\/wp-json\/wp\/v2\/categories?post=92107"},{"taxonomy":"post_tag","embeddable":true,"href":"https:\/\/infoecos.com.ar\/index.php\/wp-json\/wp\/v2\/tags?post=92107"}],"curies":[{"name":"wp","href":"https:\/\/api.w.org\/{rel}","templated":true}]}}